{"id":258,"date":"2024-06-07T20:58:57","date_gmt":"2024-06-08T00:58:57","guid":{"rendered":"https:\/\/dev.antudigital.cl\/sites\/aroma\/?p=258"},"modified":"2025-09-17T20:59:27","modified_gmt":"2025-09-17T23:59:27","slug":"dia-mundial-del-medio-ambiente-2024-restaurar-nuestras-tierras","status":"publish","type":"post","link":"https:\/\/dev.antudigital.cl\/sites\/aroma\/dia-mundial-del-medio-ambiente-2024-restaurar-nuestras-tierras\/","title":{"rendered":"D\u00eda Mundial del Medio Ambiente 2024: Restaurar nuestras tierras"},"content":{"rendered":"\n<p>Este martes la&nbsp;<a href=\"https:\/\/www.linkedin.com\/company\/united-nations\/\" target=\"_blank\" rel=\"noreferrer noopener\">Organizaci\u00f3n de las Naciones Unidas<\/a>&nbsp;(ONU) nos invit\u00f3 a celebrar el D\u00eda Mundial del Medio Ambiente bajo el lema \u00abNuestras tierras. Nuestro futuro. Somos la&nbsp;<a href=\"https:\/\/www.linkedin.com\/feed\/hashtag\/?keywords=generaci%C3%B3nrestauraci%C3%B3n&amp;highlightedUpdateUrns=urn%3Ali%3Aactivity%3A7204960623451922432\" target=\"_blank\" rel=\"noopener\">#Generaci\u00f3nRestauraci\u00f3n<\/a>\u00bb. Es el momento de revitalizar nuestros bosques, recuperar las fuentes de agua y restaurar los suelos para detener la desertificaci\u00f3n y fortalecer la resiliencia a la sequ\u00eda. Juntos, podemos hacer la paz con la tierra y asegurar un futuro sostenible.\u2063<br>En&nbsp;<a href=\"https:\/\/www.linkedin.com\/company\/aroma-global\/\" target=\"_blank\" rel=\"noopener\">Aroma Global<\/a>\u00ae, estamos comprometidos con la biotecnolog\u00eda vegetal y la microbiolog\u00eda ambiental para contribuir a esta misi\u00f3n. Nos dedicamos a la I+D para crear soluciones sostenibles que ayuden a restaurar el equilibrio natural. \u00danete a nosotros en esta causa y s\u00e9 parte de la&nbsp;<a href=\"https:\/\/www.linkedin.com\/feed\/hashtag\/?keywords=generaci%C3%B3nrestauraci%C3%B3n&amp;highlightedUpdateUrns=urn%3Ali%3Aactivity%3A7204960623451922432\" target=\"_blank\" rel=\"noopener\">#Generaci\u00f3nRestauraci\u00f3n<\/a>.<\/p>\n","protected":false},"excerpt":{"rendered":"<p>Este martes la&nbsp;Organizaci\u00f3n de las Naciones Unidas&nbsp;(ONU) nos invit\u00f3 a celebrar el D\u00eda Mundial del Medio Ambiente bajo el lema \u00abNuestras tierras. Nuestro futuro. Somos la&nbsp;#Generaci\u00f3nRestauraci\u00f3n\u00bb. Es el momento de revitalizar nuestros bosques, recuperar las fuentes de agua y restaurar los suelos para detener la desertificaci\u00f3n y fortalecer la resiliencia a la sequ\u00eda. Juntos, podemos [&hellip;]<\/p>\n","protected":false},"author":1,"featured_media":259,"comment_status":"open","ping_status":"open","sticky":false,"template":"","format":"standard","meta":{"_acf_changed":false,"footnotes":""},"categories":[1],"tags":[],"class_list":["post-258","post","type-post","status-publish","format-standard","has-post-thumbnail","hentry","category-sin-categoria"],"acf":[],"_links":{"self":[{"href":"https:\/\/dev.antudigital.cl\/sites\/aroma\/wp-json\/wp\/v2\/posts\/258","targetHints":{"allow":["GET"]}}],"collection":[{"href":"https:\/\/dev.antudigital.cl\/sites\/aroma\/wp-json\/wp\/v2\/posts"}],"about":[{"href":"https:\/\/dev.antudigital.cl\/sites\/aroma\/wp-json\/wp\/v2\/types\/post"}],"author":[{"embeddable":true,"href":"https:\/\/dev.antudigital.cl\/sites\/aroma\/wp-json\/wp\/v2\/users\/1"}],"replies":[{"embeddable":true,"href":"https:\/\/dev.antudigital.cl\/sites\/aroma\/wp-json\/wp\/v2\/comments?post=258"}],"version-history":[{"count":1,"href":"https:\/\/dev.antudigital.cl\/sites\/aroma\/wp-json\/wp\/v2\/posts\/258\/revisions"}],"predecessor-version":[{"id":260,"href":"https:\/\/dev.antudigital.cl\/sites\/aroma\/wp-json\/wp\/v2\/posts\/258\/revisions\/260"}],"wp:featuredmedia":[{"embeddable":true,"href":"https:\/\/dev.antudigital.cl\/sites\/aroma\/wp-json\/wp\/v2\/media\/259"}],"wp:attachment":[{"href":"https:\/\/dev.antudigital.cl\/sites\/aroma\/wp-json\/wp\/v2\/media?parent=258"}],"wp:term":[{"taxonomy":"category","embeddable":true,"href":"https:\/\/dev.antudigital.cl\/sites\/aroma\/wp-json\/wp\/v2\/categories?post=258"},{"taxonomy":"post_tag","embeddable":true,"href":"https:\/\/dev.antudigital.cl\/sites\/aroma\/wp-json\/wp\/v2\/tags?post=258"}],"curies":[{"name":"wp","href":"https:\/\/api.w.org\/{rel}","templated":true}]}}