{"id":279,"date":"2024-08-19T21:06:00","date_gmt":"2024-08-20T01:06:00","guid":{"rendered":"https:\/\/dev.antudigital.cl\/sites\/aroma\/?p=279"},"modified":"2025-09-25T13:05:34","modified_gmt":"2025-09-25T16:05:34","slug":"aroma-global-en-eventos-de-corfo","status":"publish","type":"post","link":"https:\/\/dev.antudigital.cl\/sites\/aroma\/aroma-global-en-eventos-de-corfo\/","title":{"rendered":"Aroma Global en eventos de Corfo"},"content":{"rendered":"\n<p>En&nbsp;<a href=\"https:\/\/www.linkedin.com\/company\/aroma-global\/\" target=\"_blank\" rel=\"noopener\">Aroma Global<\/a>\u00ae con la misi\u00f3n de seguir impulsando innovaciones que revolucionen la biotecnolog\u00eda agr\u00edcola, nuestra directora, Ana Luisa Valencia, se encuentra activamente participando en eventos de&nbsp;<a href=\"https:\/\/www.linkedin.com\/company\/corfo\/\" target=\"_blank\" rel=\"noopener\">Corfo<\/a>. Estos espacios permiten la creaci\u00f3n de redes de colaboraci\u00f3n con otros actores clave de la industria, as\u00ed como el intercambio de conocimientos y experiencias. Estamos convencidos de que la construcci\u00f3n de redes s\u00f3lidas y la formaci\u00f3n continua son fundamentales para avanzar en este campo.<\/p>\n\n\n\n<p>Si eres un especialista en biotecnolog\u00eda, investigaci\u00f3n aplicada, o trabajas en el desarrollo de nuevas tecnolog\u00edas biol\u00f3gicas, \u00a1nos encantar\u00eda conectar contigo! Juntos podemos explorar nuevas oportunidades y contribuir al progreso de la biotecnolog\u00eda agr\u00edcola.<\/p>\n\n\n\n<figure class=\"wp-block-image size-full\"><img fetchpriority=\"high\" decoding=\"async\" width=\"500\" height=\"411\" src=\"https:\/\/dev.antudigital.cl\/sites\/aroma\/wp-content\/uploads\/2025\/09\/bajada500x411.jpg\" alt=\"\" class=\"wp-image-281\" srcset=\"https:\/\/dev.antudigital.cl\/sites\/aroma\/wp-content\/uploads\/2025\/09\/bajada500x411.jpg 500w, https:\/\/dev.antudigital.cl\/sites\/aroma\/wp-content\/uploads\/2025\/09\/bajada500x411-300x247.jpg 300w\" sizes=\"(max-width: 500px) 100vw, 500px\" \/><\/figure>\n","protected":false},"excerpt":{"rendered":"<p>En&nbsp;Aroma Global\u00ae con la misi\u00f3n de seguir impulsando innovaciones que revolucionen la biotecnolog\u00eda agr\u00edcola, nuestra directora, Ana Luisa Valencia, se encuentra activamente participando en eventos de&nbsp;Corfo. Estos espacios permiten la creaci\u00f3n de redes de colaboraci\u00f3n con otros actores clave de la industria, as\u00ed como el intercambio de conocimientos y experiencias. Estamos convencidos de que la [&hellip;]<\/p>\n","protected":false},"author":1,"featured_media":280,"comment_status":"open","ping_status":"open","sticky":false,"template":"","format":"standard","meta":{"_acf_changed":false,"footnotes":""},"categories":[1],"tags":[],"class_list":["post-279","post","type-post","status-publish","format-standard","has-post-thumbnail","hentry","category-sin-categoria"],"acf":[],"_links":{"self":[{"href":"https:\/\/dev.antudigital.cl\/sites\/aroma\/wp-json\/wp\/v2\/posts\/279","targetHints":{"allow":["GET"]}}],"collection":[{"href":"https:\/\/dev.antudigital.cl\/sites\/aroma\/wp-json\/wp\/v2\/posts"}],"about":[{"href":"https:\/\/dev.antudigital.cl\/sites\/aroma\/wp-json\/wp\/v2\/types\/post"}],"author":[{"embeddable":true,"href":"https:\/\/dev.antudigital.cl\/sites\/aroma\/wp-json\/wp\/v2\/users\/1"}],"replies":[{"embeddable":true,"href":"https:\/\/dev.antudigital.cl\/sites\/aroma\/wp-json\/wp\/v2\/comments?post=279"}],"version-history":[{"count":1,"href":"https:\/\/dev.antudigital.cl\/sites\/aroma\/wp-json\/wp\/v2\/posts\/279\/revisions"}],"predecessor-version":[{"id":282,"href":"https:\/\/dev.antudigital.cl\/sites\/aroma\/wp-json\/wp\/v2\/posts\/279\/revisions\/282"}],"wp:featuredmedia":[{"embeddable":true,"href":"https:\/\/dev.antudigital.cl\/sites\/aroma\/wp-json\/wp\/v2\/media\/280"}],"wp:attachment":[{"href":"https:\/\/dev.antudigital.cl\/sites\/aroma\/wp-json\/wp\/v2\/media?parent=279"}],"wp:term":[{"taxonomy":"category","embeddable":true,"href":"https:\/\/dev.antudigital.cl\/sites\/aroma\/wp-json\/wp\/v2\/categories?post=279"},{"taxonomy":"post_tag","embeddable":true,"href":"https:\/\/dev.antudigital.cl\/sites\/aroma\/wp-json\/wp\/v2\/tags?post=279"}],"curies":[{"name":"wp","href":"https:\/\/api.w.org\/{rel}","templated":true}]}}