{"id":10636,"date":"2022-04-14T22:28:07","date_gmt":"2022-04-14T22:28:07","guid":{"rendered":"https:\/\/www.valparaisocreativo.cl\/?p=10636"},"modified":"2022-04-14T22:28:15","modified_gmt":"2022-04-14T22:28:15","slug":"participa-en-los-talleres-de-casa-espacio-buenos-aires-824","status":"publish","type":"post","link":"https:\/\/dev.antudigital.cl\/sites\/vc\/participa-en-los-talleres-de-casa-espacio-buenos-aires-824\/","title":{"rendered":"Participa en los talleres de Casa Espacio Buenos Aires 824"},"content":{"rendered":"\n<p>En <a href=\"https:\/\/www.instagram.com\/casaespacio_fifv\/\">Casa Espacio Buenos Aires 824<\/a> invitan anualmente a talleres que acompa\u00f1an sus procesos de creaci\u00f3n. Este a\u00f1o plantean la tem\u00e1tica central de <strong>Ra\u00edz \/ Caos, <\/strong>como una invitaci\u00f3n a acercarse a las nociones de memoria circular\/archivo contempor\u00e1neo.<br>En este contexto, se abren por segundo a\u00f1o sus talleres en torno a la imagen fotogr\u00e1fica y sus m\u00faltiples posibilidades narrativas. Guiados por lxs fot\u00f3grafxs y artistas visuales Carolina Ag\u00fcero y Cristian Maturana, quienes, a trav\u00e9s de diversos ejercicios fotogr\u00e1ficos y pr\u00e1cticas creativas, ofrecer\u00e1n nuevas miradas y formas de entender la disciplina.<\/p>\n\n\n\n<p><br>Talleres abiertos para todos y todas, de cualquier edad, con y sin conocimientos de fotograf\u00eda.<\/p>\n\n\n\n<p>M\u00e1s informaci\u00f3n en comunicaciones@fifv.cl <\/p>\n\n\n\n<figure class=\"wp-block-image size-full\"><img fetchpriority=\"high\" decoding=\"async\" width=\"879\" height=\"699\" src=\"https:\/\/www.valparaisocreativo.cl\/wp-content\/uploads\/2022\/04\/Captura-de-Pantalla-2022-04-14-a-las-16.35.39.png\" alt=\"\" class=\"wp-image-10638\" srcset=\"https:\/\/dev.antudigital.cl\/sites\/vc\/wp-content\/uploads\/2022\/04\/Captura-de-Pantalla-2022-04-14-a-las-16.35.39.png 879w, https:\/\/dev.antudigital.cl\/sites\/vc\/wp-content\/uploads\/2022\/04\/Captura-de-Pantalla-2022-04-14-a-las-16.35.39-300x239.png 300w, https:\/\/dev.antudigital.cl\/sites\/vc\/wp-content\/uploads\/2022\/04\/Captura-de-Pantalla-2022-04-14-a-las-16.35.39-768x611.png 768w, https:\/\/dev.antudigital.cl\/sites\/vc\/wp-content\/uploads\/2022\/04\/Captura-de-Pantalla-2022-04-14-a-las-16.35.39-480x382.png 480w\" sizes=\"(max-width: 879px) 100vw, 879px\" \/><\/figure>\n","protected":false},"excerpt":{"rendered":"<p>En Casa Espacio Buenos Aires 824 invitan anualmente a talleres que acompa\u00f1an sus procesos de creaci\u00f3n. Este a\u00f1o plantean la tem\u00e1tica central de Ra\u00edz \/ Caos, como una invitaci\u00f3n a acercarse a las nociones de memoria circular\/archivo contempor\u00e1neo.En este contexto, se abren por segundo a\u00f1o sus talleres en torno a la imagen fotogr\u00e1fica y sus [&hellip;]<\/p>\n","protected":false},"author":1,"featured_media":10639,"comment_status":"open","ping_status":"closed","sticky":false,"template":"","format":"standard","meta":{"_acf_changed":false,"footnotes":""},"categories":[8],"tags":[],"class_list":["post-10636","post","type-post","status-publish","format-standard","has-post-thumbnail","hentry","category-noticia"],"acf":[],"yoast_head":"<!-- This site is optimized with the Yoast SEO plugin v27.1.1 - https:\/\/yoast.com\/product\/yoast-seo-wordpress\/ -->\n<title>Participa en los talleres de Casa Espacio Buenos Aires 824 - Valpara\u00ed\u00adso Creativo<\/title>\n<meta name=\"robots\" content=\"index, follow, max-snippet:-1, max-image-preview:large, max-video-preview:-1\" \/>\n<link rel=\"canonical\" href=\"https:\/\/dev.antudigital.cl\/sites\/vc\/participa-en-los-talleres-de-casa-espacio-buenos-aires-824\/\" \/>\n<meta property=\"og:locale\" content=\"es_ES\" \/>\n<meta property=\"og:type\" content=\"article\" \/>\n<meta property=\"og:title\" content=\"Participa en los talleres de Casa Espacio Buenos Aires 824 - Valpara\u00ed\u00adso Creativo\" \/>\n<meta property=\"og:description\" content=\"En Casa Espacio Buenos Aires 824 invitan anualmente a talleres que acompa\u00f1an sus procesos de creaci\u00f3n. Este a\u00f1o plantean la tem\u00e1tica central de Ra\u00edz \/ Caos, como una invitaci\u00f3n a acercarse a las nociones de memoria circular\/archivo contempor\u00e1neo.En este contexto, se abren por segundo a\u00f1o sus talleres en torno a la imagen fotogr\u00e1fica y sus [&hellip;]\" \/>\n<meta property=\"og:url\" content=\"https:\/\/dev.antudigital.cl\/sites\/vc\/participa-en-los-talleres-de-casa-espacio-buenos-aires-824\/\" \/>\n<meta property=\"og:site_name\" content=\"Valpara\u00ed\u00adso Creativo\" \/>\n<meta property=\"article:published_time\" content=\"2022-04-14T22:28:07+00:00\" \/>\n<meta property=\"article:modified_time\" content=\"2022-04-14T22:28:15+00:00\" \/>\n<meta property=\"og:image\" content=\"https:\/\/dev.antudigital.cl\/sites\/vc\/wp-content\/uploads\/2022\/04\/Captura-de-Pantalla-2022-04-14-a-las-16.35.44.png\" \/>\n\t<meta property=\"og:image:width\" content=\"789\" \/>\n\t<meta property=\"og:image:height\" content=\"501\" \/>\n\t<meta property=\"og:image:type\" content=\"image\/png\" \/>\n<meta name=\"author\" content=\"Valpara\u00edso Creativo\" \/>\n<meta name=\"twitter:card\" content=\"summary_large_image\" \/>\n<meta name=\"twitter:label1\" content=\"Escrito por\" \/>\n\t<meta name=\"twitter:data1\" content=\"Valpara\u00edso Creativo\" \/>\n\t<meta name=\"twitter:label2\" content=\"Tiempo de lectura\" \/>\n\t<meta name=\"twitter:data2\" content=\"1 minuto\" \/>\n<script type=\"application\/ld+json\" class=\"yoast-schema-graph\">{\"@context\":\"https:\/\/schema.org\",\"@graph\":[{\"@type\":\"Article\",\"@id\":\"https:\/\/dev.antudigital.cl\/sites\/vc\/participa-en-los-talleres-de-casa-espacio-buenos-aires-824\/#article\",\"isPartOf\":{\"@id\":\"https:\/\/dev.antudigital.cl\/sites\/vc\/participa-en-los-talleres-de-casa-espacio-buenos-aires-824\/\"},\"author\":{\"name\":\"Valpara\u00edso Creativo\",\"@id\":\"https:\/\/dev.antudigital.cl\/sites\/vc\/#\/schema\/person\/c2b9da8dd545e27166fc5ab232837318\"},\"headline\":\"Participa en los talleres de Casa Espacio Buenos Aires 824\",\"datePublished\":\"2022-04-14T22:28:07+00:00\",\"dateModified\":\"2022-04-14T22:28:15+00:00\",\"mainEntityOfPage\":{\"@id\":\"https:\/\/dev.antudigital.cl\/sites\/vc\/participa-en-los-talleres-de-casa-espacio-buenos-aires-824\/\"},\"wordCount\":138,\"commentCount\":0,\"image\":{\"@id\":\"https:\/\/dev.antudigital.cl\/sites\/vc\/participa-en-los-talleres-de-casa-espacio-buenos-aires-824\/#primaryimage\"},\"thumbnailUrl\":\"https:\/\/dev.antudigital.cl\/sites\/vc\/wp-content\/uploads\/2022\/04\/Captura-de-Pantalla-2022-04-14-a-las-16.35.44.png\",\"articleSection\":[\"Noticia\"],\"inLanguage\":\"es\",\"potentialAction\":[{\"@type\":\"CommentAction\",\"name\":\"Comment\",\"target\":[\"https:\/\/dev.antudigital.cl\/sites\/vc\/participa-en-los-talleres-de-casa-espacio-buenos-aires-824\/#respond\"]}]},{\"@type\":\"WebPage\",\"@id\":\"https:\/\/dev.antudigital.cl\/sites\/vc\/participa-en-los-talleres-de-casa-espacio-buenos-aires-824\/\",\"url\":\"https:\/\/dev.antudigital.cl\/sites\/vc\/participa-en-los-talleres-de-casa-espacio-buenos-aires-824\/\",\"name\":\"Participa en los talleres de Casa Espacio Buenos Aires 824 - Valpara\u00ed\u00adso Creativo\",\"isPartOf\":{\"@id\":\"https:\/\/dev.antudigital.cl\/sites\/vc\/#website\"},\"primaryImageOfPage\":{\"@id\":\"https:\/\/dev.antudigital.cl\/sites\/vc\/participa-en-los-talleres-de-casa-espacio-buenos-aires-824\/#primaryimage\"},\"image\":{\"@id\":\"https:\/\/dev.antudigital.cl\/sites\/vc\/participa-en-los-talleres-de-casa-espacio-buenos-aires-824\/#primaryimage\"},\"thumbnailUrl\":\"https:\/\/dev.antudigital.cl\/sites\/vc\/wp-content\/uploads\/2022\/04\/Captura-de-Pantalla-2022-04-14-a-las-16.35.44.png\",\"datePublished\":\"2022-04-14T22:28:07+00:00\",\"dateModified\":\"2022-04-14T22:28:15+00:00\",\"author\":{\"@id\":\"https:\/\/dev.antudigital.cl\/sites\/vc\/#\/schema\/person\/c2b9da8dd545e27166fc5ab232837318\"},\"breadcrumb\":{\"@id\":\"https:\/\/dev.antudigital.cl\/sites\/vc\/participa-en-los-talleres-de-casa-espacio-buenos-aires-824\/#breadcrumb\"},\"inLanguage\":\"es\",\"potentialAction\":[{\"@type\":\"ReadAction\",\"target\":[\"https:\/\/dev.antudigital.cl\/sites\/vc\/participa-en-los-talleres-de-casa-espacio-buenos-aires-824\/\"]}]},{\"@type\":\"ImageObject\",\"inLanguage\":\"es\",\"@id\":\"https:\/\/dev.antudigital.cl\/sites\/vc\/participa-en-los-talleres-de-casa-espacio-buenos-aires-824\/#primaryimage\",\"url\":\"https:\/\/dev.antudigital.cl\/sites\/vc\/wp-content\/uploads\/2022\/04\/Captura-de-Pantalla-2022-04-14-a-las-16.35.44.png\",\"contentUrl\":\"https:\/\/dev.antudigital.cl\/sites\/vc\/wp-content\/uploads\/2022\/04\/Captura-de-Pantalla-2022-04-14-a-las-16.35.44.png\",\"width\":789,\"height\":501},{\"@type\":\"BreadcrumbList\",\"@id\":\"https:\/\/dev.antudigital.cl\/sites\/vc\/participa-en-los-talleres-de-casa-espacio-buenos-aires-824\/#breadcrumb\",\"itemListElement\":[{\"@type\":\"ListItem\",\"position\":1,\"name\":\"Home\",\"item\":\"https:\/\/dev.antudigital.cl\/sites\/vc\/\"},{\"@type\":\"ListItem\",\"position\":2,\"name\":\"Participa en los talleres de Casa Espacio Buenos Aires 824\"}]},{\"@type\":\"WebSite\",\"@id\":\"https:\/\/dev.antudigital.cl\/sites\/vc\/#website\",\"url\":\"https:\/\/dev.antudigital.cl\/sites\/vc\/\",\"name\":\"Valpara\u00ed\u00adso Creativo\",\"description\":\"\",\"potentialAction\":[{\"@type\":\"SearchAction\",\"target\":{\"@type\":\"EntryPoint\",\"urlTemplate\":\"https:\/\/dev.antudigital.cl\/sites\/vc\/?s={search_term_string}\"},\"query-input\":{\"@type\":\"PropertyValueSpecification\",\"valueRequired\":true,\"valueName\":\"search_term_string\"}}],\"inLanguage\":\"es\"},{\"@type\":\"Person\",\"@id\":\"https:\/\/dev.antudigital.cl\/sites\/vc\/#\/schema\/person\/c2b9da8dd545e27166fc5ab232837318\",\"name\":\"Valpara\u00edso Creativo\",\"description\":\"Periodista de cultura en la Regi\u00f3n de Valpara\u00edso.\",\"url\":\"https:\/\/dev.antudigital.cl\/sites\/vc\/author\/valpoadmin\/\"}]}<\/script>\n<!-- \/ Yoast SEO plugin. -->","yoast_head_json":{"title":"Participa en los talleres de Casa Espacio Buenos Aires 824 - Valpara\u00ed\u00adso Creativo","robots":{"index":"index","follow":"follow","max-snippet":"max-snippet:-1","max-image-preview":"max-image-preview:large","max-video-preview":"max-video-preview:-1"},"canonical":"https:\/\/dev.antudigital.cl\/sites\/vc\/participa-en-los-talleres-de-casa-espacio-buenos-aires-824\/","og_locale":"es_ES","og_type":"article","og_title":"Participa en los talleres de Casa Espacio Buenos Aires 824 - Valpara\u00ed\u00adso Creativo","og_description":"En Casa Espacio Buenos Aires 824 invitan anualmente a talleres que acompa\u00f1an sus procesos de creaci\u00f3n. Este a\u00f1o plantean la tem\u00e1tica central de Ra\u00edz \/ Caos, como una invitaci\u00f3n a acercarse a las nociones de memoria circular\/archivo contempor\u00e1neo.En este contexto, se abren por segundo a\u00f1o sus talleres en torno a la imagen fotogr\u00e1fica y sus [&hellip;]","og_url":"https:\/\/dev.antudigital.cl\/sites\/vc\/participa-en-los-talleres-de-casa-espacio-buenos-aires-824\/","og_site_name":"Valpara\u00ed\u00adso Creativo","article_published_time":"2022-04-14T22:28:07+00:00","article_modified_time":"2022-04-14T22:28:15+00:00","og_image":[{"width":789,"height":501,"url":"https:\/\/dev.antudigital.cl\/sites\/vc\/wp-content\/uploads\/2022\/04\/Captura-de-Pantalla-2022-04-14-a-las-16.35.44.png","type":"image\/png"}],"author":"Valpara\u00edso Creativo","twitter_card":"summary_large_image","twitter_misc":{"Escrito por":"Valpara\u00edso Creativo","Tiempo de lectura":"1 minuto"},"schema":{"@context":"https:\/\/schema.org","@graph":[{"@type":"Article","@id":"https:\/\/dev.antudigital.cl\/sites\/vc\/participa-en-los-talleres-de-casa-espacio-buenos-aires-824\/#article","isPartOf":{"@id":"https:\/\/dev.antudigital.cl\/sites\/vc\/participa-en-los-talleres-de-casa-espacio-buenos-aires-824\/"},"author":{"name":"Valpara\u00edso Creativo","@id":"https:\/\/dev.antudigital.cl\/sites\/vc\/#\/schema\/person\/c2b9da8dd545e27166fc5ab232837318"},"headline":"Participa en los talleres de Casa Espacio Buenos Aires 824","datePublished":"2022-04-14T22:28:07+00:00","dateModified":"2022-04-14T22:28:15+00:00","mainEntityOfPage":{"@id":"https:\/\/dev.antudigital.cl\/sites\/vc\/participa-en-los-talleres-de-casa-espacio-buenos-aires-824\/"},"wordCount":138,"commentCount":0,"image":{"@id":"https:\/\/dev.antudigital.cl\/sites\/vc\/participa-en-los-talleres-de-casa-espacio-buenos-aires-824\/#primaryimage"},"thumbnailUrl":"https:\/\/dev.antudigital.cl\/sites\/vc\/wp-content\/uploads\/2022\/04\/Captura-de-Pantalla-2022-04-14-a-las-16.35.44.png","articleSection":["Noticia"],"inLanguage":"es","potentialAction":[{"@type":"CommentAction","name":"Comment","target":["https:\/\/dev.antudigital.cl\/sites\/vc\/participa-en-los-talleres-de-casa-espacio-buenos-aires-824\/#respond"]}]},{"@type":"WebPage","@id":"https:\/\/dev.antudigital.cl\/sites\/vc\/participa-en-los-talleres-de-casa-espacio-buenos-aires-824\/","url":"https:\/\/dev.antudigital.cl\/sites\/vc\/participa-en-los-talleres-de-casa-espacio-buenos-aires-824\/","name":"Participa en los talleres de Casa Espacio Buenos Aires 824 - Valpara\u00ed\u00adso Creativo","isPartOf":{"@id":"https:\/\/dev.antudigital.cl\/sites\/vc\/#website"},"primaryImageOfPage":{"@id":"https:\/\/dev.antudigital.cl\/sites\/vc\/participa-en-los-talleres-de-casa-espacio-buenos-aires-824\/#primaryimage"},"image":{"@id":"https:\/\/dev.antudigital.cl\/sites\/vc\/participa-en-los-talleres-de-casa-espacio-buenos-aires-824\/#primaryimage"},"thumbnailUrl":"https:\/\/dev.antudigital.cl\/sites\/vc\/wp-content\/uploads\/2022\/04\/Captura-de-Pantalla-2022-04-14-a-las-16.35.44.png","datePublished":"2022-04-14T22:28:07+00:00","dateModified":"2022-04-14T22:28:15+00:00","author":{"@id":"https:\/\/dev.antudigital.cl\/sites\/vc\/#\/schema\/person\/c2b9da8dd545e27166fc5ab232837318"},"breadcrumb":{"@id":"https:\/\/dev.antudigital.cl\/sites\/vc\/participa-en-los-talleres-de-casa-espacio-buenos-aires-824\/#breadcrumb"},"inLanguage":"es","potentialAction":[{"@type":"ReadAction","target":["https:\/\/dev.antudigital.cl\/sites\/vc\/participa-en-los-talleres-de-casa-espacio-buenos-aires-824\/"]}]},{"@type":"ImageObject","inLanguage":"es","@id":"https:\/\/dev.antudigital.cl\/sites\/vc\/participa-en-los-talleres-de-casa-espacio-buenos-aires-824\/#primaryimage","url":"https:\/\/dev.antudigital.cl\/sites\/vc\/wp-content\/uploads\/2022\/04\/Captura-de-Pantalla-2022-04-14-a-las-16.35.44.png","contentUrl":"https:\/\/dev.antudigital.cl\/sites\/vc\/wp-content\/uploads\/2022\/04\/Captura-de-Pantalla-2022-04-14-a-las-16.35.44.png","width":789,"height":501},{"@type":"BreadcrumbList","@id":"https:\/\/dev.antudigital.cl\/sites\/vc\/participa-en-los-talleres-de-casa-espacio-buenos-aires-824\/#breadcrumb","itemListElement":[{"@type":"ListItem","position":1,"name":"Home","item":"https:\/\/dev.antudigital.cl\/sites\/vc\/"},{"@type":"ListItem","position":2,"name":"Participa en los talleres de Casa Espacio Buenos Aires 824"}]},{"@type":"WebSite","@id":"https:\/\/dev.antudigital.cl\/sites\/vc\/#website","url":"https:\/\/dev.antudigital.cl\/sites\/vc\/","name":"Valpara\u00ed\u00adso Creativo","description":"","potentialAction":[{"@type":"SearchAction","target":{"@type":"EntryPoint","urlTemplate":"https:\/\/dev.antudigital.cl\/sites\/vc\/?s={search_term_string}"},"query-input":{"@type":"PropertyValueSpecification","valueRequired":true,"valueName":"search_term_string"}}],"inLanguage":"es"},{"@type":"Person","@id":"https:\/\/dev.antudigital.cl\/sites\/vc\/#\/schema\/person\/c2b9da8dd545e27166fc5ab232837318","name":"Valpara\u00edso Creativo","description":"Periodista de cultura en la Regi\u00f3n de Valpara\u00edso.","url":"https:\/\/dev.antudigital.cl\/sites\/vc\/author\/valpoadmin\/"}]}},"_links":{"self":[{"href":"https:\/\/dev.antudigital.cl\/sites\/vc\/wp-json\/wp\/v2\/posts\/10636","targetHints":{"allow":["GET"]}}],"collection":[{"href":"https:\/\/dev.antudigital.cl\/sites\/vc\/wp-json\/wp\/v2\/posts"}],"about":[{"href":"https:\/\/dev.antudigital.cl\/sites\/vc\/wp-json\/wp\/v2\/types\/post"}],"author":[{"embeddable":true,"href":"https:\/\/dev.antudigital.cl\/sites\/vc\/wp-json\/wp\/v2\/users\/1"}],"replies":[{"embeddable":true,"href":"https:\/\/dev.antudigital.cl\/sites\/vc\/wp-json\/wp\/v2\/comments?post=10636"}],"version-history":[{"count":2,"href":"https:\/\/dev.antudigital.cl\/sites\/vc\/wp-json\/wp\/v2\/posts\/10636\/revisions"}],"predecessor-version":[{"id":10641,"href":"https:\/\/dev.antudigital.cl\/sites\/vc\/wp-json\/wp\/v2\/posts\/10636\/revisions\/10641"}],"wp:featuredmedia":[{"embeddable":true,"href":"https:\/\/dev.antudigital.cl\/sites\/vc\/wp-json\/wp\/v2\/media\/10639"}],"wp:attachment":[{"href":"https:\/\/dev.antudigital.cl\/sites\/vc\/wp-json\/wp\/v2\/media?parent=10636"}],"wp:term":[{"taxonomy":"category","embeddable":true,"href":"https:\/\/dev.antudigital.cl\/sites\/vc\/wp-json\/wp\/v2\/categories?post=10636"},{"taxonomy":"post_tag","embeddable":true,"href":"https:\/\/dev.antudigital.cl\/sites\/vc\/wp-json\/wp\/v2\/tags?post=10636"}],"curies":[{"name":"wp","href":"https:\/\/api.w.org\/{rel}","templated":true}]}}