{"id":10645,"date":"2022-04-18T11:12:09","date_gmt":"2022-04-18T11:12:09","guid":{"rendered":"https:\/\/www.valparaisocreativo.cl\/?p=10645"},"modified":"2022-04-18T11:12:14","modified_gmt":"2022-04-18T11:12:14","slug":"postula-a-los-premios-literarios-2022","status":"publish","type":"post","link":"https:\/\/dev.antudigital.cl\/sites\/vc\/postula-a-los-premios-literarios-2022\/","title":{"rendered":"Postula a los Premios Literarios 2022"},"content":{"rendered":"\n<p>H<strong>asta el 20 de mayo<\/strong> estar\u00e1n abiertas las postulaciones a los <a href=\"https:\/\/www.instagram.com\/explore\/tags\/premiosliterarios2022\/\">#PremiosLiterarios2022<\/a>, distinci\u00f3n que reconoce anualmente a lo mejor de la creaci\u00f3n literaria nacional.<br><br>A lo largo de su historia, este concurso tambi\u00e9n ha reconocido a las artes esc\u00e9nicas a trav\u00e9s del trabajo de autores y autoras como Isidora Aguirre, Marco Antonio de la Parra, Benjam\u00edn Galemiri, Jorge D\u00edaz, Juan Radrig\u00e1n, Luis Barrales, Flavia Radrig\u00e1n, Alejandro Moreno, Guillermo Calder\u00f3n, Pablo Manzi, Bosco Cayo, Marcelo Leonart, entre otros varios creadores m\u00e1s que han recibido el premio a Mejores Obras Literarias en el g\u00e9nero de dramaturgia.<br><br>\u279d Postula en<a href=\"http:\/\/ www.premiosliterarios.cultura.gob.c\"> www.premiosliterarios.cultura.gob.c<\/a>l<br><\/p>\n","protected":false},"excerpt":{"rendered":"<p>Hasta el 20 de mayo estar\u00e1n abiertas las postulaciones a los #PremiosLiterarios2022, distinci\u00f3n que reconoce anualmente a lo mejor de la creaci\u00f3n literaria nacional. A lo largo de su historia, este concurso tambi\u00e9n ha reconocido a las artes esc\u00e9nicas a trav\u00e9s del trabajo de autores y autoras como Isidora Aguirre, Marco Antonio de la Parra, [&hellip;]<\/p>\n","protected":false},"author":1,"featured_media":10646,"comment_status":"open","ping_status":"closed","sticky":false,"template":"","format":"standard","meta":{"_acf_changed":false,"footnotes":""},"categories":[8],"tags":[],"class_list":["post-10645","post","type-post","status-publish","format-standard","has-post-thumbnail","hentry","category-noticia"],"acf":[],"yoast_head":"<!-- This site is optimized with the Yoast SEO plugin v27.1.1 - https:\/\/yoast.com\/product\/yoast-seo-wordpress\/ -->\n<title>Postula a los Premios Literarios 2022 - Valpara\u00ed\u00adso Creativo<\/title>\n<meta name=\"robots\" content=\"index, follow, max-snippet:-1, max-image-preview:large, max-video-preview:-1\" \/>\n<link rel=\"canonical\" href=\"https:\/\/dev.antudigital.cl\/sites\/vc\/postula-a-los-premios-literarios-2022\/\" \/>\n<meta property=\"og:locale\" content=\"es_ES\" \/>\n<meta property=\"og:type\" content=\"article\" \/>\n<meta property=\"og:title\" content=\"Postula a los Premios Literarios 2022 - Valpara\u00ed\u00adso Creativo\" \/>\n<meta property=\"og:description\" content=\"Hasta el 20 de mayo estar\u00e1n abiertas las postulaciones a los #PremiosLiterarios2022, distinci\u00f3n que reconoce anualmente a lo mejor de la creaci\u00f3n literaria nacional. A lo largo de su historia, este concurso tambi\u00e9n ha reconocido a las artes esc\u00e9nicas a trav\u00e9s del trabajo de autores y autoras como Isidora Aguirre, Marco Antonio de la Parra, [&hellip;]\" \/>\n<meta property=\"og:url\" content=\"https:\/\/dev.antudigital.cl\/sites\/vc\/postula-a-los-premios-literarios-2022\/\" \/>\n<meta property=\"og:site_name\" content=\"Valpara\u00ed\u00adso Creativo\" \/>\n<meta property=\"article:published_time\" content=\"2022-04-18T11:12:09+00:00\" \/>\n<meta property=\"article:modified_time\" content=\"2022-04-18T11:12:14+00:00\" \/>\n<meta property=\"og:image\" content=\"https:\/\/dev.antudigital.cl\/sites\/vc\/wp-content\/uploads\/2022\/04\/Captura-de-Pantalla-2022-04-14-a-las-18.38.43.png\" \/>\n\t<meta property=\"og:image:width\" content=\"596\" \/>\n\t<meta property=\"og:image:height\" content=\"595\" \/>\n\t<meta property=\"og:image:type\" content=\"image\/png\" \/>\n<meta name=\"author\" content=\"Valpara\u00edso Creativo\" \/>\n<meta name=\"twitter:card\" content=\"summary_large_image\" \/>\n<meta name=\"twitter:label1\" content=\"Escrito por\" \/>\n\t<meta name=\"twitter:data1\" content=\"Valpara\u00edso Creativo\" \/>\n\t<meta name=\"twitter:label2\" content=\"Tiempo de lectura\" \/>\n\t<meta name=\"twitter:data2\" content=\"1 minuto\" \/>\n<script type=\"application\/ld+json\" class=\"yoast-schema-graph\">{\"@context\":\"https:\/\/schema.org\",\"@graph\":[{\"@type\":\"Article\",\"@id\":\"https:\/\/dev.antudigital.cl\/sites\/vc\/postula-a-los-premios-literarios-2022\/#article\",\"isPartOf\":{\"@id\":\"https:\/\/dev.antudigital.cl\/sites\/vc\/postula-a-los-premios-literarios-2022\/\"},\"author\":{\"name\":\"Valpara\u00edso Creativo\",\"@id\":\"https:\/\/dev.antudigital.cl\/sites\/vc\/#\/schema\/person\/c2b9da8dd545e27166fc5ab232837318\"},\"headline\":\"Postula a los Premios Literarios 2022\",\"datePublished\":\"2022-04-18T11:12:09+00:00\",\"dateModified\":\"2022-04-18T11:12:14+00:00\",\"mainEntityOfPage\":{\"@id\":\"https:\/\/dev.antudigital.cl\/sites\/vc\/postula-a-los-premios-literarios-2022\/\"},\"wordCount\":118,\"commentCount\":0,\"image\":{\"@id\":\"https:\/\/dev.antudigital.cl\/sites\/vc\/postula-a-los-premios-literarios-2022\/#primaryimage\"},\"thumbnailUrl\":\"https:\/\/dev.antudigital.cl\/sites\/vc\/wp-content\/uploads\/2022\/04\/Captura-de-Pantalla-2022-04-14-a-las-18.38.43.png\",\"articleSection\":[\"Noticia\"],\"inLanguage\":\"es\",\"potentialAction\":[{\"@type\":\"CommentAction\",\"name\":\"Comment\",\"target\":[\"https:\/\/dev.antudigital.cl\/sites\/vc\/postula-a-los-premios-literarios-2022\/#respond\"]}]},{\"@type\":\"WebPage\",\"@id\":\"https:\/\/dev.antudigital.cl\/sites\/vc\/postula-a-los-premios-literarios-2022\/\",\"url\":\"https:\/\/dev.antudigital.cl\/sites\/vc\/postula-a-los-premios-literarios-2022\/\",\"name\":\"Postula a los Premios Literarios 2022 - Valpara\u00ed\u00adso Creativo\",\"isPartOf\":{\"@id\":\"https:\/\/dev.antudigital.cl\/sites\/vc\/#website\"},\"primaryImageOfPage\":{\"@id\":\"https:\/\/dev.antudigital.cl\/sites\/vc\/postula-a-los-premios-literarios-2022\/#primaryimage\"},\"image\":{\"@id\":\"https:\/\/dev.antudigital.cl\/sites\/vc\/postula-a-los-premios-literarios-2022\/#primaryimage\"},\"thumbnailUrl\":\"https:\/\/dev.antudigital.cl\/sites\/vc\/wp-content\/uploads\/2022\/04\/Captura-de-Pantalla-2022-04-14-a-las-18.38.43.png\",\"datePublished\":\"2022-04-18T11:12:09+00:00\",\"dateModified\":\"2022-04-18T11:12:14+00:00\",\"author\":{\"@id\":\"https:\/\/dev.antudigital.cl\/sites\/vc\/#\/schema\/person\/c2b9da8dd545e27166fc5ab232837318\"},\"breadcrumb\":{\"@id\":\"https:\/\/dev.antudigital.cl\/sites\/vc\/postula-a-los-premios-literarios-2022\/#breadcrumb\"},\"inLanguage\":\"es\",\"potentialAction\":[{\"@type\":\"ReadAction\",\"target\":[\"https:\/\/dev.antudigital.cl\/sites\/vc\/postula-a-los-premios-literarios-2022\/\"]}]},{\"@type\":\"ImageObject\",\"inLanguage\":\"es\",\"@id\":\"https:\/\/dev.antudigital.cl\/sites\/vc\/postula-a-los-premios-literarios-2022\/#primaryimage\",\"url\":\"https:\/\/dev.antudigital.cl\/sites\/vc\/wp-content\/uploads\/2022\/04\/Captura-de-Pantalla-2022-04-14-a-las-18.38.43.png\",\"contentUrl\":\"https:\/\/dev.antudigital.cl\/sites\/vc\/wp-content\/uploads\/2022\/04\/Captura-de-Pantalla-2022-04-14-a-las-18.38.43.png\",\"width\":596,\"height\":595},{\"@type\":\"BreadcrumbList\",\"@id\":\"https:\/\/dev.antudigital.cl\/sites\/vc\/postula-a-los-premios-literarios-2022\/#breadcrumb\",\"itemListElement\":[{\"@type\":\"ListItem\",\"position\":1,\"name\":\"Home\",\"item\":\"https:\/\/dev.antudigital.cl\/sites\/vc\/\"},{\"@type\":\"ListItem\",\"position\":2,\"name\":\"Postula a los Premios Literarios 2022\"}]},{\"@type\":\"WebSite\",\"@id\":\"https:\/\/dev.antudigital.cl\/sites\/vc\/#website\",\"url\":\"https:\/\/dev.antudigital.cl\/sites\/vc\/\",\"name\":\"Valpara\u00ed\u00adso Creativo\",\"description\":\"\",\"potentialAction\":[{\"@type\":\"SearchAction\",\"target\":{\"@type\":\"EntryPoint\",\"urlTemplate\":\"https:\/\/dev.antudigital.cl\/sites\/vc\/?s={search_term_string}\"},\"query-input\":{\"@type\":\"PropertyValueSpecification\",\"valueRequired\":true,\"valueName\":\"search_term_string\"}}],\"inLanguage\":\"es\"},{\"@type\":\"Person\",\"@id\":\"https:\/\/dev.antudigital.cl\/sites\/vc\/#\/schema\/person\/c2b9da8dd545e27166fc5ab232837318\",\"name\":\"Valpara\u00edso Creativo\",\"description\":\"Periodista de cultura en la Regi\u00f3n de Valpara\u00edso.\",\"url\":\"https:\/\/dev.antudigital.cl\/sites\/vc\/author\/valpoadmin\/\"}]}<\/script>\n<!-- \/ Yoast SEO plugin. -->","yoast_head_json":{"title":"Postula a los Premios Literarios 2022 - Valpara\u00ed\u00adso Creativo","robots":{"index":"index","follow":"follow","max-snippet":"max-snippet:-1","max-image-preview":"max-image-preview:large","max-video-preview":"max-video-preview:-1"},"canonical":"https:\/\/dev.antudigital.cl\/sites\/vc\/postula-a-los-premios-literarios-2022\/","og_locale":"es_ES","og_type":"article","og_title":"Postula a los Premios Literarios 2022 - Valpara\u00ed\u00adso Creativo","og_description":"Hasta el 20 de mayo estar\u00e1n abiertas las postulaciones a los #PremiosLiterarios2022, distinci\u00f3n que reconoce anualmente a lo mejor de la creaci\u00f3n literaria nacional. A lo largo de su historia, este concurso tambi\u00e9n ha reconocido a las artes esc\u00e9nicas a trav\u00e9s del trabajo de autores y autoras como Isidora Aguirre, Marco Antonio de la Parra, [&hellip;]","og_url":"https:\/\/dev.antudigital.cl\/sites\/vc\/postula-a-los-premios-literarios-2022\/","og_site_name":"Valpara\u00ed\u00adso Creativo","article_published_time":"2022-04-18T11:12:09+00:00","article_modified_time":"2022-04-18T11:12:14+00:00","og_image":[{"width":596,"height":595,"url":"https:\/\/dev.antudigital.cl\/sites\/vc\/wp-content\/uploads\/2022\/04\/Captura-de-Pantalla-2022-04-14-a-las-18.38.43.png","type":"image\/png"}],"author":"Valpara\u00edso Creativo","twitter_card":"summary_large_image","twitter_misc":{"Escrito por":"Valpara\u00edso Creativo","Tiempo de lectura":"1 minuto"},"schema":{"@context":"https:\/\/schema.org","@graph":[{"@type":"Article","@id":"https:\/\/dev.antudigital.cl\/sites\/vc\/postula-a-los-premios-literarios-2022\/#article","isPartOf":{"@id":"https:\/\/dev.antudigital.cl\/sites\/vc\/postula-a-los-premios-literarios-2022\/"},"author":{"name":"Valpara\u00edso Creativo","@id":"https:\/\/dev.antudigital.cl\/sites\/vc\/#\/schema\/person\/c2b9da8dd545e27166fc5ab232837318"},"headline":"Postula a los Premios Literarios 2022","datePublished":"2022-04-18T11:12:09+00:00","dateModified":"2022-04-18T11:12:14+00:00","mainEntityOfPage":{"@id":"https:\/\/dev.antudigital.cl\/sites\/vc\/postula-a-los-premios-literarios-2022\/"},"wordCount":118,"commentCount":0,"image":{"@id":"https:\/\/dev.antudigital.cl\/sites\/vc\/postula-a-los-premios-literarios-2022\/#primaryimage"},"thumbnailUrl":"https:\/\/dev.antudigital.cl\/sites\/vc\/wp-content\/uploads\/2022\/04\/Captura-de-Pantalla-2022-04-14-a-las-18.38.43.png","articleSection":["Noticia"],"inLanguage":"es","potentialAction":[{"@type":"CommentAction","name":"Comment","target":["https:\/\/dev.antudigital.cl\/sites\/vc\/postula-a-los-premios-literarios-2022\/#respond"]}]},{"@type":"WebPage","@id":"https:\/\/dev.antudigital.cl\/sites\/vc\/postula-a-los-premios-literarios-2022\/","url":"https:\/\/dev.antudigital.cl\/sites\/vc\/postula-a-los-premios-literarios-2022\/","name":"Postula a los Premios Literarios 2022 - Valpara\u00ed\u00adso Creativo","isPartOf":{"@id":"https:\/\/dev.antudigital.cl\/sites\/vc\/#website"},"primaryImageOfPage":{"@id":"https:\/\/dev.antudigital.cl\/sites\/vc\/postula-a-los-premios-literarios-2022\/#primaryimage"},"image":{"@id":"https:\/\/dev.antudigital.cl\/sites\/vc\/postula-a-los-premios-literarios-2022\/#primaryimage"},"thumbnailUrl":"https:\/\/dev.antudigital.cl\/sites\/vc\/wp-content\/uploads\/2022\/04\/Captura-de-Pantalla-2022-04-14-a-las-18.38.43.png","datePublished":"2022-04-18T11:12:09+00:00","dateModified":"2022-04-18T11:12:14+00:00","author":{"@id":"https:\/\/dev.antudigital.cl\/sites\/vc\/#\/schema\/person\/c2b9da8dd545e27166fc5ab232837318"},"breadcrumb":{"@id":"https:\/\/dev.antudigital.cl\/sites\/vc\/postula-a-los-premios-literarios-2022\/#breadcrumb"},"inLanguage":"es","potentialAction":[{"@type":"ReadAction","target":["https:\/\/dev.antudigital.cl\/sites\/vc\/postula-a-los-premios-literarios-2022\/"]}]},{"@type":"ImageObject","inLanguage":"es","@id":"https:\/\/dev.antudigital.cl\/sites\/vc\/postula-a-los-premios-literarios-2022\/#primaryimage","url":"https:\/\/dev.antudigital.cl\/sites\/vc\/wp-content\/uploads\/2022\/04\/Captura-de-Pantalla-2022-04-14-a-las-18.38.43.png","contentUrl":"https:\/\/dev.antudigital.cl\/sites\/vc\/wp-content\/uploads\/2022\/04\/Captura-de-Pantalla-2022-04-14-a-las-18.38.43.png","width":596,"height":595},{"@type":"BreadcrumbList","@id":"https:\/\/dev.antudigital.cl\/sites\/vc\/postula-a-los-premios-literarios-2022\/#breadcrumb","itemListElement":[{"@type":"ListItem","position":1,"name":"Home","item":"https:\/\/dev.antudigital.cl\/sites\/vc\/"},{"@type":"ListItem","position":2,"name":"Postula a los Premios Literarios 2022"}]},{"@type":"WebSite","@id":"https:\/\/dev.antudigital.cl\/sites\/vc\/#website","url":"https:\/\/dev.antudigital.cl\/sites\/vc\/","name":"Valpara\u00ed\u00adso Creativo","description":"","potentialAction":[{"@type":"SearchAction","target":{"@type":"EntryPoint","urlTemplate":"https:\/\/dev.antudigital.cl\/sites\/vc\/?s={search_term_string}"},"query-input":{"@type":"PropertyValueSpecification","valueRequired":true,"valueName":"search_term_string"}}],"inLanguage":"es"},{"@type":"Person","@id":"https:\/\/dev.antudigital.cl\/sites\/vc\/#\/schema\/person\/c2b9da8dd545e27166fc5ab232837318","name":"Valpara\u00edso Creativo","description":"Periodista de cultura en la Regi\u00f3n de Valpara\u00edso.","url":"https:\/\/dev.antudigital.cl\/sites\/vc\/author\/valpoadmin\/"}]}},"_links":{"self":[{"href":"https:\/\/dev.antudigital.cl\/sites\/vc\/wp-json\/wp\/v2\/posts\/10645","targetHints":{"allow":["GET"]}}],"collection":[{"href":"https:\/\/dev.antudigital.cl\/sites\/vc\/wp-json\/wp\/v2\/posts"}],"about":[{"href":"https:\/\/dev.antudigital.cl\/sites\/vc\/wp-json\/wp\/v2\/types\/post"}],"author":[{"embeddable":true,"href":"https:\/\/dev.antudigital.cl\/sites\/vc\/wp-json\/wp\/v2\/users\/1"}],"replies":[{"embeddable":true,"href":"https:\/\/dev.antudigital.cl\/sites\/vc\/wp-json\/wp\/v2\/comments?post=10645"}],"version-history":[{"count":1,"href":"https:\/\/dev.antudigital.cl\/sites\/vc\/wp-json\/wp\/v2\/posts\/10645\/revisions"}],"predecessor-version":[{"id":10647,"href":"https:\/\/dev.antudigital.cl\/sites\/vc\/wp-json\/wp\/v2\/posts\/10645\/revisions\/10647"}],"wp:featuredmedia":[{"embeddable":true,"href":"https:\/\/dev.antudigital.cl\/sites\/vc\/wp-json\/wp\/v2\/media\/10646"}],"wp:attachment":[{"href":"https:\/\/dev.antudigital.cl\/sites\/vc\/wp-json\/wp\/v2\/media?parent=10645"}],"wp:term":[{"taxonomy":"category","embeddable":true,"href":"https:\/\/dev.antudigital.cl\/sites\/vc\/wp-json\/wp\/v2\/categories?post=10645"},{"taxonomy":"post_tag","embeddable":true,"href":"https:\/\/dev.antudigital.cl\/sites\/vc\/wp-json\/wp\/v2\/tags?post=10645"}],"curies":[{"name":"wp","href":"https:\/\/api.w.org\/{rel}","templated":true}]}}