{"id":10648,"date":"2022-04-18T11:18:45","date_gmt":"2022-04-18T11:18:45","guid":{"rendered":"https:\/\/www.valparaisocreativo.cl\/?p=10648"},"modified":"2022-04-18T11:18:52","modified_gmt":"2022-04-18T11:18:52","slug":"capacitaciones-mincap-cursos-disena-tu-proyecto","status":"publish","type":"post","link":"https:\/\/dev.antudigital.cl\/sites\/vc\/capacitaciones-mincap-cursos-disena-tu-proyecto\/","title":{"rendered":"Capacitaciones MINCAP: cursos \u00abDise\u00f1a tu proyecto\u00bb"},"content":{"rendered":"\n<p>Entre el 26 de abril y el 19 de mayo se encontrar\u00e1n disponibles los cursos para capacitaci\u00f3n \u00abDise\u00f1a tu proyecto\u00bb. \u00bfTe interesa el sector cultural y no sabes c\u00f3mo iniciar un proyecto? \u00bfTienes alguna idea que quieras materializar? Entonces estas capacitaciones son ideales para ti.<\/p>\n\n\n\n<p>Las capacitaciones est\u00e1n orientadas a personas interesadas en el desarrollo de iniciativas de gesti\u00f3n cultural y creaci\u00f3n art\u00edstica querequieren incorporar conocimientos en cuanto\u00a0a\u00a0la formulaci\u00f3n de proyectos culturales.<\/p>\n\n\n\n<p>El objetivo es entregar orientaciones y herramientas elementales, para fortalecer las nuevas ideas de desarrollo cultural, y mejorar las propuestas actuales que tengan en marcha.<\/p>\n\n\n\n<p><br>I<strong>nscr\u00edbete en <a href=\"https:\/\/ec.cultura.gob.cl\/disena-tu-proyecto-cultural\/\">https:\/\/ec.cultura.gob.cl\/disena-tu-proyecto-cultural\/<\/a><\/strong><br><\/p>\n","protected":false},"excerpt":{"rendered":"<p>Entre el 26 de abril y el 19 de mayo se encontrar\u00e1n disponibles los cursos para capacitaci\u00f3n \u00abDise\u00f1a tu proyecto\u00bb. \u00bfTe interesa el sector cultural y no sabes c\u00f3mo iniciar un proyecto? \u00bfTienes alguna idea que quieras materializar? Entonces estas capacitaciones son ideales para ti. Las capacitaciones est\u00e1n orientadas a personas interesadas en el desarrollo [&hellip;]<\/p>\n","protected":false},"author":1,"featured_media":10649,"comment_status":"open","ping_status":"closed","sticky":false,"template":"","format":"standard","meta":{"_acf_changed":false,"footnotes":""},"categories":[8],"tags":[],"class_list":["post-10648","post","type-post","status-publish","format-standard","has-post-thumbnail","hentry","category-noticia"],"acf":[],"yoast_head":"<!-- This site is optimized with the Yoast SEO plugin v27.1.1 - https:\/\/yoast.com\/product\/yoast-seo-wordpress\/ -->\n<title>Capacitaciones MINCAP: cursos &quot;Dise\u00f1a tu proyecto&quot; - Valpara\u00ed\u00adso Creativo<\/title>\n<meta name=\"robots\" content=\"index, follow, max-snippet:-1, max-image-preview:large, max-video-preview:-1\" \/>\n<link rel=\"canonical\" href=\"https:\/\/dev.antudigital.cl\/sites\/vc\/capacitaciones-mincap-cursos-disena-tu-proyecto\/\" \/>\n<meta property=\"og:locale\" content=\"es_ES\" \/>\n<meta property=\"og:type\" content=\"article\" \/>\n<meta property=\"og:title\" content=\"Capacitaciones MINCAP: cursos &quot;Dise\u00f1a tu proyecto&quot; - Valpara\u00ed\u00adso Creativo\" \/>\n<meta property=\"og:description\" content=\"Entre el 26 de abril y el 19 de mayo se encontrar\u00e1n disponibles los cursos para capacitaci\u00f3n \u00abDise\u00f1a tu proyecto\u00bb. \u00bfTe interesa el sector cultural y no sabes c\u00f3mo iniciar un proyecto? \u00bfTienes alguna idea que quieras materializar? Entonces estas capacitaciones son ideales para ti. Las capacitaciones est\u00e1n orientadas a personas interesadas en el desarrollo [&hellip;]\" \/>\n<meta property=\"og:url\" content=\"https:\/\/dev.antudigital.cl\/sites\/vc\/capacitaciones-mincap-cursos-disena-tu-proyecto\/\" \/>\n<meta property=\"og:site_name\" content=\"Valpara\u00ed\u00adso Creativo\" \/>\n<meta property=\"article:published_time\" content=\"2022-04-18T11:18:45+00:00\" \/>\n<meta property=\"article:modified_time\" content=\"2022-04-18T11:18:52+00:00\" \/>\n<meta property=\"og:image\" content=\"https:\/\/dev.antudigital.cl\/sites\/vc\/wp-content\/uploads\/2022\/04\/Captura-de-Pantalla-2022-04-18-a-las-07.16.04.png\" \/>\n\t<meta property=\"og:image:width\" content=\"633\" \/>\n\t<meta property=\"og:image:height\" content=\"635\" \/>\n\t<meta property=\"og:image:type\" content=\"image\/png\" \/>\n<meta name=\"author\" content=\"Valpara\u00edso Creativo\" \/>\n<meta name=\"twitter:card\" content=\"summary_large_image\" \/>\n<meta name=\"twitter:label1\" content=\"Escrito por\" \/>\n\t<meta name=\"twitter:data1\" content=\"Valpara\u00edso Creativo\" \/>\n\t<meta name=\"twitter:label2\" content=\"Tiempo de lectura\" \/>\n\t<meta name=\"twitter:data2\" content=\"1 minuto\" \/>\n<script type=\"application\/ld+json\" class=\"yoast-schema-graph\">{\"@context\":\"https:\/\/schema.org\",\"@graph\":[{\"@type\":\"Article\",\"@id\":\"https:\/\/dev.antudigital.cl\/sites\/vc\/capacitaciones-mincap-cursos-disena-tu-proyecto\/#article\",\"isPartOf\":{\"@id\":\"https:\/\/dev.antudigital.cl\/sites\/vc\/capacitaciones-mincap-cursos-disena-tu-proyecto\/\"},\"author\":{\"name\":\"Valpara\u00edso Creativo\",\"@id\":\"https:\/\/dev.antudigital.cl\/sites\/vc\/#\/schema\/person\/c2b9da8dd545e27166fc5ab232837318\"},\"headline\":\"Capacitaciones MINCAP: cursos \u00abDise\u00f1a tu proyecto\u00bb\",\"datePublished\":\"2022-04-18T11:18:45+00:00\",\"dateModified\":\"2022-04-18T11:18:52+00:00\",\"mainEntityOfPage\":{\"@id\":\"https:\/\/dev.antudigital.cl\/sites\/vc\/capacitaciones-mincap-cursos-disena-tu-proyecto\/\"},\"wordCount\":122,\"commentCount\":0,\"image\":{\"@id\":\"https:\/\/dev.antudigital.cl\/sites\/vc\/capacitaciones-mincap-cursos-disena-tu-proyecto\/#primaryimage\"},\"thumbnailUrl\":\"https:\/\/dev.antudigital.cl\/sites\/vc\/wp-content\/uploads\/2022\/04\/Captura-de-Pantalla-2022-04-18-a-las-07.16.04.png\",\"articleSection\":[\"Noticia\"],\"inLanguage\":\"es\",\"potentialAction\":[{\"@type\":\"CommentAction\",\"name\":\"Comment\",\"target\":[\"https:\/\/dev.antudigital.cl\/sites\/vc\/capacitaciones-mincap-cursos-disena-tu-proyecto\/#respond\"]}]},{\"@type\":\"WebPage\",\"@id\":\"https:\/\/dev.antudigital.cl\/sites\/vc\/capacitaciones-mincap-cursos-disena-tu-proyecto\/\",\"url\":\"https:\/\/dev.antudigital.cl\/sites\/vc\/capacitaciones-mincap-cursos-disena-tu-proyecto\/\",\"name\":\"Capacitaciones MINCAP: cursos \\\"Dise\u00f1a tu proyecto\\\" - Valpara\u00ed\u00adso Creativo\",\"isPartOf\":{\"@id\":\"https:\/\/dev.antudigital.cl\/sites\/vc\/#website\"},\"primaryImageOfPage\":{\"@id\":\"https:\/\/dev.antudigital.cl\/sites\/vc\/capacitaciones-mincap-cursos-disena-tu-proyecto\/#primaryimage\"},\"image\":{\"@id\":\"https:\/\/dev.antudigital.cl\/sites\/vc\/capacitaciones-mincap-cursos-disena-tu-proyecto\/#primaryimage\"},\"thumbnailUrl\":\"https:\/\/dev.antudigital.cl\/sites\/vc\/wp-content\/uploads\/2022\/04\/Captura-de-Pantalla-2022-04-18-a-las-07.16.04.png\",\"datePublished\":\"2022-04-18T11:18:45+00:00\",\"dateModified\":\"2022-04-18T11:18:52+00:00\",\"author\":{\"@id\":\"https:\/\/dev.antudigital.cl\/sites\/vc\/#\/schema\/person\/c2b9da8dd545e27166fc5ab232837318\"},\"breadcrumb\":{\"@id\":\"https:\/\/dev.antudigital.cl\/sites\/vc\/capacitaciones-mincap-cursos-disena-tu-proyecto\/#breadcrumb\"},\"inLanguage\":\"es\",\"potentialAction\":[{\"@type\":\"ReadAction\",\"target\":[\"https:\/\/dev.antudigital.cl\/sites\/vc\/capacitaciones-mincap-cursos-disena-tu-proyecto\/\"]}]},{\"@type\":\"ImageObject\",\"inLanguage\":\"es\",\"@id\":\"https:\/\/dev.antudigital.cl\/sites\/vc\/capacitaciones-mincap-cursos-disena-tu-proyecto\/#primaryimage\",\"url\":\"https:\/\/dev.antudigital.cl\/sites\/vc\/wp-content\/uploads\/2022\/04\/Captura-de-Pantalla-2022-04-18-a-las-07.16.04.png\",\"contentUrl\":\"https:\/\/dev.antudigital.cl\/sites\/vc\/wp-content\/uploads\/2022\/04\/Captura-de-Pantalla-2022-04-18-a-las-07.16.04.png\",\"width\":633,\"height\":635},{\"@type\":\"BreadcrumbList\",\"@id\":\"https:\/\/dev.antudigital.cl\/sites\/vc\/capacitaciones-mincap-cursos-disena-tu-proyecto\/#breadcrumb\",\"itemListElement\":[{\"@type\":\"ListItem\",\"position\":1,\"name\":\"Home\",\"item\":\"https:\/\/dev.antudigital.cl\/sites\/vc\/\"},{\"@type\":\"ListItem\",\"position\":2,\"name\":\"Capacitaciones MINCAP: cursos \u00abDise\u00f1a tu proyecto\u00bb\"}]},{\"@type\":\"WebSite\",\"@id\":\"https:\/\/dev.antudigital.cl\/sites\/vc\/#website\",\"url\":\"https:\/\/dev.antudigital.cl\/sites\/vc\/\",\"name\":\"Valpara\u00ed\u00adso Creativo\",\"description\":\"\",\"potentialAction\":[{\"@type\":\"SearchAction\",\"target\":{\"@type\":\"EntryPoint\",\"urlTemplate\":\"https:\/\/dev.antudigital.cl\/sites\/vc\/?s={search_term_string}\"},\"query-input\":{\"@type\":\"PropertyValueSpecification\",\"valueRequired\":true,\"valueName\":\"search_term_string\"}}],\"inLanguage\":\"es\"},{\"@type\":\"Person\",\"@id\":\"https:\/\/dev.antudigital.cl\/sites\/vc\/#\/schema\/person\/c2b9da8dd545e27166fc5ab232837318\",\"name\":\"Valpara\u00edso Creativo\",\"description\":\"Periodista de cultura en la Regi\u00f3n de Valpara\u00edso.\",\"url\":\"https:\/\/dev.antudigital.cl\/sites\/vc\/author\/valpoadmin\/\"}]}<\/script>\n<!-- \/ Yoast SEO plugin. -->","yoast_head_json":{"title":"Capacitaciones MINCAP: cursos \"Dise\u00f1a tu proyecto\" - Valpara\u00ed\u00adso Creativo","robots":{"index":"index","follow":"follow","max-snippet":"max-snippet:-1","max-image-preview":"max-image-preview:large","max-video-preview":"max-video-preview:-1"},"canonical":"https:\/\/dev.antudigital.cl\/sites\/vc\/capacitaciones-mincap-cursos-disena-tu-proyecto\/","og_locale":"es_ES","og_type":"article","og_title":"Capacitaciones MINCAP: cursos \"Dise\u00f1a tu proyecto\" - Valpara\u00ed\u00adso Creativo","og_description":"Entre el 26 de abril y el 19 de mayo se encontrar\u00e1n disponibles los cursos para capacitaci\u00f3n \u00abDise\u00f1a tu proyecto\u00bb. \u00bfTe interesa el sector cultural y no sabes c\u00f3mo iniciar un proyecto? \u00bfTienes alguna idea que quieras materializar? Entonces estas capacitaciones son ideales para ti. Las capacitaciones est\u00e1n orientadas a personas interesadas en el desarrollo [&hellip;]","og_url":"https:\/\/dev.antudigital.cl\/sites\/vc\/capacitaciones-mincap-cursos-disena-tu-proyecto\/","og_site_name":"Valpara\u00ed\u00adso Creativo","article_published_time":"2022-04-18T11:18:45+00:00","article_modified_time":"2022-04-18T11:18:52+00:00","og_image":[{"width":633,"height":635,"url":"https:\/\/dev.antudigital.cl\/sites\/vc\/wp-content\/uploads\/2022\/04\/Captura-de-Pantalla-2022-04-18-a-las-07.16.04.png","type":"image\/png"}],"author":"Valpara\u00edso Creativo","twitter_card":"summary_large_image","twitter_misc":{"Escrito por":"Valpara\u00edso Creativo","Tiempo de lectura":"1 minuto"},"schema":{"@context":"https:\/\/schema.org","@graph":[{"@type":"Article","@id":"https:\/\/dev.antudigital.cl\/sites\/vc\/capacitaciones-mincap-cursos-disena-tu-proyecto\/#article","isPartOf":{"@id":"https:\/\/dev.antudigital.cl\/sites\/vc\/capacitaciones-mincap-cursos-disena-tu-proyecto\/"},"author":{"name":"Valpara\u00edso Creativo","@id":"https:\/\/dev.antudigital.cl\/sites\/vc\/#\/schema\/person\/c2b9da8dd545e27166fc5ab232837318"},"headline":"Capacitaciones MINCAP: cursos \u00abDise\u00f1a tu proyecto\u00bb","datePublished":"2022-04-18T11:18:45+00:00","dateModified":"2022-04-18T11:18:52+00:00","mainEntityOfPage":{"@id":"https:\/\/dev.antudigital.cl\/sites\/vc\/capacitaciones-mincap-cursos-disena-tu-proyecto\/"},"wordCount":122,"commentCount":0,"image":{"@id":"https:\/\/dev.antudigital.cl\/sites\/vc\/capacitaciones-mincap-cursos-disena-tu-proyecto\/#primaryimage"},"thumbnailUrl":"https:\/\/dev.antudigital.cl\/sites\/vc\/wp-content\/uploads\/2022\/04\/Captura-de-Pantalla-2022-04-18-a-las-07.16.04.png","articleSection":["Noticia"],"inLanguage":"es","potentialAction":[{"@type":"CommentAction","name":"Comment","target":["https:\/\/dev.antudigital.cl\/sites\/vc\/capacitaciones-mincap-cursos-disena-tu-proyecto\/#respond"]}]},{"@type":"WebPage","@id":"https:\/\/dev.antudigital.cl\/sites\/vc\/capacitaciones-mincap-cursos-disena-tu-proyecto\/","url":"https:\/\/dev.antudigital.cl\/sites\/vc\/capacitaciones-mincap-cursos-disena-tu-proyecto\/","name":"Capacitaciones MINCAP: cursos \"Dise\u00f1a tu proyecto\" - Valpara\u00ed\u00adso Creativo","isPartOf":{"@id":"https:\/\/dev.antudigital.cl\/sites\/vc\/#website"},"primaryImageOfPage":{"@id":"https:\/\/dev.antudigital.cl\/sites\/vc\/capacitaciones-mincap-cursos-disena-tu-proyecto\/#primaryimage"},"image":{"@id":"https:\/\/dev.antudigital.cl\/sites\/vc\/capacitaciones-mincap-cursos-disena-tu-proyecto\/#primaryimage"},"thumbnailUrl":"https:\/\/dev.antudigital.cl\/sites\/vc\/wp-content\/uploads\/2022\/04\/Captura-de-Pantalla-2022-04-18-a-las-07.16.04.png","datePublished":"2022-04-18T11:18:45+00:00","dateModified":"2022-04-18T11:18:52+00:00","author":{"@id":"https:\/\/dev.antudigital.cl\/sites\/vc\/#\/schema\/person\/c2b9da8dd545e27166fc5ab232837318"},"breadcrumb":{"@id":"https:\/\/dev.antudigital.cl\/sites\/vc\/capacitaciones-mincap-cursos-disena-tu-proyecto\/#breadcrumb"},"inLanguage":"es","potentialAction":[{"@type":"ReadAction","target":["https:\/\/dev.antudigital.cl\/sites\/vc\/capacitaciones-mincap-cursos-disena-tu-proyecto\/"]}]},{"@type":"ImageObject","inLanguage":"es","@id":"https:\/\/dev.antudigital.cl\/sites\/vc\/capacitaciones-mincap-cursos-disena-tu-proyecto\/#primaryimage","url":"https:\/\/dev.antudigital.cl\/sites\/vc\/wp-content\/uploads\/2022\/04\/Captura-de-Pantalla-2022-04-18-a-las-07.16.04.png","contentUrl":"https:\/\/dev.antudigital.cl\/sites\/vc\/wp-content\/uploads\/2022\/04\/Captura-de-Pantalla-2022-04-18-a-las-07.16.04.png","width":633,"height":635},{"@type":"BreadcrumbList","@id":"https:\/\/dev.antudigital.cl\/sites\/vc\/capacitaciones-mincap-cursos-disena-tu-proyecto\/#breadcrumb","itemListElement":[{"@type":"ListItem","position":1,"name":"Home","item":"https:\/\/dev.antudigital.cl\/sites\/vc\/"},{"@type":"ListItem","position":2,"name":"Capacitaciones MINCAP: cursos \u00abDise\u00f1a tu proyecto\u00bb"}]},{"@type":"WebSite","@id":"https:\/\/dev.antudigital.cl\/sites\/vc\/#website","url":"https:\/\/dev.antudigital.cl\/sites\/vc\/","name":"Valpara\u00ed\u00adso Creativo","description":"","potentialAction":[{"@type":"SearchAction","target":{"@type":"EntryPoint","urlTemplate":"https:\/\/dev.antudigital.cl\/sites\/vc\/?s={search_term_string}"},"query-input":{"@type":"PropertyValueSpecification","valueRequired":true,"valueName":"search_term_string"}}],"inLanguage":"es"},{"@type":"Person","@id":"https:\/\/dev.antudigital.cl\/sites\/vc\/#\/schema\/person\/c2b9da8dd545e27166fc5ab232837318","name":"Valpara\u00edso Creativo","description":"Periodista de cultura en la Regi\u00f3n de Valpara\u00edso.","url":"https:\/\/dev.antudigital.cl\/sites\/vc\/author\/valpoadmin\/"}]}},"_links":{"self":[{"href":"https:\/\/dev.antudigital.cl\/sites\/vc\/wp-json\/wp\/v2\/posts\/10648","targetHints":{"allow":["GET"]}}],"collection":[{"href":"https:\/\/dev.antudigital.cl\/sites\/vc\/wp-json\/wp\/v2\/posts"}],"about":[{"href":"https:\/\/dev.antudigital.cl\/sites\/vc\/wp-json\/wp\/v2\/types\/post"}],"author":[{"embeddable":true,"href":"https:\/\/dev.antudigital.cl\/sites\/vc\/wp-json\/wp\/v2\/users\/1"}],"replies":[{"embeddable":true,"href":"https:\/\/dev.antudigital.cl\/sites\/vc\/wp-json\/wp\/v2\/comments?post=10648"}],"version-history":[{"count":1,"href":"https:\/\/dev.antudigital.cl\/sites\/vc\/wp-json\/wp\/v2\/posts\/10648\/revisions"}],"predecessor-version":[{"id":10650,"href":"https:\/\/dev.antudigital.cl\/sites\/vc\/wp-json\/wp\/v2\/posts\/10648\/revisions\/10650"}],"wp:featuredmedia":[{"embeddable":true,"href":"https:\/\/dev.antudigital.cl\/sites\/vc\/wp-json\/wp\/v2\/media\/10649"}],"wp:attachment":[{"href":"https:\/\/dev.antudigital.cl\/sites\/vc\/wp-json\/wp\/v2\/media?parent=10648"}],"wp:term":[{"taxonomy":"category","embeddable":true,"href":"https:\/\/dev.antudigital.cl\/sites\/vc\/wp-json\/wp\/v2\/categories?post=10648"},{"taxonomy":"post_tag","embeddable":true,"href":"https:\/\/dev.antudigital.cl\/sites\/vc\/wp-json\/wp\/v2\/tags?post=10648"}],"curies":[{"name":"wp","href":"https:\/\/api.w.org\/{rel}","templated":true}]}}