{"id":10666,"date":"2022-04-18T11:41:15","date_gmt":"2022-04-18T11:41:15","guid":{"rendered":"https:\/\/www.valparaisocreativo.cl\/?p=10666"},"modified":"2022-04-18T11:41:21","modified_gmt":"2022-04-18T11:41:21","slug":"en-bar-civico-se-celebra-mis-40-anos-de-oscar-aspillaga","status":"publish","type":"post","link":"https:\/\/dev.antudigital.cl\/sites\/vc\/en-bar-civico-se-celebra-mis-40-anos-de-oscar-aspillaga\/","title":{"rendered":"En Bar C\u00edvico se celebra \u00abMis 40 a\u00f1os\u00bb de Oscar Aspillaga"},"content":{"rendered":"\n<h2 class=\"wp-block-heading\"><a href=\"https:\/\/www.instagram.com\/oscaraspillaga\/\"><\/a><\/h2>\n\n\n\n<p>El periodista y uno de las mentes tras Acople Records cumple 40 a\u00f1os, y los celebrar\u00e1 de la mejor manera: con un evento musical tal como los que ha gestionado muchas veces.<\/p>\n\n\n\n<p>La invitaci\u00f3n es a las 21:00hrs. del s\u00e1bado 23 de abril, y se contar\u00e1 con la presencia de las bandas OjorojO y la Gran Patudez de siempre<\/p>\n\n\n\n<p>Entrada liberada<\/p>\n\n\n\n<p>Afiche e ilustraci\u00f3n: <a href=\"https:\/\/www.instagram.com\/muereboriz\/\">@muereboriz<\/a><\/p>\n","protected":false},"excerpt":{"rendered":"<p>El periodista y uno de las mentes tras Acople Records cumple 40 a\u00f1os, y los celebrar\u00e1 de la mejor manera: con un evento musical tal como los que ha gestionado muchas veces. La invitaci\u00f3n es a las 21:00hrs. del s\u00e1bado 23 de abril, y se contar\u00e1 con la presencia de las bandas OjorojO y la [&hellip;]<\/p>\n","protected":false},"author":1,"featured_media":10667,"comment_status":"open","ping_status":"closed","sticky":false,"template":"","format":"standard","meta":{"_acf_changed":false,"footnotes":""},"categories":[8],"tags":[],"class_list":["post-10666","post","type-post","status-publish","format-standard","has-post-thumbnail","hentry","category-noticia"],"acf":[],"yoast_head":"<!-- This site is optimized with the Yoast SEO plugin v27.1.1 - https:\/\/yoast.com\/product\/yoast-seo-wordpress\/ -->\n<title>En Bar C\u00edvico se celebra &quot;Mis 40 a\u00f1os&quot; de Oscar Aspillaga - Valpara\u00ed\u00adso Creativo<\/title>\n<meta name=\"robots\" content=\"index, follow, max-snippet:-1, max-image-preview:large, max-video-preview:-1\" \/>\n<link rel=\"canonical\" href=\"https:\/\/dev.antudigital.cl\/sites\/vc\/en-bar-civico-se-celebra-mis-40-anos-de-oscar-aspillaga\/\" \/>\n<meta property=\"og:locale\" content=\"es_ES\" \/>\n<meta property=\"og:type\" content=\"article\" \/>\n<meta property=\"og:title\" content=\"En Bar C\u00edvico se celebra &quot;Mis 40 a\u00f1os&quot; de Oscar Aspillaga - Valpara\u00ed\u00adso Creativo\" \/>\n<meta property=\"og:description\" content=\"El periodista y uno de las mentes tras Acople Records cumple 40 a\u00f1os, y los celebrar\u00e1 de la mejor manera: con un evento musical tal como los que ha gestionado muchas veces. La invitaci\u00f3n es a las 21:00hrs. del s\u00e1bado 23 de abril, y se contar\u00e1 con la presencia de las bandas OjorojO y la [&hellip;]\" \/>\n<meta property=\"og:url\" content=\"https:\/\/dev.antudigital.cl\/sites\/vc\/en-bar-civico-se-celebra-mis-40-anos-de-oscar-aspillaga\/\" \/>\n<meta property=\"og:site_name\" content=\"Valpara\u00ed\u00adso Creativo\" \/>\n<meta property=\"article:published_time\" content=\"2022-04-18T11:41:15+00:00\" \/>\n<meta property=\"article:modified_time\" content=\"2022-04-18T11:41:21+00:00\" \/>\n<meta property=\"og:image\" content=\"https:\/\/dev.antudigital.cl\/sites\/vc\/wp-content\/uploads\/2022\/04\/Captura-de-Pantalla-2022-04-18-a-las-07.38.33.png\" \/>\n\t<meta property=\"og:image:width\" content=\"578\" \/>\n\t<meta property=\"og:image:height\" content=\"577\" \/>\n\t<meta property=\"og:image:type\" content=\"image\/png\" \/>\n<meta name=\"author\" content=\"Valpara\u00edso Creativo\" \/>\n<meta name=\"twitter:card\" content=\"summary_large_image\" \/>\n<meta name=\"twitter:label1\" content=\"Escrito por\" \/>\n\t<meta name=\"twitter:data1\" content=\"Valpara\u00edso Creativo\" \/>\n\t<meta name=\"twitter:label2\" content=\"Tiempo de lectura\" \/>\n\t<meta name=\"twitter:data2\" content=\"1 minuto\" \/>\n<script type=\"application\/ld+json\" class=\"yoast-schema-graph\">{\"@context\":\"https:\/\/schema.org\",\"@graph\":[{\"@type\":\"Article\",\"@id\":\"https:\/\/dev.antudigital.cl\/sites\/vc\/en-bar-civico-se-celebra-mis-40-anos-de-oscar-aspillaga\/#article\",\"isPartOf\":{\"@id\":\"https:\/\/dev.antudigital.cl\/sites\/vc\/en-bar-civico-se-celebra-mis-40-anos-de-oscar-aspillaga\/\"},\"author\":{\"name\":\"Valpara\u00edso Creativo\",\"@id\":\"https:\/\/dev.antudigital.cl\/sites\/vc\/#\/schema\/person\/c2b9da8dd545e27166fc5ab232837318\"},\"headline\":\"En Bar C\u00edvico se celebra \u00abMis 40 a\u00f1os\u00bb de Oscar Aspillaga\",\"datePublished\":\"2022-04-18T11:41:15+00:00\",\"dateModified\":\"2022-04-18T11:41:21+00:00\",\"mainEntityOfPage\":{\"@id\":\"https:\/\/dev.antudigital.cl\/sites\/vc\/en-bar-civico-se-celebra-mis-40-anos-de-oscar-aspillaga\/\"},\"wordCount\":79,\"commentCount\":0,\"image\":{\"@id\":\"https:\/\/dev.antudigital.cl\/sites\/vc\/en-bar-civico-se-celebra-mis-40-anos-de-oscar-aspillaga\/#primaryimage\"},\"thumbnailUrl\":\"https:\/\/dev.antudigital.cl\/sites\/vc\/wp-content\/uploads\/2022\/04\/Captura-de-Pantalla-2022-04-18-a-las-07.38.33.png\",\"articleSection\":[\"Noticia\"],\"inLanguage\":\"es\",\"potentialAction\":[{\"@type\":\"CommentAction\",\"name\":\"Comment\",\"target\":[\"https:\/\/dev.antudigital.cl\/sites\/vc\/en-bar-civico-se-celebra-mis-40-anos-de-oscar-aspillaga\/#respond\"]}]},{\"@type\":\"WebPage\",\"@id\":\"https:\/\/dev.antudigital.cl\/sites\/vc\/en-bar-civico-se-celebra-mis-40-anos-de-oscar-aspillaga\/\",\"url\":\"https:\/\/dev.antudigital.cl\/sites\/vc\/en-bar-civico-se-celebra-mis-40-anos-de-oscar-aspillaga\/\",\"name\":\"En Bar C\u00edvico se celebra \\\"Mis 40 a\u00f1os\\\" de Oscar Aspillaga - Valpara\u00ed\u00adso Creativo\",\"isPartOf\":{\"@id\":\"https:\/\/dev.antudigital.cl\/sites\/vc\/#website\"},\"primaryImageOfPage\":{\"@id\":\"https:\/\/dev.antudigital.cl\/sites\/vc\/en-bar-civico-se-celebra-mis-40-anos-de-oscar-aspillaga\/#primaryimage\"},\"image\":{\"@id\":\"https:\/\/dev.antudigital.cl\/sites\/vc\/en-bar-civico-se-celebra-mis-40-anos-de-oscar-aspillaga\/#primaryimage\"},\"thumbnailUrl\":\"https:\/\/dev.antudigital.cl\/sites\/vc\/wp-content\/uploads\/2022\/04\/Captura-de-Pantalla-2022-04-18-a-las-07.38.33.png\",\"datePublished\":\"2022-04-18T11:41:15+00:00\",\"dateModified\":\"2022-04-18T11:41:21+00:00\",\"author\":{\"@id\":\"https:\/\/dev.antudigital.cl\/sites\/vc\/#\/schema\/person\/c2b9da8dd545e27166fc5ab232837318\"},\"breadcrumb\":{\"@id\":\"https:\/\/dev.antudigital.cl\/sites\/vc\/en-bar-civico-se-celebra-mis-40-anos-de-oscar-aspillaga\/#breadcrumb\"},\"inLanguage\":\"es\",\"potentialAction\":[{\"@type\":\"ReadAction\",\"target\":[\"https:\/\/dev.antudigital.cl\/sites\/vc\/en-bar-civico-se-celebra-mis-40-anos-de-oscar-aspillaga\/\"]}]},{\"@type\":\"ImageObject\",\"inLanguage\":\"es\",\"@id\":\"https:\/\/dev.antudigital.cl\/sites\/vc\/en-bar-civico-se-celebra-mis-40-anos-de-oscar-aspillaga\/#primaryimage\",\"url\":\"https:\/\/dev.antudigital.cl\/sites\/vc\/wp-content\/uploads\/2022\/04\/Captura-de-Pantalla-2022-04-18-a-las-07.38.33.png\",\"contentUrl\":\"https:\/\/dev.antudigital.cl\/sites\/vc\/wp-content\/uploads\/2022\/04\/Captura-de-Pantalla-2022-04-18-a-las-07.38.33.png\",\"width\":578,\"height\":577},{\"@type\":\"BreadcrumbList\",\"@id\":\"https:\/\/dev.antudigital.cl\/sites\/vc\/en-bar-civico-se-celebra-mis-40-anos-de-oscar-aspillaga\/#breadcrumb\",\"itemListElement\":[{\"@type\":\"ListItem\",\"position\":1,\"name\":\"Home\",\"item\":\"https:\/\/dev.antudigital.cl\/sites\/vc\/\"},{\"@type\":\"ListItem\",\"position\":2,\"name\":\"En Bar C\u00edvico se celebra \u00abMis 40 a\u00f1os\u00bb de Oscar Aspillaga\"}]},{\"@type\":\"WebSite\",\"@id\":\"https:\/\/dev.antudigital.cl\/sites\/vc\/#website\",\"url\":\"https:\/\/dev.antudigital.cl\/sites\/vc\/\",\"name\":\"Valpara\u00ed\u00adso Creativo\",\"description\":\"\",\"potentialAction\":[{\"@type\":\"SearchAction\",\"target\":{\"@type\":\"EntryPoint\",\"urlTemplate\":\"https:\/\/dev.antudigital.cl\/sites\/vc\/?s={search_term_string}\"},\"query-input\":{\"@type\":\"PropertyValueSpecification\",\"valueRequired\":true,\"valueName\":\"search_term_string\"}}],\"inLanguage\":\"es\"},{\"@type\":\"Person\",\"@id\":\"https:\/\/dev.antudigital.cl\/sites\/vc\/#\/schema\/person\/c2b9da8dd545e27166fc5ab232837318\",\"name\":\"Valpara\u00edso Creativo\",\"description\":\"Periodista de cultura en la Regi\u00f3n de Valpara\u00edso.\",\"url\":\"https:\/\/dev.antudigital.cl\/sites\/vc\/author\/valpoadmin\/\"}]}<\/script>\n<!-- \/ Yoast SEO plugin. -->","yoast_head_json":{"title":"En Bar C\u00edvico se celebra \"Mis 40 a\u00f1os\" de Oscar Aspillaga - Valpara\u00ed\u00adso Creativo","robots":{"index":"index","follow":"follow","max-snippet":"max-snippet:-1","max-image-preview":"max-image-preview:large","max-video-preview":"max-video-preview:-1"},"canonical":"https:\/\/dev.antudigital.cl\/sites\/vc\/en-bar-civico-se-celebra-mis-40-anos-de-oscar-aspillaga\/","og_locale":"es_ES","og_type":"article","og_title":"En Bar C\u00edvico se celebra \"Mis 40 a\u00f1os\" de Oscar Aspillaga - Valpara\u00ed\u00adso Creativo","og_description":"El periodista y uno de las mentes tras Acople Records cumple 40 a\u00f1os, y los celebrar\u00e1 de la mejor manera: con un evento musical tal como los que ha gestionado muchas veces. La invitaci\u00f3n es a las 21:00hrs. del s\u00e1bado 23 de abril, y se contar\u00e1 con la presencia de las bandas OjorojO y la [&hellip;]","og_url":"https:\/\/dev.antudigital.cl\/sites\/vc\/en-bar-civico-se-celebra-mis-40-anos-de-oscar-aspillaga\/","og_site_name":"Valpara\u00ed\u00adso Creativo","article_published_time":"2022-04-18T11:41:15+00:00","article_modified_time":"2022-04-18T11:41:21+00:00","og_image":[{"width":578,"height":577,"url":"https:\/\/dev.antudigital.cl\/sites\/vc\/wp-content\/uploads\/2022\/04\/Captura-de-Pantalla-2022-04-18-a-las-07.38.33.png","type":"image\/png"}],"author":"Valpara\u00edso Creativo","twitter_card":"summary_large_image","twitter_misc":{"Escrito por":"Valpara\u00edso Creativo","Tiempo de lectura":"1 minuto"},"schema":{"@context":"https:\/\/schema.org","@graph":[{"@type":"Article","@id":"https:\/\/dev.antudigital.cl\/sites\/vc\/en-bar-civico-se-celebra-mis-40-anos-de-oscar-aspillaga\/#article","isPartOf":{"@id":"https:\/\/dev.antudigital.cl\/sites\/vc\/en-bar-civico-se-celebra-mis-40-anos-de-oscar-aspillaga\/"},"author":{"name":"Valpara\u00edso Creativo","@id":"https:\/\/dev.antudigital.cl\/sites\/vc\/#\/schema\/person\/c2b9da8dd545e27166fc5ab232837318"},"headline":"En Bar C\u00edvico se celebra \u00abMis 40 a\u00f1os\u00bb de Oscar Aspillaga","datePublished":"2022-04-18T11:41:15+00:00","dateModified":"2022-04-18T11:41:21+00:00","mainEntityOfPage":{"@id":"https:\/\/dev.antudigital.cl\/sites\/vc\/en-bar-civico-se-celebra-mis-40-anos-de-oscar-aspillaga\/"},"wordCount":79,"commentCount":0,"image":{"@id":"https:\/\/dev.antudigital.cl\/sites\/vc\/en-bar-civico-se-celebra-mis-40-anos-de-oscar-aspillaga\/#primaryimage"},"thumbnailUrl":"https:\/\/dev.antudigital.cl\/sites\/vc\/wp-content\/uploads\/2022\/04\/Captura-de-Pantalla-2022-04-18-a-las-07.38.33.png","articleSection":["Noticia"],"inLanguage":"es","potentialAction":[{"@type":"CommentAction","name":"Comment","target":["https:\/\/dev.antudigital.cl\/sites\/vc\/en-bar-civico-se-celebra-mis-40-anos-de-oscar-aspillaga\/#respond"]}]},{"@type":"WebPage","@id":"https:\/\/dev.antudigital.cl\/sites\/vc\/en-bar-civico-se-celebra-mis-40-anos-de-oscar-aspillaga\/","url":"https:\/\/dev.antudigital.cl\/sites\/vc\/en-bar-civico-se-celebra-mis-40-anos-de-oscar-aspillaga\/","name":"En Bar C\u00edvico se celebra \"Mis 40 a\u00f1os\" de Oscar Aspillaga - Valpara\u00ed\u00adso Creativo","isPartOf":{"@id":"https:\/\/dev.antudigital.cl\/sites\/vc\/#website"},"primaryImageOfPage":{"@id":"https:\/\/dev.antudigital.cl\/sites\/vc\/en-bar-civico-se-celebra-mis-40-anos-de-oscar-aspillaga\/#primaryimage"},"image":{"@id":"https:\/\/dev.antudigital.cl\/sites\/vc\/en-bar-civico-se-celebra-mis-40-anos-de-oscar-aspillaga\/#primaryimage"},"thumbnailUrl":"https:\/\/dev.antudigital.cl\/sites\/vc\/wp-content\/uploads\/2022\/04\/Captura-de-Pantalla-2022-04-18-a-las-07.38.33.png","datePublished":"2022-04-18T11:41:15+00:00","dateModified":"2022-04-18T11:41:21+00:00","author":{"@id":"https:\/\/dev.antudigital.cl\/sites\/vc\/#\/schema\/person\/c2b9da8dd545e27166fc5ab232837318"},"breadcrumb":{"@id":"https:\/\/dev.antudigital.cl\/sites\/vc\/en-bar-civico-se-celebra-mis-40-anos-de-oscar-aspillaga\/#breadcrumb"},"inLanguage":"es","potentialAction":[{"@type":"ReadAction","target":["https:\/\/dev.antudigital.cl\/sites\/vc\/en-bar-civico-se-celebra-mis-40-anos-de-oscar-aspillaga\/"]}]},{"@type":"ImageObject","inLanguage":"es","@id":"https:\/\/dev.antudigital.cl\/sites\/vc\/en-bar-civico-se-celebra-mis-40-anos-de-oscar-aspillaga\/#primaryimage","url":"https:\/\/dev.antudigital.cl\/sites\/vc\/wp-content\/uploads\/2022\/04\/Captura-de-Pantalla-2022-04-18-a-las-07.38.33.png","contentUrl":"https:\/\/dev.antudigital.cl\/sites\/vc\/wp-content\/uploads\/2022\/04\/Captura-de-Pantalla-2022-04-18-a-las-07.38.33.png","width":578,"height":577},{"@type":"BreadcrumbList","@id":"https:\/\/dev.antudigital.cl\/sites\/vc\/en-bar-civico-se-celebra-mis-40-anos-de-oscar-aspillaga\/#breadcrumb","itemListElement":[{"@type":"ListItem","position":1,"name":"Home","item":"https:\/\/dev.antudigital.cl\/sites\/vc\/"},{"@type":"ListItem","position":2,"name":"En Bar C\u00edvico se celebra \u00abMis 40 a\u00f1os\u00bb de Oscar Aspillaga"}]},{"@type":"WebSite","@id":"https:\/\/dev.antudigital.cl\/sites\/vc\/#website","url":"https:\/\/dev.antudigital.cl\/sites\/vc\/","name":"Valpara\u00ed\u00adso Creativo","description":"","potentialAction":[{"@type":"SearchAction","target":{"@type":"EntryPoint","urlTemplate":"https:\/\/dev.antudigital.cl\/sites\/vc\/?s={search_term_string}"},"query-input":{"@type":"PropertyValueSpecification","valueRequired":true,"valueName":"search_term_string"}}],"inLanguage":"es"},{"@type":"Person","@id":"https:\/\/dev.antudigital.cl\/sites\/vc\/#\/schema\/person\/c2b9da8dd545e27166fc5ab232837318","name":"Valpara\u00edso Creativo","description":"Periodista de cultura en la Regi\u00f3n de Valpara\u00edso.","url":"https:\/\/dev.antudigital.cl\/sites\/vc\/author\/valpoadmin\/"}]}},"_links":{"self":[{"href":"https:\/\/dev.antudigital.cl\/sites\/vc\/wp-json\/wp\/v2\/posts\/10666","targetHints":{"allow":["GET"]}}],"collection":[{"href":"https:\/\/dev.antudigital.cl\/sites\/vc\/wp-json\/wp\/v2\/posts"}],"about":[{"href":"https:\/\/dev.antudigital.cl\/sites\/vc\/wp-json\/wp\/v2\/types\/post"}],"author":[{"embeddable":true,"href":"https:\/\/dev.antudigital.cl\/sites\/vc\/wp-json\/wp\/v2\/users\/1"}],"replies":[{"embeddable":true,"href":"https:\/\/dev.antudigital.cl\/sites\/vc\/wp-json\/wp\/v2\/comments?post=10666"}],"version-history":[{"count":1,"href":"https:\/\/dev.antudigital.cl\/sites\/vc\/wp-json\/wp\/v2\/posts\/10666\/revisions"}],"predecessor-version":[{"id":10668,"href":"https:\/\/dev.antudigital.cl\/sites\/vc\/wp-json\/wp\/v2\/posts\/10666\/revisions\/10668"}],"wp:featuredmedia":[{"embeddable":true,"href":"https:\/\/dev.antudigital.cl\/sites\/vc\/wp-json\/wp\/v2\/media\/10667"}],"wp:attachment":[{"href":"https:\/\/dev.antudigital.cl\/sites\/vc\/wp-json\/wp\/v2\/media?parent=10666"}],"wp:term":[{"taxonomy":"category","embeddable":true,"href":"https:\/\/dev.antudigital.cl\/sites\/vc\/wp-json\/wp\/v2\/categories?post=10666"},{"taxonomy":"post_tag","embeddable":true,"href":"https:\/\/dev.antudigital.cl\/sites\/vc\/wp-json\/wp\/v2\/tags?post=10666"}],"curies":[{"name":"wp","href":"https:\/\/api.w.org\/{rel}","templated":true}]}}