{"id":10672,"date":"2022-04-18T11:48:28","date_gmt":"2022-04-18T11:48:28","guid":{"rendered":"https:\/\/www.valparaisocreativo.cl\/?p=10672"},"modified":"2022-05-17T16:21:23","modified_gmt":"2022-05-17T16:21:23","slug":"desde-lliu-lliu-con-conciencia-cocina-para-el-alma","status":"publish","type":"post","link":"https:\/\/dev.antudigital.cl\/sites\/vc\/desde-lliu-lliu-con-conciencia-cocina-para-el-alma\/","title":{"rendered":"Entrevista a Alina Astudillo: cocina para el alma\u00a0"},"content":{"rendered":"\n<p>El \u201cGalp\u00f3n din\u00e1mico\u201d es un secreto a voces: un espacio de cocina que est\u00e1 abierto solo el fin de semana, con previa reserva telef\u00f3nica y donde cada semana se encontrar\u00e1n nuevos platos y propuestas tanto visuales como de sabores. Alina Astudillo es quien puso la mente y manos tras esta idea, algo que difunde por sus redes <a href=\"http:\/\/instagram.com\/cocinadinamica\">@cocinadinamica,<\/a> tanto como sus clases y otras iniciativas. \u00bfC\u00f3mo empez\u00f3 todo esto y de qu\u00e9 se trata?<\/p>\n\n\n\n<figure class=\"wp-block-image size-full\"><img fetchpriority=\"high\" decoding=\"async\" width=\"501\" height=\"610\" src=\"https:\/\/www.valparaisocreativo.cl\/wp-content\/uploads\/2022\/04\/Captura-de-Pantalla-2022-04-18-a-las-07.45.52.png\" alt=\"\" class=\"wp-image-10677\" srcset=\"https:\/\/dev.antudigital.cl\/sites\/vc\/wp-content\/uploads\/2022\/04\/Captura-de-Pantalla-2022-04-18-a-las-07.45.52.png 501w, https:\/\/dev.antudigital.cl\/sites\/vc\/wp-content\/uploads\/2022\/04\/Captura-de-Pantalla-2022-04-18-a-las-07.45.52-246x300.png 246w, https:\/\/dev.antudigital.cl\/sites\/vc\/wp-content\/uploads\/2022\/04\/Captura-de-Pantalla-2022-04-18-a-las-07.45.52-480x584.png 480w\" sizes=\"(max-width: 501px) 100vw, 501px\" \/><\/figure>\n\n\n\n<p><strong>Alina, primero, nos gustar\u00eda saber m\u00e1s de ti y tu historia previa al Galp\u00f3n Din\u00e1mico<\/strong><\/p>\n\n\n\n<p>-Vengo del \u00e1mbito del arte y la cultura, del \u00e1rea creativa precisamente. Tengo harta experiencia en gesti\u00f3n de proyectos en Valpara\u00edso. Tuve un restor\u00e1n en Valpara\u00edso hace un tiempo, que estaba en el pasaje Galvez que se llamaba \u201cGremio\u201d, donde ten\u00edas cuatro salas de arte contempor\u00e1neo. Era un modelo para poder tener arte independiente en el espacio, entonces hice el restor\u00e1n y bar como excusa. Eso fue como del 2001 y ah\u00ed estuve un tiempo en el \u00e1rea gastron\u00f3mica y catering relacionado a la gesti\u00f3n de eventos. Y buscaba una plataforma para poder expresarme.<\/p>\n\n\n\n<p>De a poco fui aprendiendo haciendo y creando, siempre fui buena para experimentar en la cocina, desde chica lo hice en mi casa.&nbsp;<\/p>\n\n\n\n<p>Luego todo dio un vuelco cuando me fui a vivir a Limache y la pediatra del colegio dijo que pod\u00eda ense\u00f1arle cocina a las mam\u00e1s. Fue entonces que me met\u00ed en el mundo de la alimentaci\u00f3n antropos\u00f3fica que hoy practico y me cambi\u00f3 la vida. Encontr\u00e9 un sentido en esto y a partir de los conocimientos aprend\u00ed a hacer una l\u00ednea gastron\u00f3mica propia.<\/p>\n\n\n\n<figure class=\"wp-block-image size-full\"><img decoding=\"async\" width=\"507\" height=\"464\" src=\"https:\/\/www.valparaisocreativo.cl\/wp-content\/uploads\/2022\/04\/Captura-de-Pantalla-2022-04-18-a-las-07.44.49.png\" alt=\"\" class=\"wp-image-10673\" srcset=\"https:\/\/dev.antudigital.cl\/sites\/vc\/wp-content\/uploads\/2022\/04\/Captura-de-Pantalla-2022-04-18-a-las-07.44.49.png 507w, https:\/\/dev.antudigital.cl\/sites\/vc\/wp-content\/uploads\/2022\/04\/Captura-de-Pantalla-2022-04-18-a-las-07.44.49-300x275.png 300w, https:\/\/dev.antudigital.cl\/sites\/vc\/wp-content\/uploads\/2022\/04\/Captura-de-Pantalla-2022-04-18-a-las-07.44.49-480x439.png 480w\" sizes=\"(max-width: 507px) 100vw, 507px\" \/><\/figure>\n\n\n\n<p><strong>\u00bfPodr\u00edas profundizar un poco m\u00e1s en este concepto que practicas?<\/strong><\/p>\n\n\n\n<p>-La antroposof\u00eda es una ciencia espiritual y que de alguna manera es como traer el mundo de Dios en el hombre con un m\u00e9todo cient\u00edfico y de ah\u00ed se extienden un mont\u00f3n de saberes como la alimentaci\u00f3n, que no alcanza a ser una rama tan grande para investigar, pero es ah\u00ed donde yo me he hecho camino. La idea es encontrar el bienestar integral de los seres humanos a trav\u00e9s de estas pr\u00e1cticas.<\/p>\n\n\n\n<p><strong>Antes del Galp\u00f3n Din\u00e1mico, \u00bfya hac\u00edas clases de cocina?<\/strong><\/p>\n\n\n\n<p>-S\u00ed, son cursos abiertos a todo p\u00fablico adulto. Tengo un curso base para entrar a los otros y as\u00ed se va avanzando lo que la persona quiera. Esto lo tengo andando hace a\u00f1os.<\/p>\n\n\n\n<figure class=\"wp-block-image size-full\"><img decoding=\"async\" width=\"465\" height=\"555\" src=\"https:\/\/www.valparaisocreativo.cl\/wp-content\/uploads\/2022\/04\/Captura-de-Pantalla-2022-04-18-a-las-07.44.40.png\" alt=\"\" class=\"wp-image-10678\" srcset=\"https:\/\/dev.antudigital.cl\/sites\/vc\/wp-content\/uploads\/2022\/04\/Captura-de-Pantalla-2022-04-18-a-las-07.44.40.png 465w, https:\/\/dev.antudigital.cl\/sites\/vc\/wp-content\/uploads\/2022\/04\/Captura-de-Pantalla-2022-04-18-a-las-07.44.40-251x300.png 251w\" sizes=\"(max-width: 465px) 100vw, 465px\" \/><\/figure>\n\n\n\n<p><strong>Galp\u00f3n din\u00e1mico<\/strong><\/p>\n\n\n\n<p><strong>Por favor, cu\u00e9ntanos de este espacio gastron\u00f3mico que tienes en Lliu Lliu.<\/strong><\/p>\n\n\n\n<p>-Comenzamos en noviembre del 2019, y este emprendimiento est\u00e1 basado en los fundamentos de la alimentaci\u00f3n antropos\u00f3fica, como les mencionaba. No es 100% fundamentalista, pero s\u00ed gener\u00e9 una propuesta gastron\u00f3mica seg\u00fan mi criterio, cuidando al ser humano en un sentido m\u00e1s \u00edntegro.<\/p>\n\n\n\n<p>Por otra parte, trabajo con agricultura limpia. Todas las semanas cambio el men\u00fa seg\u00fan estaci\u00f3n, entonces hago que la persona se someta al restor\u00e1n, que tengan una experiencia un poco \u201ces lo que hay\u201d. Porque me interesa no desechar mucha comida, no usar tanto congelado sino m\u00e1s frescas y con menos huella de carbono y las posibilidades de ingredientes dictan el men\u00fa. A la vez esto me permite estar en constante creaci\u00f3n, que es lo que me gusta.<\/p>\n\n\n\n<p><strong>A la vez, tienes algunas actividades especiales con artistas locales entiendo.<\/strong><\/p>\n\n\n\n<p>-S\u00ed, una vez al mes hago una actividad solo para mujeres. Por ejemplo la \u00faltima vez hicimos retratos con una fot\u00f3grafa independiente, y as\u00ed voy probando iniciativas y dando plataforma a m\u00fasicos y artistas locales que no son visibilizados.&nbsp;<\/p>\n\n\n\n<figure class=\"wp-block-image size-full\"><img loading=\"lazy\" decoding=\"async\" width=\"1017\" height=\"589\" src=\"https:\/\/www.valparaisocreativo.cl\/wp-content\/uploads\/2022\/04\/Captura-de-Pantalla-2022-04-18-a-las-07.45.31.png\" alt=\"\" class=\"wp-image-10675\" srcset=\"https:\/\/dev.antudigital.cl\/sites\/vc\/wp-content\/uploads\/2022\/04\/Captura-de-Pantalla-2022-04-18-a-las-07.45.31.png 1017w, https:\/\/dev.antudigital.cl\/sites\/vc\/wp-content\/uploads\/2022\/04\/Captura-de-Pantalla-2022-04-18-a-las-07.45.31-300x174.png 300w, https:\/\/dev.antudigital.cl\/sites\/vc\/wp-content\/uploads\/2022\/04\/Captura-de-Pantalla-2022-04-18-a-las-07.45.31-768x445.png 768w, https:\/\/dev.antudigital.cl\/sites\/vc\/wp-content\/uploads\/2022\/04\/Captura-de-Pantalla-2022-04-18-a-las-07.45.31-980x568.png 980w, https:\/\/dev.antudigital.cl\/sites\/vc\/wp-content\/uploads\/2022\/04\/Captura-de-Pantalla-2022-04-18-a-las-07.45.31-480x278.png 480w\" sizes=\"(max-width: 1017px) 100vw, 1017px\" \/><\/figure>\n\n\n\n<p><strong>\u00bfQu\u00e9 es lo que aportas a la experiencia gastron\u00f3mica de Lliu Lliu? En tus palabras<\/strong><\/p>\n\n\n\n<p>-Lo m\u00edo es una experiencia, es algo a lo que la gente va preparada. T\u00fa entras a mi mundo, mi mundo, que tiene toda una propuesta. <\/p>\n\n\n\n<p><strong>\u00bfC\u00f3mo crees que aportas a la gastronom\u00eda regional?<\/strong><\/p>\n\n\n\n<p>-No es un trabajo f\u00e1cil, pues siempre hay que abrirse camino, es un trabajo boca a boca. Me he ido expandiendo de a poco. Pero veo hasta ahora que toda la gente se siente acogida y bien alimentada, que no se aburre de los alimentos porque son ricos. Me interesa proponer un juego con los sabores, colores, pero que no destruya ni al ser humano ni al proceso. Y lo que me importa mucho tambi\u00e9n es abarcar algo m\u00e1s all\u00e1 de la comida, algo espiritual.<\/p>\n\n\n\n<p><\/p>\n\n\n\n<p>Puedes conocer m\u00e1s y seguir a <a href=\"http:\/\/instagram.com\/cocinadinamica\">Alina y su Cocina Din\u00e1mica en Instagram.<\/a><\/p>\n","protected":false},"excerpt":{"rendered":"<p>El \u201cGalp\u00f3n din\u00e1mico\u201d es un secreto a voces: un espacio de cocina que est\u00e1 abierto solo el fin de semana, con previa reserva telef\u00f3nica y donde cada semana se encontrar\u00e1n nuevos platos y propuestas tanto visuales como de sabores. Alina Astudillo es quien puso la mente y manos tras esta idea, algo que difunde por [&hellip;]<\/p>\n","protected":false},"author":1,"featured_media":10674,"comment_status":"open","ping_status":"closed","sticky":false,"template":"","format":"standard","meta":{"_acf_changed":false,"footnotes":""},"categories":[8],"tags":[],"class_list":["post-10672","post","type-post","status-publish","format-standard","has-post-thumbnail","hentry","category-noticia"],"acf":[],"yoast_head":"<!-- This site is optimized with the Yoast SEO plugin v27.1.1 - https:\/\/yoast.com\/product\/yoast-seo-wordpress\/ -->\n<title>Entrevista a Alina Astudillo: cocina para el alma\u00a0 - Valpara\u00ed\u00adso Creativo<\/title>\n<meta name=\"robots\" content=\"index, follow, max-snippet:-1, max-image-preview:large, max-video-preview:-1\" \/>\n<link rel=\"canonical\" href=\"https:\/\/dev.antudigital.cl\/sites\/vc\/desde-lliu-lliu-con-conciencia-cocina-para-el-alma\/\" \/>\n<meta property=\"og:locale\" content=\"es_ES\" \/>\n<meta property=\"og:type\" content=\"article\" \/>\n<meta property=\"og:title\" content=\"Entrevista a Alina Astudillo: cocina para el alma\u00a0 - Valpara\u00ed\u00adso Creativo\" \/>\n<meta property=\"og:description\" content=\"El \u201cGalp\u00f3n din\u00e1mico\u201d es un secreto a voces: un espacio de cocina que est\u00e1 abierto solo el fin de semana, con previa reserva telef\u00f3nica y donde cada semana se encontrar\u00e1n nuevos platos y propuestas tanto visuales como de sabores. Alina Astudillo es quien puso la mente y manos tras esta idea, algo que difunde por [&hellip;]\" \/>\n<meta property=\"og:url\" content=\"https:\/\/dev.antudigital.cl\/sites\/vc\/desde-lliu-lliu-con-conciencia-cocina-para-el-alma\/\" \/>\n<meta property=\"og:site_name\" content=\"Valpara\u00ed\u00adso Creativo\" \/>\n<meta property=\"article:published_time\" content=\"2022-04-18T11:48:28+00:00\" \/>\n<meta property=\"article:modified_time\" content=\"2022-05-17T16:21:23+00:00\" \/>\n<meta property=\"og:image\" content=\"https:\/\/dev.antudigital.cl\/sites\/vc\/wp-content\/uploads\/2022\/04\/Captura-de-Pantalla-2022-04-18-a-las-07.45.24.png\" \/>\n\t<meta property=\"og:image:width\" content=\"833\" \/>\n\t<meta property=\"og:image:height\" content=\"459\" \/>\n\t<meta property=\"og:image:type\" content=\"image\/png\" \/>\n<meta name=\"author\" content=\"Valpara\u00edso Creativo\" \/>\n<meta name=\"twitter:card\" content=\"summary_large_image\" \/>\n<meta name=\"twitter:label1\" content=\"Escrito por\" \/>\n\t<meta name=\"twitter:data1\" content=\"Valpara\u00edso Creativo\" \/>\n\t<meta name=\"twitter:label2\" content=\"Tiempo de lectura\" \/>\n\t<meta name=\"twitter:data2\" content=\"5 minutos\" \/>\n<script type=\"application\/ld+json\" class=\"yoast-schema-graph\">{\"@context\":\"https:\/\/schema.org\",\"@graph\":[{\"@type\":\"Article\",\"@id\":\"https:\/\/dev.antudigital.cl\/sites\/vc\/desde-lliu-lliu-con-conciencia-cocina-para-el-alma\/#article\",\"isPartOf\":{\"@id\":\"https:\/\/dev.antudigital.cl\/sites\/vc\/desde-lliu-lliu-con-conciencia-cocina-para-el-alma\/\"},\"author\":{\"name\":\"Valpara\u00edso Creativo\",\"@id\":\"https:\/\/dev.antudigital.cl\/sites\/vc\/#\/schema\/person\/c2b9da8dd545e27166fc5ab232837318\"},\"headline\":\"Entrevista a Alina Astudillo: cocina para el alma\u00a0\",\"datePublished\":\"2022-04-18T11:48:28+00:00\",\"dateModified\":\"2022-05-17T16:21:23+00:00\",\"mainEntityOfPage\":{\"@id\":\"https:\/\/dev.antudigital.cl\/sites\/vc\/desde-lliu-lliu-con-conciencia-cocina-para-el-alma\/\"},\"wordCount\":796,\"commentCount\":0,\"image\":{\"@id\":\"https:\/\/dev.antudigital.cl\/sites\/vc\/desde-lliu-lliu-con-conciencia-cocina-para-el-alma\/#primaryimage\"},\"thumbnailUrl\":\"https:\/\/dev.antudigital.cl\/sites\/vc\/wp-content\/uploads\/2022\/04\/Captura-de-Pantalla-2022-04-18-a-las-07.45.24.png\",\"articleSection\":[\"Noticia\"],\"inLanguage\":\"es\",\"potentialAction\":[{\"@type\":\"CommentAction\",\"name\":\"Comment\",\"target\":[\"https:\/\/dev.antudigital.cl\/sites\/vc\/desde-lliu-lliu-con-conciencia-cocina-para-el-alma\/#respond\"]}]},{\"@type\":\"WebPage\",\"@id\":\"https:\/\/dev.antudigital.cl\/sites\/vc\/desde-lliu-lliu-con-conciencia-cocina-para-el-alma\/\",\"url\":\"https:\/\/dev.antudigital.cl\/sites\/vc\/desde-lliu-lliu-con-conciencia-cocina-para-el-alma\/\",\"name\":\"Entrevista a Alina Astudillo: cocina para el alma\u00a0 - Valpara\u00ed\u00adso Creativo\",\"isPartOf\":{\"@id\":\"https:\/\/dev.antudigital.cl\/sites\/vc\/#website\"},\"primaryImageOfPage\":{\"@id\":\"https:\/\/dev.antudigital.cl\/sites\/vc\/desde-lliu-lliu-con-conciencia-cocina-para-el-alma\/#primaryimage\"},\"image\":{\"@id\":\"https:\/\/dev.antudigital.cl\/sites\/vc\/desde-lliu-lliu-con-conciencia-cocina-para-el-alma\/#primaryimage\"},\"thumbnailUrl\":\"https:\/\/dev.antudigital.cl\/sites\/vc\/wp-content\/uploads\/2022\/04\/Captura-de-Pantalla-2022-04-18-a-las-07.45.24.png\",\"datePublished\":\"2022-04-18T11:48:28+00:00\",\"dateModified\":\"2022-05-17T16:21:23+00:00\",\"author\":{\"@id\":\"https:\/\/dev.antudigital.cl\/sites\/vc\/#\/schema\/person\/c2b9da8dd545e27166fc5ab232837318\"},\"breadcrumb\":{\"@id\":\"https:\/\/dev.antudigital.cl\/sites\/vc\/desde-lliu-lliu-con-conciencia-cocina-para-el-alma\/#breadcrumb\"},\"inLanguage\":\"es\",\"potentialAction\":[{\"@type\":\"ReadAction\",\"target\":[\"https:\/\/dev.antudigital.cl\/sites\/vc\/desde-lliu-lliu-con-conciencia-cocina-para-el-alma\/\"]}]},{\"@type\":\"ImageObject\",\"inLanguage\":\"es\",\"@id\":\"https:\/\/dev.antudigital.cl\/sites\/vc\/desde-lliu-lliu-con-conciencia-cocina-para-el-alma\/#primaryimage\",\"url\":\"https:\/\/dev.antudigital.cl\/sites\/vc\/wp-content\/uploads\/2022\/04\/Captura-de-Pantalla-2022-04-18-a-las-07.45.24.png\",\"contentUrl\":\"https:\/\/dev.antudigital.cl\/sites\/vc\/wp-content\/uploads\/2022\/04\/Captura-de-Pantalla-2022-04-18-a-las-07.45.24.png\",\"width\":833,\"height\":459},{\"@type\":\"BreadcrumbList\",\"@id\":\"https:\/\/dev.antudigital.cl\/sites\/vc\/desde-lliu-lliu-con-conciencia-cocina-para-el-alma\/#breadcrumb\",\"itemListElement\":[{\"@type\":\"ListItem\",\"position\":1,\"name\":\"Home\",\"item\":\"https:\/\/dev.antudigital.cl\/sites\/vc\/\"},{\"@type\":\"ListItem\",\"position\":2,\"name\":\"Entrevista a Alina Astudillo: cocina para el alma\u00a0\"}]},{\"@type\":\"WebSite\",\"@id\":\"https:\/\/dev.antudigital.cl\/sites\/vc\/#website\",\"url\":\"https:\/\/dev.antudigital.cl\/sites\/vc\/\",\"name\":\"Valpara\u00ed\u00adso Creativo\",\"description\":\"\",\"potentialAction\":[{\"@type\":\"SearchAction\",\"target\":{\"@type\":\"EntryPoint\",\"urlTemplate\":\"https:\/\/dev.antudigital.cl\/sites\/vc\/?s={search_term_string}\"},\"query-input\":{\"@type\":\"PropertyValueSpecification\",\"valueRequired\":true,\"valueName\":\"search_term_string\"}}],\"inLanguage\":\"es\"},{\"@type\":\"Person\",\"@id\":\"https:\/\/dev.antudigital.cl\/sites\/vc\/#\/schema\/person\/c2b9da8dd545e27166fc5ab232837318\",\"name\":\"Valpara\u00edso Creativo\",\"description\":\"Periodista de cultura en la Regi\u00f3n de Valpara\u00edso.\",\"url\":\"https:\/\/dev.antudigital.cl\/sites\/vc\/author\/valpoadmin\/\"}]}<\/script>\n<!-- \/ Yoast SEO plugin. -->","yoast_head_json":{"title":"Entrevista a Alina Astudillo: cocina para el alma\u00a0 - Valpara\u00ed\u00adso Creativo","robots":{"index":"index","follow":"follow","max-snippet":"max-snippet:-1","max-image-preview":"max-image-preview:large","max-video-preview":"max-video-preview:-1"},"canonical":"https:\/\/dev.antudigital.cl\/sites\/vc\/desde-lliu-lliu-con-conciencia-cocina-para-el-alma\/","og_locale":"es_ES","og_type":"article","og_title":"Entrevista a Alina Astudillo: cocina para el alma\u00a0 - Valpara\u00ed\u00adso Creativo","og_description":"El \u201cGalp\u00f3n din\u00e1mico\u201d es un secreto a voces: un espacio de cocina que est\u00e1 abierto solo el fin de semana, con previa reserva telef\u00f3nica y donde cada semana se encontrar\u00e1n nuevos platos y propuestas tanto visuales como de sabores. Alina Astudillo es quien puso la mente y manos tras esta idea, algo que difunde por [&hellip;]","og_url":"https:\/\/dev.antudigital.cl\/sites\/vc\/desde-lliu-lliu-con-conciencia-cocina-para-el-alma\/","og_site_name":"Valpara\u00ed\u00adso Creativo","article_published_time":"2022-04-18T11:48:28+00:00","article_modified_time":"2022-05-17T16:21:23+00:00","og_image":[{"width":833,"height":459,"url":"https:\/\/dev.antudigital.cl\/sites\/vc\/wp-content\/uploads\/2022\/04\/Captura-de-Pantalla-2022-04-18-a-las-07.45.24.png","type":"image\/png"}],"author":"Valpara\u00edso Creativo","twitter_card":"summary_large_image","twitter_misc":{"Escrito por":"Valpara\u00edso Creativo","Tiempo de lectura":"5 minutos"},"schema":{"@context":"https:\/\/schema.org","@graph":[{"@type":"Article","@id":"https:\/\/dev.antudigital.cl\/sites\/vc\/desde-lliu-lliu-con-conciencia-cocina-para-el-alma\/#article","isPartOf":{"@id":"https:\/\/dev.antudigital.cl\/sites\/vc\/desde-lliu-lliu-con-conciencia-cocina-para-el-alma\/"},"author":{"name":"Valpara\u00edso Creativo","@id":"https:\/\/dev.antudigital.cl\/sites\/vc\/#\/schema\/person\/c2b9da8dd545e27166fc5ab232837318"},"headline":"Entrevista a Alina Astudillo: cocina para el alma\u00a0","datePublished":"2022-04-18T11:48:28+00:00","dateModified":"2022-05-17T16:21:23+00:00","mainEntityOfPage":{"@id":"https:\/\/dev.antudigital.cl\/sites\/vc\/desde-lliu-lliu-con-conciencia-cocina-para-el-alma\/"},"wordCount":796,"commentCount":0,"image":{"@id":"https:\/\/dev.antudigital.cl\/sites\/vc\/desde-lliu-lliu-con-conciencia-cocina-para-el-alma\/#primaryimage"},"thumbnailUrl":"https:\/\/dev.antudigital.cl\/sites\/vc\/wp-content\/uploads\/2022\/04\/Captura-de-Pantalla-2022-04-18-a-las-07.45.24.png","articleSection":["Noticia"],"inLanguage":"es","potentialAction":[{"@type":"CommentAction","name":"Comment","target":["https:\/\/dev.antudigital.cl\/sites\/vc\/desde-lliu-lliu-con-conciencia-cocina-para-el-alma\/#respond"]}]},{"@type":"WebPage","@id":"https:\/\/dev.antudigital.cl\/sites\/vc\/desde-lliu-lliu-con-conciencia-cocina-para-el-alma\/","url":"https:\/\/dev.antudigital.cl\/sites\/vc\/desde-lliu-lliu-con-conciencia-cocina-para-el-alma\/","name":"Entrevista a Alina Astudillo: cocina para el alma\u00a0 - Valpara\u00ed\u00adso Creativo","isPartOf":{"@id":"https:\/\/dev.antudigital.cl\/sites\/vc\/#website"},"primaryImageOfPage":{"@id":"https:\/\/dev.antudigital.cl\/sites\/vc\/desde-lliu-lliu-con-conciencia-cocina-para-el-alma\/#primaryimage"},"image":{"@id":"https:\/\/dev.antudigital.cl\/sites\/vc\/desde-lliu-lliu-con-conciencia-cocina-para-el-alma\/#primaryimage"},"thumbnailUrl":"https:\/\/dev.antudigital.cl\/sites\/vc\/wp-content\/uploads\/2022\/04\/Captura-de-Pantalla-2022-04-18-a-las-07.45.24.png","datePublished":"2022-04-18T11:48:28+00:00","dateModified":"2022-05-17T16:21:23+00:00","author":{"@id":"https:\/\/dev.antudigital.cl\/sites\/vc\/#\/schema\/person\/c2b9da8dd545e27166fc5ab232837318"},"breadcrumb":{"@id":"https:\/\/dev.antudigital.cl\/sites\/vc\/desde-lliu-lliu-con-conciencia-cocina-para-el-alma\/#breadcrumb"},"inLanguage":"es","potentialAction":[{"@type":"ReadAction","target":["https:\/\/dev.antudigital.cl\/sites\/vc\/desde-lliu-lliu-con-conciencia-cocina-para-el-alma\/"]}]},{"@type":"ImageObject","inLanguage":"es","@id":"https:\/\/dev.antudigital.cl\/sites\/vc\/desde-lliu-lliu-con-conciencia-cocina-para-el-alma\/#primaryimage","url":"https:\/\/dev.antudigital.cl\/sites\/vc\/wp-content\/uploads\/2022\/04\/Captura-de-Pantalla-2022-04-18-a-las-07.45.24.png","contentUrl":"https:\/\/dev.antudigital.cl\/sites\/vc\/wp-content\/uploads\/2022\/04\/Captura-de-Pantalla-2022-04-18-a-las-07.45.24.png","width":833,"height":459},{"@type":"BreadcrumbList","@id":"https:\/\/dev.antudigital.cl\/sites\/vc\/desde-lliu-lliu-con-conciencia-cocina-para-el-alma\/#breadcrumb","itemListElement":[{"@type":"ListItem","position":1,"name":"Home","item":"https:\/\/dev.antudigital.cl\/sites\/vc\/"},{"@type":"ListItem","position":2,"name":"Entrevista a Alina Astudillo: cocina para el alma\u00a0"}]},{"@type":"WebSite","@id":"https:\/\/dev.antudigital.cl\/sites\/vc\/#website","url":"https:\/\/dev.antudigital.cl\/sites\/vc\/","name":"Valpara\u00ed\u00adso Creativo","description":"","potentialAction":[{"@type":"SearchAction","target":{"@type":"EntryPoint","urlTemplate":"https:\/\/dev.antudigital.cl\/sites\/vc\/?s={search_term_string}"},"query-input":{"@type":"PropertyValueSpecification","valueRequired":true,"valueName":"search_term_string"}}],"inLanguage":"es"},{"@type":"Person","@id":"https:\/\/dev.antudigital.cl\/sites\/vc\/#\/schema\/person\/c2b9da8dd545e27166fc5ab232837318","name":"Valpara\u00edso Creativo","description":"Periodista de cultura en la Regi\u00f3n de Valpara\u00edso.","url":"https:\/\/dev.antudigital.cl\/sites\/vc\/author\/valpoadmin\/"}]}},"_links":{"self":[{"href":"https:\/\/dev.antudigital.cl\/sites\/vc\/wp-json\/wp\/v2\/posts\/10672","targetHints":{"allow":["GET"]}}],"collection":[{"href":"https:\/\/dev.antudigital.cl\/sites\/vc\/wp-json\/wp\/v2\/posts"}],"about":[{"href":"https:\/\/dev.antudigital.cl\/sites\/vc\/wp-json\/wp\/v2\/types\/post"}],"author":[{"embeddable":true,"href":"https:\/\/dev.antudigital.cl\/sites\/vc\/wp-json\/wp\/v2\/users\/1"}],"replies":[{"embeddable":true,"href":"https:\/\/dev.antudigital.cl\/sites\/vc\/wp-json\/wp\/v2\/comments?post=10672"}],"version-history":[{"count":5,"href":"https:\/\/dev.antudigital.cl\/sites\/vc\/wp-json\/wp\/v2\/posts\/10672\/revisions"}],"predecessor-version":[{"id":10918,"href":"https:\/\/dev.antudigital.cl\/sites\/vc\/wp-json\/wp\/v2\/posts\/10672\/revisions\/10918"}],"wp:featuredmedia":[{"embeddable":true,"href":"https:\/\/dev.antudigital.cl\/sites\/vc\/wp-json\/wp\/v2\/media\/10674"}],"wp:attachment":[{"href":"https:\/\/dev.antudigital.cl\/sites\/vc\/wp-json\/wp\/v2\/media?parent=10672"}],"wp:term":[{"taxonomy":"category","embeddable":true,"href":"https:\/\/dev.antudigital.cl\/sites\/vc\/wp-json\/wp\/v2\/categories?post=10672"},{"taxonomy":"post_tag","embeddable":true,"href":"https:\/\/dev.antudigital.cl\/sites\/vc\/wp-json\/wp\/v2\/tags?post=10672"}],"curies":[{"name":"wp","href":"https:\/\/api.w.org\/{rel}","templated":true}]}}