{"id":10697,"date":"2022-04-24T23:54:38","date_gmt":"2022-04-24T23:54:38","guid":{"rendered":"https:\/\/www.valparaisocreativo.cl\/?p=10697"},"modified":"2022-04-24T23:54:44","modified_gmt":"2022-04-24T23:54:44","slug":"taller-de-apreciacion-cinematografica-de-insomnia-dedicado-a-la-formacion-de-espectadores-cumple-10-anos","status":"publish","type":"post","link":"https:\/\/dev.antudigital.cl\/sites\/vc\/taller-de-apreciacion-cinematografica-de-insomnia-dedicado-a-la-formacion-de-espectadores-cumple-10-anos\/","title":{"rendered":"Taller de Apreciaci\u00f3n Cinematogr\u00e1fica de INSOMNIA dedicado a la formaci\u00f3n de espectadores cumple 10 a\u00f1os"},"content":{"rendered":"\n<p>Se cumplen 10 a\u00f1os del Taller de Apreciaci\u00f3n Cinematogr\u00e1fica de Insomnia Teatro Condell que, desde el a\u00f1o 2012, se ha dedicado a la formaci\u00f3n de espectadores para entregar diversas herramientas a la comunidad de Valpara\u00edso para ver y disfrutar del cine. Este nuevo ciclo se llama \u201cMirar nuestro mundo: Estrategias del Cine Contempor\u00e1neo\u201d y consta de 6 sesiones conducidas por Claudio Pereira que incluyen un visionado de pel\u00edculas para reflexionar colectivamente en torno a diversas tem\u00e1ticas. Los talleres se realizan de manera gratuita todos los d\u00edas lunes a las 18:30 hrs. en modalidad presencial.<\/p>\n\n\n\n<p>Para Claudio Pereira, programador y uno de los fundadores de INSOMNIA Teatro Condell esta iniciativa que surge el a\u00f1o 2012: \u201ccumple la funci\u00f3n de ampliar las fronteras de lo que entendemos y apreciamos por cine, fomentando la\u00a0apreciaci\u00f3n cr\u00edtica de otras cinematograf\u00edas. Para esta temporada, no podemos quedar ajenos a la guerra, movimientos migratorios, expresiones de intolerancia entre otros brotes de tiempos contempor\u00e1neos convulsos y complejos. Cineastas que han abordado y se han aproximado con diversas estrategias narrativas y de lenguaje abriendo caminos m\u00e1s all\u00e1 del documental convencional o la correcta observaci\u00f3n. Desacralizar las im\u00e1genes de archivo, desconfiar de las im\u00e1genes, hacer invisible la c\u00e1mara o escribir con ella, interactuar y participar de los hechos, pervertir el formato incorporando ficci\u00f3n, animaci\u00f3n u otros lenguajes o que sean los\u00a0y las mismas cineastas el objeto de observaci\u00f3n\u201d.<\/p>\n\n\n\n<p>Algunas pel\u00edculas que forman parte del visionado (que debe realizarse previo al taller de manera personal, no son pel\u00edculas que se exhiban necesariamente durante el mes de abril en el teatro) son: <strong>\u00abClose Up\u00bb<\/strong> (1990) de Abbas Kiarostami, <strong>\u00abThe war game\u00bb<\/strong> (1965) y la <strong>\u00abLa comuna\u00bb<\/strong> (2000) de Peter Watkins,&nbsp;<strong>\u00abFake\u00bb<\/strong> (1972) de Orson Welles, <strong>\u00abLa primera carga del machete\u00bb<\/strong> (1968) de Manuel Octavio G\u00f3mez, y <strong>\u00abLos idiotas\u00bb<\/strong> (1998) de Lars Von Trier, entre otras.<\/p>\n\n\n\n<figure class=\"wp-block-image size-large\"><img fetchpriority=\"high\" decoding=\"async\" width=\"1024\" height=\"560\" src=\"https:\/\/www.valparaisocreativo.cl\/wp-content\/uploads\/2022\/04\/Captura-de-Pantalla-2022-04-24-a-las-19.52.54-1024x560.png\" alt=\"\" class=\"wp-image-10698\" srcset=\"https:\/\/dev.antudigital.cl\/sites\/vc\/wp-content\/uploads\/2022\/04\/Captura-de-Pantalla-2022-04-24-a-las-19.52.54-1024x560.png 1024w, https:\/\/dev.antudigital.cl\/sites\/vc\/wp-content\/uploads\/2022\/04\/Captura-de-Pantalla-2022-04-24-a-las-19.52.54-300x164.png 300w, https:\/\/dev.antudigital.cl\/sites\/vc\/wp-content\/uploads\/2022\/04\/Captura-de-Pantalla-2022-04-24-a-las-19.52.54-768x420.png 768w, https:\/\/dev.antudigital.cl\/sites\/vc\/wp-content\/uploads\/2022\/04\/Captura-de-Pantalla-2022-04-24-a-las-19.52.54-980x536.png 980w, https:\/\/dev.antudigital.cl\/sites\/vc\/wp-content\/uploads\/2022\/04\/Captura-de-Pantalla-2022-04-24-a-las-19.52.54-480x263.png 480w, https:\/\/dev.antudigital.cl\/sites\/vc\/wp-content\/uploads\/2022\/04\/Captura-de-Pantalla-2022-04-24-a-las-19.52.54.png 1040w\" sizes=\"(max-width: 1024px) 100vw, 1024px\" \/><\/figure>\n\n\n\n<p>Este nuevo ciclo del Taller de Apreciaci\u00f3n Cinematogr\u00e1fica llamado <strong>\u201cMirar nuestro mundo: Estrategias del cine contempor\u00e1neo\u201d<\/strong> se realizar\u00e1 desde el lunes 18 de abril al lunes 23 de mayo de forma gratuita a las 18:30 hrs. en INSOMNIA Teatro Condell ubicado en Condell 1585. Para participar s\u00f3lo deben inscribirse al mail:&nbsp; <a href=\"mailto:apreciacioncine@insomniacine.cl\" target=\"_blank\" rel=\"noreferrer noopener\">apreciacioncine@insomniacine.cl<\/a><\/p>\n\n\n\n<p>Las sesiones que conforman este ciclo son:<\/p>\n\n\n\n<p>Sesi\u00f3n 1:<strong> \u201c\u00bfQu\u00e9 es la verdad en este mundo?\u201d, <\/strong>lunes 18 de abril.<\/p>\n\n\n\n<p>Sesi\u00f3n 2:<strong> \u201c\u00a1\u00a1\u00a1Que desaparezcan las c\u00e1maras!!!\u201d, <\/strong>lunes 25 abril.<\/p>\n\n\n\n<p>Sesi\u00f3n 3: \u201c<strong>Tenemos todas las im\u00e1genes, \u00a1\u00a1lo tenemos todo!!!\u201d<\/strong>, lunes 2 mayo.<\/p>\n\n\n\n<p>Sesi\u00f3n 4: \u201c<strong>A la guerrilla: \u00a1\u00a1\u00a1a la selva y la calle!!!\u201d, <\/strong>lunes 9 mayo.<\/p>\n\n\n\n<p>Sesi\u00f3n 5: \u201c<strong>Pienso, luego filmo!!\u201d, <\/strong>lunes 16 mayo.<\/p>\n\n\n\n<p>Sesi\u00f3n 6: \u201c<strong>Nuestros grandes e \u00edntimos mundos interiores\u201d, <\/strong>lunes 23 mayo.<\/p>\n\n\n\n<p>M\u00e1s informaci\u00f3n sobre el Taller de apreciaci\u00f3n cinematogr\u00e1fica en <a href=\"http:\/\/insomniacine.cl\" target=\"_blank\" rel=\"noreferrer noopener\">insomniacine.cl<\/a> &nbsp;<\/p>\n","protected":false},"excerpt":{"rendered":"<p>Se cumplen 10 a\u00f1os del Taller de Apreciaci\u00f3n Cinematogr\u00e1fica de Insomnia Teatro Condell que, desde el a\u00f1o 2012, se ha dedicado a la formaci\u00f3n de espectadores para entregar diversas herramientas a la comunidad de Valpara\u00edso para ver y disfrutar del cine. Este nuevo ciclo se llama \u201cMirar nuestro mundo: Estrategias del Cine Contempor\u00e1neo\u201d y consta [&hellip;]<\/p>\n","protected":false},"author":1,"featured_media":10699,"comment_status":"open","ping_status":"closed","sticky":false,"template":"","format":"standard","meta":{"_acf_changed":false,"footnotes":""},"categories":[8],"tags":[],"class_list":["post-10697","post","type-post","status-publish","format-standard","has-post-thumbnail","hentry","category-noticia"],"acf":[],"yoast_head":"<!-- This site is optimized with the Yoast SEO plugin v27.1.1 - https:\/\/yoast.com\/product\/yoast-seo-wordpress\/ -->\n<title>Taller de Apreciaci\u00f3n Cinematogr\u00e1fica de INSOMNIA dedicado a la formaci\u00f3n de espectadores cumple 10 a\u00f1os - Valpara\u00ed\u00adso Creativo<\/title>\n<meta name=\"robots\" content=\"index, follow, max-snippet:-1, max-image-preview:large, max-video-preview:-1\" \/>\n<link rel=\"canonical\" href=\"https:\/\/dev.antudigital.cl\/sites\/vc\/taller-de-apreciacion-cinematografica-de-insomnia-dedicado-a-la-formacion-de-espectadores-cumple-10-anos\/\" \/>\n<meta property=\"og:locale\" content=\"es_ES\" \/>\n<meta property=\"og:type\" content=\"article\" \/>\n<meta property=\"og:title\" content=\"Taller de Apreciaci\u00f3n Cinematogr\u00e1fica de INSOMNIA dedicado a la formaci\u00f3n de espectadores cumple 10 a\u00f1os - Valpara\u00ed\u00adso Creativo\" \/>\n<meta property=\"og:description\" content=\"Se cumplen 10 a\u00f1os del Taller de Apreciaci\u00f3n Cinematogr\u00e1fica de Insomnia Teatro Condell que, desde el a\u00f1o 2012, se ha dedicado a la formaci\u00f3n de espectadores para entregar diversas herramientas a la comunidad de Valpara\u00edso para ver y disfrutar del cine. Este nuevo ciclo se llama \u201cMirar nuestro mundo: Estrategias del Cine Contempor\u00e1neo\u201d y consta [&hellip;]\" \/>\n<meta property=\"og:url\" content=\"https:\/\/dev.antudigital.cl\/sites\/vc\/taller-de-apreciacion-cinematografica-de-insomnia-dedicado-a-la-formacion-de-espectadores-cumple-10-anos\/\" \/>\n<meta property=\"og:site_name\" content=\"Valpara\u00ed\u00adso Creativo\" \/>\n<meta property=\"article:published_time\" content=\"2022-04-24T23:54:38+00:00\" \/>\n<meta property=\"article:modified_time\" content=\"2022-04-24T23:54:44+00:00\" \/>\n<meta property=\"og:image\" content=\"https:\/\/dev.antudigital.cl\/sites\/vc\/wp-content\/uploads\/2022\/04\/Captura-de-Pantalla-2022-04-24-a-las-19.53.45.png\" \/>\n\t<meta property=\"og:image:width\" content=\"784\" \/>\n\t<meta property=\"og:image:height\" content=\"515\" \/>\n\t<meta property=\"og:image:type\" content=\"image\/png\" \/>\n<meta name=\"author\" content=\"Valpara\u00edso Creativo\" \/>\n<meta name=\"twitter:card\" content=\"summary_large_image\" \/>\n<meta name=\"twitter:label1\" content=\"Escrito por\" \/>\n\t<meta name=\"twitter:data1\" content=\"Valpara\u00edso Creativo\" \/>\n\t<meta name=\"twitter:label2\" content=\"Tiempo de lectura\" \/>\n\t<meta name=\"twitter:data2\" content=\"3 minutos\" \/>\n<script type=\"application\/ld+json\" class=\"yoast-schema-graph\">{\"@context\":\"https:\/\/schema.org\",\"@graph\":[{\"@type\":\"Article\",\"@id\":\"https:\/\/dev.antudigital.cl\/sites\/vc\/taller-de-apreciacion-cinematografica-de-insomnia-dedicado-a-la-formacion-de-espectadores-cumple-10-anos\/#article\",\"isPartOf\":{\"@id\":\"https:\/\/dev.antudigital.cl\/sites\/vc\/taller-de-apreciacion-cinematografica-de-insomnia-dedicado-a-la-formacion-de-espectadores-cumple-10-anos\/\"},\"author\":{\"name\":\"Valpara\u00edso Creativo\",\"@id\":\"https:\/\/dev.antudigital.cl\/sites\/vc\/#\/schema\/person\/c2b9da8dd545e27166fc5ab232837318\"},\"headline\":\"Taller de Apreciaci\u00f3n Cinematogr\u00e1fica de INSOMNIA dedicado a la formaci\u00f3n de espectadores cumple 10 a\u00f1os\",\"datePublished\":\"2022-04-24T23:54:38+00:00\",\"dateModified\":\"2022-04-24T23:54:44+00:00\",\"mainEntityOfPage\":{\"@id\":\"https:\/\/dev.antudigital.cl\/sites\/vc\/taller-de-apreciacion-cinematografica-de-insomnia-dedicado-a-la-formacion-de-espectadores-cumple-10-anos\/\"},\"wordCount\":481,\"commentCount\":0,\"image\":{\"@id\":\"https:\/\/dev.antudigital.cl\/sites\/vc\/taller-de-apreciacion-cinematografica-de-insomnia-dedicado-a-la-formacion-de-espectadores-cumple-10-anos\/#primaryimage\"},\"thumbnailUrl\":\"https:\/\/dev.antudigital.cl\/sites\/vc\/wp-content\/uploads\/2022\/04\/Captura-de-Pantalla-2022-04-24-a-las-19.53.45.png\",\"articleSection\":[\"Noticia\"],\"inLanguage\":\"es\",\"potentialAction\":[{\"@type\":\"CommentAction\",\"name\":\"Comment\",\"target\":[\"https:\/\/dev.antudigital.cl\/sites\/vc\/taller-de-apreciacion-cinematografica-de-insomnia-dedicado-a-la-formacion-de-espectadores-cumple-10-anos\/#respond\"]}]},{\"@type\":\"WebPage\",\"@id\":\"https:\/\/dev.antudigital.cl\/sites\/vc\/taller-de-apreciacion-cinematografica-de-insomnia-dedicado-a-la-formacion-de-espectadores-cumple-10-anos\/\",\"url\":\"https:\/\/dev.antudigital.cl\/sites\/vc\/taller-de-apreciacion-cinematografica-de-insomnia-dedicado-a-la-formacion-de-espectadores-cumple-10-anos\/\",\"name\":\"Taller de Apreciaci\u00f3n Cinematogr\u00e1fica de INSOMNIA dedicado a la formaci\u00f3n de espectadores cumple 10 a\u00f1os - Valpara\u00ed\u00adso Creativo\",\"isPartOf\":{\"@id\":\"https:\/\/dev.antudigital.cl\/sites\/vc\/#website\"},\"primaryImageOfPage\":{\"@id\":\"https:\/\/dev.antudigital.cl\/sites\/vc\/taller-de-apreciacion-cinematografica-de-insomnia-dedicado-a-la-formacion-de-espectadores-cumple-10-anos\/#primaryimage\"},\"image\":{\"@id\":\"https:\/\/dev.antudigital.cl\/sites\/vc\/taller-de-apreciacion-cinematografica-de-insomnia-dedicado-a-la-formacion-de-espectadores-cumple-10-anos\/#primaryimage\"},\"thumbnailUrl\":\"https:\/\/dev.antudigital.cl\/sites\/vc\/wp-content\/uploads\/2022\/04\/Captura-de-Pantalla-2022-04-24-a-las-19.53.45.png\",\"datePublished\":\"2022-04-24T23:54:38+00:00\",\"dateModified\":\"2022-04-24T23:54:44+00:00\",\"author\":{\"@id\":\"https:\/\/dev.antudigital.cl\/sites\/vc\/#\/schema\/person\/c2b9da8dd545e27166fc5ab232837318\"},\"breadcrumb\":{\"@id\":\"https:\/\/dev.antudigital.cl\/sites\/vc\/taller-de-apreciacion-cinematografica-de-insomnia-dedicado-a-la-formacion-de-espectadores-cumple-10-anos\/#breadcrumb\"},\"inLanguage\":\"es\",\"potentialAction\":[{\"@type\":\"ReadAction\",\"target\":[\"https:\/\/dev.antudigital.cl\/sites\/vc\/taller-de-apreciacion-cinematografica-de-insomnia-dedicado-a-la-formacion-de-espectadores-cumple-10-anos\/\"]}]},{\"@type\":\"ImageObject\",\"inLanguage\":\"es\",\"@id\":\"https:\/\/dev.antudigital.cl\/sites\/vc\/taller-de-apreciacion-cinematografica-de-insomnia-dedicado-a-la-formacion-de-espectadores-cumple-10-anos\/#primaryimage\",\"url\":\"https:\/\/dev.antudigital.cl\/sites\/vc\/wp-content\/uploads\/2022\/04\/Captura-de-Pantalla-2022-04-24-a-las-19.53.45.png\",\"contentUrl\":\"https:\/\/dev.antudigital.cl\/sites\/vc\/wp-content\/uploads\/2022\/04\/Captura-de-Pantalla-2022-04-24-a-las-19.53.45.png\",\"width\":784,\"height\":515},{\"@type\":\"BreadcrumbList\",\"@id\":\"https:\/\/dev.antudigital.cl\/sites\/vc\/taller-de-apreciacion-cinematografica-de-insomnia-dedicado-a-la-formacion-de-espectadores-cumple-10-anos\/#breadcrumb\",\"itemListElement\":[{\"@type\":\"ListItem\",\"position\":1,\"name\":\"Home\",\"item\":\"https:\/\/dev.antudigital.cl\/sites\/vc\/\"},{\"@type\":\"ListItem\",\"position\":2,\"name\":\"Taller de Apreciaci\u00f3n Cinematogr\u00e1fica de INSOMNIA dedicado a la formaci\u00f3n de espectadores cumple 10 a\u00f1os\"}]},{\"@type\":\"WebSite\",\"@id\":\"https:\/\/dev.antudigital.cl\/sites\/vc\/#website\",\"url\":\"https:\/\/dev.antudigital.cl\/sites\/vc\/\",\"name\":\"Valpara\u00ed\u00adso Creativo\",\"description\":\"\",\"potentialAction\":[{\"@type\":\"SearchAction\",\"target\":{\"@type\":\"EntryPoint\",\"urlTemplate\":\"https:\/\/dev.antudigital.cl\/sites\/vc\/?s={search_term_string}\"},\"query-input\":{\"@type\":\"PropertyValueSpecification\",\"valueRequired\":true,\"valueName\":\"search_term_string\"}}],\"inLanguage\":\"es\"},{\"@type\":\"Person\",\"@id\":\"https:\/\/dev.antudigital.cl\/sites\/vc\/#\/schema\/person\/c2b9da8dd545e27166fc5ab232837318\",\"name\":\"Valpara\u00edso Creativo\",\"description\":\"Periodista de cultura en la Regi\u00f3n de Valpara\u00edso.\",\"url\":\"https:\/\/dev.antudigital.cl\/sites\/vc\/author\/valpoadmin\/\"}]}<\/script>\n<!-- \/ Yoast SEO plugin. -->","yoast_head_json":{"title":"Taller de Apreciaci\u00f3n Cinematogr\u00e1fica de INSOMNIA dedicado a la formaci\u00f3n de espectadores cumple 10 a\u00f1os - Valpara\u00ed\u00adso Creativo","robots":{"index":"index","follow":"follow","max-snippet":"max-snippet:-1","max-image-preview":"max-image-preview:large","max-video-preview":"max-video-preview:-1"},"canonical":"https:\/\/dev.antudigital.cl\/sites\/vc\/taller-de-apreciacion-cinematografica-de-insomnia-dedicado-a-la-formacion-de-espectadores-cumple-10-anos\/","og_locale":"es_ES","og_type":"article","og_title":"Taller de Apreciaci\u00f3n Cinematogr\u00e1fica de INSOMNIA dedicado a la formaci\u00f3n de espectadores cumple 10 a\u00f1os - Valpara\u00ed\u00adso Creativo","og_description":"Se cumplen 10 a\u00f1os del Taller de Apreciaci\u00f3n Cinematogr\u00e1fica de Insomnia Teatro Condell que, desde el a\u00f1o 2012, se ha dedicado a la formaci\u00f3n de espectadores para entregar diversas herramientas a la comunidad de Valpara\u00edso para ver y disfrutar del cine. Este nuevo ciclo se llama \u201cMirar nuestro mundo: Estrategias del Cine Contempor\u00e1neo\u201d y consta [&hellip;]","og_url":"https:\/\/dev.antudigital.cl\/sites\/vc\/taller-de-apreciacion-cinematografica-de-insomnia-dedicado-a-la-formacion-de-espectadores-cumple-10-anos\/","og_site_name":"Valpara\u00ed\u00adso Creativo","article_published_time":"2022-04-24T23:54:38+00:00","article_modified_time":"2022-04-24T23:54:44+00:00","og_image":[{"width":784,"height":515,"url":"https:\/\/dev.antudigital.cl\/sites\/vc\/wp-content\/uploads\/2022\/04\/Captura-de-Pantalla-2022-04-24-a-las-19.53.45.png","type":"image\/png"}],"author":"Valpara\u00edso Creativo","twitter_card":"summary_large_image","twitter_misc":{"Escrito por":"Valpara\u00edso Creativo","Tiempo de lectura":"3 minutos"},"schema":{"@context":"https:\/\/schema.org","@graph":[{"@type":"Article","@id":"https:\/\/dev.antudigital.cl\/sites\/vc\/taller-de-apreciacion-cinematografica-de-insomnia-dedicado-a-la-formacion-de-espectadores-cumple-10-anos\/#article","isPartOf":{"@id":"https:\/\/dev.antudigital.cl\/sites\/vc\/taller-de-apreciacion-cinematografica-de-insomnia-dedicado-a-la-formacion-de-espectadores-cumple-10-anos\/"},"author":{"name":"Valpara\u00edso Creativo","@id":"https:\/\/dev.antudigital.cl\/sites\/vc\/#\/schema\/person\/c2b9da8dd545e27166fc5ab232837318"},"headline":"Taller de Apreciaci\u00f3n Cinematogr\u00e1fica de INSOMNIA dedicado a la formaci\u00f3n de espectadores cumple 10 a\u00f1os","datePublished":"2022-04-24T23:54:38+00:00","dateModified":"2022-04-24T23:54:44+00:00","mainEntityOfPage":{"@id":"https:\/\/dev.antudigital.cl\/sites\/vc\/taller-de-apreciacion-cinematografica-de-insomnia-dedicado-a-la-formacion-de-espectadores-cumple-10-anos\/"},"wordCount":481,"commentCount":0,"image":{"@id":"https:\/\/dev.antudigital.cl\/sites\/vc\/taller-de-apreciacion-cinematografica-de-insomnia-dedicado-a-la-formacion-de-espectadores-cumple-10-anos\/#primaryimage"},"thumbnailUrl":"https:\/\/dev.antudigital.cl\/sites\/vc\/wp-content\/uploads\/2022\/04\/Captura-de-Pantalla-2022-04-24-a-las-19.53.45.png","articleSection":["Noticia"],"inLanguage":"es","potentialAction":[{"@type":"CommentAction","name":"Comment","target":["https:\/\/dev.antudigital.cl\/sites\/vc\/taller-de-apreciacion-cinematografica-de-insomnia-dedicado-a-la-formacion-de-espectadores-cumple-10-anos\/#respond"]}]},{"@type":"WebPage","@id":"https:\/\/dev.antudigital.cl\/sites\/vc\/taller-de-apreciacion-cinematografica-de-insomnia-dedicado-a-la-formacion-de-espectadores-cumple-10-anos\/","url":"https:\/\/dev.antudigital.cl\/sites\/vc\/taller-de-apreciacion-cinematografica-de-insomnia-dedicado-a-la-formacion-de-espectadores-cumple-10-anos\/","name":"Taller de Apreciaci\u00f3n Cinematogr\u00e1fica de INSOMNIA dedicado a la formaci\u00f3n de espectadores cumple 10 a\u00f1os - Valpara\u00ed\u00adso Creativo","isPartOf":{"@id":"https:\/\/dev.antudigital.cl\/sites\/vc\/#website"},"primaryImageOfPage":{"@id":"https:\/\/dev.antudigital.cl\/sites\/vc\/taller-de-apreciacion-cinematografica-de-insomnia-dedicado-a-la-formacion-de-espectadores-cumple-10-anos\/#primaryimage"},"image":{"@id":"https:\/\/dev.antudigital.cl\/sites\/vc\/taller-de-apreciacion-cinematografica-de-insomnia-dedicado-a-la-formacion-de-espectadores-cumple-10-anos\/#primaryimage"},"thumbnailUrl":"https:\/\/dev.antudigital.cl\/sites\/vc\/wp-content\/uploads\/2022\/04\/Captura-de-Pantalla-2022-04-24-a-las-19.53.45.png","datePublished":"2022-04-24T23:54:38+00:00","dateModified":"2022-04-24T23:54:44+00:00","author":{"@id":"https:\/\/dev.antudigital.cl\/sites\/vc\/#\/schema\/person\/c2b9da8dd545e27166fc5ab232837318"},"breadcrumb":{"@id":"https:\/\/dev.antudigital.cl\/sites\/vc\/taller-de-apreciacion-cinematografica-de-insomnia-dedicado-a-la-formacion-de-espectadores-cumple-10-anos\/#breadcrumb"},"inLanguage":"es","potentialAction":[{"@type":"ReadAction","target":["https:\/\/dev.antudigital.cl\/sites\/vc\/taller-de-apreciacion-cinematografica-de-insomnia-dedicado-a-la-formacion-de-espectadores-cumple-10-anos\/"]}]},{"@type":"ImageObject","inLanguage":"es","@id":"https:\/\/dev.antudigital.cl\/sites\/vc\/taller-de-apreciacion-cinematografica-de-insomnia-dedicado-a-la-formacion-de-espectadores-cumple-10-anos\/#primaryimage","url":"https:\/\/dev.antudigital.cl\/sites\/vc\/wp-content\/uploads\/2022\/04\/Captura-de-Pantalla-2022-04-24-a-las-19.53.45.png","contentUrl":"https:\/\/dev.antudigital.cl\/sites\/vc\/wp-content\/uploads\/2022\/04\/Captura-de-Pantalla-2022-04-24-a-las-19.53.45.png","width":784,"height":515},{"@type":"BreadcrumbList","@id":"https:\/\/dev.antudigital.cl\/sites\/vc\/taller-de-apreciacion-cinematografica-de-insomnia-dedicado-a-la-formacion-de-espectadores-cumple-10-anos\/#breadcrumb","itemListElement":[{"@type":"ListItem","position":1,"name":"Home","item":"https:\/\/dev.antudigital.cl\/sites\/vc\/"},{"@type":"ListItem","position":2,"name":"Taller de Apreciaci\u00f3n Cinematogr\u00e1fica de INSOMNIA dedicado a la formaci\u00f3n de espectadores cumple 10 a\u00f1os"}]},{"@type":"WebSite","@id":"https:\/\/dev.antudigital.cl\/sites\/vc\/#website","url":"https:\/\/dev.antudigital.cl\/sites\/vc\/","name":"Valpara\u00ed\u00adso Creativo","description":"","potentialAction":[{"@type":"SearchAction","target":{"@type":"EntryPoint","urlTemplate":"https:\/\/dev.antudigital.cl\/sites\/vc\/?s={search_term_string}"},"query-input":{"@type":"PropertyValueSpecification","valueRequired":true,"valueName":"search_term_string"}}],"inLanguage":"es"},{"@type":"Person","@id":"https:\/\/dev.antudigital.cl\/sites\/vc\/#\/schema\/person\/c2b9da8dd545e27166fc5ab232837318","name":"Valpara\u00edso Creativo","description":"Periodista de cultura en la Regi\u00f3n de Valpara\u00edso.","url":"https:\/\/dev.antudigital.cl\/sites\/vc\/author\/valpoadmin\/"}]}},"_links":{"self":[{"href":"https:\/\/dev.antudigital.cl\/sites\/vc\/wp-json\/wp\/v2\/posts\/10697","targetHints":{"allow":["GET"]}}],"collection":[{"href":"https:\/\/dev.antudigital.cl\/sites\/vc\/wp-json\/wp\/v2\/posts"}],"about":[{"href":"https:\/\/dev.antudigital.cl\/sites\/vc\/wp-json\/wp\/v2\/types\/post"}],"author":[{"embeddable":true,"href":"https:\/\/dev.antudigital.cl\/sites\/vc\/wp-json\/wp\/v2\/users\/1"}],"replies":[{"embeddable":true,"href":"https:\/\/dev.antudigital.cl\/sites\/vc\/wp-json\/wp\/v2\/comments?post=10697"}],"version-history":[{"count":1,"href":"https:\/\/dev.antudigital.cl\/sites\/vc\/wp-json\/wp\/v2\/posts\/10697\/revisions"}],"predecessor-version":[{"id":10700,"href":"https:\/\/dev.antudigital.cl\/sites\/vc\/wp-json\/wp\/v2\/posts\/10697\/revisions\/10700"}],"wp:featuredmedia":[{"embeddable":true,"href":"https:\/\/dev.antudigital.cl\/sites\/vc\/wp-json\/wp\/v2\/media\/10699"}],"wp:attachment":[{"href":"https:\/\/dev.antudigital.cl\/sites\/vc\/wp-json\/wp\/v2\/media?parent=10697"}],"wp:term":[{"taxonomy":"category","embeddable":true,"href":"https:\/\/dev.antudigital.cl\/sites\/vc\/wp-json\/wp\/v2\/categories?post=10697"},{"taxonomy":"post_tag","embeddable":true,"href":"https:\/\/dev.antudigital.cl\/sites\/vc\/wp-json\/wp\/v2\/tags?post=10697"}],"curies":[{"name":"wp","href":"https:\/\/api.w.org\/{rel}","templated":true}]}}