{"id":10701,"date":"2022-04-25T10:16:01","date_gmt":"2022-04-25T10:16:01","guid":{"rendered":"https:\/\/www.valparaisocreativo.cl\/?p=10701"},"modified":"2022-04-25T16:22:49","modified_gmt":"2022-04-25T16:22:49","slug":"conociendo-proyectos-regionales-vina-la-joda","status":"publish","type":"post","link":"https:\/\/dev.antudigital.cl\/sites\/vc\/conociendo-proyectos-regionales-vina-la-joda\/","title":{"rendered":"Conociendo proyectos regionales: Vi\u00f1a La Joda"},"content":{"rendered":"\n<p>J<strong>orge Carranc\u00e1 (Chile) y Daniela Meruvia (Bolivia) <\/strong>componen <a href=\"https:\/\/wowines.cl\/collections\/la-joda#\">Vi\u00f1a La Joda<\/a>, un proyecto que nace en <strong>San Esteban<\/strong>, en pleno valle del Aconcagua, desde donde ellos unen fuerzas para hacer un hermoso producto con una interesante propuesta.<\/p>\n\n\n\n<p>Estuvieron presentes en la Vendimia de Quilpu\u00e9 gestionada con la Cooperativa de vi\u00f1ateros Marga Marga, donde fueron invitados. Ambos son en\u00f3logos de profesi\u00f3n y se unieron por su pasi\u00f3n por el vino. Fue entonces cuando se dieron cuenta que podr\u00edan combinar sus fuerzas y gustos para crear esta marca, cuyas ilustraciones est\u00e1n a cargo del artista magall\u00e1nico residente en Putaendo, <a href=\"https:\/\/www.instagram.com\/delcierro\/\">Pablo Del Cielo<\/a>.<\/p>\n\n\n\n<figure class=\"wp-block-image size-full\"><img fetchpriority=\"high\" decoding=\"async\" width=\"499\" height=\"626\" src=\"https:\/\/www.valparaisocreativo.cl\/wp-content\/uploads\/2022\/04\/Captura-de-Pantalla-2022-04-24-a-las-19.30.14.png\" alt=\"\" class=\"wp-image-10705\" srcset=\"https:\/\/dev.antudigital.cl\/sites\/vc\/wp-content\/uploads\/2022\/04\/Captura-de-Pantalla-2022-04-24-a-las-19.30.14.png 499w, https:\/\/dev.antudigital.cl\/sites\/vc\/wp-content\/uploads\/2022\/04\/Captura-de-Pantalla-2022-04-24-a-las-19.30.14-239x300.png 239w, https:\/\/dev.antudigital.cl\/sites\/vc\/wp-content\/uploads\/2022\/04\/Captura-de-Pantalla-2022-04-24-a-las-19.30.14-480x602.png 480w\" sizes=\"(max-width: 499px) 100vw, 499px\" \/><\/figure>\n\n\n\n<p>Daniela ya lleva 13 a\u00f1os viviendo ac\u00e1. Tienen un Pet Nat, Moscatel Rosado y un vino Carmen\u00e9re. Definen sus vinos como \u201cf\u00e1ciles de tomar\u201d, van subiendo en cuerpo en la medida que nos acercamos del blanco al tinto. Al probar sus variedades, el Moscatel Rosado definitivamente es el m\u00e1s frutal, mientras que el Pet Nat se mantiene en lo que es un espumante refrescante, ideal para el verano, que debe tomarse muy helado.<\/p>\n\n\n\n<p>Por otra parte, Ajayu es un carmenere cosecha 2018 con un a\u00f1o de crianza en barrica y un a\u00f1o en botella antes de salir al mercado, como describe Daniela, quien agrega que trabajan con campos que mantienen la uva de la forma menos tratada posible. Su concepto es ser lo m\u00e1s natural y org\u00e1nico posible, ya que no tienen ning\u00fan ingrediente agregado en los procesos de producci\u00f3n ni en bodega.<\/p>\n\n\n\n<figure class=\"wp-block-image size-full\"><img decoding=\"async\" width=\"503\" height=\"633\" src=\"https:\/\/www.valparaisocreativo.cl\/wp-content\/uploads\/2022\/04\/Captura-de-Pantalla-2022-04-24-a-las-19.30.01.png\" alt=\"\" class=\"wp-image-10704\" srcset=\"https:\/\/dev.antudigital.cl\/sites\/vc\/wp-content\/uploads\/2022\/04\/Captura-de-Pantalla-2022-04-24-a-las-19.30.01.png 503w, https:\/\/dev.antudigital.cl\/sites\/vc\/wp-content\/uploads\/2022\/04\/Captura-de-Pantalla-2022-04-24-a-las-19.30.01-238x300.png 238w, https:\/\/dev.antudigital.cl\/sites\/vc\/wp-content\/uploads\/2022\/04\/Captura-de-Pantalla-2022-04-24-a-las-19.30.01-480x604.png 480w\" sizes=\"(max-width: 503px) 100vw, 503px\" \/><\/figure>\n\n\n\n<p>\u201cLa joda nos uni\u00f3, es nuestra vida\u201d, menciona Jorge mientras atrae a nuevos asistentes a su puesto en la Vendimia. Ellos vinieron como invitados a este espacio colaborativo, donde trabajan con otras vi\u00f1as que tambi\u00e9n tienen lo org\u00e1nico como bandera. La idea es agregar la menor cantidad de aditivos al resultado final.<\/p>\n\n\n\n<p>Esta pareja del Valle del Aconcagua se las trae, con tres vinos que son inolvidables, cada uno una experiencia distinta. Sabores que recordar\u00e1s y que tienes que probar esta temporada (en especial su tinto, carmen\u00e9re, 100% recomendado).<\/p>\n\n\n\n<p>Recuerda seguir a <a href=\"https:\/\/www.instagram.com\/vinolajoda\/\">Vi\u00f1a La Joda<\/a> en sus redes sociales para conocer sus puntos de venta.<\/p>\n\n\n\n<figure class=\"wp-block-image size-full\"><img decoding=\"async\" width=\"629\" height=\"507\" src=\"https:\/\/www.valparaisocreativo.cl\/wp-content\/uploads\/2022\/04\/Captura-de-Pantalla-2022-04-24-a-las-19.29.48.png\" alt=\"\" class=\"wp-image-10703\" srcset=\"https:\/\/dev.antudigital.cl\/sites\/vc\/wp-content\/uploads\/2022\/04\/Captura-de-Pantalla-2022-04-24-a-las-19.29.48.png 629w, https:\/\/dev.antudigital.cl\/sites\/vc\/wp-content\/uploads\/2022\/04\/Captura-de-Pantalla-2022-04-24-a-las-19.29.48-300x242.png 300w, https:\/\/dev.antudigital.cl\/sites\/vc\/wp-content\/uploads\/2022\/04\/Captura-de-Pantalla-2022-04-24-a-las-19.29.48-480x387.png 480w\" sizes=\"(max-width: 629px) 100vw, 629px\" \/><\/figure>\n\n\n","protected":false},"excerpt":{"rendered":"<p>Jorge Carranc\u00e1 (Chile) y Daniela Meruvia (Bolivia) componen Vi\u00f1a La Joda, un proyecto que nace en San Esteban, en pleno valle del Aconcagua, desde donde ellos unen fuerzas para hacer un hermoso producto con una interesante propuesta. Estuvieron presentes en la Vendimia de Quilpu\u00e9 gestionada con la Cooperativa de vi\u00f1ateros Marga Marga, donde fueron invitados. [&hellip;]<\/p>\n","protected":false},"author":1,"featured_media":10702,"comment_status":"open","ping_status":"closed","sticky":false,"template":"","format":"standard","meta":{"_acf_changed":false,"footnotes":""},"categories":[8],"tags":[],"class_list":["post-10701","post","type-post","status-publish","format-standard","has-post-thumbnail","hentry","category-noticia"],"acf":[],"yoast_head":"<!-- This site is optimized with the Yoast SEO plugin v27.1.1 - https:\/\/yoast.com\/product\/yoast-seo-wordpress\/ -->\n<title>Conociendo proyectos regionales: Vi\u00f1a La Joda - Valpara\u00ed\u00adso Creativo<\/title>\n<meta name=\"robots\" content=\"index, follow, max-snippet:-1, max-image-preview:large, max-video-preview:-1\" \/>\n<link rel=\"canonical\" href=\"https:\/\/dev.antudigital.cl\/sites\/vc\/conociendo-proyectos-regionales-vina-la-joda\/\" \/>\n<meta property=\"og:locale\" content=\"es_ES\" \/>\n<meta property=\"og:type\" content=\"article\" \/>\n<meta property=\"og:title\" content=\"Conociendo proyectos regionales: Vi\u00f1a La Joda - Valpara\u00ed\u00adso Creativo\" \/>\n<meta property=\"og:description\" content=\"Jorge Carranc\u00e1 (Chile) y Daniela Meruvia (Bolivia) componen Vi\u00f1a La Joda, un proyecto que nace en San Esteban, en pleno valle del Aconcagua, desde donde ellos unen fuerzas para hacer un hermoso producto con una interesante propuesta. Estuvieron presentes en la Vendimia de Quilpu\u00e9 gestionada con la Cooperativa de vi\u00f1ateros Marga Marga, donde fueron invitados. [&hellip;]\" \/>\n<meta property=\"og:url\" content=\"https:\/\/dev.antudigital.cl\/sites\/vc\/conociendo-proyectos-regionales-vina-la-joda\/\" \/>\n<meta property=\"og:site_name\" content=\"Valpara\u00ed\u00adso Creativo\" \/>\n<meta property=\"article:published_time\" content=\"2022-04-25T10:16:01+00:00\" \/>\n<meta property=\"article:modified_time\" content=\"2022-04-25T16:22:49+00:00\" \/>\n<meta property=\"og:image\" content=\"https:\/\/dev.antudigital.cl\/sites\/vc\/wp-content\/uploads\/2022\/04\/Captura-de-Pantalla-2022-04-24-a-las-19.29.35.png\" \/>\n\t<meta property=\"og:image:width\" content=\"627\" \/>\n\t<meta property=\"og:image:height\" content=\"421\" \/>\n\t<meta property=\"og:image:type\" content=\"image\/png\" \/>\n<meta name=\"author\" content=\"Valpara\u00edso Creativo\" \/>\n<meta name=\"twitter:card\" content=\"summary_large_image\" \/>\n<meta name=\"twitter:label1\" content=\"Escrito por\" \/>\n\t<meta name=\"twitter:data1\" content=\"Valpara\u00edso Creativo\" \/>\n\t<meta name=\"twitter:label2\" content=\"Tiempo de lectura\" \/>\n\t<meta name=\"twitter:data2\" content=\"3 minutos\" \/>\n<script type=\"application\/ld+json\" class=\"yoast-schema-graph\">{\"@context\":\"https:\/\/schema.org\",\"@graph\":[{\"@type\":\"Article\",\"@id\":\"https:\/\/dev.antudigital.cl\/sites\/vc\/conociendo-proyectos-regionales-vina-la-joda\/#article\",\"isPartOf\":{\"@id\":\"https:\/\/dev.antudigital.cl\/sites\/vc\/conociendo-proyectos-regionales-vina-la-joda\/\"},\"author\":{\"name\":\"Valpara\u00edso Creativo\",\"@id\":\"https:\/\/dev.antudigital.cl\/sites\/vc\/#\/schema\/person\/c2b9da8dd545e27166fc5ab232837318\"},\"headline\":\"Conociendo proyectos regionales: Vi\u00f1a La Joda\",\"datePublished\":\"2022-04-25T10:16:01+00:00\",\"dateModified\":\"2022-04-25T16:22:49+00:00\",\"mainEntityOfPage\":{\"@id\":\"https:\/\/dev.antudigital.cl\/sites\/vc\/conociendo-proyectos-regionales-vina-la-joda\/\"},\"wordCount\":376,\"commentCount\":0,\"image\":{\"@id\":\"https:\/\/dev.antudigital.cl\/sites\/vc\/conociendo-proyectos-regionales-vina-la-joda\/#primaryimage\"},\"thumbnailUrl\":\"https:\/\/dev.antudigital.cl\/sites\/vc\/wp-content\/uploads\/2022\/04\/Captura-de-Pantalla-2022-04-24-a-las-19.29.35.png\",\"articleSection\":[\"Noticia\"],\"inLanguage\":\"es\",\"potentialAction\":[{\"@type\":\"CommentAction\",\"name\":\"Comment\",\"target\":[\"https:\/\/dev.antudigital.cl\/sites\/vc\/conociendo-proyectos-regionales-vina-la-joda\/#respond\"]}]},{\"@type\":\"WebPage\",\"@id\":\"https:\/\/dev.antudigital.cl\/sites\/vc\/conociendo-proyectos-regionales-vina-la-joda\/\",\"url\":\"https:\/\/dev.antudigital.cl\/sites\/vc\/conociendo-proyectos-regionales-vina-la-joda\/\",\"name\":\"Conociendo proyectos regionales: Vi\u00f1a La Joda - Valpara\u00ed\u00adso Creativo\",\"isPartOf\":{\"@id\":\"https:\/\/dev.antudigital.cl\/sites\/vc\/#website\"},\"primaryImageOfPage\":{\"@id\":\"https:\/\/dev.antudigital.cl\/sites\/vc\/conociendo-proyectos-regionales-vina-la-joda\/#primaryimage\"},\"image\":{\"@id\":\"https:\/\/dev.antudigital.cl\/sites\/vc\/conociendo-proyectos-regionales-vina-la-joda\/#primaryimage\"},\"thumbnailUrl\":\"https:\/\/dev.antudigital.cl\/sites\/vc\/wp-content\/uploads\/2022\/04\/Captura-de-Pantalla-2022-04-24-a-las-19.29.35.png\",\"datePublished\":\"2022-04-25T10:16:01+00:00\",\"dateModified\":\"2022-04-25T16:22:49+00:00\",\"author\":{\"@id\":\"https:\/\/dev.antudigital.cl\/sites\/vc\/#\/schema\/person\/c2b9da8dd545e27166fc5ab232837318\"},\"breadcrumb\":{\"@id\":\"https:\/\/dev.antudigital.cl\/sites\/vc\/conociendo-proyectos-regionales-vina-la-joda\/#breadcrumb\"},\"inLanguage\":\"es\",\"potentialAction\":[{\"@type\":\"ReadAction\",\"target\":[\"https:\/\/dev.antudigital.cl\/sites\/vc\/conociendo-proyectos-regionales-vina-la-joda\/\"]}]},{\"@type\":\"ImageObject\",\"inLanguage\":\"es\",\"@id\":\"https:\/\/dev.antudigital.cl\/sites\/vc\/conociendo-proyectos-regionales-vina-la-joda\/#primaryimage\",\"url\":\"https:\/\/dev.antudigital.cl\/sites\/vc\/wp-content\/uploads\/2022\/04\/Captura-de-Pantalla-2022-04-24-a-las-19.29.35.png\",\"contentUrl\":\"https:\/\/dev.antudigital.cl\/sites\/vc\/wp-content\/uploads\/2022\/04\/Captura-de-Pantalla-2022-04-24-a-las-19.29.35.png\",\"width\":627,\"height\":421},{\"@type\":\"BreadcrumbList\",\"@id\":\"https:\/\/dev.antudigital.cl\/sites\/vc\/conociendo-proyectos-regionales-vina-la-joda\/#breadcrumb\",\"itemListElement\":[{\"@type\":\"ListItem\",\"position\":1,\"name\":\"Home\",\"item\":\"https:\/\/dev.antudigital.cl\/sites\/vc\/\"},{\"@type\":\"ListItem\",\"position\":2,\"name\":\"Conociendo proyectos regionales: Vi\u00f1a La Joda\"}]},{\"@type\":\"WebSite\",\"@id\":\"https:\/\/dev.antudigital.cl\/sites\/vc\/#website\",\"url\":\"https:\/\/dev.antudigital.cl\/sites\/vc\/\",\"name\":\"Valpara\u00ed\u00adso Creativo\",\"description\":\"\",\"potentialAction\":[{\"@type\":\"SearchAction\",\"target\":{\"@type\":\"EntryPoint\",\"urlTemplate\":\"https:\/\/dev.antudigital.cl\/sites\/vc\/?s={search_term_string}\"},\"query-input\":{\"@type\":\"PropertyValueSpecification\",\"valueRequired\":true,\"valueName\":\"search_term_string\"}}],\"inLanguage\":\"es\"},{\"@type\":\"Person\",\"@id\":\"https:\/\/dev.antudigital.cl\/sites\/vc\/#\/schema\/person\/c2b9da8dd545e27166fc5ab232837318\",\"name\":\"Valpara\u00edso Creativo\",\"description\":\"Periodista de cultura en la Regi\u00f3n de Valpara\u00edso.\",\"url\":\"https:\/\/dev.antudigital.cl\/sites\/vc\/author\/valpoadmin\/\"}]}<\/script>\n<!-- \/ Yoast SEO plugin. -->","yoast_head_json":{"title":"Conociendo proyectos regionales: Vi\u00f1a La Joda - Valpara\u00ed\u00adso Creativo","robots":{"index":"index","follow":"follow","max-snippet":"max-snippet:-1","max-image-preview":"max-image-preview:large","max-video-preview":"max-video-preview:-1"},"canonical":"https:\/\/dev.antudigital.cl\/sites\/vc\/conociendo-proyectos-regionales-vina-la-joda\/","og_locale":"es_ES","og_type":"article","og_title":"Conociendo proyectos regionales: Vi\u00f1a La Joda - Valpara\u00ed\u00adso Creativo","og_description":"Jorge Carranc\u00e1 (Chile) y Daniela Meruvia (Bolivia) componen Vi\u00f1a La Joda, un proyecto que nace en San Esteban, en pleno valle del Aconcagua, desde donde ellos unen fuerzas para hacer un hermoso producto con una interesante propuesta. Estuvieron presentes en la Vendimia de Quilpu\u00e9 gestionada con la Cooperativa de vi\u00f1ateros Marga Marga, donde fueron invitados. [&hellip;]","og_url":"https:\/\/dev.antudigital.cl\/sites\/vc\/conociendo-proyectos-regionales-vina-la-joda\/","og_site_name":"Valpara\u00ed\u00adso Creativo","article_published_time":"2022-04-25T10:16:01+00:00","article_modified_time":"2022-04-25T16:22:49+00:00","og_image":[{"width":627,"height":421,"url":"https:\/\/dev.antudigital.cl\/sites\/vc\/wp-content\/uploads\/2022\/04\/Captura-de-Pantalla-2022-04-24-a-las-19.29.35.png","type":"image\/png"}],"author":"Valpara\u00edso Creativo","twitter_card":"summary_large_image","twitter_misc":{"Escrito por":"Valpara\u00edso Creativo","Tiempo de lectura":"3 minutos"},"schema":{"@context":"https:\/\/schema.org","@graph":[{"@type":"Article","@id":"https:\/\/dev.antudigital.cl\/sites\/vc\/conociendo-proyectos-regionales-vina-la-joda\/#article","isPartOf":{"@id":"https:\/\/dev.antudigital.cl\/sites\/vc\/conociendo-proyectos-regionales-vina-la-joda\/"},"author":{"name":"Valpara\u00edso Creativo","@id":"https:\/\/dev.antudigital.cl\/sites\/vc\/#\/schema\/person\/c2b9da8dd545e27166fc5ab232837318"},"headline":"Conociendo proyectos regionales: Vi\u00f1a La Joda","datePublished":"2022-04-25T10:16:01+00:00","dateModified":"2022-04-25T16:22:49+00:00","mainEntityOfPage":{"@id":"https:\/\/dev.antudigital.cl\/sites\/vc\/conociendo-proyectos-regionales-vina-la-joda\/"},"wordCount":376,"commentCount":0,"image":{"@id":"https:\/\/dev.antudigital.cl\/sites\/vc\/conociendo-proyectos-regionales-vina-la-joda\/#primaryimage"},"thumbnailUrl":"https:\/\/dev.antudigital.cl\/sites\/vc\/wp-content\/uploads\/2022\/04\/Captura-de-Pantalla-2022-04-24-a-las-19.29.35.png","articleSection":["Noticia"],"inLanguage":"es","potentialAction":[{"@type":"CommentAction","name":"Comment","target":["https:\/\/dev.antudigital.cl\/sites\/vc\/conociendo-proyectos-regionales-vina-la-joda\/#respond"]}]},{"@type":"WebPage","@id":"https:\/\/dev.antudigital.cl\/sites\/vc\/conociendo-proyectos-regionales-vina-la-joda\/","url":"https:\/\/dev.antudigital.cl\/sites\/vc\/conociendo-proyectos-regionales-vina-la-joda\/","name":"Conociendo proyectos regionales: Vi\u00f1a La Joda - Valpara\u00ed\u00adso Creativo","isPartOf":{"@id":"https:\/\/dev.antudigital.cl\/sites\/vc\/#website"},"primaryImageOfPage":{"@id":"https:\/\/dev.antudigital.cl\/sites\/vc\/conociendo-proyectos-regionales-vina-la-joda\/#primaryimage"},"image":{"@id":"https:\/\/dev.antudigital.cl\/sites\/vc\/conociendo-proyectos-regionales-vina-la-joda\/#primaryimage"},"thumbnailUrl":"https:\/\/dev.antudigital.cl\/sites\/vc\/wp-content\/uploads\/2022\/04\/Captura-de-Pantalla-2022-04-24-a-las-19.29.35.png","datePublished":"2022-04-25T10:16:01+00:00","dateModified":"2022-04-25T16:22:49+00:00","author":{"@id":"https:\/\/dev.antudigital.cl\/sites\/vc\/#\/schema\/person\/c2b9da8dd545e27166fc5ab232837318"},"breadcrumb":{"@id":"https:\/\/dev.antudigital.cl\/sites\/vc\/conociendo-proyectos-regionales-vina-la-joda\/#breadcrumb"},"inLanguage":"es","potentialAction":[{"@type":"ReadAction","target":["https:\/\/dev.antudigital.cl\/sites\/vc\/conociendo-proyectos-regionales-vina-la-joda\/"]}]},{"@type":"ImageObject","inLanguage":"es","@id":"https:\/\/dev.antudigital.cl\/sites\/vc\/conociendo-proyectos-regionales-vina-la-joda\/#primaryimage","url":"https:\/\/dev.antudigital.cl\/sites\/vc\/wp-content\/uploads\/2022\/04\/Captura-de-Pantalla-2022-04-24-a-las-19.29.35.png","contentUrl":"https:\/\/dev.antudigital.cl\/sites\/vc\/wp-content\/uploads\/2022\/04\/Captura-de-Pantalla-2022-04-24-a-las-19.29.35.png","width":627,"height":421},{"@type":"BreadcrumbList","@id":"https:\/\/dev.antudigital.cl\/sites\/vc\/conociendo-proyectos-regionales-vina-la-joda\/#breadcrumb","itemListElement":[{"@type":"ListItem","position":1,"name":"Home","item":"https:\/\/dev.antudigital.cl\/sites\/vc\/"},{"@type":"ListItem","position":2,"name":"Conociendo proyectos regionales: Vi\u00f1a La Joda"}]},{"@type":"WebSite","@id":"https:\/\/dev.antudigital.cl\/sites\/vc\/#website","url":"https:\/\/dev.antudigital.cl\/sites\/vc\/","name":"Valpara\u00ed\u00adso Creativo","description":"","potentialAction":[{"@type":"SearchAction","target":{"@type":"EntryPoint","urlTemplate":"https:\/\/dev.antudigital.cl\/sites\/vc\/?s={search_term_string}"},"query-input":{"@type":"PropertyValueSpecification","valueRequired":true,"valueName":"search_term_string"}}],"inLanguage":"es"},{"@type":"Person","@id":"https:\/\/dev.antudigital.cl\/sites\/vc\/#\/schema\/person\/c2b9da8dd545e27166fc5ab232837318","name":"Valpara\u00edso Creativo","description":"Periodista de cultura en la Regi\u00f3n de Valpara\u00edso.","url":"https:\/\/dev.antudigital.cl\/sites\/vc\/author\/valpoadmin\/"}]}},"_links":{"self":[{"href":"https:\/\/dev.antudigital.cl\/sites\/vc\/wp-json\/wp\/v2\/posts\/10701","targetHints":{"allow":["GET"]}}],"collection":[{"href":"https:\/\/dev.antudigital.cl\/sites\/vc\/wp-json\/wp\/v2\/posts"}],"about":[{"href":"https:\/\/dev.antudigital.cl\/sites\/vc\/wp-json\/wp\/v2\/types\/post"}],"author":[{"embeddable":true,"href":"https:\/\/dev.antudigital.cl\/sites\/vc\/wp-json\/wp\/v2\/users\/1"}],"replies":[{"embeddable":true,"href":"https:\/\/dev.antudigital.cl\/sites\/vc\/wp-json\/wp\/v2\/comments?post=10701"}],"version-history":[{"count":5,"href":"https:\/\/dev.antudigital.cl\/sites\/vc\/wp-json\/wp\/v2\/posts\/10701\/revisions"}],"predecessor-version":[{"id":10757,"href":"https:\/\/dev.antudigital.cl\/sites\/vc\/wp-json\/wp\/v2\/posts\/10701\/revisions\/10757"}],"wp:featuredmedia":[{"embeddable":true,"href":"https:\/\/dev.antudigital.cl\/sites\/vc\/wp-json\/wp\/v2\/media\/10702"}],"wp:attachment":[{"href":"https:\/\/dev.antudigital.cl\/sites\/vc\/wp-json\/wp\/v2\/media?parent=10701"}],"wp:term":[{"taxonomy":"category","embeddable":true,"href":"https:\/\/dev.antudigital.cl\/sites\/vc\/wp-json\/wp\/v2\/categories?post=10701"},{"taxonomy":"post_tag","embeddable":true,"href":"https:\/\/dev.antudigital.cl\/sites\/vc\/wp-json\/wp\/v2\/tags?post=10701"}],"curies":[{"name":"wp","href":"https:\/\/api.w.org\/{rel}","templated":true}]}}