{"id":10709,"date":"2022-04-25T10:49:40","date_gmt":"2022-04-25T10:49:40","guid":{"rendered":"https:\/\/www.valparaisocreativo.cl\/?p=10709"},"modified":"2022-04-25T10:49:45","modified_gmt":"2022-04-25T10:49:45","slug":"ya-esta-abierta-la-convocatoria-think-big-de-start-up-chile","status":"publish","type":"post","link":"https:\/\/dev.antudigital.cl\/sites\/vc\/ya-esta-abierta-la-convocatoria-think-big-de-start-up-chile\/","title":{"rendered":"Ya est\u00e1 abierta la convocatoria \u00abThink Big\u00bb de Start-Up Chile"},"content":{"rendered":"\n<p>\u00a1Atenci\u00f3n emprendedores! Si tienes un negocio innovador, tecnol\u00f3gico y escalable, piensa en grande y postula a la convocatoria de <a href=\"https:\/\/www.instagram.com\/startup_chile\/\">StartUp Chile <\/a>y uno de sus tres programas de aceleraci\u00f3n. \u00bfDe qu\u00e9 trata Startup Chile?<\/p>\n\n\n\n<p>Esta es una aceleradora p\u00fablica de negocios que bajo el alero de Corfo y el Gobierno de Chile, potencia emprendimientos tecnol\u00f3gicos, sin importar su origen o industria, para que usen a Chile como plataforma para escalar globalmente.<\/p>\n\n\n\n<p>Est\u00e1 compuesto por<strong> tres l\u00edneas de financiamiento y apoyo.<\/strong><\/p>\n\n\n\n<p>En primer lugar, el programa de pre-aceleraci\u00f3n <strong>\u201cBuild\u201d<\/strong> (L\u00ednea 1), antes denominada \u201cThe S Factory\u201d; luego el programa de aceleraci\u00f3n <strong>\u201cIgnite\u201d<\/strong> (L\u00ednea 2), antes denominada \u201cSeed\u201d; y finalmente el programa de escalamiento <strong>\u201cGrowth\u201d<\/strong> (L\u00ednea 3) con foco en la consolidaci\u00f3n de startups, apoy\u00e1ndolas integralmente en su proceso de internacionalizaci\u00f3n, levantamiento de capital y en la atracci\u00f3n de capital humano especializado.<\/p>\n\n\n\n<p>Si su modelo se ajusta a tu proyecto, no dejes de postular. \u00bfQui\u00e9nes pueden hacerlo?<\/p>\n\n\n\n<ul class=\"wp-block-list\"><li><strong>Personas naturales chilenas o extranjeras, mayores de 18 a\u00f1os.<\/strong><\/li><\/ul>\n\n\n\n<ul class=\"wp-block-list\"><li>Personas jur\u00eddicas con fines de lucro, constituidas en Chile y que no tengan iniciaci\u00f3n de actividades ante el Servicio de Impuestos Internos superior a 12 meses para la l\u00ednea 1 y 36 meses para la l\u00ednea 2, contados hacia atr\u00e1s desde la fecha de apertura del concurso.<\/li><\/ul>\n\n\n\n<p><strong>Lee las bases <a href=\"https:\/\/www.corfo.cl\/sites\/cpp\/inf\/startup-chile\">aqu\u00ed y<\/a> postula hasta el 3 de mayo.<\/strong><\/p>\n\n\n\n<figure class=\"wp-block-image size-full\"><img fetchpriority=\"high\" decoding=\"async\" width=\"633\" height=\"631\" src=\"https:\/\/www.valparaisocreativo.cl\/wp-content\/uploads\/2022\/04\/Captura-de-Pantalla-2022-04-25-a-las-06.21.09.png\" alt=\"\" class=\"wp-image-10714\" srcset=\"https:\/\/dev.antudigital.cl\/sites\/vc\/wp-content\/uploads\/2022\/04\/Captura-de-Pantalla-2022-04-25-a-las-06.21.09.png 633w, https:\/\/dev.antudigital.cl\/sites\/vc\/wp-content\/uploads\/2022\/04\/Captura-de-Pantalla-2022-04-25-a-las-06.21.09-300x300.png 300w, https:\/\/dev.antudigital.cl\/sites\/vc\/wp-content\/uploads\/2022\/04\/Captura-de-Pantalla-2022-04-25-a-las-06.21.09-150x150.png 150w, https:\/\/dev.antudigital.cl\/sites\/vc\/wp-content\/uploads\/2022\/04\/Captura-de-Pantalla-2022-04-25-a-las-06.21.09-480x478.png 480w\" sizes=\"(max-width: 633px) 100vw, 633px\" \/><\/figure>\n","protected":false},"excerpt":{"rendered":"<p>\u00a1Atenci\u00f3n emprendedores! Si tienes un negocio innovador, tecnol\u00f3gico y escalable, piensa en grande y postula a la convocatoria de StartUp Chile y uno de sus tres programas de aceleraci\u00f3n. \u00bfDe qu\u00e9 trata Startup Chile? Esta es una aceleradora p\u00fablica de negocios que bajo el alero de Corfo y el Gobierno de Chile, potencia emprendimientos tecnol\u00f3gicos, [&hellip;]<\/p>\n","protected":false},"author":1,"featured_media":10715,"comment_status":"open","ping_status":"closed","sticky":false,"template":"","format":"standard","meta":{"_acf_changed":false,"footnotes":""},"categories":[8],"tags":[],"class_list":["post-10709","post","type-post","status-publish","format-standard","has-post-thumbnail","hentry","category-noticia"],"acf":[],"yoast_head":"<!-- This site is optimized with the Yoast SEO plugin v27.1.1 - https:\/\/yoast.com\/product\/yoast-seo-wordpress\/ -->\n<title>Ya est\u00e1 abierta la convocatoria &quot;Think Big&quot; de Start-Up Chile - Valpara\u00ed\u00adso Creativo<\/title>\n<meta name=\"robots\" content=\"index, follow, max-snippet:-1, max-image-preview:large, max-video-preview:-1\" \/>\n<link rel=\"canonical\" href=\"https:\/\/dev.antudigital.cl\/sites\/vc\/ya-esta-abierta-la-convocatoria-think-big-de-start-up-chile\/\" \/>\n<meta property=\"og:locale\" content=\"es_ES\" \/>\n<meta property=\"og:type\" content=\"article\" \/>\n<meta property=\"og:title\" content=\"Ya est\u00e1 abierta la convocatoria &quot;Think Big&quot; de Start-Up Chile - Valpara\u00ed\u00adso Creativo\" \/>\n<meta property=\"og:description\" content=\"\u00a1Atenci\u00f3n emprendedores! Si tienes un negocio innovador, tecnol\u00f3gico y escalable, piensa en grande y postula a la convocatoria de StartUp Chile y uno de sus tres programas de aceleraci\u00f3n. \u00bfDe qu\u00e9 trata Startup Chile? Esta es una aceleradora p\u00fablica de negocios que bajo el alero de Corfo y el Gobierno de Chile, potencia emprendimientos tecnol\u00f3gicos, [&hellip;]\" \/>\n<meta property=\"og:url\" content=\"https:\/\/dev.antudigital.cl\/sites\/vc\/ya-esta-abierta-la-convocatoria-think-big-de-start-up-chile\/\" \/>\n<meta property=\"og:site_name\" content=\"Valpara\u00ed\u00adso Creativo\" \/>\n<meta property=\"article:published_time\" content=\"2022-04-25T10:49:40+00:00\" \/>\n<meta property=\"article:modified_time\" content=\"2022-04-25T10:49:45+00:00\" \/>\n<meta property=\"og:image\" content=\"https:\/\/dev.antudigital.cl\/sites\/vc\/wp-content\/uploads\/2022\/04\/startupchile-1.jpg\" \/>\n\t<meta property=\"og:image:width\" content=\"850\" \/>\n\t<meta property=\"og:image:height\" content=\"450\" \/>\n\t<meta property=\"og:image:type\" content=\"image\/jpeg\" \/>\n<meta name=\"author\" content=\"Valpara\u00edso Creativo\" \/>\n<meta name=\"twitter:card\" content=\"summary_large_image\" \/>\n<meta name=\"twitter:label1\" content=\"Escrito por\" \/>\n\t<meta name=\"twitter:data1\" content=\"Valpara\u00edso Creativo\" \/>\n\t<meta name=\"twitter:label2\" content=\"Tiempo de lectura\" \/>\n\t<meta name=\"twitter:data2\" content=\"2 minutos\" \/>\n<script type=\"application\/ld+json\" class=\"yoast-schema-graph\">{\"@context\":\"https:\/\/schema.org\",\"@graph\":[{\"@type\":\"Article\",\"@id\":\"https:\/\/dev.antudigital.cl\/sites\/vc\/ya-esta-abierta-la-convocatoria-think-big-de-start-up-chile\/#article\",\"isPartOf\":{\"@id\":\"https:\/\/dev.antudigital.cl\/sites\/vc\/ya-esta-abierta-la-convocatoria-think-big-de-start-up-chile\/\"},\"author\":{\"name\":\"Valpara\u00edso Creativo\",\"@id\":\"https:\/\/dev.antudigital.cl\/sites\/vc\/#\/schema\/person\/c2b9da8dd545e27166fc5ab232837318\"},\"headline\":\"Ya est\u00e1 abierta la convocatoria \u00abThink Big\u00bb de Start-Up Chile\",\"datePublished\":\"2022-04-25T10:49:40+00:00\",\"dateModified\":\"2022-04-25T10:49:45+00:00\",\"mainEntityOfPage\":{\"@id\":\"https:\/\/dev.antudigital.cl\/sites\/vc\/ya-esta-abierta-la-convocatoria-think-big-de-start-up-chile\/\"},\"wordCount\":245,\"commentCount\":0,\"image\":{\"@id\":\"https:\/\/dev.antudigital.cl\/sites\/vc\/ya-esta-abierta-la-convocatoria-think-big-de-start-up-chile\/#primaryimage\"},\"thumbnailUrl\":\"https:\/\/dev.antudigital.cl\/sites\/vc\/wp-content\/uploads\/2022\/04\/startupchile-1.jpg\",\"articleSection\":[\"Noticia\"],\"inLanguage\":\"es\",\"potentialAction\":[{\"@type\":\"CommentAction\",\"name\":\"Comment\",\"target\":[\"https:\/\/dev.antudigital.cl\/sites\/vc\/ya-esta-abierta-la-convocatoria-think-big-de-start-up-chile\/#respond\"]}]},{\"@type\":\"WebPage\",\"@id\":\"https:\/\/dev.antudigital.cl\/sites\/vc\/ya-esta-abierta-la-convocatoria-think-big-de-start-up-chile\/\",\"url\":\"https:\/\/dev.antudigital.cl\/sites\/vc\/ya-esta-abierta-la-convocatoria-think-big-de-start-up-chile\/\",\"name\":\"Ya est\u00e1 abierta la convocatoria \\\"Think Big\\\" de Start-Up Chile - Valpara\u00ed\u00adso Creativo\",\"isPartOf\":{\"@id\":\"https:\/\/dev.antudigital.cl\/sites\/vc\/#website\"},\"primaryImageOfPage\":{\"@id\":\"https:\/\/dev.antudigital.cl\/sites\/vc\/ya-esta-abierta-la-convocatoria-think-big-de-start-up-chile\/#primaryimage\"},\"image\":{\"@id\":\"https:\/\/dev.antudigital.cl\/sites\/vc\/ya-esta-abierta-la-convocatoria-think-big-de-start-up-chile\/#primaryimage\"},\"thumbnailUrl\":\"https:\/\/dev.antudigital.cl\/sites\/vc\/wp-content\/uploads\/2022\/04\/startupchile-1.jpg\",\"datePublished\":\"2022-04-25T10:49:40+00:00\",\"dateModified\":\"2022-04-25T10:49:45+00:00\",\"author\":{\"@id\":\"https:\/\/dev.antudigital.cl\/sites\/vc\/#\/schema\/person\/c2b9da8dd545e27166fc5ab232837318\"},\"breadcrumb\":{\"@id\":\"https:\/\/dev.antudigital.cl\/sites\/vc\/ya-esta-abierta-la-convocatoria-think-big-de-start-up-chile\/#breadcrumb\"},\"inLanguage\":\"es\",\"potentialAction\":[{\"@type\":\"ReadAction\",\"target\":[\"https:\/\/dev.antudigital.cl\/sites\/vc\/ya-esta-abierta-la-convocatoria-think-big-de-start-up-chile\/\"]}]},{\"@type\":\"ImageObject\",\"inLanguage\":\"es\",\"@id\":\"https:\/\/dev.antudigital.cl\/sites\/vc\/ya-esta-abierta-la-convocatoria-think-big-de-start-up-chile\/#primaryimage\",\"url\":\"https:\/\/dev.antudigital.cl\/sites\/vc\/wp-content\/uploads\/2022\/04\/startupchile-1.jpg\",\"contentUrl\":\"https:\/\/dev.antudigital.cl\/sites\/vc\/wp-content\/uploads\/2022\/04\/startupchile-1.jpg\",\"width\":850,\"height\":450},{\"@type\":\"BreadcrumbList\",\"@id\":\"https:\/\/dev.antudigital.cl\/sites\/vc\/ya-esta-abierta-la-convocatoria-think-big-de-start-up-chile\/#breadcrumb\",\"itemListElement\":[{\"@type\":\"ListItem\",\"position\":1,\"name\":\"Home\",\"item\":\"https:\/\/dev.antudigital.cl\/sites\/vc\/\"},{\"@type\":\"ListItem\",\"position\":2,\"name\":\"Ya est\u00e1 abierta la convocatoria \u00abThink Big\u00bb de Start-Up Chile\"}]},{\"@type\":\"WebSite\",\"@id\":\"https:\/\/dev.antudigital.cl\/sites\/vc\/#website\",\"url\":\"https:\/\/dev.antudigital.cl\/sites\/vc\/\",\"name\":\"Valpara\u00ed\u00adso Creativo\",\"description\":\"\",\"potentialAction\":[{\"@type\":\"SearchAction\",\"target\":{\"@type\":\"EntryPoint\",\"urlTemplate\":\"https:\/\/dev.antudigital.cl\/sites\/vc\/?s={search_term_string}\"},\"query-input\":{\"@type\":\"PropertyValueSpecification\",\"valueRequired\":true,\"valueName\":\"search_term_string\"}}],\"inLanguage\":\"es\"},{\"@type\":\"Person\",\"@id\":\"https:\/\/dev.antudigital.cl\/sites\/vc\/#\/schema\/person\/c2b9da8dd545e27166fc5ab232837318\",\"name\":\"Valpara\u00edso Creativo\",\"description\":\"Periodista de cultura en la Regi\u00f3n de Valpara\u00edso.\",\"url\":\"https:\/\/dev.antudigital.cl\/sites\/vc\/author\/valpoadmin\/\"}]}<\/script>\n<!-- \/ Yoast SEO plugin. -->","yoast_head_json":{"title":"Ya est\u00e1 abierta la convocatoria \"Think Big\" de Start-Up Chile - Valpara\u00ed\u00adso Creativo","robots":{"index":"index","follow":"follow","max-snippet":"max-snippet:-1","max-image-preview":"max-image-preview:large","max-video-preview":"max-video-preview:-1"},"canonical":"https:\/\/dev.antudigital.cl\/sites\/vc\/ya-esta-abierta-la-convocatoria-think-big-de-start-up-chile\/","og_locale":"es_ES","og_type":"article","og_title":"Ya est\u00e1 abierta la convocatoria \"Think Big\" de Start-Up Chile - Valpara\u00ed\u00adso Creativo","og_description":"\u00a1Atenci\u00f3n emprendedores! Si tienes un negocio innovador, tecnol\u00f3gico y escalable, piensa en grande y postula a la convocatoria de StartUp Chile y uno de sus tres programas de aceleraci\u00f3n. \u00bfDe qu\u00e9 trata Startup Chile? Esta es una aceleradora p\u00fablica de negocios que bajo el alero de Corfo y el Gobierno de Chile, potencia emprendimientos tecnol\u00f3gicos, [&hellip;]","og_url":"https:\/\/dev.antudigital.cl\/sites\/vc\/ya-esta-abierta-la-convocatoria-think-big-de-start-up-chile\/","og_site_name":"Valpara\u00ed\u00adso Creativo","article_published_time":"2022-04-25T10:49:40+00:00","article_modified_time":"2022-04-25T10:49:45+00:00","og_image":[{"width":850,"height":450,"url":"https:\/\/dev.antudigital.cl\/sites\/vc\/wp-content\/uploads\/2022\/04\/startupchile-1.jpg","type":"image\/jpeg"}],"author":"Valpara\u00edso Creativo","twitter_card":"summary_large_image","twitter_misc":{"Escrito por":"Valpara\u00edso Creativo","Tiempo de lectura":"2 minutos"},"schema":{"@context":"https:\/\/schema.org","@graph":[{"@type":"Article","@id":"https:\/\/dev.antudigital.cl\/sites\/vc\/ya-esta-abierta-la-convocatoria-think-big-de-start-up-chile\/#article","isPartOf":{"@id":"https:\/\/dev.antudigital.cl\/sites\/vc\/ya-esta-abierta-la-convocatoria-think-big-de-start-up-chile\/"},"author":{"name":"Valpara\u00edso Creativo","@id":"https:\/\/dev.antudigital.cl\/sites\/vc\/#\/schema\/person\/c2b9da8dd545e27166fc5ab232837318"},"headline":"Ya est\u00e1 abierta la convocatoria \u00abThink Big\u00bb de Start-Up Chile","datePublished":"2022-04-25T10:49:40+00:00","dateModified":"2022-04-25T10:49:45+00:00","mainEntityOfPage":{"@id":"https:\/\/dev.antudigital.cl\/sites\/vc\/ya-esta-abierta-la-convocatoria-think-big-de-start-up-chile\/"},"wordCount":245,"commentCount":0,"image":{"@id":"https:\/\/dev.antudigital.cl\/sites\/vc\/ya-esta-abierta-la-convocatoria-think-big-de-start-up-chile\/#primaryimage"},"thumbnailUrl":"https:\/\/dev.antudigital.cl\/sites\/vc\/wp-content\/uploads\/2022\/04\/startupchile-1.jpg","articleSection":["Noticia"],"inLanguage":"es","potentialAction":[{"@type":"CommentAction","name":"Comment","target":["https:\/\/dev.antudigital.cl\/sites\/vc\/ya-esta-abierta-la-convocatoria-think-big-de-start-up-chile\/#respond"]}]},{"@type":"WebPage","@id":"https:\/\/dev.antudigital.cl\/sites\/vc\/ya-esta-abierta-la-convocatoria-think-big-de-start-up-chile\/","url":"https:\/\/dev.antudigital.cl\/sites\/vc\/ya-esta-abierta-la-convocatoria-think-big-de-start-up-chile\/","name":"Ya est\u00e1 abierta la convocatoria \"Think Big\" de Start-Up Chile - Valpara\u00ed\u00adso Creativo","isPartOf":{"@id":"https:\/\/dev.antudigital.cl\/sites\/vc\/#website"},"primaryImageOfPage":{"@id":"https:\/\/dev.antudigital.cl\/sites\/vc\/ya-esta-abierta-la-convocatoria-think-big-de-start-up-chile\/#primaryimage"},"image":{"@id":"https:\/\/dev.antudigital.cl\/sites\/vc\/ya-esta-abierta-la-convocatoria-think-big-de-start-up-chile\/#primaryimage"},"thumbnailUrl":"https:\/\/dev.antudigital.cl\/sites\/vc\/wp-content\/uploads\/2022\/04\/startupchile-1.jpg","datePublished":"2022-04-25T10:49:40+00:00","dateModified":"2022-04-25T10:49:45+00:00","author":{"@id":"https:\/\/dev.antudigital.cl\/sites\/vc\/#\/schema\/person\/c2b9da8dd545e27166fc5ab232837318"},"breadcrumb":{"@id":"https:\/\/dev.antudigital.cl\/sites\/vc\/ya-esta-abierta-la-convocatoria-think-big-de-start-up-chile\/#breadcrumb"},"inLanguage":"es","potentialAction":[{"@type":"ReadAction","target":["https:\/\/dev.antudigital.cl\/sites\/vc\/ya-esta-abierta-la-convocatoria-think-big-de-start-up-chile\/"]}]},{"@type":"ImageObject","inLanguage":"es","@id":"https:\/\/dev.antudigital.cl\/sites\/vc\/ya-esta-abierta-la-convocatoria-think-big-de-start-up-chile\/#primaryimage","url":"https:\/\/dev.antudigital.cl\/sites\/vc\/wp-content\/uploads\/2022\/04\/startupchile-1.jpg","contentUrl":"https:\/\/dev.antudigital.cl\/sites\/vc\/wp-content\/uploads\/2022\/04\/startupchile-1.jpg","width":850,"height":450},{"@type":"BreadcrumbList","@id":"https:\/\/dev.antudigital.cl\/sites\/vc\/ya-esta-abierta-la-convocatoria-think-big-de-start-up-chile\/#breadcrumb","itemListElement":[{"@type":"ListItem","position":1,"name":"Home","item":"https:\/\/dev.antudigital.cl\/sites\/vc\/"},{"@type":"ListItem","position":2,"name":"Ya est\u00e1 abierta la convocatoria \u00abThink Big\u00bb de Start-Up Chile"}]},{"@type":"WebSite","@id":"https:\/\/dev.antudigital.cl\/sites\/vc\/#website","url":"https:\/\/dev.antudigital.cl\/sites\/vc\/","name":"Valpara\u00ed\u00adso Creativo","description":"","potentialAction":[{"@type":"SearchAction","target":{"@type":"EntryPoint","urlTemplate":"https:\/\/dev.antudigital.cl\/sites\/vc\/?s={search_term_string}"},"query-input":{"@type":"PropertyValueSpecification","valueRequired":true,"valueName":"search_term_string"}}],"inLanguage":"es"},{"@type":"Person","@id":"https:\/\/dev.antudigital.cl\/sites\/vc\/#\/schema\/person\/c2b9da8dd545e27166fc5ab232837318","name":"Valpara\u00edso Creativo","description":"Periodista de cultura en la Regi\u00f3n de Valpara\u00edso.","url":"https:\/\/dev.antudigital.cl\/sites\/vc\/author\/valpoadmin\/"}]}},"_links":{"self":[{"href":"https:\/\/dev.antudigital.cl\/sites\/vc\/wp-json\/wp\/v2\/posts\/10709","targetHints":{"allow":["GET"]}}],"collection":[{"href":"https:\/\/dev.antudigital.cl\/sites\/vc\/wp-json\/wp\/v2\/posts"}],"about":[{"href":"https:\/\/dev.antudigital.cl\/sites\/vc\/wp-json\/wp\/v2\/types\/post"}],"author":[{"embeddable":true,"href":"https:\/\/dev.antudigital.cl\/sites\/vc\/wp-json\/wp\/v2\/users\/1"}],"replies":[{"embeddable":true,"href":"https:\/\/dev.antudigital.cl\/sites\/vc\/wp-json\/wp\/v2\/comments?post=10709"}],"version-history":[{"count":1,"href":"https:\/\/dev.antudigital.cl\/sites\/vc\/wp-json\/wp\/v2\/posts\/10709\/revisions"}],"predecessor-version":[{"id":10716,"href":"https:\/\/dev.antudigital.cl\/sites\/vc\/wp-json\/wp\/v2\/posts\/10709\/revisions\/10716"}],"wp:featuredmedia":[{"embeddable":true,"href":"https:\/\/dev.antudigital.cl\/sites\/vc\/wp-json\/wp\/v2\/media\/10715"}],"wp:attachment":[{"href":"https:\/\/dev.antudigital.cl\/sites\/vc\/wp-json\/wp\/v2\/media?parent=10709"}],"wp:term":[{"taxonomy":"category","embeddable":true,"href":"https:\/\/dev.antudigital.cl\/sites\/vc\/wp-json\/wp\/v2\/categories?post=10709"},{"taxonomy":"post_tag","embeddable":true,"href":"https:\/\/dev.antudigital.cl\/sites\/vc\/wp-json\/wp\/v2\/tags?post=10709"}],"curies":[{"name":"wp","href":"https:\/\/api.w.org\/{rel}","templated":true}]}}