{"id":10710,"date":"2022-04-25T10:42:24","date_gmt":"2022-04-25T10:42:24","guid":{"rendered":"https:\/\/www.valparaisocreativo.cl\/?p=10710"},"modified":"2022-04-25T16:22:39","modified_gmt":"2022-04-25T16:22:39","slug":"valparaiso-creativo-y-cdn-san-antonio-lanzan-insumo-para-emprendimientos-creativos-de-la-zona","status":"publish","type":"post","link":"https:\/\/dev.antudigital.cl\/sites\/vc\/valparaiso-creativo-y-cdn-san-antonio-lanzan-insumo-para-emprendimientos-creativos-de-la-zona\/","title":{"rendered":"Valpara\u00edso Creativo y CDN San Antonio lanzan insumo para emprendimientos creativos de la zona"},"content":{"rendered":"\n<p>El Programa Estrat\u00e9gico Regional Valpara\u00edso Creativo de CORFO, particip\u00f3 al lanzamiento del insumo \u201cCat\u00e1logo Litoral Creativo\u201d, realizado en colaboraci\u00f3n con el Centro de Desarrollo de Negocios de San Antonio y ProChile, y elaborado por Marca Consciente.<\/p>\n\n\n\n<p>La cita fue el d\u00eda jueves 21 de abril a las 10:45hrs. en Santa Luc\u00eda 350, en las dependencias del Centro de Desarrollo de Negocios de San Antonio.&nbsp;<\/p>\n\n\n\n<p>Como parte de esta actividad se invit\u00f3 a emprendedores y emprendedoras creativas locales con quienes nos vinculamos para la generaci\u00f3n del documento, que tiene por prop\u00f3sito aportar a la descentralizaci\u00f3n de los esfuerzos para el apoyo de la Econom\u00eda Creativa.<\/p>\n\n\n\n<p>Mauricio Cifuentes, Coordinador General del PER Valpara\u00edso Creativo, mencion\u00f3 que: \u201cExiste una concentraci\u00f3n de emprendimientos creativos en los radios m\u00e1s urbanos de la Regi\u00f3n, y tambi\u00e9n existen manifestaciones de econom\u00eda creativa sumamente especializada y muy conectada con el territorio, a lo largo de la Regi\u00f3n. Entonces, es para nosotros muy importante, al ser un programa regional, saber conectarnos con los representantes de dichas comunidades. Identificar los emprendimientos y sus necesidades m\u00e1s urgentes, y poder generar instrumentos y atraer herramientas de fomento productivo, que es la misi\u00f3n de la CORFO, a dichos emprendimientos\u201d.<\/p>\n\n\n\n<p>El dossier que fue generado y se llama \u201cEmprende Litoral\u201d, busca ser una herramienta para esta comunidad.<\/p>\n\n\n\n<figure class=\"wp-block-image size-full\"><img fetchpriority=\"high\" decoding=\"async\" width=\"908\" height=\"545\" src=\"https:\/\/www.valparaisocreativo.cl\/wp-content\/uploads\/2022\/04\/Captura-de-Pantalla-2022-04-25-a-las-06.39.58.png\" alt=\"\" class=\"wp-image-10712\" srcset=\"https:\/\/dev.antudigital.cl\/sites\/vc\/wp-content\/uploads\/2022\/04\/Captura-de-Pantalla-2022-04-25-a-las-06.39.58.png 908w, https:\/\/dev.antudigital.cl\/sites\/vc\/wp-content\/uploads\/2022\/04\/Captura-de-Pantalla-2022-04-25-a-las-06.39.58-300x180.png 300w, https:\/\/dev.antudigital.cl\/sites\/vc\/wp-content\/uploads\/2022\/04\/Captura-de-Pantalla-2022-04-25-a-las-06.39.58-768x461.png 768w, https:\/\/dev.antudigital.cl\/sites\/vc\/wp-content\/uploads\/2022\/04\/Captura-de-Pantalla-2022-04-25-a-las-06.39.58-480x288.png 480w\" sizes=\"(max-width: 908px) 100vw, 908px\" \/><\/figure>\n\n\n\n<p>Tal como lo se\u00f1ala Hilda Pabst, Ejecutiva de Fomento de Valpara\u00edso Creativo: \u201cPara el programa ha sido muy relevante y nutritivo el v\u00ednculo con el Litoral de los Poetas. Gracias al Centro de Negocios de San Antonio, pudimos establecer un primer puente con creativas y creativos de esa provincia hermana y entender sus necesidades, que sin duda son particulares. Con este dossier de oportunidades para emprendedores, materializamos un primer ejercicio de trabajo conjunto que permita orientar la ruta de quienes est\u00e1n creando en sus distintas etapas y a la vez mostramos iniciativas ejemplares de este singular territorio\u201d.<\/p>\n\n\n\n<p>Al mismo tiempo, a esta declaraci\u00f3n Mauricio Cifuentes agreg\u00f3 a su vez que \u201cEl trabajo con el CDN de San Antonio y ProChile fue fundamental, aliarse es clave para no duplicar esfuerzos y eso es lo que estamos intentando generar. Esperamos que ac\u00e1 en San Antonio se de un lindo ejemplo a replicar en otros puntos de la Regi\u00f3n, pues sabemos que el desaf\u00edo es enorme y la Regi\u00f3n tiene distintas configuraciones territoriales que generar distintas propuestas de econom\u00eda creativa y trabajo cultural. Los recursos son limitados, por lo que la colaboraci\u00f3n es una pieza fundamental\u201d.<\/p>\n\n\n\n<p>Para m\u00e1s informaci\u00f3n, ingresa a la web <a href=\"http:\/\/www.valapraisocreativo.cl\">www.valapraisocreativo.cl<\/a><\/p>\n\n\n\n<p><a href=\"mailto:comunicaciones@valparaisocreativo.cl\">comunicaciones@valparaisocreativo.cl<\/a><\/p>\n","protected":false},"excerpt":{"rendered":"<p>El Programa Estrat\u00e9gico Regional Valpara\u00edso Creativo de CORFO, particip\u00f3 al lanzamiento del insumo \u201cCat\u00e1logo Litoral Creativo\u201d, realizado en colaboraci\u00f3n con el Centro de Desarrollo de Negocios de San Antonio y ProChile, y elaborado por Marca Consciente. La cita fue el d\u00eda jueves 21 de abril a las 10:45hrs. en Santa Luc\u00eda 350, en las dependencias [&hellip;]<\/p>\n","protected":false},"author":1,"featured_media":10711,"comment_status":"open","ping_status":"closed","sticky":false,"template":"","format":"standard","meta":{"_acf_changed":false,"footnotes":""},"categories":[8],"tags":[],"class_list":["post-10710","post","type-post","status-publish","format-standard","has-post-thumbnail","hentry","category-noticia"],"acf":[],"yoast_head":"<!-- This site is optimized with the Yoast SEO plugin v27.1.1 - https:\/\/yoast.com\/product\/yoast-seo-wordpress\/ -->\n<title>Valpara\u00edso Creativo y CDN San Antonio lanzan insumo para emprendimientos creativos de la zona - Valpara\u00ed\u00adso Creativo<\/title>\n<meta name=\"robots\" content=\"index, follow, max-snippet:-1, max-image-preview:large, max-video-preview:-1\" \/>\n<link rel=\"canonical\" href=\"https:\/\/dev.antudigital.cl\/sites\/vc\/valparaiso-creativo-y-cdn-san-antonio-lanzan-insumo-para-emprendimientos-creativos-de-la-zona\/\" \/>\n<meta property=\"og:locale\" content=\"es_ES\" \/>\n<meta property=\"og:type\" content=\"article\" \/>\n<meta property=\"og:title\" content=\"Valpara\u00edso Creativo y CDN San Antonio lanzan insumo para emprendimientos creativos de la zona - Valpara\u00ed\u00adso Creativo\" \/>\n<meta property=\"og:description\" content=\"El Programa Estrat\u00e9gico Regional Valpara\u00edso Creativo de CORFO, particip\u00f3 al lanzamiento del insumo \u201cCat\u00e1logo Litoral Creativo\u201d, realizado en colaboraci\u00f3n con el Centro de Desarrollo de Negocios de San Antonio y ProChile, y elaborado por Marca Consciente. La cita fue el d\u00eda jueves 21 de abril a las 10:45hrs. en Santa Luc\u00eda 350, en las dependencias [&hellip;]\" \/>\n<meta property=\"og:url\" content=\"https:\/\/dev.antudigital.cl\/sites\/vc\/valparaiso-creativo-y-cdn-san-antonio-lanzan-insumo-para-emprendimientos-creativos-de-la-zona\/\" \/>\n<meta property=\"og:site_name\" content=\"Valpara\u00ed\u00adso Creativo\" \/>\n<meta property=\"article:published_time\" content=\"2022-04-25T10:42:24+00:00\" \/>\n<meta property=\"article:modified_time\" content=\"2022-04-25T16:22:39+00:00\" \/>\n<meta property=\"og:image\" content=\"https:\/\/dev.antudigital.cl\/sites\/vc\/wp-content\/uploads\/2022\/04\/Captura-de-Pantalla-2022-04-25-a-las-06.40.07.png\" \/>\n\t<meta property=\"og:image:width\" content=\"910\" \/>\n\t<meta property=\"og:image:height\" content=\"619\" \/>\n\t<meta property=\"og:image:type\" content=\"image\/png\" \/>\n<meta name=\"author\" content=\"Valpara\u00edso Creativo\" \/>\n<meta name=\"twitter:card\" content=\"summary_large_image\" \/>\n<meta name=\"twitter:label1\" content=\"Escrito por\" \/>\n\t<meta name=\"twitter:data1\" content=\"Valpara\u00edso Creativo\" \/>\n\t<meta name=\"twitter:label2\" content=\"Tiempo de lectura\" \/>\n\t<meta name=\"twitter:data2\" content=\"3 minutos\" \/>\n<script type=\"application\/ld+json\" class=\"yoast-schema-graph\">{\"@context\":\"https:\/\/schema.org\",\"@graph\":[{\"@type\":\"Article\",\"@id\":\"https:\/\/dev.antudigital.cl\/sites\/vc\/valparaiso-creativo-y-cdn-san-antonio-lanzan-insumo-para-emprendimientos-creativos-de-la-zona\/#article\",\"isPartOf\":{\"@id\":\"https:\/\/dev.antudigital.cl\/sites\/vc\/valparaiso-creativo-y-cdn-san-antonio-lanzan-insumo-para-emprendimientos-creativos-de-la-zona\/\"},\"author\":{\"name\":\"Valpara\u00edso Creativo\",\"@id\":\"https:\/\/dev.antudigital.cl\/sites\/vc\/#\/schema\/person\/c2b9da8dd545e27166fc5ab232837318\"},\"headline\":\"Valpara\u00edso Creativo y CDN San Antonio lanzan insumo para emprendimientos creativos de la zona\",\"datePublished\":\"2022-04-25T10:42:24+00:00\",\"dateModified\":\"2022-04-25T16:22:39+00:00\",\"mainEntityOfPage\":{\"@id\":\"https:\/\/dev.antudigital.cl\/sites\/vc\/valparaiso-creativo-y-cdn-san-antonio-lanzan-insumo-para-emprendimientos-creativos-de-la-zona\/\"},\"wordCount\":464,\"commentCount\":0,\"image\":{\"@id\":\"https:\/\/dev.antudigital.cl\/sites\/vc\/valparaiso-creativo-y-cdn-san-antonio-lanzan-insumo-para-emprendimientos-creativos-de-la-zona\/#primaryimage\"},\"thumbnailUrl\":\"https:\/\/dev.antudigital.cl\/sites\/vc\/wp-content\/uploads\/2022\/04\/Captura-de-Pantalla-2022-04-25-a-las-06.40.07.png\",\"articleSection\":[\"Noticia\"],\"inLanguage\":\"es\",\"potentialAction\":[{\"@type\":\"CommentAction\",\"name\":\"Comment\",\"target\":[\"https:\/\/dev.antudigital.cl\/sites\/vc\/valparaiso-creativo-y-cdn-san-antonio-lanzan-insumo-para-emprendimientos-creativos-de-la-zona\/#respond\"]}]},{\"@type\":\"WebPage\",\"@id\":\"https:\/\/dev.antudigital.cl\/sites\/vc\/valparaiso-creativo-y-cdn-san-antonio-lanzan-insumo-para-emprendimientos-creativos-de-la-zona\/\",\"url\":\"https:\/\/dev.antudigital.cl\/sites\/vc\/valparaiso-creativo-y-cdn-san-antonio-lanzan-insumo-para-emprendimientos-creativos-de-la-zona\/\",\"name\":\"Valpara\u00edso Creativo y CDN San Antonio lanzan insumo para emprendimientos creativos de la zona - Valpara\u00ed\u00adso Creativo\",\"isPartOf\":{\"@id\":\"https:\/\/dev.antudigital.cl\/sites\/vc\/#website\"},\"primaryImageOfPage\":{\"@id\":\"https:\/\/dev.antudigital.cl\/sites\/vc\/valparaiso-creativo-y-cdn-san-antonio-lanzan-insumo-para-emprendimientos-creativos-de-la-zona\/#primaryimage\"},\"image\":{\"@id\":\"https:\/\/dev.antudigital.cl\/sites\/vc\/valparaiso-creativo-y-cdn-san-antonio-lanzan-insumo-para-emprendimientos-creativos-de-la-zona\/#primaryimage\"},\"thumbnailUrl\":\"https:\/\/dev.antudigital.cl\/sites\/vc\/wp-content\/uploads\/2022\/04\/Captura-de-Pantalla-2022-04-25-a-las-06.40.07.png\",\"datePublished\":\"2022-04-25T10:42:24+00:00\",\"dateModified\":\"2022-04-25T16:22:39+00:00\",\"author\":{\"@id\":\"https:\/\/dev.antudigital.cl\/sites\/vc\/#\/schema\/person\/c2b9da8dd545e27166fc5ab232837318\"},\"breadcrumb\":{\"@id\":\"https:\/\/dev.antudigital.cl\/sites\/vc\/valparaiso-creativo-y-cdn-san-antonio-lanzan-insumo-para-emprendimientos-creativos-de-la-zona\/#breadcrumb\"},\"inLanguage\":\"es\",\"potentialAction\":[{\"@type\":\"ReadAction\",\"target\":[\"https:\/\/dev.antudigital.cl\/sites\/vc\/valparaiso-creativo-y-cdn-san-antonio-lanzan-insumo-para-emprendimientos-creativos-de-la-zona\/\"]}]},{\"@type\":\"ImageObject\",\"inLanguage\":\"es\",\"@id\":\"https:\/\/dev.antudigital.cl\/sites\/vc\/valparaiso-creativo-y-cdn-san-antonio-lanzan-insumo-para-emprendimientos-creativos-de-la-zona\/#primaryimage\",\"url\":\"https:\/\/dev.antudigital.cl\/sites\/vc\/wp-content\/uploads\/2022\/04\/Captura-de-Pantalla-2022-04-25-a-las-06.40.07.png\",\"contentUrl\":\"https:\/\/dev.antudigital.cl\/sites\/vc\/wp-content\/uploads\/2022\/04\/Captura-de-Pantalla-2022-04-25-a-las-06.40.07.png\",\"width\":910,\"height\":619},{\"@type\":\"BreadcrumbList\",\"@id\":\"https:\/\/dev.antudigital.cl\/sites\/vc\/valparaiso-creativo-y-cdn-san-antonio-lanzan-insumo-para-emprendimientos-creativos-de-la-zona\/#breadcrumb\",\"itemListElement\":[{\"@type\":\"ListItem\",\"position\":1,\"name\":\"Home\",\"item\":\"https:\/\/dev.antudigital.cl\/sites\/vc\/\"},{\"@type\":\"ListItem\",\"position\":2,\"name\":\"Valpara\u00edso Creativo y CDN San Antonio lanzan insumo para emprendimientos creativos de la zona\"}]},{\"@type\":\"WebSite\",\"@id\":\"https:\/\/dev.antudigital.cl\/sites\/vc\/#website\",\"url\":\"https:\/\/dev.antudigital.cl\/sites\/vc\/\",\"name\":\"Valpara\u00ed\u00adso Creativo\",\"description\":\"\",\"potentialAction\":[{\"@type\":\"SearchAction\",\"target\":{\"@type\":\"EntryPoint\",\"urlTemplate\":\"https:\/\/dev.antudigital.cl\/sites\/vc\/?s={search_term_string}\"},\"query-input\":{\"@type\":\"PropertyValueSpecification\",\"valueRequired\":true,\"valueName\":\"search_term_string\"}}],\"inLanguage\":\"es\"},{\"@type\":\"Person\",\"@id\":\"https:\/\/dev.antudigital.cl\/sites\/vc\/#\/schema\/person\/c2b9da8dd545e27166fc5ab232837318\",\"name\":\"Valpara\u00edso Creativo\",\"description\":\"Periodista de cultura en la Regi\u00f3n de Valpara\u00edso.\",\"url\":\"https:\/\/dev.antudigital.cl\/sites\/vc\/author\/valpoadmin\/\"}]}<\/script>\n<!-- \/ Yoast SEO plugin. -->","yoast_head_json":{"title":"Valpara\u00edso Creativo y CDN San Antonio lanzan insumo para emprendimientos creativos de la zona - Valpara\u00ed\u00adso Creativo","robots":{"index":"index","follow":"follow","max-snippet":"max-snippet:-1","max-image-preview":"max-image-preview:large","max-video-preview":"max-video-preview:-1"},"canonical":"https:\/\/dev.antudigital.cl\/sites\/vc\/valparaiso-creativo-y-cdn-san-antonio-lanzan-insumo-para-emprendimientos-creativos-de-la-zona\/","og_locale":"es_ES","og_type":"article","og_title":"Valpara\u00edso Creativo y CDN San Antonio lanzan insumo para emprendimientos creativos de la zona - Valpara\u00ed\u00adso Creativo","og_description":"El Programa Estrat\u00e9gico Regional Valpara\u00edso Creativo de CORFO, particip\u00f3 al lanzamiento del insumo \u201cCat\u00e1logo Litoral Creativo\u201d, realizado en colaboraci\u00f3n con el Centro de Desarrollo de Negocios de San Antonio y ProChile, y elaborado por Marca Consciente. La cita fue el d\u00eda jueves 21 de abril a las 10:45hrs. en Santa Luc\u00eda 350, en las dependencias [&hellip;]","og_url":"https:\/\/dev.antudigital.cl\/sites\/vc\/valparaiso-creativo-y-cdn-san-antonio-lanzan-insumo-para-emprendimientos-creativos-de-la-zona\/","og_site_name":"Valpara\u00ed\u00adso Creativo","article_published_time":"2022-04-25T10:42:24+00:00","article_modified_time":"2022-04-25T16:22:39+00:00","og_image":[{"width":910,"height":619,"url":"https:\/\/dev.antudigital.cl\/sites\/vc\/wp-content\/uploads\/2022\/04\/Captura-de-Pantalla-2022-04-25-a-las-06.40.07.png","type":"image\/png"}],"author":"Valpara\u00edso Creativo","twitter_card":"summary_large_image","twitter_misc":{"Escrito por":"Valpara\u00edso Creativo","Tiempo de lectura":"3 minutos"},"schema":{"@context":"https:\/\/schema.org","@graph":[{"@type":"Article","@id":"https:\/\/dev.antudigital.cl\/sites\/vc\/valparaiso-creativo-y-cdn-san-antonio-lanzan-insumo-para-emprendimientos-creativos-de-la-zona\/#article","isPartOf":{"@id":"https:\/\/dev.antudigital.cl\/sites\/vc\/valparaiso-creativo-y-cdn-san-antonio-lanzan-insumo-para-emprendimientos-creativos-de-la-zona\/"},"author":{"name":"Valpara\u00edso Creativo","@id":"https:\/\/dev.antudigital.cl\/sites\/vc\/#\/schema\/person\/c2b9da8dd545e27166fc5ab232837318"},"headline":"Valpara\u00edso Creativo y CDN San Antonio lanzan insumo para emprendimientos creativos de la zona","datePublished":"2022-04-25T10:42:24+00:00","dateModified":"2022-04-25T16:22:39+00:00","mainEntityOfPage":{"@id":"https:\/\/dev.antudigital.cl\/sites\/vc\/valparaiso-creativo-y-cdn-san-antonio-lanzan-insumo-para-emprendimientos-creativos-de-la-zona\/"},"wordCount":464,"commentCount":0,"image":{"@id":"https:\/\/dev.antudigital.cl\/sites\/vc\/valparaiso-creativo-y-cdn-san-antonio-lanzan-insumo-para-emprendimientos-creativos-de-la-zona\/#primaryimage"},"thumbnailUrl":"https:\/\/dev.antudigital.cl\/sites\/vc\/wp-content\/uploads\/2022\/04\/Captura-de-Pantalla-2022-04-25-a-las-06.40.07.png","articleSection":["Noticia"],"inLanguage":"es","potentialAction":[{"@type":"CommentAction","name":"Comment","target":["https:\/\/dev.antudigital.cl\/sites\/vc\/valparaiso-creativo-y-cdn-san-antonio-lanzan-insumo-para-emprendimientos-creativos-de-la-zona\/#respond"]}]},{"@type":"WebPage","@id":"https:\/\/dev.antudigital.cl\/sites\/vc\/valparaiso-creativo-y-cdn-san-antonio-lanzan-insumo-para-emprendimientos-creativos-de-la-zona\/","url":"https:\/\/dev.antudigital.cl\/sites\/vc\/valparaiso-creativo-y-cdn-san-antonio-lanzan-insumo-para-emprendimientos-creativos-de-la-zona\/","name":"Valpara\u00edso Creativo y CDN San Antonio lanzan insumo para emprendimientos creativos de la zona - Valpara\u00ed\u00adso Creativo","isPartOf":{"@id":"https:\/\/dev.antudigital.cl\/sites\/vc\/#website"},"primaryImageOfPage":{"@id":"https:\/\/dev.antudigital.cl\/sites\/vc\/valparaiso-creativo-y-cdn-san-antonio-lanzan-insumo-para-emprendimientos-creativos-de-la-zona\/#primaryimage"},"image":{"@id":"https:\/\/dev.antudigital.cl\/sites\/vc\/valparaiso-creativo-y-cdn-san-antonio-lanzan-insumo-para-emprendimientos-creativos-de-la-zona\/#primaryimage"},"thumbnailUrl":"https:\/\/dev.antudigital.cl\/sites\/vc\/wp-content\/uploads\/2022\/04\/Captura-de-Pantalla-2022-04-25-a-las-06.40.07.png","datePublished":"2022-04-25T10:42:24+00:00","dateModified":"2022-04-25T16:22:39+00:00","author":{"@id":"https:\/\/dev.antudigital.cl\/sites\/vc\/#\/schema\/person\/c2b9da8dd545e27166fc5ab232837318"},"breadcrumb":{"@id":"https:\/\/dev.antudigital.cl\/sites\/vc\/valparaiso-creativo-y-cdn-san-antonio-lanzan-insumo-para-emprendimientos-creativos-de-la-zona\/#breadcrumb"},"inLanguage":"es","potentialAction":[{"@type":"ReadAction","target":["https:\/\/dev.antudigital.cl\/sites\/vc\/valparaiso-creativo-y-cdn-san-antonio-lanzan-insumo-para-emprendimientos-creativos-de-la-zona\/"]}]},{"@type":"ImageObject","inLanguage":"es","@id":"https:\/\/dev.antudigital.cl\/sites\/vc\/valparaiso-creativo-y-cdn-san-antonio-lanzan-insumo-para-emprendimientos-creativos-de-la-zona\/#primaryimage","url":"https:\/\/dev.antudigital.cl\/sites\/vc\/wp-content\/uploads\/2022\/04\/Captura-de-Pantalla-2022-04-25-a-las-06.40.07.png","contentUrl":"https:\/\/dev.antudigital.cl\/sites\/vc\/wp-content\/uploads\/2022\/04\/Captura-de-Pantalla-2022-04-25-a-las-06.40.07.png","width":910,"height":619},{"@type":"BreadcrumbList","@id":"https:\/\/dev.antudigital.cl\/sites\/vc\/valparaiso-creativo-y-cdn-san-antonio-lanzan-insumo-para-emprendimientos-creativos-de-la-zona\/#breadcrumb","itemListElement":[{"@type":"ListItem","position":1,"name":"Home","item":"https:\/\/dev.antudigital.cl\/sites\/vc\/"},{"@type":"ListItem","position":2,"name":"Valpara\u00edso Creativo y CDN San Antonio lanzan insumo para emprendimientos creativos de la zona"}]},{"@type":"WebSite","@id":"https:\/\/dev.antudigital.cl\/sites\/vc\/#website","url":"https:\/\/dev.antudigital.cl\/sites\/vc\/","name":"Valpara\u00ed\u00adso Creativo","description":"","potentialAction":[{"@type":"SearchAction","target":{"@type":"EntryPoint","urlTemplate":"https:\/\/dev.antudigital.cl\/sites\/vc\/?s={search_term_string}"},"query-input":{"@type":"PropertyValueSpecification","valueRequired":true,"valueName":"search_term_string"}}],"inLanguage":"es"},{"@type":"Person","@id":"https:\/\/dev.antudigital.cl\/sites\/vc\/#\/schema\/person\/c2b9da8dd545e27166fc5ab232837318","name":"Valpara\u00edso Creativo","description":"Periodista de cultura en la Regi\u00f3n de Valpara\u00edso.","url":"https:\/\/dev.antudigital.cl\/sites\/vc\/author\/valpoadmin\/"}]}},"_links":{"self":[{"href":"https:\/\/dev.antudigital.cl\/sites\/vc\/wp-json\/wp\/v2\/posts\/10710","targetHints":{"allow":["GET"]}}],"collection":[{"href":"https:\/\/dev.antudigital.cl\/sites\/vc\/wp-json\/wp\/v2\/posts"}],"about":[{"href":"https:\/\/dev.antudigital.cl\/sites\/vc\/wp-json\/wp\/v2\/types\/post"}],"author":[{"embeddable":true,"href":"https:\/\/dev.antudigital.cl\/sites\/vc\/wp-json\/wp\/v2\/users\/1"}],"replies":[{"embeddable":true,"href":"https:\/\/dev.antudigital.cl\/sites\/vc\/wp-json\/wp\/v2\/comments?post=10710"}],"version-history":[{"count":3,"href":"https:\/\/dev.antudigital.cl\/sites\/vc\/wp-json\/wp\/v2\/posts\/10710\/revisions"}],"predecessor-version":[{"id":10759,"href":"https:\/\/dev.antudigital.cl\/sites\/vc\/wp-json\/wp\/v2\/posts\/10710\/revisions\/10759"}],"wp:featuredmedia":[{"embeddable":true,"href":"https:\/\/dev.antudigital.cl\/sites\/vc\/wp-json\/wp\/v2\/media\/10711"}],"wp:attachment":[{"href":"https:\/\/dev.antudigital.cl\/sites\/vc\/wp-json\/wp\/v2\/media?parent=10710"}],"wp:term":[{"taxonomy":"category","embeddable":true,"href":"https:\/\/dev.antudigital.cl\/sites\/vc\/wp-json\/wp\/v2\/categories?post=10710"},{"taxonomy":"post_tag","embeddable":true,"href":"https:\/\/dev.antudigital.cl\/sites\/vc\/wp-json\/wp\/v2\/tags?post=10710"}],"curies":[{"name":"wp","href":"https:\/\/api.w.org\/{rel}","templated":true}]}}