{"id":10717,"date":"2022-04-25T10:54:25","date_gmt":"2022-04-25T10:54:25","guid":{"rendered":"https:\/\/www.valparaisocreativo.cl\/?p=10717"},"modified":"2022-04-25T10:54:31","modified_gmt":"2022-04-25T10:54:31","slug":"caudal-te-invita-a-su-taller-de-introduccion-a-ableton-live","status":"publish","type":"post","link":"https:\/\/dev.antudigital.cl\/sites\/vc\/caudal-te-invita-a-su-taller-de-introduccion-a-ableton-live\/","title":{"rendered":"Caudal te invita a su taller de introducci\u00f3n a Ableton Live"},"content":{"rendered":"\n<p><a href=\"https:\/\/www.instagram.com\/surpoprecords\/\">SurPop Records<\/a> estar\u00e1 llevando a cabo este 2 y 3 de mayo, un taller<strong> de Introducci\u00f3n a los Sintetizadores con Ableton Live, impartido por Carlos Lecaros<\/strong>.<\/p>\n\n\n\n<p>Lecaros es m\u00fasico popular y experimental, con formaci\u00f3n autodidacta en m\u00fasica afrolatina y africana, formado en m\u00fasica cl\u00e1sica en el Conservatorio Superior de M\u00fasica \u201cManuel de Falla\u201d de la ciudad de Buenos Aires. Se ha desempe\u00f1ado como percusionista y director musical en diversas agrupaciones musicales en Concepci\u00f3n (Chile) y Buenos Aires (Argentina). Actualmente, est\u00e1 dedicado a la composici\u00f3n musical y el dise\u00f1o sonoro en conjunto con creadores de danza, teatro y cine. Paralelamente, desde el a\u00f1o 2020 trabaja en su proyecto personal de m\u00fasica electr\u00f3nica \u201cMaquinista\u201d y en el proyecto educativo \u201cTaller Popular de M\u00fasica Electr\u00f3nica\u201d.<\/p>\n\n\n\n<p>En la instancia aprender\u00e1s a manejar la herramienta, abierto para todos quienes buscan un acercamiento inicial.<\/p>\n\n\n\n<p>Inscr\u00edbete en el <a href=\"https:\/\/www.instagram.com\/surpoprecords\/\">siguiente link.<\/a><\/p>\n","protected":false},"excerpt":{"rendered":"<p>SurPop Records estar\u00e1 llevando a cabo este 2 y 3 de mayo, un taller de Introducci\u00f3n a los Sintetizadores con Ableton Live, impartido por Carlos Lecaros. Lecaros es m\u00fasico popular y experimental, con formaci\u00f3n autodidacta en m\u00fasica afrolatina y africana, formado en m\u00fasica cl\u00e1sica en el Conservatorio Superior de M\u00fasica \u201cManuel de Falla\u201d de la [&hellip;]<\/p>\n","protected":false},"author":1,"featured_media":10718,"comment_status":"open","ping_status":"closed","sticky":false,"template":"","format":"standard","meta":{"_acf_changed":false,"footnotes":""},"categories":[8],"tags":[],"class_list":["post-10717","post","type-post","status-publish","format-standard","has-post-thumbnail","hentry","category-noticia"],"acf":[],"yoast_head":"<!-- This site is optimized with the Yoast SEO plugin v27.1.1 - https:\/\/yoast.com\/product\/yoast-seo-wordpress\/ -->\n<title>Caudal te invita a su taller de introducci\u00f3n a Ableton Live - Valpara\u00ed\u00adso Creativo<\/title>\n<meta name=\"robots\" content=\"index, follow, max-snippet:-1, max-image-preview:large, max-video-preview:-1\" \/>\n<link rel=\"canonical\" href=\"https:\/\/dev.antudigital.cl\/sites\/vc\/caudal-te-invita-a-su-taller-de-introduccion-a-ableton-live\/\" \/>\n<meta property=\"og:locale\" content=\"es_ES\" \/>\n<meta property=\"og:type\" content=\"article\" \/>\n<meta property=\"og:title\" content=\"Caudal te invita a su taller de introducci\u00f3n a Ableton Live - Valpara\u00ed\u00adso Creativo\" \/>\n<meta property=\"og:description\" content=\"SurPop Records estar\u00e1 llevando a cabo este 2 y 3 de mayo, un taller de Introducci\u00f3n a los Sintetizadores con Ableton Live, impartido por Carlos Lecaros. Lecaros es m\u00fasico popular y experimental, con formaci\u00f3n autodidacta en m\u00fasica afrolatina y africana, formado en m\u00fasica cl\u00e1sica en el Conservatorio Superior de M\u00fasica \u201cManuel de Falla\u201d de la [&hellip;]\" \/>\n<meta property=\"og:url\" content=\"https:\/\/dev.antudigital.cl\/sites\/vc\/caudal-te-invita-a-su-taller-de-introduccion-a-ableton-live\/\" \/>\n<meta property=\"og:site_name\" content=\"Valpara\u00ed\u00adso Creativo\" \/>\n<meta property=\"article:published_time\" content=\"2022-04-25T10:54:25+00:00\" \/>\n<meta property=\"article:modified_time\" content=\"2022-04-25T10:54:31+00:00\" \/>\n<meta property=\"og:image\" content=\"https:\/\/dev.antudigital.cl\/sites\/vc\/wp-content\/uploads\/2022\/04\/Captura-de-Pantalla-2022-04-25-a-las-06.50.37.png\" \/>\n\t<meta property=\"og:image:width\" content=\"613\" \/>\n\t<meta property=\"og:image:height\" content=\"611\" \/>\n\t<meta property=\"og:image:type\" content=\"image\/png\" \/>\n<meta name=\"author\" content=\"Valpara\u00edso Creativo\" \/>\n<meta name=\"twitter:card\" content=\"summary_large_image\" \/>\n<meta name=\"twitter:label1\" content=\"Escrito por\" \/>\n\t<meta name=\"twitter:data1\" content=\"Valpara\u00edso Creativo\" \/>\n\t<meta name=\"twitter:label2\" content=\"Tiempo de lectura\" \/>\n\t<meta name=\"twitter:data2\" content=\"1 minuto\" \/>\n<script type=\"application\/ld+json\" class=\"yoast-schema-graph\">{\"@context\":\"https:\/\/schema.org\",\"@graph\":[{\"@type\":\"Article\",\"@id\":\"https:\/\/dev.antudigital.cl\/sites\/vc\/caudal-te-invita-a-su-taller-de-introduccion-a-ableton-live\/#article\",\"isPartOf\":{\"@id\":\"https:\/\/dev.antudigital.cl\/sites\/vc\/caudal-te-invita-a-su-taller-de-introduccion-a-ableton-live\/\"},\"author\":{\"name\":\"Valpara\u00edso Creativo\",\"@id\":\"https:\/\/dev.antudigital.cl\/sites\/vc\/#\/schema\/person\/c2b9da8dd545e27166fc5ab232837318\"},\"headline\":\"Caudal te invita a su taller de introducci\u00f3n a Ableton Live\",\"datePublished\":\"2022-04-25T10:54:25+00:00\",\"dateModified\":\"2022-04-25T10:54:31+00:00\",\"mainEntityOfPage\":{\"@id\":\"https:\/\/dev.antudigital.cl\/sites\/vc\/caudal-te-invita-a-su-taller-de-introduccion-a-ableton-live\/\"},\"wordCount\":170,\"commentCount\":0,\"image\":{\"@id\":\"https:\/\/dev.antudigital.cl\/sites\/vc\/caudal-te-invita-a-su-taller-de-introduccion-a-ableton-live\/#primaryimage\"},\"thumbnailUrl\":\"https:\/\/dev.antudigital.cl\/sites\/vc\/wp-content\/uploads\/2022\/04\/Captura-de-Pantalla-2022-04-25-a-las-06.50.37.png\",\"articleSection\":[\"Noticia\"],\"inLanguage\":\"es\",\"potentialAction\":[{\"@type\":\"CommentAction\",\"name\":\"Comment\",\"target\":[\"https:\/\/dev.antudigital.cl\/sites\/vc\/caudal-te-invita-a-su-taller-de-introduccion-a-ableton-live\/#respond\"]}]},{\"@type\":\"WebPage\",\"@id\":\"https:\/\/dev.antudigital.cl\/sites\/vc\/caudal-te-invita-a-su-taller-de-introduccion-a-ableton-live\/\",\"url\":\"https:\/\/dev.antudigital.cl\/sites\/vc\/caudal-te-invita-a-su-taller-de-introduccion-a-ableton-live\/\",\"name\":\"Caudal te invita a su taller de introducci\u00f3n a Ableton Live - Valpara\u00ed\u00adso Creativo\",\"isPartOf\":{\"@id\":\"https:\/\/dev.antudigital.cl\/sites\/vc\/#website\"},\"primaryImageOfPage\":{\"@id\":\"https:\/\/dev.antudigital.cl\/sites\/vc\/caudal-te-invita-a-su-taller-de-introduccion-a-ableton-live\/#primaryimage\"},\"image\":{\"@id\":\"https:\/\/dev.antudigital.cl\/sites\/vc\/caudal-te-invita-a-su-taller-de-introduccion-a-ableton-live\/#primaryimage\"},\"thumbnailUrl\":\"https:\/\/dev.antudigital.cl\/sites\/vc\/wp-content\/uploads\/2022\/04\/Captura-de-Pantalla-2022-04-25-a-las-06.50.37.png\",\"datePublished\":\"2022-04-25T10:54:25+00:00\",\"dateModified\":\"2022-04-25T10:54:31+00:00\",\"author\":{\"@id\":\"https:\/\/dev.antudigital.cl\/sites\/vc\/#\/schema\/person\/c2b9da8dd545e27166fc5ab232837318\"},\"breadcrumb\":{\"@id\":\"https:\/\/dev.antudigital.cl\/sites\/vc\/caudal-te-invita-a-su-taller-de-introduccion-a-ableton-live\/#breadcrumb\"},\"inLanguage\":\"es\",\"potentialAction\":[{\"@type\":\"ReadAction\",\"target\":[\"https:\/\/dev.antudigital.cl\/sites\/vc\/caudal-te-invita-a-su-taller-de-introduccion-a-ableton-live\/\"]}]},{\"@type\":\"ImageObject\",\"inLanguage\":\"es\",\"@id\":\"https:\/\/dev.antudigital.cl\/sites\/vc\/caudal-te-invita-a-su-taller-de-introduccion-a-ableton-live\/#primaryimage\",\"url\":\"https:\/\/dev.antudigital.cl\/sites\/vc\/wp-content\/uploads\/2022\/04\/Captura-de-Pantalla-2022-04-25-a-las-06.50.37.png\",\"contentUrl\":\"https:\/\/dev.antudigital.cl\/sites\/vc\/wp-content\/uploads\/2022\/04\/Captura-de-Pantalla-2022-04-25-a-las-06.50.37.png\",\"width\":613,\"height\":611},{\"@type\":\"BreadcrumbList\",\"@id\":\"https:\/\/dev.antudigital.cl\/sites\/vc\/caudal-te-invita-a-su-taller-de-introduccion-a-ableton-live\/#breadcrumb\",\"itemListElement\":[{\"@type\":\"ListItem\",\"position\":1,\"name\":\"Home\",\"item\":\"https:\/\/dev.antudigital.cl\/sites\/vc\/\"},{\"@type\":\"ListItem\",\"position\":2,\"name\":\"Caudal te invita a su taller de introducci\u00f3n a Ableton Live\"}]},{\"@type\":\"WebSite\",\"@id\":\"https:\/\/dev.antudigital.cl\/sites\/vc\/#website\",\"url\":\"https:\/\/dev.antudigital.cl\/sites\/vc\/\",\"name\":\"Valpara\u00ed\u00adso Creativo\",\"description\":\"\",\"potentialAction\":[{\"@type\":\"SearchAction\",\"target\":{\"@type\":\"EntryPoint\",\"urlTemplate\":\"https:\/\/dev.antudigital.cl\/sites\/vc\/?s={search_term_string}\"},\"query-input\":{\"@type\":\"PropertyValueSpecification\",\"valueRequired\":true,\"valueName\":\"search_term_string\"}}],\"inLanguage\":\"es\"},{\"@type\":\"Person\",\"@id\":\"https:\/\/dev.antudigital.cl\/sites\/vc\/#\/schema\/person\/c2b9da8dd545e27166fc5ab232837318\",\"name\":\"Valpara\u00edso Creativo\",\"description\":\"Periodista de cultura en la Regi\u00f3n de Valpara\u00edso.\",\"url\":\"https:\/\/dev.antudigital.cl\/sites\/vc\/author\/valpoadmin\/\"}]}<\/script>\n<!-- \/ Yoast SEO plugin. -->","yoast_head_json":{"title":"Caudal te invita a su taller de introducci\u00f3n a Ableton Live - Valpara\u00ed\u00adso Creativo","robots":{"index":"index","follow":"follow","max-snippet":"max-snippet:-1","max-image-preview":"max-image-preview:large","max-video-preview":"max-video-preview:-1"},"canonical":"https:\/\/dev.antudigital.cl\/sites\/vc\/caudal-te-invita-a-su-taller-de-introduccion-a-ableton-live\/","og_locale":"es_ES","og_type":"article","og_title":"Caudal te invita a su taller de introducci\u00f3n a Ableton Live - Valpara\u00ed\u00adso Creativo","og_description":"SurPop Records estar\u00e1 llevando a cabo este 2 y 3 de mayo, un taller de Introducci\u00f3n a los Sintetizadores con Ableton Live, impartido por Carlos Lecaros. Lecaros es m\u00fasico popular y experimental, con formaci\u00f3n autodidacta en m\u00fasica afrolatina y africana, formado en m\u00fasica cl\u00e1sica en el Conservatorio Superior de M\u00fasica \u201cManuel de Falla\u201d de la [&hellip;]","og_url":"https:\/\/dev.antudigital.cl\/sites\/vc\/caudal-te-invita-a-su-taller-de-introduccion-a-ableton-live\/","og_site_name":"Valpara\u00ed\u00adso Creativo","article_published_time":"2022-04-25T10:54:25+00:00","article_modified_time":"2022-04-25T10:54:31+00:00","og_image":[{"width":613,"height":611,"url":"https:\/\/dev.antudigital.cl\/sites\/vc\/wp-content\/uploads\/2022\/04\/Captura-de-Pantalla-2022-04-25-a-las-06.50.37.png","type":"image\/png"}],"author":"Valpara\u00edso Creativo","twitter_card":"summary_large_image","twitter_misc":{"Escrito por":"Valpara\u00edso Creativo","Tiempo de lectura":"1 minuto"},"schema":{"@context":"https:\/\/schema.org","@graph":[{"@type":"Article","@id":"https:\/\/dev.antudigital.cl\/sites\/vc\/caudal-te-invita-a-su-taller-de-introduccion-a-ableton-live\/#article","isPartOf":{"@id":"https:\/\/dev.antudigital.cl\/sites\/vc\/caudal-te-invita-a-su-taller-de-introduccion-a-ableton-live\/"},"author":{"name":"Valpara\u00edso Creativo","@id":"https:\/\/dev.antudigital.cl\/sites\/vc\/#\/schema\/person\/c2b9da8dd545e27166fc5ab232837318"},"headline":"Caudal te invita a su taller de introducci\u00f3n a Ableton Live","datePublished":"2022-04-25T10:54:25+00:00","dateModified":"2022-04-25T10:54:31+00:00","mainEntityOfPage":{"@id":"https:\/\/dev.antudigital.cl\/sites\/vc\/caudal-te-invita-a-su-taller-de-introduccion-a-ableton-live\/"},"wordCount":170,"commentCount":0,"image":{"@id":"https:\/\/dev.antudigital.cl\/sites\/vc\/caudal-te-invita-a-su-taller-de-introduccion-a-ableton-live\/#primaryimage"},"thumbnailUrl":"https:\/\/dev.antudigital.cl\/sites\/vc\/wp-content\/uploads\/2022\/04\/Captura-de-Pantalla-2022-04-25-a-las-06.50.37.png","articleSection":["Noticia"],"inLanguage":"es","potentialAction":[{"@type":"CommentAction","name":"Comment","target":["https:\/\/dev.antudigital.cl\/sites\/vc\/caudal-te-invita-a-su-taller-de-introduccion-a-ableton-live\/#respond"]}]},{"@type":"WebPage","@id":"https:\/\/dev.antudigital.cl\/sites\/vc\/caudal-te-invita-a-su-taller-de-introduccion-a-ableton-live\/","url":"https:\/\/dev.antudigital.cl\/sites\/vc\/caudal-te-invita-a-su-taller-de-introduccion-a-ableton-live\/","name":"Caudal te invita a su taller de introducci\u00f3n a Ableton Live - Valpara\u00ed\u00adso Creativo","isPartOf":{"@id":"https:\/\/dev.antudigital.cl\/sites\/vc\/#website"},"primaryImageOfPage":{"@id":"https:\/\/dev.antudigital.cl\/sites\/vc\/caudal-te-invita-a-su-taller-de-introduccion-a-ableton-live\/#primaryimage"},"image":{"@id":"https:\/\/dev.antudigital.cl\/sites\/vc\/caudal-te-invita-a-su-taller-de-introduccion-a-ableton-live\/#primaryimage"},"thumbnailUrl":"https:\/\/dev.antudigital.cl\/sites\/vc\/wp-content\/uploads\/2022\/04\/Captura-de-Pantalla-2022-04-25-a-las-06.50.37.png","datePublished":"2022-04-25T10:54:25+00:00","dateModified":"2022-04-25T10:54:31+00:00","author":{"@id":"https:\/\/dev.antudigital.cl\/sites\/vc\/#\/schema\/person\/c2b9da8dd545e27166fc5ab232837318"},"breadcrumb":{"@id":"https:\/\/dev.antudigital.cl\/sites\/vc\/caudal-te-invita-a-su-taller-de-introduccion-a-ableton-live\/#breadcrumb"},"inLanguage":"es","potentialAction":[{"@type":"ReadAction","target":["https:\/\/dev.antudigital.cl\/sites\/vc\/caudal-te-invita-a-su-taller-de-introduccion-a-ableton-live\/"]}]},{"@type":"ImageObject","inLanguage":"es","@id":"https:\/\/dev.antudigital.cl\/sites\/vc\/caudal-te-invita-a-su-taller-de-introduccion-a-ableton-live\/#primaryimage","url":"https:\/\/dev.antudigital.cl\/sites\/vc\/wp-content\/uploads\/2022\/04\/Captura-de-Pantalla-2022-04-25-a-las-06.50.37.png","contentUrl":"https:\/\/dev.antudigital.cl\/sites\/vc\/wp-content\/uploads\/2022\/04\/Captura-de-Pantalla-2022-04-25-a-las-06.50.37.png","width":613,"height":611},{"@type":"BreadcrumbList","@id":"https:\/\/dev.antudigital.cl\/sites\/vc\/caudal-te-invita-a-su-taller-de-introduccion-a-ableton-live\/#breadcrumb","itemListElement":[{"@type":"ListItem","position":1,"name":"Home","item":"https:\/\/dev.antudigital.cl\/sites\/vc\/"},{"@type":"ListItem","position":2,"name":"Caudal te invita a su taller de introducci\u00f3n a Ableton Live"}]},{"@type":"WebSite","@id":"https:\/\/dev.antudigital.cl\/sites\/vc\/#website","url":"https:\/\/dev.antudigital.cl\/sites\/vc\/","name":"Valpara\u00ed\u00adso Creativo","description":"","potentialAction":[{"@type":"SearchAction","target":{"@type":"EntryPoint","urlTemplate":"https:\/\/dev.antudigital.cl\/sites\/vc\/?s={search_term_string}"},"query-input":{"@type":"PropertyValueSpecification","valueRequired":true,"valueName":"search_term_string"}}],"inLanguage":"es"},{"@type":"Person","@id":"https:\/\/dev.antudigital.cl\/sites\/vc\/#\/schema\/person\/c2b9da8dd545e27166fc5ab232837318","name":"Valpara\u00edso Creativo","description":"Periodista de cultura en la Regi\u00f3n de Valpara\u00edso.","url":"https:\/\/dev.antudigital.cl\/sites\/vc\/author\/valpoadmin\/"}]}},"_links":{"self":[{"href":"https:\/\/dev.antudigital.cl\/sites\/vc\/wp-json\/wp\/v2\/posts\/10717","targetHints":{"allow":["GET"]}}],"collection":[{"href":"https:\/\/dev.antudigital.cl\/sites\/vc\/wp-json\/wp\/v2\/posts"}],"about":[{"href":"https:\/\/dev.antudigital.cl\/sites\/vc\/wp-json\/wp\/v2\/types\/post"}],"author":[{"embeddable":true,"href":"https:\/\/dev.antudigital.cl\/sites\/vc\/wp-json\/wp\/v2\/users\/1"}],"replies":[{"embeddable":true,"href":"https:\/\/dev.antudigital.cl\/sites\/vc\/wp-json\/wp\/v2\/comments?post=10717"}],"version-history":[{"count":1,"href":"https:\/\/dev.antudigital.cl\/sites\/vc\/wp-json\/wp\/v2\/posts\/10717\/revisions"}],"predecessor-version":[{"id":10719,"href":"https:\/\/dev.antudigital.cl\/sites\/vc\/wp-json\/wp\/v2\/posts\/10717\/revisions\/10719"}],"wp:featuredmedia":[{"embeddable":true,"href":"https:\/\/dev.antudigital.cl\/sites\/vc\/wp-json\/wp\/v2\/media\/10718"}],"wp:attachment":[{"href":"https:\/\/dev.antudigital.cl\/sites\/vc\/wp-json\/wp\/v2\/media?parent=10717"}],"wp:term":[{"taxonomy":"category","embeddable":true,"href":"https:\/\/dev.antudigital.cl\/sites\/vc\/wp-json\/wp\/v2\/categories?post=10717"},{"taxonomy":"post_tag","embeddable":true,"href":"https:\/\/dev.antudigital.cl\/sites\/vc\/wp-json\/wp\/v2\/tags?post=10717"}],"curies":[{"name":"wp","href":"https:\/\/api.w.org\/{rel}","templated":true}]}}