{"id":10720,"date":"2022-04-25T11:00:51","date_gmt":"2022-04-25T11:00:51","guid":{"rendered":"https:\/\/www.valparaisocreativo.cl\/?p=10720"},"modified":"2022-04-25T11:00:56","modified_gmt":"2022-04-25T11:00:56","slug":"buscan-colaboradores-y-colaboradoras-en-fic-la-ventana","status":"publish","type":"post","link":"https:\/\/dev.antudigital.cl\/sites\/vc\/buscan-colaboradores-y-colaboradoras-en-fic-la-ventana\/","title":{"rendered":"Buscan colaboradores y colaboradoras en FIC La Ventana"},"content":{"rendered":"\n<p>En el Festival Itinerante de Cortometrajes La Ventana est\u00e1n en b\u00fasqueda de personas que quieran sumarse a su equipo para la versi\u00f3n 2022; si te interesa el Cine Independiente, y quieres colaborar en <a href=\"https:\/\/www.instagram.com\/fic_laventana\/\">FIC La Ventana<\/a> rellena el formulario adjunto abajo de la nota.<br><br>Se trata de un equipo colaborativo, emp\u00e1tico, independiente, autogestionado, dispuesto a escuchar y crear con el objetivo de dar ventanas al Cine De Guerrilla y bajo presupuesto. <\/p>\n\n\n\n<p>\u00bfQu\u00e9 buscan? Realizadores, productores\/as, periodistas y m\u00e1s para conformar un equipo s\u00f3lido.<br><br>Si tienes dudas escribe a Contacto@ficlaventana.cl <\/p>\n\n\n\n<p>Inscr\u00edbete en el <strong><a href=\"https:\/\/l.instagram.com\/?u=https%3A%2F%2Fforms.gle%2FSit1yVFBMxsHAnDd7&amp;e=ATN96wbLwXFeI6M5skewHL13LZYrult9IQ0sB49WTCsCGJGq4jmif2OQ9geGGsoRBs-dJ95BJ3JsE48ajJBV5A&amp;s=1\">siguiente formulario<\/a><\/strong>.<\/p>\n","protected":false},"excerpt":{"rendered":"<p>En el Festival Itinerante de Cortometrajes La Ventana est\u00e1n en b\u00fasqueda de personas que quieran sumarse a su equipo para la versi\u00f3n 2022; si te interesa el Cine Independiente, y quieres colaborar en FIC La Ventana rellena el formulario adjunto abajo de la nota. Se trata de un equipo colaborativo, emp\u00e1tico, independiente, autogestionado, dispuesto a [&hellip;]<\/p>\n","protected":false},"author":1,"featured_media":10721,"comment_status":"open","ping_status":"closed","sticky":false,"template":"","format":"standard","meta":{"_acf_changed":false,"footnotes":""},"categories":[8],"tags":[],"class_list":["post-10720","post","type-post","status-publish","format-standard","has-post-thumbnail","hentry","category-noticia"],"acf":[],"yoast_head":"<!-- This site is optimized with the Yoast SEO plugin v27.1.1 - https:\/\/yoast.com\/product\/yoast-seo-wordpress\/ -->\n<title>Buscan colaboradores y colaboradoras en FIC La Ventana - Valpara\u00ed\u00adso Creativo<\/title>\n<meta name=\"robots\" content=\"index, follow, max-snippet:-1, max-image-preview:large, max-video-preview:-1\" \/>\n<link rel=\"canonical\" href=\"https:\/\/dev.antudigital.cl\/sites\/vc\/buscan-colaboradores-y-colaboradoras-en-fic-la-ventana\/\" \/>\n<meta property=\"og:locale\" content=\"es_ES\" \/>\n<meta property=\"og:type\" content=\"article\" \/>\n<meta property=\"og:title\" content=\"Buscan colaboradores y colaboradoras en FIC La Ventana - Valpara\u00ed\u00adso Creativo\" \/>\n<meta property=\"og:description\" content=\"En el Festival Itinerante de Cortometrajes La Ventana est\u00e1n en b\u00fasqueda de personas que quieran sumarse a su equipo para la versi\u00f3n 2022; si te interesa el Cine Independiente, y quieres colaborar en FIC La Ventana rellena el formulario adjunto abajo de la nota. Se trata de un equipo colaborativo, emp\u00e1tico, independiente, autogestionado, dispuesto a [&hellip;]\" \/>\n<meta property=\"og:url\" content=\"https:\/\/dev.antudigital.cl\/sites\/vc\/buscan-colaboradores-y-colaboradoras-en-fic-la-ventana\/\" \/>\n<meta property=\"og:site_name\" content=\"Valpara\u00ed\u00adso Creativo\" \/>\n<meta property=\"article:published_time\" content=\"2022-04-25T11:00:51+00:00\" \/>\n<meta property=\"article:modified_time\" content=\"2022-04-25T11:00:56+00:00\" \/>\n<meta property=\"og:image\" content=\"https:\/\/dev.antudigital.cl\/sites\/vc\/wp-content\/uploads\/2022\/04\/IMG_1937.jpg\" \/>\n\t<meta property=\"og:image:width\" content=\"750\" \/>\n\t<meta property=\"og:image:height\" content=\"726\" \/>\n\t<meta property=\"og:image:type\" content=\"image\/jpeg\" \/>\n<meta name=\"author\" content=\"Valpara\u00edso Creativo\" \/>\n<meta name=\"twitter:card\" content=\"summary_large_image\" \/>\n<meta name=\"twitter:label1\" content=\"Escrito por\" \/>\n\t<meta name=\"twitter:data1\" content=\"Valpara\u00edso Creativo\" \/>\n\t<meta name=\"twitter:label2\" content=\"Tiempo de lectura\" \/>\n\t<meta name=\"twitter:data2\" content=\"1 minuto\" \/>\n<script type=\"application\/ld+json\" class=\"yoast-schema-graph\">{\"@context\":\"https:\/\/schema.org\",\"@graph\":[{\"@type\":\"Article\",\"@id\":\"https:\/\/dev.antudigital.cl\/sites\/vc\/buscan-colaboradores-y-colaboradoras-en-fic-la-ventana\/#article\",\"isPartOf\":{\"@id\":\"https:\/\/dev.antudigital.cl\/sites\/vc\/buscan-colaboradores-y-colaboradoras-en-fic-la-ventana\/\"},\"author\":{\"name\":\"Valpara\u00edso Creativo\",\"@id\":\"https:\/\/dev.antudigital.cl\/sites\/vc\/#\/schema\/person\/c2b9da8dd545e27166fc5ab232837318\"},\"headline\":\"Buscan colaboradores y colaboradoras en FIC La Ventana\",\"datePublished\":\"2022-04-25T11:00:51+00:00\",\"dateModified\":\"2022-04-25T11:00:56+00:00\",\"mainEntityOfPage\":{\"@id\":\"https:\/\/dev.antudigital.cl\/sites\/vc\/buscan-colaboradores-y-colaboradoras-en-fic-la-ventana\/\"},\"wordCount\":111,\"commentCount\":0,\"image\":{\"@id\":\"https:\/\/dev.antudigital.cl\/sites\/vc\/buscan-colaboradores-y-colaboradoras-en-fic-la-ventana\/#primaryimage\"},\"thumbnailUrl\":\"https:\/\/dev.antudigital.cl\/sites\/vc\/wp-content\/uploads\/2022\/04\/IMG_1937.jpg\",\"articleSection\":[\"Noticia\"],\"inLanguage\":\"es\",\"potentialAction\":[{\"@type\":\"CommentAction\",\"name\":\"Comment\",\"target\":[\"https:\/\/dev.antudigital.cl\/sites\/vc\/buscan-colaboradores-y-colaboradoras-en-fic-la-ventana\/#respond\"]}]},{\"@type\":\"WebPage\",\"@id\":\"https:\/\/dev.antudigital.cl\/sites\/vc\/buscan-colaboradores-y-colaboradoras-en-fic-la-ventana\/\",\"url\":\"https:\/\/dev.antudigital.cl\/sites\/vc\/buscan-colaboradores-y-colaboradoras-en-fic-la-ventana\/\",\"name\":\"Buscan colaboradores y colaboradoras en FIC La Ventana - Valpara\u00ed\u00adso Creativo\",\"isPartOf\":{\"@id\":\"https:\/\/dev.antudigital.cl\/sites\/vc\/#website\"},\"primaryImageOfPage\":{\"@id\":\"https:\/\/dev.antudigital.cl\/sites\/vc\/buscan-colaboradores-y-colaboradoras-en-fic-la-ventana\/#primaryimage\"},\"image\":{\"@id\":\"https:\/\/dev.antudigital.cl\/sites\/vc\/buscan-colaboradores-y-colaboradoras-en-fic-la-ventana\/#primaryimage\"},\"thumbnailUrl\":\"https:\/\/dev.antudigital.cl\/sites\/vc\/wp-content\/uploads\/2022\/04\/IMG_1937.jpg\",\"datePublished\":\"2022-04-25T11:00:51+00:00\",\"dateModified\":\"2022-04-25T11:00:56+00:00\",\"author\":{\"@id\":\"https:\/\/dev.antudigital.cl\/sites\/vc\/#\/schema\/person\/c2b9da8dd545e27166fc5ab232837318\"},\"breadcrumb\":{\"@id\":\"https:\/\/dev.antudigital.cl\/sites\/vc\/buscan-colaboradores-y-colaboradoras-en-fic-la-ventana\/#breadcrumb\"},\"inLanguage\":\"es\",\"potentialAction\":[{\"@type\":\"ReadAction\",\"target\":[\"https:\/\/dev.antudigital.cl\/sites\/vc\/buscan-colaboradores-y-colaboradoras-en-fic-la-ventana\/\"]}]},{\"@type\":\"ImageObject\",\"inLanguage\":\"es\",\"@id\":\"https:\/\/dev.antudigital.cl\/sites\/vc\/buscan-colaboradores-y-colaboradoras-en-fic-la-ventana\/#primaryimage\",\"url\":\"https:\/\/dev.antudigital.cl\/sites\/vc\/wp-content\/uploads\/2022\/04\/IMG_1937.jpg\",\"contentUrl\":\"https:\/\/dev.antudigital.cl\/sites\/vc\/wp-content\/uploads\/2022\/04\/IMG_1937.jpg\",\"width\":750,\"height\":726},{\"@type\":\"BreadcrumbList\",\"@id\":\"https:\/\/dev.antudigital.cl\/sites\/vc\/buscan-colaboradores-y-colaboradoras-en-fic-la-ventana\/#breadcrumb\",\"itemListElement\":[{\"@type\":\"ListItem\",\"position\":1,\"name\":\"Home\",\"item\":\"https:\/\/dev.antudigital.cl\/sites\/vc\/\"},{\"@type\":\"ListItem\",\"position\":2,\"name\":\"Buscan colaboradores y colaboradoras en FIC La Ventana\"}]},{\"@type\":\"WebSite\",\"@id\":\"https:\/\/dev.antudigital.cl\/sites\/vc\/#website\",\"url\":\"https:\/\/dev.antudigital.cl\/sites\/vc\/\",\"name\":\"Valpara\u00ed\u00adso Creativo\",\"description\":\"\",\"potentialAction\":[{\"@type\":\"SearchAction\",\"target\":{\"@type\":\"EntryPoint\",\"urlTemplate\":\"https:\/\/dev.antudigital.cl\/sites\/vc\/?s={search_term_string}\"},\"query-input\":{\"@type\":\"PropertyValueSpecification\",\"valueRequired\":true,\"valueName\":\"search_term_string\"}}],\"inLanguage\":\"es\"},{\"@type\":\"Person\",\"@id\":\"https:\/\/dev.antudigital.cl\/sites\/vc\/#\/schema\/person\/c2b9da8dd545e27166fc5ab232837318\",\"name\":\"Valpara\u00edso Creativo\",\"description\":\"Periodista de cultura en la Regi\u00f3n de Valpara\u00edso.\",\"url\":\"https:\/\/dev.antudigital.cl\/sites\/vc\/author\/valpoadmin\/\"}]}<\/script>\n<!-- \/ Yoast SEO plugin. -->","yoast_head_json":{"title":"Buscan colaboradores y colaboradoras en FIC La Ventana - Valpara\u00ed\u00adso Creativo","robots":{"index":"index","follow":"follow","max-snippet":"max-snippet:-1","max-image-preview":"max-image-preview:large","max-video-preview":"max-video-preview:-1"},"canonical":"https:\/\/dev.antudigital.cl\/sites\/vc\/buscan-colaboradores-y-colaboradoras-en-fic-la-ventana\/","og_locale":"es_ES","og_type":"article","og_title":"Buscan colaboradores y colaboradoras en FIC La Ventana - Valpara\u00ed\u00adso Creativo","og_description":"En el Festival Itinerante de Cortometrajes La Ventana est\u00e1n en b\u00fasqueda de personas que quieran sumarse a su equipo para la versi\u00f3n 2022; si te interesa el Cine Independiente, y quieres colaborar en FIC La Ventana rellena el formulario adjunto abajo de la nota. Se trata de un equipo colaborativo, emp\u00e1tico, independiente, autogestionado, dispuesto a [&hellip;]","og_url":"https:\/\/dev.antudigital.cl\/sites\/vc\/buscan-colaboradores-y-colaboradoras-en-fic-la-ventana\/","og_site_name":"Valpara\u00ed\u00adso Creativo","article_published_time":"2022-04-25T11:00:51+00:00","article_modified_time":"2022-04-25T11:00:56+00:00","og_image":[{"width":750,"height":726,"url":"https:\/\/dev.antudigital.cl\/sites\/vc\/wp-content\/uploads\/2022\/04\/IMG_1937.jpg","type":"image\/jpeg"}],"author":"Valpara\u00edso Creativo","twitter_card":"summary_large_image","twitter_misc":{"Escrito por":"Valpara\u00edso Creativo","Tiempo de lectura":"1 minuto"},"schema":{"@context":"https:\/\/schema.org","@graph":[{"@type":"Article","@id":"https:\/\/dev.antudigital.cl\/sites\/vc\/buscan-colaboradores-y-colaboradoras-en-fic-la-ventana\/#article","isPartOf":{"@id":"https:\/\/dev.antudigital.cl\/sites\/vc\/buscan-colaboradores-y-colaboradoras-en-fic-la-ventana\/"},"author":{"name":"Valpara\u00edso Creativo","@id":"https:\/\/dev.antudigital.cl\/sites\/vc\/#\/schema\/person\/c2b9da8dd545e27166fc5ab232837318"},"headline":"Buscan colaboradores y colaboradoras en FIC La Ventana","datePublished":"2022-04-25T11:00:51+00:00","dateModified":"2022-04-25T11:00:56+00:00","mainEntityOfPage":{"@id":"https:\/\/dev.antudigital.cl\/sites\/vc\/buscan-colaboradores-y-colaboradoras-en-fic-la-ventana\/"},"wordCount":111,"commentCount":0,"image":{"@id":"https:\/\/dev.antudigital.cl\/sites\/vc\/buscan-colaboradores-y-colaboradoras-en-fic-la-ventana\/#primaryimage"},"thumbnailUrl":"https:\/\/dev.antudigital.cl\/sites\/vc\/wp-content\/uploads\/2022\/04\/IMG_1937.jpg","articleSection":["Noticia"],"inLanguage":"es","potentialAction":[{"@type":"CommentAction","name":"Comment","target":["https:\/\/dev.antudigital.cl\/sites\/vc\/buscan-colaboradores-y-colaboradoras-en-fic-la-ventana\/#respond"]}]},{"@type":"WebPage","@id":"https:\/\/dev.antudigital.cl\/sites\/vc\/buscan-colaboradores-y-colaboradoras-en-fic-la-ventana\/","url":"https:\/\/dev.antudigital.cl\/sites\/vc\/buscan-colaboradores-y-colaboradoras-en-fic-la-ventana\/","name":"Buscan colaboradores y colaboradoras en FIC La Ventana - Valpara\u00ed\u00adso Creativo","isPartOf":{"@id":"https:\/\/dev.antudigital.cl\/sites\/vc\/#website"},"primaryImageOfPage":{"@id":"https:\/\/dev.antudigital.cl\/sites\/vc\/buscan-colaboradores-y-colaboradoras-en-fic-la-ventana\/#primaryimage"},"image":{"@id":"https:\/\/dev.antudigital.cl\/sites\/vc\/buscan-colaboradores-y-colaboradoras-en-fic-la-ventana\/#primaryimage"},"thumbnailUrl":"https:\/\/dev.antudigital.cl\/sites\/vc\/wp-content\/uploads\/2022\/04\/IMG_1937.jpg","datePublished":"2022-04-25T11:00:51+00:00","dateModified":"2022-04-25T11:00:56+00:00","author":{"@id":"https:\/\/dev.antudigital.cl\/sites\/vc\/#\/schema\/person\/c2b9da8dd545e27166fc5ab232837318"},"breadcrumb":{"@id":"https:\/\/dev.antudigital.cl\/sites\/vc\/buscan-colaboradores-y-colaboradoras-en-fic-la-ventana\/#breadcrumb"},"inLanguage":"es","potentialAction":[{"@type":"ReadAction","target":["https:\/\/dev.antudigital.cl\/sites\/vc\/buscan-colaboradores-y-colaboradoras-en-fic-la-ventana\/"]}]},{"@type":"ImageObject","inLanguage":"es","@id":"https:\/\/dev.antudigital.cl\/sites\/vc\/buscan-colaboradores-y-colaboradoras-en-fic-la-ventana\/#primaryimage","url":"https:\/\/dev.antudigital.cl\/sites\/vc\/wp-content\/uploads\/2022\/04\/IMG_1937.jpg","contentUrl":"https:\/\/dev.antudigital.cl\/sites\/vc\/wp-content\/uploads\/2022\/04\/IMG_1937.jpg","width":750,"height":726},{"@type":"BreadcrumbList","@id":"https:\/\/dev.antudigital.cl\/sites\/vc\/buscan-colaboradores-y-colaboradoras-en-fic-la-ventana\/#breadcrumb","itemListElement":[{"@type":"ListItem","position":1,"name":"Home","item":"https:\/\/dev.antudigital.cl\/sites\/vc\/"},{"@type":"ListItem","position":2,"name":"Buscan colaboradores y colaboradoras en FIC La Ventana"}]},{"@type":"WebSite","@id":"https:\/\/dev.antudigital.cl\/sites\/vc\/#website","url":"https:\/\/dev.antudigital.cl\/sites\/vc\/","name":"Valpara\u00ed\u00adso Creativo","description":"","potentialAction":[{"@type":"SearchAction","target":{"@type":"EntryPoint","urlTemplate":"https:\/\/dev.antudigital.cl\/sites\/vc\/?s={search_term_string}"},"query-input":{"@type":"PropertyValueSpecification","valueRequired":true,"valueName":"search_term_string"}}],"inLanguage":"es"},{"@type":"Person","@id":"https:\/\/dev.antudigital.cl\/sites\/vc\/#\/schema\/person\/c2b9da8dd545e27166fc5ab232837318","name":"Valpara\u00edso Creativo","description":"Periodista de cultura en la Regi\u00f3n de Valpara\u00edso.","url":"https:\/\/dev.antudigital.cl\/sites\/vc\/author\/valpoadmin\/"}]}},"_links":{"self":[{"href":"https:\/\/dev.antudigital.cl\/sites\/vc\/wp-json\/wp\/v2\/posts\/10720","targetHints":{"allow":["GET"]}}],"collection":[{"href":"https:\/\/dev.antudigital.cl\/sites\/vc\/wp-json\/wp\/v2\/posts"}],"about":[{"href":"https:\/\/dev.antudigital.cl\/sites\/vc\/wp-json\/wp\/v2\/types\/post"}],"author":[{"embeddable":true,"href":"https:\/\/dev.antudigital.cl\/sites\/vc\/wp-json\/wp\/v2\/users\/1"}],"replies":[{"embeddable":true,"href":"https:\/\/dev.antudigital.cl\/sites\/vc\/wp-json\/wp\/v2\/comments?post=10720"}],"version-history":[{"count":1,"href":"https:\/\/dev.antudigital.cl\/sites\/vc\/wp-json\/wp\/v2\/posts\/10720\/revisions"}],"predecessor-version":[{"id":10722,"href":"https:\/\/dev.antudigital.cl\/sites\/vc\/wp-json\/wp\/v2\/posts\/10720\/revisions\/10722"}],"wp:featuredmedia":[{"embeddable":true,"href":"https:\/\/dev.antudigital.cl\/sites\/vc\/wp-json\/wp\/v2\/media\/10721"}],"wp:attachment":[{"href":"https:\/\/dev.antudigital.cl\/sites\/vc\/wp-json\/wp\/v2\/media?parent=10720"}],"wp:term":[{"taxonomy":"category","embeddable":true,"href":"https:\/\/dev.antudigital.cl\/sites\/vc\/wp-json\/wp\/v2\/categories?post=10720"},{"taxonomy":"post_tag","embeddable":true,"href":"https:\/\/dev.antudigital.cl\/sites\/vc\/wp-json\/wp\/v2\/tags?post=10720"}],"curies":[{"name":"wp","href":"https:\/\/api.w.org\/{rel}","templated":true}]}}