{"id":10727,"date":"2022-04-25T11:10:41","date_gmt":"2022-04-25T11:10:41","guid":{"rendered":"https:\/\/www.valparaisocreativo.cl\/?p=10727"},"modified":"2022-04-25T11:11:38","modified_gmt":"2022-04-25T11:11:38","slug":"quintero-celebra-el-mes-del-libro-con-feria-el-proximo-29-y-30-de-abril","status":"publish","type":"post","link":"https:\/\/dev.antudigital.cl\/sites\/vc\/quintero-celebra-el-mes-del-libro-con-feria-el-proximo-29-y-30-de-abril\/","title":{"rendered":"Quintero celebra el mes del libro con Feria el pr\u00f3ximo 29 y 30 de abril"},"content":{"rendered":"\n<p>A trav\u00e9s de <a href=\"https:\/\/www.instagram.com\/quinteromascultura\/\">Quintero M\u00e1s Cultura<\/a>, se invita a reencontrarse en nueva versi\u00f3n de la Feria del Libro Quintero, que este a\u00f1o se realizar\u00e1 los d\u00edas viernes 29 y s\u00e1bado 30 de abril, en el jard\u00edn de la Casa Estaci\u00f3n. Todo esto con prop\u00f3sito de reunir al mundo literario de la comuna, tanto lectores y lectoras como escritores y creadoras.<br><br>Enmarcada en las celebraciones del Mes del Libro 2022, esta nueva versi\u00f3n de la feria contar\u00e1 con venta de libros, editoriales, autores, expositores y emprendimientos.<br><br>Recuerda: viernes 29 y el s\u00e1bado 30 de abril de 10 a 18 horas, en el jard\u00edn de la Casa Estaci\u00f3n. Entrada liberada.<\/p>\n","protected":false},"excerpt":{"rendered":"<p>A trav\u00e9s de Quintero M\u00e1s Cultura, se invita a reencontrarse en nueva versi\u00f3n de la Feria del Libro Quintero, que este a\u00f1o se realizar\u00e1 los d\u00edas viernes 29 y s\u00e1bado 30 de abril, en el jard\u00edn de la Casa Estaci\u00f3n. Todo esto con prop\u00f3sito de reunir al mundo literario de la comuna, tanto lectores y [&hellip;]<\/p>\n","protected":false},"author":1,"featured_media":10730,"comment_status":"open","ping_status":"closed","sticky":false,"template":"","format":"standard","meta":{"_acf_changed":false,"footnotes":""},"categories":[8],"tags":[],"class_list":["post-10727","post","type-post","status-publish","format-standard","has-post-thumbnail","hentry","category-noticia"],"acf":[],"yoast_head":"<!-- This site is optimized with the Yoast SEO plugin v27.1.1 - https:\/\/yoast.com\/product\/yoast-seo-wordpress\/ -->\n<title>Quintero celebra el mes del libro con Feria el pr\u00f3ximo 29 y 30 de abril - Valpara\u00ed\u00adso Creativo<\/title>\n<meta name=\"robots\" content=\"index, follow, max-snippet:-1, max-image-preview:large, max-video-preview:-1\" \/>\n<link rel=\"canonical\" href=\"https:\/\/dev.antudigital.cl\/sites\/vc\/quintero-celebra-el-mes-del-libro-con-feria-el-proximo-29-y-30-de-abril\/\" \/>\n<meta property=\"og:locale\" content=\"es_ES\" \/>\n<meta property=\"og:type\" content=\"article\" \/>\n<meta property=\"og:title\" content=\"Quintero celebra el mes del libro con Feria el pr\u00f3ximo 29 y 30 de abril - Valpara\u00ed\u00adso Creativo\" \/>\n<meta property=\"og:description\" content=\"A trav\u00e9s de Quintero M\u00e1s Cultura, se invita a reencontrarse en nueva versi\u00f3n de la Feria del Libro Quintero, que este a\u00f1o se realizar\u00e1 los d\u00edas viernes 29 y s\u00e1bado 30 de abril, en el jard\u00edn de la Casa Estaci\u00f3n. Todo esto con prop\u00f3sito de reunir al mundo literario de la comuna, tanto lectores y [&hellip;]\" \/>\n<meta property=\"og:url\" content=\"https:\/\/dev.antudigital.cl\/sites\/vc\/quintero-celebra-el-mes-del-libro-con-feria-el-proximo-29-y-30-de-abril\/\" \/>\n<meta property=\"og:site_name\" content=\"Valpara\u00ed\u00adso Creativo\" \/>\n<meta property=\"article:published_time\" content=\"2022-04-25T11:10:41+00:00\" \/>\n<meta property=\"article:modified_time\" content=\"2022-04-25T11:11:38+00:00\" \/>\n<meta property=\"og:image\" content=\"https:\/\/dev.antudigital.cl\/sites\/vc\/wp-content\/uploads\/2022\/04\/Captura-de-Pantalla-2022-04-25-a-las-07.10.57.png\" \/>\n\t<meta property=\"og:image:width\" content=\"634\" \/>\n\t<meta property=\"og:image:height\" content=\"558\" \/>\n\t<meta property=\"og:image:type\" content=\"image\/png\" \/>\n<meta name=\"author\" content=\"Valpara\u00edso Creativo\" \/>\n<meta name=\"twitter:card\" content=\"summary_large_image\" \/>\n<meta name=\"twitter:label1\" content=\"Escrito por\" \/>\n\t<meta name=\"twitter:data1\" content=\"Valpara\u00edso Creativo\" \/>\n\t<meta name=\"twitter:label2\" content=\"Tiempo de lectura\" \/>\n\t<meta name=\"twitter:data2\" content=\"1 minuto\" \/>\n<script type=\"application\/ld+json\" class=\"yoast-schema-graph\">{\"@context\":\"https:\/\/schema.org\",\"@graph\":[{\"@type\":\"Article\",\"@id\":\"https:\/\/dev.antudigital.cl\/sites\/vc\/quintero-celebra-el-mes-del-libro-con-feria-el-proximo-29-y-30-de-abril\/#article\",\"isPartOf\":{\"@id\":\"https:\/\/dev.antudigital.cl\/sites\/vc\/quintero-celebra-el-mes-del-libro-con-feria-el-proximo-29-y-30-de-abril\/\"},\"author\":{\"name\":\"Valpara\u00edso Creativo\",\"@id\":\"https:\/\/dev.antudigital.cl\/sites\/vc\/#\/schema\/person\/c2b9da8dd545e27166fc5ab232837318\"},\"headline\":\"Quintero celebra el mes del libro con Feria el pr\u00f3ximo 29 y 30 de abril\",\"datePublished\":\"2022-04-25T11:10:41+00:00\",\"dateModified\":\"2022-04-25T11:11:38+00:00\",\"mainEntityOfPage\":{\"@id\":\"https:\/\/dev.antudigital.cl\/sites\/vc\/quintero-celebra-el-mes-del-libro-con-feria-el-proximo-29-y-30-de-abril\/\"},\"wordCount\":128,\"commentCount\":0,\"image\":{\"@id\":\"https:\/\/dev.antudigital.cl\/sites\/vc\/quintero-celebra-el-mes-del-libro-con-feria-el-proximo-29-y-30-de-abril\/#primaryimage\"},\"thumbnailUrl\":\"https:\/\/dev.antudigital.cl\/sites\/vc\/wp-content\/uploads\/2022\/04\/Captura-de-Pantalla-2022-04-25-a-las-07.10.57.png\",\"articleSection\":[\"Noticia\"],\"inLanguage\":\"es\",\"potentialAction\":[{\"@type\":\"CommentAction\",\"name\":\"Comment\",\"target\":[\"https:\/\/dev.antudigital.cl\/sites\/vc\/quintero-celebra-el-mes-del-libro-con-feria-el-proximo-29-y-30-de-abril\/#respond\"]}]},{\"@type\":\"WebPage\",\"@id\":\"https:\/\/dev.antudigital.cl\/sites\/vc\/quintero-celebra-el-mes-del-libro-con-feria-el-proximo-29-y-30-de-abril\/\",\"url\":\"https:\/\/dev.antudigital.cl\/sites\/vc\/quintero-celebra-el-mes-del-libro-con-feria-el-proximo-29-y-30-de-abril\/\",\"name\":\"Quintero celebra el mes del libro con Feria el pr\u00f3ximo 29 y 30 de abril - Valpara\u00ed\u00adso Creativo\",\"isPartOf\":{\"@id\":\"https:\/\/dev.antudigital.cl\/sites\/vc\/#website\"},\"primaryImageOfPage\":{\"@id\":\"https:\/\/dev.antudigital.cl\/sites\/vc\/quintero-celebra-el-mes-del-libro-con-feria-el-proximo-29-y-30-de-abril\/#primaryimage\"},\"image\":{\"@id\":\"https:\/\/dev.antudigital.cl\/sites\/vc\/quintero-celebra-el-mes-del-libro-con-feria-el-proximo-29-y-30-de-abril\/#primaryimage\"},\"thumbnailUrl\":\"https:\/\/dev.antudigital.cl\/sites\/vc\/wp-content\/uploads\/2022\/04\/Captura-de-Pantalla-2022-04-25-a-las-07.10.57.png\",\"datePublished\":\"2022-04-25T11:10:41+00:00\",\"dateModified\":\"2022-04-25T11:11:38+00:00\",\"author\":{\"@id\":\"https:\/\/dev.antudigital.cl\/sites\/vc\/#\/schema\/person\/c2b9da8dd545e27166fc5ab232837318\"},\"breadcrumb\":{\"@id\":\"https:\/\/dev.antudigital.cl\/sites\/vc\/quintero-celebra-el-mes-del-libro-con-feria-el-proximo-29-y-30-de-abril\/#breadcrumb\"},\"inLanguage\":\"es\",\"potentialAction\":[{\"@type\":\"ReadAction\",\"target\":[\"https:\/\/dev.antudigital.cl\/sites\/vc\/quintero-celebra-el-mes-del-libro-con-feria-el-proximo-29-y-30-de-abril\/\"]}]},{\"@type\":\"ImageObject\",\"inLanguage\":\"es\",\"@id\":\"https:\/\/dev.antudigital.cl\/sites\/vc\/quintero-celebra-el-mes-del-libro-con-feria-el-proximo-29-y-30-de-abril\/#primaryimage\",\"url\":\"https:\/\/dev.antudigital.cl\/sites\/vc\/wp-content\/uploads\/2022\/04\/Captura-de-Pantalla-2022-04-25-a-las-07.10.57.png\",\"contentUrl\":\"https:\/\/dev.antudigital.cl\/sites\/vc\/wp-content\/uploads\/2022\/04\/Captura-de-Pantalla-2022-04-25-a-las-07.10.57.png\",\"width\":634,\"height\":558},{\"@type\":\"BreadcrumbList\",\"@id\":\"https:\/\/dev.antudigital.cl\/sites\/vc\/quintero-celebra-el-mes-del-libro-con-feria-el-proximo-29-y-30-de-abril\/#breadcrumb\",\"itemListElement\":[{\"@type\":\"ListItem\",\"position\":1,\"name\":\"Home\",\"item\":\"https:\/\/dev.antudigital.cl\/sites\/vc\/\"},{\"@type\":\"ListItem\",\"position\":2,\"name\":\"Quintero celebra el mes del libro con Feria el pr\u00f3ximo 29 y 30 de abril\"}]},{\"@type\":\"WebSite\",\"@id\":\"https:\/\/dev.antudigital.cl\/sites\/vc\/#website\",\"url\":\"https:\/\/dev.antudigital.cl\/sites\/vc\/\",\"name\":\"Valpara\u00ed\u00adso Creativo\",\"description\":\"\",\"potentialAction\":[{\"@type\":\"SearchAction\",\"target\":{\"@type\":\"EntryPoint\",\"urlTemplate\":\"https:\/\/dev.antudigital.cl\/sites\/vc\/?s={search_term_string}\"},\"query-input\":{\"@type\":\"PropertyValueSpecification\",\"valueRequired\":true,\"valueName\":\"search_term_string\"}}],\"inLanguage\":\"es\"},{\"@type\":\"Person\",\"@id\":\"https:\/\/dev.antudigital.cl\/sites\/vc\/#\/schema\/person\/c2b9da8dd545e27166fc5ab232837318\",\"name\":\"Valpara\u00edso Creativo\",\"description\":\"Periodista de cultura en la Regi\u00f3n de Valpara\u00edso.\",\"url\":\"https:\/\/dev.antudigital.cl\/sites\/vc\/author\/valpoadmin\/\"}]}<\/script>\n<!-- \/ Yoast SEO plugin. -->","yoast_head_json":{"title":"Quintero celebra el mes del libro con Feria el pr\u00f3ximo 29 y 30 de abril - Valpara\u00ed\u00adso Creativo","robots":{"index":"index","follow":"follow","max-snippet":"max-snippet:-1","max-image-preview":"max-image-preview:large","max-video-preview":"max-video-preview:-1"},"canonical":"https:\/\/dev.antudigital.cl\/sites\/vc\/quintero-celebra-el-mes-del-libro-con-feria-el-proximo-29-y-30-de-abril\/","og_locale":"es_ES","og_type":"article","og_title":"Quintero celebra el mes del libro con Feria el pr\u00f3ximo 29 y 30 de abril - Valpara\u00ed\u00adso Creativo","og_description":"A trav\u00e9s de Quintero M\u00e1s Cultura, se invita a reencontrarse en nueva versi\u00f3n de la Feria del Libro Quintero, que este a\u00f1o se realizar\u00e1 los d\u00edas viernes 29 y s\u00e1bado 30 de abril, en el jard\u00edn de la Casa Estaci\u00f3n. Todo esto con prop\u00f3sito de reunir al mundo literario de la comuna, tanto lectores y [&hellip;]","og_url":"https:\/\/dev.antudigital.cl\/sites\/vc\/quintero-celebra-el-mes-del-libro-con-feria-el-proximo-29-y-30-de-abril\/","og_site_name":"Valpara\u00ed\u00adso Creativo","article_published_time":"2022-04-25T11:10:41+00:00","article_modified_time":"2022-04-25T11:11:38+00:00","og_image":[{"width":634,"height":558,"url":"https:\/\/dev.antudigital.cl\/sites\/vc\/wp-content\/uploads\/2022\/04\/Captura-de-Pantalla-2022-04-25-a-las-07.10.57.png","type":"image\/png"}],"author":"Valpara\u00edso Creativo","twitter_card":"summary_large_image","twitter_misc":{"Escrito por":"Valpara\u00edso Creativo","Tiempo de lectura":"1 minuto"},"schema":{"@context":"https:\/\/schema.org","@graph":[{"@type":"Article","@id":"https:\/\/dev.antudigital.cl\/sites\/vc\/quintero-celebra-el-mes-del-libro-con-feria-el-proximo-29-y-30-de-abril\/#article","isPartOf":{"@id":"https:\/\/dev.antudigital.cl\/sites\/vc\/quintero-celebra-el-mes-del-libro-con-feria-el-proximo-29-y-30-de-abril\/"},"author":{"name":"Valpara\u00edso Creativo","@id":"https:\/\/dev.antudigital.cl\/sites\/vc\/#\/schema\/person\/c2b9da8dd545e27166fc5ab232837318"},"headline":"Quintero celebra el mes del libro con Feria el pr\u00f3ximo 29 y 30 de abril","datePublished":"2022-04-25T11:10:41+00:00","dateModified":"2022-04-25T11:11:38+00:00","mainEntityOfPage":{"@id":"https:\/\/dev.antudigital.cl\/sites\/vc\/quintero-celebra-el-mes-del-libro-con-feria-el-proximo-29-y-30-de-abril\/"},"wordCount":128,"commentCount":0,"image":{"@id":"https:\/\/dev.antudigital.cl\/sites\/vc\/quintero-celebra-el-mes-del-libro-con-feria-el-proximo-29-y-30-de-abril\/#primaryimage"},"thumbnailUrl":"https:\/\/dev.antudigital.cl\/sites\/vc\/wp-content\/uploads\/2022\/04\/Captura-de-Pantalla-2022-04-25-a-las-07.10.57.png","articleSection":["Noticia"],"inLanguage":"es","potentialAction":[{"@type":"CommentAction","name":"Comment","target":["https:\/\/dev.antudigital.cl\/sites\/vc\/quintero-celebra-el-mes-del-libro-con-feria-el-proximo-29-y-30-de-abril\/#respond"]}]},{"@type":"WebPage","@id":"https:\/\/dev.antudigital.cl\/sites\/vc\/quintero-celebra-el-mes-del-libro-con-feria-el-proximo-29-y-30-de-abril\/","url":"https:\/\/dev.antudigital.cl\/sites\/vc\/quintero-celebra-el-mes-del-libro-con-feria-el-proximo-29-y-30-de-abril\/","name":"Quintero celebra el mes del libro con Feria el pr\u00f3ximo 29 y 30 de abril - Valpara\u00ed\u00adso Creativo","isPartOf":{"@id":"https:\/\/dev.antudigital.cl\/sites\/vc\/#website"},"primaryImageOfPage":{"@id":"https:\/\/dev.antudigital.cl\/sites\/vc\/quintero-celebra-el-mes-del-libro-con-feria-el-proximo-29-y-30-de-abril\/#primaryimage"},"image":{"@id":"https:\/\/dev.antudigital.cl\/sites\/vc\/quintero-celebra-el-mes-del-libro-con-feria-el-proximo-29-y-30-de-abril\/#primaryimage"},"thumbnailUrl":"https:\/\/dev.antudigital.cl\/sites\/vc\/wp-content\/uploads\/2022\/04\/Captura-de-Pantalla-2022-04-25-a-las-07.10.57.png","datePublished":"2022-04-25T11:10:41+00:00","dateModified":"2022-04-25T11:11:38+00:00","author":{"@id":"https:\/\/dev.antudigital.cl\/sites\/vc\/#\/schema\/person\/c2b9da8dd545e27166fc5ab232837318"},"breadcrumb":{"@id":"https:\/\/dev.antudigital.cl\/sites\/vc\/quintero-celebra-el-mes-del-libro-con-feria-el-proximo-29-y-30-de-abril\/#breadcrumb"},"inLanguage":"es","potentialAction":[{"@type":"ReadAction","target":["https:\/\/dev.antudigital.cl\/sites\/vc\/quintero-celebra-el-mes-del-libro-con-feria-el-proximo-29-y-30-de-abril\/"]}]},{"@type":"ImageObject","inLanguage":"es","@id":"https:\/\/dev.antudigital.cl\/sites\/vc\/quintero-celebra-el-mes-del-libro-con-feria-el-proximo-29-y-30-de-abril\/#primaryimage","url":"https:\/\/dev.antudigital.cl\/sites\/vc\/wp-content\/uploads\/2022\/04\/Captura-de-Pantalla-2022-04-25-a-las-07.10.57.png","contentUrl":"https:\/\/dev.antudigital.cl\/sites\/vc\/wp-content\/uploads\/2022\/04\/Captura-de-Pantalla-2022-04-25-a-las-07.10.57.png","width":634,"height":558},{"@type":"BreadcrumbList","@id":"https:\/\/dev.antudigital.cl\/sites\/vc\/quintero-celebra-el-mes-del-libro-con-feria-el-proximo-29-y-30-de-abril\/#breadcrumb","itemListElement":[{"@type":"ListItem","position":1,"name":"Home","item":"https:\/\/dev.antudigital.cl\/sites\/vc\/"},{"@type":"ListItem","position":2,"name":"Quintero celebra el mes del libro con Feria el pr\u00f3ximo 29 y 30 de abril"}]},{"@type":"WebSite","@id":"https:\/\/dev.antudigital.cl\/sites\/vc\/#website","url":"https:\/\/dev.antudigital.cl\/sites\/vc\/","name":"Valpara\u00ed\u00adso Creativo","description":"","potentialAction":[{"@type":"SearchAction","target":{"@type":"EntryPoint","urlTemplate":"https:\/\/dev.antudigital.cl\/sites\/vc\/?s={search_term_string}"},"query-input":{"@type":"PropertyValueSpecification","valueRequired":true,"valueName":"search_term_string"}}],"inLanguage":"es"},{"@type":"Person","@id":"https:\/\/dev.antudigital.cl\/sites\/vc\/#\/schema\/person\/c2b9da8dd545e27166fc5ab232837318","name":"Valpara\u00edso Creativo","description":"Periodista de cultura en la Regi\u00f3n de Valpara\u00edso.","url":"https:\/\/dev.antudigital.cl\/sites\/vc\/author\/valpoadmin\/"}]}},"_links":{"self":[{"href":"https:\/\/dev.antudigital.cl\/sites\/vc\/wp-json\/wp\/v2\/posts\/10727","targetHints":{"allow":["GET"]}}],"collection":[{"href":"https:\/\/dev.antudigital.cl\/sites\/vc\/wp-json\/wp\/v2\/posts"}],"about":[{"href":"https:\/\/dev.antudigital.cl\/sites\/vc\/wp-json\/wp\/v2\/types\/post"}],"author":[{"embeddable":true,"href":"https:\/\/dev.antudigital.cl\/sites\/vc\/wp-json\/wp\/v2\/users\/1"}],"replies":[{"embeddable":true,"href":"https:\/\/dev.antudigital.cl\/sites\/vc\/wp-json\/wp\/v2\/comments?post=10727"}],"version-history":[{"count":1,"href":"https:\/\/dev.antudigital.cl\/sites\/vc\/wp-json\/wp\/v2\/posts\/10727\/revisions"}],"predecessor-version":[{"id":10729,"href":"https:\/\/dev.antudigital.cl\/sites\/vc\/wp-json\/wp\/v2\/posts\/10727\/revisions\/10729"}],"wp:featuredmedia":[{"embeddable":true,"href":"https:\/\/dev.antudigital.cl\/sites\/vc\/wp-json\/wp\/v2\/media\/10730"}],"wp:attachment":[{"href":"https:\/\/dev.antudigital.cl\/sites\/vc\/wp-json\/wp\/v2\/media?parent=10727"}],"wp:term":[{"taxonomy":"category","embeddable":true,"href":"https:\/\/dev.antudigital.cl\/sites\/vc\/wp-json\/wp\/v2\/categories?post=10727"},{"taxonomy":"post_tag","embeddable":true,"href":"https:\/\/dev.antudigital.cl\/sites\/vc\/wp-json\/wp\/v2\/tags?post=10727"}],"curies":[{"name":"wp","href":"https:\/\/api.w.org\/{rel}","templated":true}]}}