{"id":10735,"date":"2022-04-25T13:15:14","date_gmt":"2022-04-25T13:15:14","guid":{"rendered":"https:\/\/www.valparaisocreativo.cl\/?p=10735"},"modified":"2022-04-25T17:12:34","modified_gmt":"2022-04-25T17:12:34","slug":"asi-fue-el-lanzamiento-de-antipoda-de-la-brigida-orquesta","status":"publish","type":"post","link":"https:\/\/dev.antudigital.cl\/sites\/vc\/asi-fue-el-lanzamiento-de-antipoda-de-la-brigida-orquesta\/","title":{"rendered":"As\u00ed fue el lanzamiento de \u00abAnt\u00edpoda\u00bb de La Br\u00edgida Orquesta"},"content":{"rendered":"\n<p><em>Texto por: <a href=\"http:instagram.com\/sedicevalontin\">Valentinne Rudolphy<\/a><br>Fotograf\u00edas por: <a href=\"http:\/\/instagram.com\/rodo.mu\">Rodolfo Mu\u00f1oz<\/a><\/em><\/p>\n\n\n\n<p>El viernes 22 de abril a las 20:00hrs. puntual comenz\u00f3 el show que abr\u00eda el lanzamiento de \u00abAnt\u00edpoda\u00bb de La Br\u00edgida Orquesta. Mientras a\u00fan los fan\u00e1ticos hac\u00edan fila en torno al Teatro Municipal de Valpara\u00edso, Mente Sabia Crew comenz\u00f3 a entonar sus temas, haciendo bailar al p\u00fablico entrante que iba acomod\u00e1ndose en las butacas. El Municipal llevaba un gran tiempo sin ver p\u00fablico antes de esta temporada debido a la pandemia, pero poco a poco eso va cambiando.<\/p>\n\n\n\n<figure class=\"wp-block-gallery has-nested-images columns-default is-cropped wp-block-gallery-1 is-layout-flex wp-block-gallery-is-layout-flex\">\n<figure class=\"wp-block-image size-large\"><img fetchpriority=\"high\" decoding=\"async\" width=\"2560\" height=\"1707\" data-id=\"10737\" src=\"https:\/\/www.valparaisocreativo.cl\/wp-content\/uploads\/2022\/04\/BRIGIDA-ORQUESTA-1-scaled.jpg\" alt=\"\" class=\"wp-image-10737\" srcset=\"https:\/\/dev.antudigital.cl\/sites\/vc\/wp-content\/uploads\/2022\/04\/BRIGIDA-ORQUESTA-1-scaled.jpg 2560w, https:\/\/dev.antudigital.cl\/sites\/vc\/wp-content\/uploads\/2022\/04\/BRIGIDA-ORQUESTA-1-300x200.jpg 300w, https:\/\/dev.antudigital.cl\/sites\/vc\/wp-content\/uploads\/2022\/04\/BRIGIDA-ORQUESTA-1-1024x683.jpg 1024w, https:\/\/dev.antudigital.cl\/sites\/vc\/wp-content\/uploads\/2022\/04\/BRIGIDA-ORQUESTA-1-768x512.jpg 768w, https:\/\/dev.antudigital.cl\/sites\/vc\/wp-content\/uploads\/2022\/04\/BRIGIDA-ORQUESTA-1-1536x1024.jpg 1536w, https:\/\/dev.antudigital.cl\/sites\/vc\/wp-content\/uploads\/2022\/04\/BRIGIDA-ORQUESTA-1-2048x1365.jpg 2048w, https:\/\/dev.antudigital.cl\/sites\/vc\/wp-content\/uploads\/2022\/04\/BRIGIDA-ORQUESTA-1-1080x720.jpg 1080w, https:\/\/dev.antudigital.cl\/sites\/vc\/wp-content\/uploads\/2022\/04\/BRIGIDA-ORQUESTA-1-1280x854.jpg 1280w, https:\/\/dev.antudigital.cl\/sites\/vc\/wp-content\/uploads\/2022\/04\/BRIGIDA-ORQUESTA-1-980x653.jpg 980w, https:\/\/dev.antudigital.cl\/sites\/vc\/wp-content\/uploads\/2022\/04\/BRIGIDA-ORQUESTA-1-480x320.jpg 480w\" sizes=\"(max-width: 2560px) 100vw, 2560px\" \/><\/figure>\n\n\n\n<figure class=\"wp-block-image size-large\"><img decoding=\"async\" width=\"2560\" height=\"1707\" data-id=\"10738\" src=\"https:\/\/www.valparaisocreativo.cl\/wp-content\/uploads\/2022\/04\/BRIGIDA-ORQUESTA-2-scaled.jpg\" alt=\"\" class=\"wp-image-10738\" srcset=\"https:\/\/dev.antudigital.cl\/sites\/vc\/wp-content\/uploads\/2022\/04\/BRIGIDA-ORQUESTA-2-scaled.jpg 2560w, https:\/\/dev.antudigital.cl\/sites\/vc\/wp-content\/uploads\/2022\/04\/BRIGIDA-ORQUESTA-2-300x200.jpg 300w, https:\/\/dev.antudigital.cl\/sites\/vc\/wp-content\/uploads\/2022\/04\/BRIGIDA-ORQUESTA-2-1024x683.jpg 1024w, https:\/\/dev.antudigital.cl\/sites\/vc\/wp-content\/uploads\/2022\/04\/BRIGIDA-ORQUESTA-2-768x512.jpg 768w, https:\/\/dev.antudigital.cl\/sites\/vc\/wp-content\/uploads\/2022\/04\/BRIGIDA-ORQUESTA-2-1536x1024.jpg 1536w, https:\/\/dev.antudigital.cl\/sites\/vc\/wp-content\/uploads\/2022\/04\/BRIGIDA-ORQUESTA-2-2048x1365.jpg 2048w, https:\/\/dev.antudigital.cl\/sites\/vc\/wp-content\/uploads\/2022\/04\/BRIGIDA-ORQUESTA-2-1080x720.jpg 1080w, https:\/\/dev.antudigital.cl\/sites\/vc\/wp-content\/uploads\/2022\/04\/BRIGIDA-ORQUESTA-2-1280x854.jpg 1280w, https:\/\/dev.antudigital.cl\/sites\/vc\/wp-content\/uploads\/2022\/04\/BRIGIDA-ORQUESTA-2-980x653.jpg 980w, https:\/\/dev.antudigital.cl\/sites\/vc\/wp-content\/uploads\/2022\/04\/BRIGIDA-ORQUESTA-2-480x320.jpg 480w\" sizes=\"(max-width: 2560px) 100vw, 2560px\" \/><\/figure>\n\n\n\n<figure class=\"wp-block-image size-large\"><img decoding=\"async\" width=\"2560\" height=\"1707\" data-id=\"10739\" src=\"https:\/\/www.valparaisocreativo.cl\/wp-content\/uploads\/2022\/04\/BRIGIDA-ORQUESTA-3-scaled.jpg\" alt=\"\" class=\"wp-image-10739\" srcset=\"https:\/\/dev.antudigital.cl\/sites\/vc\/wp-content\/uploads\/2022\/04\/BRIGIDA-ORQUESTA-3-scaled.jpg 2560w, https:\/\/dev.antudigital.cl\/sites\/vc\/wp-content\/uploads\/2022\/04\/BRIGIDA-ORQUESTA-3-300x200.jpg 300w, https:\/\/dev.antudigital.cl\/sites\/vc\/wp-content\/uploads\/2022\/04\/BRIGIDA-ORQUESTA-3-1024x683.jpg 1024w, https:\/\/dev.antudigital.cl\/sites\/vc\/wp-content\/uploads\/2022\/04\/BRIGIDA-ORQUESTA-3-768x512.jpg 768w, https:\/\/dev.antudigital.cl\/sites\/vc\/wp-content\/uploads\/2022\/04\/BRIGIDA-ORQUESTA-3-1536x1024.jpg 1536w, https:\/\/dev.antudigital.cl\/sites\/vc\/wp-content\/uploads\/2022\/04\/BRIGIDA-ORQUESTA-3-2048x1365.jpg 2048w, https:\/\/dev.antudigital.cl\/sites\/vc\/wp-content\/uploads\/2022\/04\/BRIGIDA-ORQUESTA-3-1080x720.jpg 1080w, https:\/\/dev.antudigital.cl\/sites\/vc\/wp-content\/uploads\/2022\/04\/BRIGIDA-ORQUESTA-3-1280x854.jpg 1280w, https:\/\/dev.antudigital.cl\/sites\/vc\/wp-content\/uploads\/2022\/04\/BRIGIDA-ORQUESTA-3-980x653.jpg 980w, https:\/\/dev.antudigital.cl\/sites\/vc\/wp-content\/uploads\/2022\/04\/BRIGIDA-ORQUESTA-3-480x320.jpg 480w\" sizes=\"(max-width: 2560px) 100vw, 2560px\" \/><\/figure>\n<\/figure>\n\n\n\n<p>De a poco fueron entrando todos quienes esperaban y cerraron las puertas. El aforo limitado no impidi\u00f3 que el lugar se viera lleno en todos sus niveles: mucha gente estaba \u00e1vida de ver este lanzamiento en vivo y estar en un espacio como el Teatro Municipal, que cuenta con una excelente calidad de sistema de sonido y una infraestructura que permite que toda presentaci\u00f3n se vea sublime. <\/p>\n\n\n\n<figure class=\"wp-block-gallery has-nested-images columns-default is-cropped wp-block-gallery-2 is-layout-flex wp-block-gallery-is-layout-flex\">\n<figure class=\"wp-block-image size-large\"><img loading=\"lazy\" decoding=\"async\" width=\"2560\" height=\"1707\" data-id=\"10740\" src=\"https:\/\/www.valparaisocreativo.cl\/wp-content\/uploads\/2022\/04\/BRIGIDA-ORQUESTA-4-scaled.jpg\" alt=\"\" class=\"wp-image-10740\" srcset=\"https:\/\/dev.antudigital.cl\/sites\/vc\/wp-content\/uploads\/2022\/04\/BRIGIDA-ORQUESTA-4-scaled.jpg 2560w, https:\/\/dev.antudigital.cl\/sites\/vc\/wp-content\/uploads\/2022\/04\/BRIGIDA-ORQUESTA-4-300x200.jpg 300w, https:\/\/dev.antudigital.cl\/sites\/vc\/wp-content\/uploads\/2022\/04\/BRIGIDA-ORQUESTA-4-1024x683.jpg 1024w, https:\/\/dev.antudigital.cl\/sites\/vc\/wp-content\/uploads\/2022\/04\/BRIGIDA-ORQUESTA-4-768x512.jpg 768w, https:\/\/dev.antudigital.cl\/sites\/vc\/wp-content\/uploads\/2022\/04\/BRIGIDA-ORQUESTA-4-1536x1024.jpg 1536w, https:\/\/dev.antudigital.cl\/sites\/vc\/wp-content\/uploads\/2022\/04\/BRIGIDA-ORQUESTA-4-2048x1365.jpg 2048w, https:\/\/dev.antudigital.cl\/sites\/vc\/wp-content\/uploads\/2022\/04\/BRIGIDA-ORQUESTA-4-1080x720.jpg 1080w, https:\/\/dev.antudigital.cl\/sites\/vc\/wp-content\/uploads\/2022\/04\/BRIGIDA-ORQUESTA-4-1280x854.jpg 1280w, https:\/\/dev.antudigital.cl\/sites\/vc\/wp-content\/uploads\/2022\/04\/BRIGIDA-ORQUESTA-4-980x653.jpg 980w, https:\/\/dev.antudigital.cl\/sites\/vc\/wp-content\/uploads\/2022\/04\/BRIGIDA-ORQUESTA-4-480x320.jpg 480w\" sizes=\"(max-width: 2560px) 100vw, 2560px\" \/><\/figure>\n\n\n\n<figure class=\"wp-block-image size-large\"><img loading=\"lazy\" decoding=\"async\" width=\"1707\" height=\"2560\" data-id=\"10741\" src=\"https:\/\/www.valparaisocreativo.cl\/wp-content\/uploads\/2022\/04\/BRIGIDA-ORQUESTA-5-scaled.jpg\" alt=\"\" class=\"wp-image-10741\" srcset=\"https:\/\/dev.antudigital.cl\/sites\/vc\/wp-content\/uploads\/2022\/04\/BRIGIDA-ORQUESTA-5-scaled.jpg 1707w, https:\/\/dev.antudigital.cl\/sites\/vc\/wp-content\/uploads\/2022\/04\/BRIGIDA-ORQUESTA-5-200x300.jpg 200w, https:\/\/dev.antudigital.cl\/sites\/vc\/wp-content\/uploads\/2022\/04\/BRIGIDA-ORQUESTA-5-683x1024.jpg 683w, https:\/\/dev.antudigital.cl\/sites\/vc\/wp-content\/uploads\/2022\/04\/BRIGIDA-ORQUESTA-5-768x1152.jpg 768w, https:\/\/dev.antudigital.cl\/sites\/vc\/wp-content\/uploads\/2022\/04\/BRIGIDA-ORQUESTA-5-1024x1536.jpg 1024w, https:\/\/dev.antudigital.cl\/sites\/vc\/wp-content\/uploads\/2022\/04\/BRIGIDA-ORQUESTA-5-1365x2048.jpg 1365w, https:\/\/dev.antudigital.cl\/sites\/vc\/wp-content\/uploads\/2022\/04\/BRIGIDA-ORQUESTA-5-1080x1620.jpg 1080w, https:\/\/dev.antudigital.cl\/sites\/vc\/wp-content\/uploads\/2022\/04\/BRIGIDA-ORQUESTA-5-1280x1920.jpg 1280w, https:\/\/dev.antudigital.cl\/sites\/vc\/wp-content\/uploads\/2022\/04\/BRIGIDA-ORQUESTA-5-980x1470.jpg 980w, https:\/\/dev.antudigital.cl\/sites\/vc\/wp-content\/uploads\/2022\/04\/BRIGIDA-ORQUESTA-5-480x720.jpg 480w\" sizes=\"(max-width: 1707px) 100vw, 1707px\" \/><\/figure>\n\n\n\n<figure class=\"wp-block-image size-large\"><img loading=\"lazy\" decoding=\"async\" width=\"1707\" height=\"2560\" data-id=\"10742\" src=\"https:\/\/www.valparaisocreativo.cl\/wp-content\/uploads\/2022\/04\/BRIGIDA-ORQUESTA-6-scaled.jpg\" alt=\"\" class=\"wp-image-10742\" srcset=\"https:\/\/dev.antudigital.cl\/sites\/vc\/wp-content\/uploads\/2022\/04\/BRIGIDA-ORQUESTA-6-scaled.jpg 1707w, https:\/\/dev.antudigital.cl\/sites\/vc\/wp-content\/uploads\/2022\/04\/BRIGIDA-ORQUESTA-6-200x300.jpg 200w, https:\/\/dev.antudigital.cl\/sites\/vc\/wp-content\/uploads\/2022\/04\/BRIGIDA-ORQUESTA-6-683x1024.jpg 683w, https:\/\/dev.antudigital.cl\/sites\/vc\/wp-content\/uploads\/2022\/04\/BRIGIDA-ORQUESTA-6-768x1152.jpg 768w, https:\/\/dev.antudigital.cl\/sites\/vc\/wp-content\/uploads\/2022\/04\/BRIGIDA-ORQUESTA-6-1024x1536.jpg 1024w, https:\/\/dev.antudigital.cl\/sites\/vc\/wp-content\/uploads\/2022\/04\/BRIGIDA-ORQUESTA-6-1365x2048.jpg 1365w, https:\/\/dev.antudigital.cl\/sites\/vc\/wp-content\/uploads\/2022\/04\/BRIGIDA-ORQUESTA-6-1080x1620.jpg 1080w, https:\/\/dev.antudigital.cl\/sites\/vc\/wp-content\/uploads\/2022\/04\/BRIGIDA-ORQUESTA-6-1280x1920.jpg 1280w, https:\/\/dev.antudigital.cl\/sites\/vc\/wp-content\/uploads\/2022\/04\/BRIGIDA-ORQUESTA-6-980x1470.jpg 980w, https:\/\/dev.antudigital.cl\/sites\/vc\/wp-content\/uploads\/2022\/04\/BRIGIDA-ORQUESTA-6-480x720.jpg 480w\" sizes=\"(max-width: 1707px) 100vw, 1707px\" \/><\/figure>\n\n\n\n<figure class=\"wp-block-image size-large\"><img loading=\"lazy\" decoding=\"async\" width=\"2560\" height=\"1707\" data-id=\"10743\" src=\"https:\/\/www.valparaisocreativo.cl\/wp-content\/uploads\/2022\/04\/BRIGIDA-ORQUESTA-8-scaled.jpg\" alt=\"\" class=\"wp-image-10743\" srcset=\"https:\/\/dev.antudigital.cl\/sites\/vc\/wp-content\/uploads\/2022\/04\/BRIGIDA-ORQUESTA-8-scaled.jpg 2560w, https:\/\/dev.antudigital.cl\/sites\/vc\/wp-content\/uploads\/2022\/04\/BRIGIDA-ORQUESTA-8-300x200.jpg 300w, https:\/\/dev.antudigital.cl\/sites\/vc\/wp-content\/uploads\/2022\/04\/BRIGIDA-ORQUESTA-8-1024x683.jpg 1024w, https:\/\/dev.antudigital.cl\/sites\/vc\/wp-content\/uploads\/2022\/04\/BRIGIDA-ORQUESTA-8-768x512.jpg 768w, https:\/\/dev.antudigital.cl\/sites\/vc\/wp-content\/uploads\/2022\/04\/BRIGIDA-ORQUESTA-8-1536x1024.jpg 1536w, https:\/\/dev.antudigital.cl\/sites\/vc\/wp-content\/uploads\/2022\/04\/BRIGIDA-ORQUESTA-8-2048x1365.jpg 2048w, https:\/\/dev.antudigital.cl\/sites\/vc\/wp-content\/uploads\/2022\/04\/BRIGIDA-ORQUESTA-8-1080x720.jpg 1080w, https:\/\/dev.antudigital.cl\/sites\/vc\/wp-content\/uploads\/2022\/04\/BRIGIDA-ORQUESTA-8-1280x854.jpg 1280w, https:\/\/dev.antudigital.cl\/sites\/vc\/wp-content\/uploads\/2022\/04\/BRIGIDA-ORQUESTA-8-980x653.jpg 980w, https:\/\/dev.antudigital.cl\/sites\/vc\/wp-content\/uploads\/2022\/04\/BRIGIDA-ORQUESTA-8-480x320.jpg 480w\" sizes=\"(max-width: 2560px) 100vw, 2560px\" \/><\/figure>\n<\/figure>\n\n\n\n<p>Antes de pasar a sus temas cl\u00e1sicos, La Br\u00edgida Orquesta present\u00f3 \u00abAnt\u00edpoda\u00bb apenas sali\u00f3 al escenario. Con un sonido m\u00e1s et\u00e9reo, m\u00e1s acercado al imaginario de los sue\u00f1os. \u00abNo quiero tener la raz\u00f3n, quiero el alma satisfecha\u00bb, rezan las letras de esta agrupaci\u00f3n que mezcla el hip hop con una propuesta instrumental que experimenta con diversos sonidos. Los protagonistas son los bronces, los vientos, ya que toda la potencia del sonido que complementa a las rimas est\u00e1 ah\u00ed concentrado. Un sinf\u00edn de expresividad en saxofones, trompetas y otros instrumentos que generan un sonido envolvente en el Teatro Municipal. Profundidad, oscuridad e iron\u00eda que se mezclaron en la presentaci\u00f3n de la banda nacional.<\/p>\n\n\n\n<figure class=\"wp-block-image size-large\"><img loading=\"lazy\" decoding=\"async\" width=\"683\" height=\"1024\" src=\"https:\/\/www.valparaisocreativo.cl\/wp-content\/uploads\/2022\/04\/BRIGIDA-ORQUESTA-13-683x1024.jpg\" alt=\"\" class=\"wp-image-10749\" srcset=\"https:\/\/dev.antudigital.cl\/sites\/vc\/wp-content\/uploads\/2022\/04\/BRIGIDA-ORQUESTA-13-683x1024.jpg 683w, https:\/\/dev.antudigital.cl\/sites\/vc\/wp-content\/uploads\/2022\/04\/BRIGIDA-ORQUESTA-13-200x300.jpg 200w, https:\/\/dev.antudigital.cl\/sites\/vc\/wp-content\/uploads\/2022\/04\/BRIGIDA-ORQUESTA-13-768x1152.jpg 768w, https:\/\/dev.antudigital.cl\/sites\/vc\/wp-content\/uploads\/2022\/04\/BRIGIDA-ORQUESTA-13-1024x1536.jpg 1024w, https:\/\/dev.antudigital.cl\/sites\/vc\/wp-content\/uploads\/2022\/04\/BRIGIDA-ORQUESTA-13-1365x2048.jpg 1365w, https:\/\/dev.antudigital.cl\/sites\/vc\/wp-content\/uploads\/2022\/04\/BRIGIDA-ORQUESTA-13-1080x1620.jpg 1080w, https:\/\/dev.antudigital.cl\/sites\/vc\/wp-content\/uploads\/2022\/04\/BRIGIDA-ORQUESTA-13-1280x1920.jpg 1280w, https:\/\/dev.antudigital.cl\/sites\/vc\/wp-content\/uploads\/2022\/04\/BRIGIDA-ORQUESTA-13-980x1470.jpg 980w, https:\/\/dev.antudigital.cl\/sites\/vc\/wp-content\/uploads\/2022\/04\/BRIGIDA-ORQUESTA-13-480x720.jpg 480w, https:\/\/dev.antudigital.cl\/sites\/vc\/wp-content\/uploads\/2022\/04\/BRIGIDA-ORQUESTA-13-scaled.jpg 1707w\" sizes=\"(max-width: 683px) 100vw, 683px\" \/><\/figure>\n\n\n\n<figure class=\"wp-block-gallery has-nested-images columns-default is-cropped wp-block-gallery-3 is-layout-flex wp-block-gallery-is-layout-flex\">\n<figure class=\"wp-block-image size-large\"><img loading=\"lazy\" decoding=\"async\" width=\"2560\" height=\"1707\" data-id=\"10753\" src=\"https:\/\/www.valparaisocreativo.cl\/wp-content\/uploads\/2022\/04\/BRIGIDA-ORQUESTA-17-scaled.jpg\" alt=\"\" class=\"wp-image-10753\" srcset=\"https:\/\/dev.antudigital.cl\/sites\/vc\/wp-content\/uploads\/2022\/04\/BRIGIDA-ORQUESTA-17-scaled.jpg 2560w, https:\/\/dev.antudigital.cl\/sites\/vc\/wp-content\/uploads\/2022\/04\/BRIGIDA-ORQUESTA-17-300x200.jpg 300w, https:\/\/dev.antudigital.cl\/sites\/vc\/wp-content\/uploads\/2022\/04\/BRIGIDA-ORQUESTA-17-1024x683.jpg 1024w, https:\/\/dev.antudigital.cl\/sites\/vc\/wp-content\/uploads\/2022\/04\/BRIGIDA-ORQUESTA-17-768x512.jpg 768w, https:\/\/dev.antudigital.cl\/sites\/vc\/wp-content\/uploads\/2022\/04\/BRIGIDA-ORQUESTA-17-1536x1024.jpg 1536w, https:\/\/dev.antudigital.cl\/sites\/vc\/wp-content\/uploads\/2022\/04\/BRIGIDA-ORQUESTA-17-2048x1365.jpg 2048w, https:\/\/dev.antudigital.cl\/sites\/vc\/wp-content\/uploads\/2022\/04\/BRIGIDA-ORQUESTA-17-1080x720.jpg 1080w, https:\/\/dev.antudigital.cl\/sites\/vc\/wp-content\/uploads\/2022\/04\/BRIGIDA-ORQUESTA-17-1280x854.jpg 1280w, https:\/\/dev.antudigital.cl\/sites\/vc\/wp-content\/uploads\/2022\/04\/BRIGIDA-ORQUESTA-17-980x653.jpg 980w, https:\/\/dev.antudigital.cl\/sites\/vc\/wp-content\/uploads\/2022\/04\/BRIGIDA-ORQUESTA-17-480x320.jpg 480w\" sizes=\"(max-width: 2560px) 100vw, 2560px\" \/><\/figure>\n\n\n\n<figure class=\"wp-block-image size-large\"><img loading=\"lazy\" decoding=\"async\" width=\"2560\" height=\"1707\" data-id=\"10751\" src=\"https:\/\/www.valparaisocreativo.cl\/wp-content\/uploads\/2022\/04\/BRIGIDA-ORQUESTA-15-scaled.jpg\" alt=\"\" class=\"wp-image-10751\" srcset=\"https:\/\/dev.antudigital.cl\/sites\/vc\/wp-content\/uploads\/2022\/04\/BRIGIDA-ORQUESTA-15-scaled.jpg 2560w, https:\/\/dev.antudigital.cl\/sites\/vc\/wp-content\/uploads\/2022\/04\/BRIGIDA-ORQUESTA-15-300x200.jpg 300w, https:\/\/dev.antudigital.cl\/sites\/vc\/wp-content\/uploads\/2022\/04\/BRIGIDA-ORQUESTA-15-1024x683.jpg 1024w, https:\/\/dev.antudigital.cl\/sites\/vc\/wp-content\/uploads\/2022\/04\/BRIGIDA-ORQUESTA-15-768x512.jpg 768w, https:\/\/dev.antudigital.cl\/sites\/vc\/wp-content\/uploads\/2022\/04\/BRIGIDA-ORQUESTA-15-1536x1024.jpg 1536w, https:\/\/dev.antudigital.cl\/sites\/vc\/wp-content\/uploads\/2022\/04\/BRIGIDA-ORQUESTA-15-2048x1365.jpg 2048w, https:\/\/dev.antudigital.cl\/sites\/vc\/wp-content\/uploads\/2022\/04\/BRIGIDA-ORQUESTA-15-1080x720.jpg 1080w, https:\/\/dev.antudigital.cl\/sites\/vc\/wp-content\/uploads\/2022\/04\/BRIGIDA-ORQUESTA-15-1280x854.jpg 1280w, https:\/\/dev.antudigital.cl\/sites\/vc\/wp-content\/uploads\/2022\/04\/BRIGIDA-ORQUESTA-15-980x653.jpg 980w, https:\/\/dev.antudigital.cl\/sites\/vc\/wp-content\/uploads\/2022\/04\/BRIGIDA-ORQUESTA-15-480x320.jpg 480w\" sizes=\"(max-width: 2560px) 100vw, 2560px\" \/><\/figure>\n\n\n\n<figure class=\"wp-block-image size-large\"><img loading=\"lazy\" decoding=\"async\" width=\"2560\" height=\"1707\" data-id=\"10747\" src=\"https:\/\/www.valparaisocreativo.cl\/wp-content\/uploads\/2022\/04\/BRIGIDA-ORQUESTA-11-scaled.jpg\" alt=\"\" class=\"wp-image-10747\" srcset=\"https:\/\/dev.antudigital.cl\/sites\/vc\/wp-content\/uploads\/2022\/04\/BRIGIDA-ORQUESTA-11-scaled.jpg 2560w, https:\/\/dev.antudigital.cl\/sites\/vc\/wp-content\/uploads\/2022\/04\/BRIGIDA-ORQUESTA-11-300x200.jpg 300w, https:\/\/dev.antudigital.cl\/sites\/vc\/wp-content\/uploads\/2022\/04\/BRIGIDA-ORQUESTA-11-1024x683.jpg 1024w, https:\/\/dev.antudigital.cl\/sites\/vc\/wp-content\/uploads\/2022\/04\/BRIGIDA-ORQUESTA-11-768x512.jpg 768w, https:\/\/dev.antudigital.cl\/sites\/vc\/wp-content\/uploads\/2022\/04\/BRIGIDA-ORQUESTA-11-1536x1024.jpg 1536w, https:\/\/dev.antudigital.cl\/sites\/vc\/wp-content\/uploads\/2022\/04\/BRIGIDA-ORQUESTA-11-2048x1365.jpg 2048w, https:\/\/dev.antudigital.cl\/sites\/vc\/wp-content\/uploads\/2022\/04\/BRIGIDA-ORQUESTA-11-1080x720.jpg 1080w, https:\/\/dev.antudigital.cl\/sites\/vc\/wp-content\/uploads\/2022\/04\/BRIGIDA-ORQUESTA-11-1280x854.jpg 1280w, https:\/\/dev.antudigital.cl\/sites\/vc\/wp-content\/uploads\/2022\/04\/BRIGIDA-ORQUESTA-11-980x653.jpg 980w, https:\/\/dev.antudigital.cl\/sites\/vc\/wp-content\/uploads\/2022\/04\/BRIGIDA-ORQUESTA-11-480x320.jpg 480w\" sizes=\"(max-width: 2560px) 100vw, 2560px\" \/><\/figure>\n<\/figure>\n","protected":false},"excerpt":{"rendered":"<p>Texto por: Valentinne RudolphyFotograf\u00edas por: Rodolfo Mu\u00f1oz El viernes 22 de abril a las 20:00hrs. puntual comenz\u00f3 el show que abr\u00eda el lanzamiento de \u00abAnt\u00edpoda\u00bb de La Br\u00edgida Orquesta. Mientras a\u00fan los fan\u00e1ticos hac\u00edan fila en torno al Teatro Municipal de Valpara\u00edso, Mente Sabia Crew comenz\u00f3 a entonar sus temas, haciendo bailar al p\u00fablico entrante [&hellip;]<\/p>\n","protected":false},"author":1,"featured_media":10739,"comment_status":"open","ping_status":"closed","sticky":false,"template":"","format":"standard","meta":{"_acf_changed":false,"footnotes":""},"categories":[8],"tags":[],"class_list":["post-10735","post","type-post","status-publish","format-standard","has-post-thumbnail","hentry","category-noticia"],"acf":[],"yoast_head":"<!-- This site is optimized with the Yoast SEO plugin v27.1.1 - https:\/\/yoast.com\/product\/yoast-seo-wordpress\/ -->\n<title>As\u00ed fue el lanzamiento de &quot;Ant\u00edpoda&quot; de La Br\u00edgida Orquesta - Valpara\u00ed\u00adso Creativo<\/title>\n<meta name=\"robots\" content=\"index, follow, max-snippet:-1, max-image-preview:large, max-video-preview:-1\" \/>\n<link rel=\"canonical\" href=\"https:\/\/dev.antudigital.cl\/sites\/vc\/asi-fue-el-lanzamiento-de-antipoda-de-la-brigida-orquesta\/\" \/>\n<meta property=\"og:locale\" content=\"es_ES\" \/>\n<meta property=\"og:type\" content=\"article\" \/>\n<meta property=\"og:title\" content=\"As\u00ed fue el lanzamiento de &quot;Ant\u00edpoda&quot; de La Br\u00edgida Orquesta - Valpara\u00ed\u00adso Creativo\" \/>\n<meta property=\"og:description\" content=\"Texto por: Valentinne RudolphyFotograf\u00edas por: Rodolfo Mu\u00f1oz El viernes 22 de abril a las 20:00hrs. puntual comenz\u00f3 el show que abr\u00eda el lanzamiento de \u00abAnt\u00edpoda\u00bb de La Br\u00edgida Orquesta. Mientras a\u00fan los fan\u00e1ticos hac\u00edan fila en torno al Teatro Municipal de Valpara\u00edso, Mente Sabia Crew comenz\u00f3 a entonar sus temas, haciendo bailar al p\u00fablico entrante [&hellip;]\" \/>\n<meta property=\"og:url\" content=\"https:\/\/dev.antudigital.cl\/sites\/vc\/asi-fue-el-lanzamiento-de-antipoda-de-la-brigida-orquesta\/\" \/>\n<meta property=\"og:site_name\" content=\"Valpara\u00ed\u00adso Creativo\" \/>\n<meta property=\"article:published_time\" content=\"2022-04-25T13:15:14+00:00\" \/>\n<meta property=\"article:modified_time\" content=\"2022-04-25T17:12:34+00:00\" \/>\n<meta property=\"og:image\" content=\"https:\/\/dev.antudigital.cl\/sites\/vc\/wp-content\/uploads\/2022\/04\/BRIGIDA-ORQUESTA-3-scaled.jpg\" \/>\n\t<meta property=\"og:image:width\" content=\"2560\" \/>\n\t<meta property=\"og:image:height\" content=\"1707\" \/>\n\t<meta property=\"og:image:type\" content=\"image\/jpeg\" \/>\n<meta name=\"author\" content=\"Valpara\u00edso Creativo\" \/>\n<meta name=\"twitter:card\" content=\"summary_large_image\" \/>\n<meta name=\"twitter:label1\" content=\"Escrito por\" \/>\n\t<meta name=\"twitter:data1\" content=\"Valpara\u00edso Creativo\" \/>\n\t<meta name=\"twitter:label2\" content=\"Tiempo de lectura\" \/>\n\t<meta name=\"twitter:data2\" content=\"4 minutos\" \/>\n<script type=\"application\/ld+json\" class=\"yoast-schema-graph\">{\"@context\":\"https:\/\/schema.org\",\"@graph\":[{\"@type\":\"Article\",\"@id\":\"https:\/\/dev.antudigital.cl\/sites\/vc\/asi-fue-el-lanzamiento-de-antipoda-de-la-brigida-orquesta\/#article\",\"isPartOf\":{\"@id\":\"https:\/\/dev.antudigital.cl\/sites\/vc\/asi-fue-el-lanzamiento-de-antipoda-de-la-brigida-orquesta\/\"},\"author\":{\"name\":\"Valpara\u00edso Creativo\",\"@id\":\"https:\/\/dev.antudigital.cl\/sites\/vc\/#\/schema\/person\/c2b9da8dd545e27166fc5ab232837318\"},\"headline\":\"As\u00ed fue el lanzamiento de \u00abAnt\u00edpoda\u00bb de La Br\u00edgida Orquesta\",\"datePublished\":\"2022-04-25T13:15:14+00:00\",\"dateModified\":\"2022-04-25T17:12:34+00:00\",\"mainEntityOfPage\":{\"@id\":\"https:\/\/dev.antudigital.cl\/sites\/vc\/asi-fue-el-lanzamiento-de-antipoda-de-la-brigida-orquesta\/\"},\"wordCount\":301,\"commentCount\":0,\"image\":{\"@id\":\"https:\/\/dev.antudigital.cl\/sites\/vc\/asi-fue-el-lanzamiento-de-antipoda-de-la-brigida-orquesta\/#primaryimage\"},\"thumbnailUrl\":\"https:\/\/dev.antudigital.cl\/sites\/vc\/wp-content\/uploads\/2022\/04\/BRIGIDA-ORQUESTA-3-scaled.jpg\",\"articleSection\":[\"Noticia\"],\"inLanguage\":\"es\",\"potentialAction\":[{\"@type\":\"CommentAction\",\"name\":\"Comment\",\"target\":[\"https:\/\/dev.antudigital.cl\/sites\/vc\/asi-fue-el-lanzamiento-de-antipoda-de-la-brigida-orquesta\/#respond\"]}]},{\"@type\":\"WebPage\",\"@id\":\"https:\/\/dev.antudigital.cl\/sites\/vc\/asi-fue-el-lanzamiento-de-antipoda-de-la-brigida-orquesta\/\",\"url\":\"https:\/\/dev.antudigital.cl\/sites\/vc\/asi-fue-el-lanzamiento-de-antipoda-de-la-brigida-orquesta\/\",\"name\":\"As\u00ed fue el lanzamiento de \\\"Ant\u00edpoda\\\" de La Br\u00edgida Orquesta - Valpara\u00ed\u00adso Creativo\",\"isPartOf\":{\"@id\":\"https:\/\/dev.antudigital.cl\/sites\/vc\/#website\"},\"primaryImageOfPage\":{\"@id\":\"https:\/\/dev.antudigital.cl\/sites\/vc\/asi-fue-el-lanzamiento-de-antipoda-de-la-brigida-orquesta\/#primaryimage\"},\"image\":{\"@id\":\"https:\/\/dev.antudigital.cl\/sites\/vc\/asi-fue-el-lanzamiento-de-antipoda-de-la-brigida-orquesta\/#primaryimage\"},\"thumbnailUrl\":\"https:\/\/dev.antudigital.cl\/sites\/vc\/wp-content\/uploads\/2022\/04\/BRIGIDA-ORQUESTA-3-scaled.jpg\",\"datePublished\":\"2022-04-25T13:15:14+00:00\",\"dateModified\":\"2022-04-25T17:12:34+00:00\",\"author\":{\"@id\":\"https:\/\/dev.antudigital.cl\/sites\/vc\/#\/schema\/person\/c2b9da8dd545e27166fc5ab232837318\"},\"breadcrumb\":{\"@id\":\"https:\/\/dev.antudigital.cl\/sites\/vc\/asi-fue-el-lanzamiento-de-antipoda-de-la-brigida-orquesta\/#breadcrumb\"},\"inLanguage\":\"es\",\"potentialAction\":[{\"@type\":\"ReadAction\",\"target\":[\"https:\/\/dev.antudigital.cl\/sites\/vc\/asi-fue-el-lanzamiento-de-antipoda-de-la-brigida-orquesta\/\"]}]},{\"@type\":\"ImageObject\",\"inLanguage\":\"es\",\"@id\":\"https:\/\/dev.antudigital.cl\/sites\/vc\/asi-fue-el-lanzamiento-de-antipoda-de-la-brigida-orquesta\/#primaryimage\",\"url\":\"https:\/\/dev.antudigital.cl\/sites\/vc\/wp-content\/uploads\/2022\/04\/BRIGIDA-ORQUESTA-3-scaled.jpg\",\"contentUrl\":\"https:\/\/dev.antudigital.cl\/sites\/vc\/wp-content\/uploads\/2022\/04\/BRIGIDA-ORQUESTA-3-scaled.jpg\",\"width\":2560,\"height\":1707},{\"@type\":\"BreadcrumbList\",\"@id\":\"https:\/\/dev.antudigital.cl\/sites\/vc\/asi-fue-el-lanzamiento-de-antipoda-de-la-brigida-orquesta\/#breadcrumb\",\"itemListElement\":[{\"@type\":\"ListItem\",\"position\":1,\"name\":\"Home\",\"item\":\"https:\/\/dev.antudigital.cl\/sites\/vc\/\"},{\"@type\":\"ListItem\",\"position\":2,\"name\":\"As\u00ed fue el lanzamiento de \u00abAnt\u00edpoda\u00bb de La Br\u00edgida Orquesta\"}]},{\"@type\":\"WebSite\",\"@id\":\"https:\/\/dev.antudigital.cl\/sites\/vc\/#website\",\"url\":\"https:\/\/dev.antudigital.cl\/sites\/vc\/\",\"name\":\"Valpara\u00ed\u00adso Creativo\",\"description\":\"\",\"potentialAction\":[{\"@type\":\"SearchAction\",\"target\":{\"@type\":\"EntryPoint\",\"urlTemplate\":\"https:\/\/dev.antudigital.cl\/sites\/vc\/?s={search_term_string}\"},\"query-input\":{\"@type\":\"PropertyValueSpecification\",\"valueRequired\":true,\"valueName\":\"search_term_string\"}}],\"inLanguage\":\"es\"},{\"@type\":\"Person\",\"@id\":\"https:\/\/dev.antudigital.cl\/sites\/vc\/#\/schema\/person\/c2b9da8dd545e27166fc5ab232837318\",\"name\":\"Valpara\u00edso Creativo\",\"description\":\"Periodista de cultura en la Regi\u00f3n de Valpara\u00edso.\",\"url\":\"https:\/\/dev.antudigital.cl\/sites\/vc\/author\/valpoadmin\/\"}]}<\/script>\n<!-- \/ Yoast SEO plugin. -->","yoast_head_json":{"title":"As\u00ed fue el lanzamiento de \"Ant\u00edpoda\" de La Br\u00edgida Orquesta - Valpara\u00ed\u00adso Creativo","robots":{"index":"index","follow":"follow","max-snippet":"max-snippet:-1","max-image-preview":"max-image-preview:large","max-video-preview":"max-video-preview:-1"},"canonical":"https:\/\/dev.antudigital.cl\/sites\/vc\/asi-fue-el-lanzamiento-de-antipoda-de-la-brigida-orquesta\/","og_locale":"es_ES","og_type":"article","og_title":"As\u00ed fue el lanzamiento de \"Ant\u00edpoda\" de La Br\u00edgida Orquesta - Valpara\u00ed\u00adso Creativo","og_description":"Texto por: Valentinne RudolphyFotograf\u00edas por: Rodolfo Mu\u00f1oz El viernes 22 de abril a las 20:00hrs. puntual comenz\u00f3 el show que abr\u00eda el lanzamiento de \u00abAnt\u00edpoda\u00bb de La Br\u00edgida Orquesta. Mientras a\u00fan los fan\u00e1ticos hac\u00edan fila en torno al Teatro Municipal de Valpara\u00edso, Mente Sabia Crew comenz\u00f3 a entonar sus temas, haciendo bailar al p\u00fablico entrante [&hellip;]","og_url":"https:\/\/dev.antudigital.cl\/sites\/vc\/asi-fue-el-lanzamiento-de-antipoda-de-la-brigida-orquesta\/","og_site_name":"Valpara\u00ed\u00adso Creativo","article_published_time":"2022-04-25T13:15:14+00:00","article_modified_time":"2022-04-25T17:12:34+00:00","og_image":[{"width":2560,"height":1707,"url":"https:\/\/dev.antudigital.cl\/sites\/vc\/wp-content\/uploads\/2022\/04\/BRIGIDA-ORQUESTA-3-scaled.jpg","type":"image\/jpeg"}],"author":"Valpara\u00edso Creativo","twitter_card":"summary_large_image","twitter_misc":{"Escrito por":"Valpara\u00edso Creativo","Tiempo de lectura":"4 minutos"},"schema":{"@context":"https:\/\/schema.org","@graph":[{"@type":"Article","@id":"https:\/\/dev.antudigital.cl\/sites\/vc\/asi-fue-el-lanzamiento-de-antipoda-de-la-brigida-orquesta\/#article","isPartOf":{"@id":"https:\/\/dev.antudigital.cl\/sites\/vc\/asi-fue-el-lanzamiento-de-antipoda-de-la-brigida-orquesta\/"},"author":{"name":"Valpara\u00edso Creativo","@id":"https:\/\/dev.antudigital.cl\/sites\/vc\/#\/schema\/person\/c2b9da8dd545e27166fc5ab232837318"},"headline":"As\u00ed fue el lanzamiento de \u00abAnt\u00edpoda\u00bb de La Br\u00edgida Orquesta","datePublished":"2022-04-25T13:15:14+00:00","dateModified":"2022-04-25T17:12:34+00:00","mainEntityOfPage":{"@id":"https:\/\/dev.antudigital.cl\/sites\/vc\/asi-fue-el-lanzamiento-de-antipoda-de-la-brigida-orquesta\/"},"wordCount":301,"commentCount":0,"image":{"@id":"https:\/\/dev.antudigital.cl\/sites\/vc\/asi-fue-el-lanzamiento-de-antipoda-de-la-brigida-orquesta\/#primaryimage"},"thumbnailUrl":"https:\/\/dev.antudigital.cl\/sites\/vc\/wp-content\/uploads\/2022\/04\/BRIGIDA-ORQUESTA-3-scaled.jpg","articleSection":["Noticia"],"inLanguage":"es","potentialAction":[{"@type":"CommentAction","name":"Comment","target":["https:\/\/dev.antudigital.cl\/sites\/vc\/asi-fue-el-lanzamiento-de-antipoda-de-la-brigida-orquesta\/#respond"]}]},{"@type":"WebPage","@id":"https:\/\/dev.antudigital.cl\/sites\/vc\/asi-fue-el-lanzamiento-de-antipoda-de-la-brigida-orquesta\/","url":"https:\/\/dev.antudigital.cl\/sites\/vc\/asi-fue-el-lanzamiento-de-antipoda-de-la-brigida-orquesta\/","name":"As\u00ed fue el lanzamiento de \"Ant\u00edpoda\" de La Br\u00edgida Orquesta - Valpara\u00ed\u00adso Creativo","isPartOf":{"@id":"https:\/\/dev.antudigital.cl\/sites\/vc\/#website"},"primaryImageOfPage":{"@id":"https:\/\/dev.antudigital.cl\/sites\/vc\/asi-fue-el-lanzamiento-de-antipoda-de-la-brigida-orquesta\/#primaryimage"},"image":{"@id":"https:\/\/dev.antudigital.cl\/sites\/vc\/asi-fue-el-lanzamiento-de-antipoda-de-la-brigida-orquesta\/#primaryimage"},"thumbnailUrl":"https:\/\/dev.antudigital.cl\/sites\/vc\/wp-content\/uploads\/2022\/04\/BRIGIDA-ORQUESTA-3-scaled.jpg","datePublished":"2022-04-25T13:15:14+00:00","dateModified":"2022-04-25T17:12:34+00:00","author":{"@id":"https:\/\/dev.antudigital.cl\/sites\/vc\/#\/schema\/person\/c2b9da8dd545e27166fc5ab232837318"},"breadcrumb":{"@id":"https:\/\/dev.antudigital.cl\/sites\/vc\/asi-fue-el-lanzamiento-de-antipoda-de-la-brigida-orquesta\/#breadcrumb"},"inLanguage":"es","potentialAction":[{"@type":"ReadAction","target":["https:\/\/dev.antudigital.cl\/sites\/vc\/asi-fue-el-lanzamiento-de-antipoda-de-la-brigida-orquesta\/"]}]},{"@type":"ImageObject","inLanguage":"es","@id":"https:\/\/dev.antudigital.cl\/sites\/vc\/asi-fue-el-lanzamiento-de-antipoda-de-la-brigida-orquesta\/#primaryimage","url":"https:\/\/dev.antudigital.cl\/sites\/vc\/wp-content\/uploads\/2022\/04\/BRIGIDA-ORQUESTA-3-scaled.jpg","contentUrl":"https:\/\/dev.antudigital.cl\/sites\/vc\/wp-content\/uploads\/2022\/04\/BRIGIDA-ORQUESTA-3-scaled.jpg","width":2560,"height":1707},{"@type":"BreadcrumbList","@id":"https:\/\/dev.antudigital.cl\/sites\/vc\/asi-fue-el-lanzamiento-de-antipoda-de-la-brigida-orquesta\/#breadcrumb","itemListElement":[{"@type":"ListItem","position":1,"name":"Home","item":"https:\/\/dev.antudigital.cl\/sites\/vc\/"},{"@type":"ListItem","position":2,"name":"As\u00ed fue el lanzamiento de \u00abAnt\u00edpoda\u00bb de La Br\u00edgida Orquesta"}]},{"@type":"WebSite","@id":"https:\/\/dev.antudigital.cl\/sites\/vc\/#website","url":"https:\/\/dev.antudigital.cl\/sites\/vc\/","name":"Valpara\u00ed\u00adso Creativo","description":"","potentialAction":[{"@type":"SearchAction","target":{"@type":"EntryPoint","urlTemplate":"https:\/\/dev.antudigital.cl\/sites\/vc\/?s={search_term_string}"},"query-input":{"@type":"PropertyValueSpecification","valueRequired":true,"valueName":"search_term_string"}}],"inLanguage":"es"},{"@type":"Person","@id":"https:\/\/dev.antudigital.cl\/sites\/vc\/#\/schema\/person\/c2b9da8dd545e27166fc5ab232837318","name":"Valpara\u00edso Creativo","description":"Periodista de cultura en la Regi\u00f3n de Valpara\u00edso.","url":"https:\/\/dev.antudigital.cl\/sites\/vc\/author\/valpoadmin\/"}]}},"_links":{"self":[{"href":"https:\/\/dev.antudigital.cl\/sites\/vc\/wp-json\/wp\/v2\/posts\/10735","targetHints":{"allow":["GET"]}}],"collection":[{"href":"https:\/\/dev.antudigital.cl\/sites\/vc\/wp-json\/wp\/v2\/posts"}],"about":[{"href":"https:\/\/dev.antudigital.cl\/sites\/vc\/wp-json\/wp\/v2\/types\/post"}],"author":[{"embeddable":true,"href":"https:\/\/dev.antudigital.cl\/sites\/vc\/wp-json\/wp\/v2\/users\/1"}],"replies":[{"embeddable":true,"href":"https:\/\/dev.antudigital.cl\/sites\/vc\/wp-json\/wp\/v2\/comments?post=10735"}],"version-history":[{"count":4,"href":"https:\/\/dev.antudigital.cl\/sites\/vc\/wp-json\/wp\/v2\/posts\/10735\/revisions"}],"predecessor-version":[{"id":10762,"href":"https:\/\/dev.antudigital.cl\/sites\/vc\/wp-json\/wp\/v2\/posts\/10735\/revisions\/10762"}],"wp:featuredmedia":[{"embeddable":true,"href":"https:\/\/dev.antudigital.cl\/sites\/vc\/wp-json\/wp\/v2\/media\/10739"}],"wp:attachment":[{"href":"https:\/\/dev.antudigital.cl\/sites\/vc\/wp-json\/wp\/v2\/media?parent=10735"}],"wp:term":[{"taxonomy":"category","embeddable":true,"href":"https:\/\/dev.antudigital.cl\/sites\/vc\/wp-json\/wp\/v2\/categories?post=10735"},{"taxonomy":"post_tag","embeddable":true,"href":"https:\/\/dev.antudigital.cl\/sites\/vc\/wp-json\/wp\/v2\/tags?post=10735"}],"curies":[{"name":"wp","href":"https:\/\/api.w.org\/{rel}","templated":true}]}}