{"id":10763,"date":"2022-04-27T15:19:44","date_gmt":"2022-04-27T15:19:44","guid":{"rendered":"https:\/\/www.valparaisocreativo.cl\/?p=10763"},"modified":"2022-04-27T15:19:49","modified_gmt":"2022-04-27T15:19:49","slug":"la-hidromiel-se-hara-presente-en-valparaiso-este-sabado-30-de-abril","status":"publish","type":"post","link":"https:\/\/dev.antudigital.cl\/sites\/vc\/la-hidromiel-se-hara-presente-en-valparaiso-este-sabado-30-de-abril\/","title":{"rendered":"La hidromiel se har\u00e1 presente en Valpara\u00edso este s\u00e1bado 30 de abril"},"content":{"rendered":"\n<p>El s\u00e1bado 30 de abril, entre las 10:00 y 20:00 horas, se realizar\u00e1 la tercera versi\u00f3n de la Feria del Gremio de Hidromieleros Chile y, en esta oportunidad, se realizar\u00e1 por primera vez en la V Regi\u00f3n, espec\u00edficamente, en el Mercado Puerto de Valpara\u00edso (Valdivia 269), llevando as\u00ed la cultura de las bebidas artesanales a la ciudad puerto.&nbsp;<\/p>\n\n\n\n<p>La hidromiel es la bebida fermentada m\u00e1s antigua de la historia, cuyo primer registro se encontr\u00f3 hace unos 40 mil a\u00f1os (aproximadamente), en el continente africano. Desde entonces, se han encontrado muestras de su consumo en distintas culturas del mundo, destacando el uso que le daba la tribu vikinga en Europa, durante el siglo I y II (D.C.).&nbsp;&nbsp;&nbsp;<\/p>\n\n\n\n<p>La asociaci\u00f3n mencionada y organizadora de este evento, es la agrupaci\u00f3n que re\u00fane a las y los productores de este brebaje y su objetivo es aportar a la industria y mejorar las condiciones para las y los artesanos de esta bebida alcoh\u00f3lica.&nbsp;<\/p>\n\n\n\n<p>La tercera Feria del Gremio de Hidromieleros Chile busca traer el mundo de la hidromiel y las bebidas fermentadas a la V regi\u00f3n del pa\u00eds y, para eso, contar\u00e1 con m\u00fasica en vivo, actos art\u00edsticos y circenses; y una actividad sensorial para las y los asistentes al evento.\u00a0<\/p>\n\n\n\n<p>El acceso al evento es totalmente gratuito y, para acompa\u00f1ar la jornada, habr\u00e1 una feria de emprendimientos, un show de malabares, uno de saltimbanque y una armonizaci\u00f3n o maridaje de hidromiel (cupos limitados, los cuales se repartir\u00e1n el mismo d\u00eda del evento).&nbsp;<\/p>\n\n\n\n<p>Adem\u00e1s, cuatro espect\u00e1culos musicales se desarrollar\u00e1n durante la tarde del s\u00e1bado 30 de abril, comenzando por la cantante de estilo medieval Tania Carstens; continuando con el cantautor porte\u00f1o Pato Volant\u00edn; siguiendo con la banda indie Al Tercer D\u00eda y finalizando con el d\u00fao de rap experimental local La Sal de Fruta.&nbsp;<\/p>\n\n\n\n<p>Conoce el Gremio de la Hidromiel y todos los detalles de este evento, ingresando a la cuenta de Instagram <a href=\"http:\/\/instagram.com\/hidromieleros.chile\">@hidromieleros.chile.<\/a><\/p>\n\n\n\n<figure class=\"wp-block-image size-large\"><img fetchpriority=\"high\" decoding=\"async\" width=\"1024\" height=\"1024\" src=\"https:\/\/www.valparaisocreativo.cl\/wp-content\/uploads\/2022\/04\/3ra-feria-para-RRSS-1024x1024.png\" alt=\"\" class=\"wp-image-10764\" srcset=\"https:\/\/dev.antudigital.cl\/sites\/vc\/wp-content\/uploads\/2022\/04\/3ra-feria-para-RRSS-1024x1024.png 1024w, https:\/\/dev.antudigital.cl\/sites\/vc\/wp-content\/uploads\/2022\/04\/3ra-feria-para-RRSS-300x300.png 300w, https:\/\/dev.antudigital.cl\/sites\/vc\/wp-content\/uploads\/2022\/04\/3ra-feria-para-RRSS-150x150.png 150w, https:\/\/dev.antudigital.cl\/sites\/vc\/wp-content\/uploads\/2022\/04\/3ra-feria-para-RRSS-768x768.png 768w, https:\/\/dev.antudigital.cl\/sites\/vc\/wp-content\/uploads\/2022\/04\/3ra-feria-para-RRSS-980x980.png 980w, https:\/\/dev.antudigital.cl\/sites\/vc\/wp-content\/uploads\/2022\/04\/3ra-feria-para-RRSS-480x480.png 480w, https:\/\/dev.antudigital.cl\/sites\/vc\/wp-content\/uploads\/2022\/04\/3ra-feria-para-RRSS.png 1080w\" sizes=\"(max-width: 1024px) 100vw, 1024px\" \/><\/figure>\n","protected":false},"excerpt":{"rendered":"<p>El s\u00e1bado 30 de abril, entre las 10:00 y 20:00 horas, se realizar\u00e1 la tercera versi\u00f3n de la Feria del Gremio de Hidromieleros Chile y, en esta oportunidad, se realizar\u00e1 por primera vez en la V Regi\u00f3n, espec\u00edficamente, en el Mercado Puerto de Valpara\u00edso (Valdivia 269), llevando as\u00ed la cultura de las bebidas artesanales a [&hellip;]<\/p>\n","protected":false},"author":1,"featured_media":10765,"comment_status":"open","ping_status":"closed","sticky":false,"template":"","format":"standard","meta":{"_acf_changed":false,"footnotes":""},"categories":[8],"tags":[],"class_list":["post-10763","post","type-post","status-publish","format-standard","has-post-thumbnail","hentry","category-noticia"],"acf":[],"yoast_head":"<!-- This site is optimized with the Yoast SEO plugin v27.1.1 - https:\/\/yoast.com\/product\/yoast-seo-wordpress\/ -->\n<title>La hidromiel se har\u00e1 presente en Valpara\u00edso este s\u00e1bado 30 de abril - Valpara\u00ed\u00adso Creativo<\/title>\n<meta name=\"robots\" content=\"index, follow, max-snippet:-1, max-image-preview:large, max-video-preview:-1\" \/>\n<link rel=\"canonical\" href=\"https:\/\/dev.antudigital.cl\/sites\/vc\/la-hidromiel-se-hara-presente-en-valparaiso-este-sabado-30-de-abril\/\" \/>\n<meta property=\"og:locale\" content=\"es_ES\" \/>\n<meta property=\"og:type\" content=\"article\" \/>\n<meta property=\"og:title\" content=\"La hidromiel se har\u00e1 presente en Valpara\u00edso este s\u00e1bado 30 de abril - Valpara\u00ed\u00adso Creativo\" \/>\n<meta property=\"og:description\" content=\"El s\u00e1bado 30 de abril, entre las 10:00 y 20:00 horas, se realizar\u00e1 la tercera versi\u00f3n de la Feria del Gremio de Hidromieleros Chile y, en esta oportunidad, se realizar\u00e1 por primera vez en la V Regi\u00f3n, espec\u00edficamente, en el Mercado Puerto de Valpara\u00edso (Valdivia 269), llevando as\u00ed la cultura de las bebidas artesanales a [&hellip;]\" \/>\n<meta property=\"og:url\" content=\"https:\/\/dev.antudigital.cl\/sites\/vc\/la-hidromiel-se-hara-presente-en-valparaiso-este-sabado-30-de-abril\/\" \/>\n<meta property=\"og:site_name\" content=\"Valpara\u00ed\u00adso Creativo\" \/>\n<meta property=\"article:published_time\" content=\"2022-04-27T15:19:44+00:00\" \/>\n<meta property=\"article:modified_time\" content=\"2022-04-27T15:19:49+00:00\" \/>\n<meta property=\"og:image\" content=\"https:\/\/dev.antudigital.cl\/sites\/vc\/wp-content\/uploads\/2022\/04\/7.jpg\" \/>\n\t<meta property=\"og:image:width\" content=\"1026\" \/>\n\t<meta property=\"og:image:height\" content=\"684\" \/>\n\t<meta property=\"og:image:type\" content=\"image\/jpeg\" \/>\n<meta name=\"author\" content=\"Valpara\u00edso Creativo\" \/>\n<meta name=\"twitter:card\" content=\"summary_large_image\" \/>\n<meta name=\"twitter:label1\" content=\"Escrito por\" \/>\n\t<meta name=\"twitter:data1\" content=\"Valpara\u00edso Creativo\" \/>\n\t<meta name=\"twitter:label2\" content=\"Tiempo de lectura\" \/>\n\t<meta name=\"twitter:data2\" content=\"2 minutos\" \/>\n<script type=\"application\/ld+json\" class=\"yoast-schema-graph\">{\"@context\":\"https:\/\/schema.org\",\"@graph\":[{\"@type\":\"Article\",\"@id\":\"https:\/\/dev.antudigital.cl\/sites\/vc\/la-hidromiel-se-hara-presente-en-valparaiso-este-sabado-30-de-abril\/#article\",\"isPartOf\":{\"@id\":\"https:\/\/dev.antudigital.cl\/sites\/vc\/la-hidromiel-se-hara-presente-en-valparaiso-este-sabado-30-de-abril\/\"},\"author\":{\"name\":\"Valpara\u00edso Creativo\",\"@id\":\"https:\/\/dev.antudigital.cl\/sites\/vc\/#\/schema\/person\/c2b9da8dd545e27166fc5ab232837318\"},\"headline\":\"La hidromiel se har\u00e1 presente en Valpara\u00edso este s\u00e1bado 30 de abril\",\"datePublished\":\"2022-04-27T15:19:44+00:00\",\"dateModified\":\"2022-04-27T15:19:49+00:00\",\"mainEntityOfPage\":{\"@id\":\"https:\/\/dev.antudigital.cl\/sites\/vc\/la-hidromiel-se-hara-presente-en-valparaiso-este-sabado-30-de-abril\/\"},\"wordCount\":362,\"commentCount\":0,\"image\":{\"@id\":\"https:\/\/dev.antudigital.cl\/sites\/vc\/la-hidromiel-se-hara-presente-en-valparaiso-este-sabado-30-de-abril\/#primaryimage\"},\"thumbnailUrl\":\"https:\/\/dev.antudigital.cl\/sites\/vc\/wp-content\/uploads\/2022\/04\/7.jpg\",\"articleSection\":[\"Noticia\"],\"inLanguage\":\"es\",\"potentialAction\":[{\"@type\":\"CommentAction\",\"name\":\"Comment\",\"target\":[\"https:\/\/dev.antudigital.cl\/sites\/vc\/la-hidromiel-se-hara-presente-en-valparaiso-este-sabado-30-de-abril\/#respond\"]}]},{\"@type\":\"WebPage\",\"@id\":\"https:\/\/dev.antudigital.cl\/sites\/vc\/la-hidromiel-se-hara-presente-en-valparaiso-este-sabado-30-de-abril\/\",\"url\":\"https:\/\/dev.antudigital.cl\/sites\/vc\/la-hidromiel-se-hara-presente-en-valparaiso-este-sabado-30-de-abril\/\",\"name\":\"La hidromiel se har\u00e1 presente en Valpara\u00edso este s\u00e1bado 30 de abril - Valpara\u00ed\u00adso Creativo\",\"isPartOf\":{\"@id\":\"https:\/\/dev.antudigital.cl\/sites\/vc\/#website\"},\"primaryImageOfPage\":{\"@id\":\"https:\/\/dev.antudigital.cl\/sites\/vc\/la-hidromiel-se-hara-presente-en-valparaiso-este-sabado-30-de-abril\/#primaryimage\"},\"image\":{\"@id\":\"https:\/\/dev.antudigital.cl\/sites\/vc\/la-hidromiel-se-hara-presente-en-valparaiso-este-sabado-30-de-abril\/#primaryimage\"},\"thumbnailUrl\":\"https:\/\/dev.antudigital.cl\/sites\/vc\/wp-content\/uploads\/2022\/04\/7.jpg\",\"datePublished\":\"2022-04-27T15:19:44+00:00\",\"dateModified\":\"2022-04-27T15:19:49+00:00\",\"author\":{\"@id\":\"https:\/\/dev.antudigital.cl\/sites\/vc\/#\/schema\/person\/c2b9da8dd545e27166fc5ab232837318\"},\"breadcrumb\":{\"@id\":\"https:\/\/dev.antudigital.cl\/sites\/vc\/la-hidromiel-se-hara-presente-en-valparaiso-este-sabado-30-de-abril\/#breadcrumb\"},\"inLanguage\":\"es\",\"potentialAction\":[{\"@type\":\"ReadAction\",\"target\":[\"https:\/\/dev.antudigital.cl\/sites\/vc\/la-hidromiel-se-hara-presente-en-valparaiso-este-sabado-30-de-abril\/\"]}]},{\"@type\":\"ImageObject\",\"inLanguage\":\"es\",\"@id\":\"https:\/\/dev.antudigital.cl\/sites\/vc\/la-hidromiel-se-hara-presente-en-valparaiso-este-sabado-30-de-abril\/#primaryimage\",\"url\":\"https:\/\/dev.antudigital.cl\/sites\/vc\/wp-content\/uploads\/2022\/04\/7.jpg\",\"contentUrl\":\"https:\/\/dev.antudigital.cl\/sites\/vc\/wp-content\/uploads\/2022\/04\/7.jpg\",\"width\":1026,\"height\":684},{\"@type\":\"BreadcrumbList\",\"@id\":\"https:\/\/dev.antudigital.cl\/sites\/vc\/la-hidromiel-se-hara-presente-en-valparaiso-este-sabado-30-de-abril\/#breadcrumb\",\"itemListElement\":[{\"@type\":\"ListItem\",\"position\":1,\"name\":\"Home\",\"item\":\"https:\/\/dev.antudigital.cl\/sites\/vc\/\"},{\"@type\":\"ListItem\",\"position\":2,\"name\":\"La hidromiel se har\u00e1 presente en Valpara\u00edso este s\u00e1bado 30 de abril\"}]},{\"@type\":\"WebSite\",\"@id\":\"https:\/\/dev.antudigital.cl\/sites\/vc\/#website\",\"url\":\"https:\/\/dev.antudigital.cl\/sites\/vc\/\",\"name\":\"Valpara\u00ed\u00adso Creativo\",\"description\":\"\",\"potentialAction\":[{\"@type\":\"SearchAction\",\"target\":{\"@type\":\"EntryPoint\",\"urlTemplate\":\"https:\/\/dev.antudigital.cl\/sites\/vc\/?s={search_term_string}\"},\"query-input\":{\"@type\":\"PropertyValueSpecification\",\"valueRequired\":true,\"valueName\":\"search_term_string\"}}],\"inLanguage\":\"es\"},{\"@type\":\"Person\",\"@id\":\"https:\/\/dev.antudigital.cl\/sites\/vc\/#\/schema\/person\/c2b9da8dd545e27166fc5ab232837318\",\"name\":\"Valpara\u00edso Creativo\",\"description\":\"Periodista de cultura en la Regi\u00f3n de Valpara\u00edso.\",\"url\":\"https:\/\/dev.antudigital.cl\/sites\/vc\/author\/valpoadmin\/\"}]}<\/script>\n<!-- \/ Yoast SEO plugin. -->","yoast_head_json":{"title":"La hidromiel se har\u00e1 presente en Valpara\u00edso este s\u00e1bado 30 de abril - Valpara\u00ed\u00adso Creativo","robots":{"index":"index","follow":"follow","max-snippet":"max-snippet:-1","max-image-preview":"max-image-preview:large","max-video-preview":"max-video-preview:-1"},"canonical":"https:\/\/dev.antudigital.cl\/sites\/vc\/la-hidromiel-se-hara-presente-en-valparaiso-este-sabado-30-de-abril\/","og_locale":"es_ES","og_type":"article","og_title":"La hidromiel se har\u00e1 presente en Valpara\u00edso este s\u00e1bado 30 de abril - Valpara\u00ed\u00adso Creativo","og_description":"El s\u00e1bado 30 de abril, entre las 10:00 y 20:00 horas, se realizar\u00e1 la tercera versi\u00f3n de la Feria del Gremio de Hidromieleros Chile y, en esta oportunidad, se realizar\u00e1 por primera vez en la V Regi\u00f3n, espec\u00edficamente, en el Mercado Puerto de Valpara\u00edso (Valdivia 269), llevando as\u00ed la cultura de las bebidas artesanales a [&hellip;]","og_url":"https:\/\/dev.antudigital.cl\/sites\/vc\/la-hidromiel-se-hara-presente-en-valparaiso-este-sabado-30-de-abril\/","og_site_name":"Valpara\u00ed\u00adso Creativo","article_published_time":"2022-04-27T15:19:44+00:00","article_modified_time":"2022-04-27T15:19:49+00:00","og_image":[{"width":1026,"height":684,"url":"https:\/\/dev.antudigital.cl\/sites\/vc\/wp-content\/uploads\/2022\/04\/7.jpg","type":"image\/jpeg"}],"author":"Valpara\u00edso Creativo","twitter_card":"summary_large_image","twitter_misc":{"Escrito por":"Valpara\u00edso Creativo","Tiempo de lectura":"2 minutos"},"schema":{"@context":"https:\/\/schema.org","@graph":[{"@type":"Article","@id":"https:\/\/dev.antudigital.cl\/sites\/vc\/la-hidromiel-se-hara-presente-en-valparaiso-este-sabado-30-de-abril\/#article","isPartOf":{"@id":"https:\/\/dev.antudigital.cl\/sites\/vc\/la-hidromiel-se-hara-presente-en-valparaiso-este-sabado-30-de-abril\/"},"author":{"name":"Valpara\u00edso Creativo","@id":"https:\/\/dev.antudigital.cl\/sites\/vc\/#\/schema\/person\/c2b9da8dd545e27166fc5ab232837318"},"headline":"La hidromiel se har\u00e1 presente en Valpara\u00edso este s\u00e1bado 30 de abril","datePublished":"2022-04-27T15:19:44+00:00","dateModified":"2022-04-27T15:19:49+00:00","mainEntityOfPage":{"@id":"https:\/\/dev.antudigital.cl\/sites\/vc\/la-hidromiel-se-hara-presente-en-valparaiso-este-sabado-30-de-abril\/"},"wordCount":362,"commentCount":0,"image":{"@id":"https:\/\/dev.antudigital.cl\/sites\/vc\/la-hidromiel-se-hara-presente-en-valparaiso-este-sabado-30-de-abril\/#primaryimage"},"thumbnailUrl":"https:\/\/dev.antudigital.cl\/sites\/vc\/wp-content\/uploads\/2022\/04\/7.jpg","articleSection":["Noticia"],"inLanguage":"es","potentialAction":[{"@type":"CommentAction","name":"Comment","target":["https:\/\/dev.antudigital.cl\/sites\/vc\/la-hidromiel-se-hara-presente-en-valparaiso-este-sabado-30-de-abril\/#respond"]}]},{"@type":"WebPage","@id":"https:\/\/dev.antudigital.cl\/sites\/vc\/la-hidromiel-se-hara-presente-en-valparaiso-este-sabado-30-de-abril\/","url":"https:\/\/dev.antudigital.cl\/sites\/vc\/la-hidromiel-se-hara-presente-en-valparaiso-este-sabado-30-de-abril\/","name":"La hidromiel se har\u00e1 presente en Valpara\u00edso este s\u00e1bado 30 de abril - Valpara\u00ed\u00adso Creativo","isPartOf":{"@id":"https:\/\/dev.antudigital.cl\/sites\/vc\/#website"},"primaryImageOfPage":{"@id":"https:\/\/dev.antudigital.cl\/sites\/vc\/la-hidromiel-se-hara-presente-en-valparaiso-este-sabado-30-de-abril\/#primaryimage"},"image":{"@id":"https:\/\/dev.antudigital.cl\/sites\/vc\/la-hidromiel-se-hara-presente-en-valparaiso-este-sabado-30-de-abril\/#primaryimage"},"thumbnailUrl":"https:\/\/dev.antudigital.cl\/sites\/vc\/wp-content\/uploads\/2022\/04\/7.jpg","datePublished":"2022-04-27T15:19:44+00:00","dateModified":"2022-04-27T15:19:49+00:00","author":{"@id":"https:\/\/dev.antudigital.cl\/sites\/vc\/#\/schema\/person\/c2b9da8dd545e27166fc5ab232837318"},"breadcrumb":{"@id":"https:\/\/dev.antudigital.cl\/sites\/vc\/la-hidromiel-se-hara-presente-en-valparaiso-este-sabado-30-de-abril\/#breadcrumb"},"inLanguage":"es","potentialAction":[{"@type":"ReadAction","target":["https:\/\/dev.antudigital.cl\/sites\/vc\/la-hidromiel-se-hara-presente-en-valparaiso-este-sabado-30-de-abril\/"]}]},{"@type":"ImageObject","inLanguage":"es","@id":"https:\/\/dev.antudigital.cl\/sites\/vc\/la-hidromiel-se-hara-presente-en-valparaiso-este-sabado-30-de-abril\/#primaryimage","url":"https:\/\/dev.antudigital.cl\/sites\/vc\/wp-content\/uploads\/2022\/04\/7.jpg","contentUrl":"https:\/\/dev.antudigital.cl\/sites\/vc\/wp-content\/uploads\/2022\/04\/7.jpg","width":1026,"height":684},{"@type":"BreadcrumbList","@id":"https:\/\/dev.antudigital.cl\/sites\/vc\/la-hidromiel-se-hara-presente-en-valparaiso-este-sabado-30-de-abril\/#breadcrumb","itemListElement":[{"@type":"ListItem","position":1,"name":"Home","item":"https:\/\/dev.antudigital.cl\/sites\/vc\/"},{"@type":"ListItem","position":2,"name":"La hidromiel se har\u00e1 presente en Valpara\u00edso este s\u00e1bado 30 de abril"}]},{"@type":"WebSite","@id":"https:\/\/dev.antudigital.cl\/sites\/vc\/#website","url":"https:\/\/dev.antudigital.cl\/sites\/vc\/","name":"Valpara\u00ed\u00adso Creativo","description":"","potentialAction":[{"@type":"SearchAction","target":{"@type":"EntryPoint","urlTemplate":"https:\/\/dev.antudigital.cl\/sites\/vc\/?s={search_term_string}"},"query-input":{"@type":"PropertyValueSpecification","valueRequired":true,"valueName":"search_term_string"}}],"inLanguage":"es"},{"@type":"Person","@id":"https:\/\/dev.antudigital.cl\/sites\/vc\/#\/schema\/person\/c2b9da8dd545e27166fc5ab232837318","name":"Valpara\u00edso Creativo","description":"Periodista de cultura en la Regi\u00f3n de Valpara\u00edso.","url":"https:\/\/dev.antudigital.cl\/sites\/vc\/author\/valpoadmin\/"}]}},"_links":{"self":[{"href":"https:\/\/dev.antudigital.cl\/sites\/vc\/wp-json\/wp\/v2\/posts\/10763","targetHints":{"allow":["GET"]}}],"collection":[{"href":"https:\/\/dev.antudigital.cl\/sites\/vc\/wp-json\/wp\/v2\/posts"}],"about":[{"href":"https:\/\/dev.antudigital.cl\/sites\/vc\/wp-json\/wp\/v2\/types\/post"}],"author":[{"embeddable":true,"href":"https:\/\/dev.antudigital.cl\/sites\/vc\/wp-json\/wp\/v2\/users\/1"}],"replies":[{"embeddable":true,"href":"https:\/\/dev.antudigital.cl\/sites\/vc\/wp-json\/wp\/v2\/comments?post=10763"}],"version-history":[{"count":1,"href":"https:\/\/dev.antudigital.cl\/sites\/vc\/wp-json\/wp\/v2\/posts\/10763\/revisions"}],"predecessor-version":[{"id":10766,"href":"https:\/\/dev.antudigital.cl\/sites\/vc\/wp-json\/wp\/v2\/posts\/10763\/revisions\/10766"}],"wp:featuredmedia":[{"embeddable":true,"href":"https:\/\/dev.antudigital.cl\/sites\/vc\/wp-json\/wp\/v2\/media\/10765"}],"wp:attachment":[{"href":"https:\/\/dev.antudigital.cl\/sites\/vc\/wp-json\/wp\/v2\/media?parent=10763"}],"wp:term":[{"taxonomy":"category","embeddable":true,"href":"https:\/\/dev.antudigital.cl\/sites\/vc\/wp-json\/wp\/v2\/categories?post=10763"},{"taxonomy":"post_tag","embeddable":true,"href":"https:\/\/dev.antudigital.cl\/sites\/vc\/wp-json\/wp\/v2\/tags?post=10763"}],"curies":[{"name":"wp","href":"https:\/\/api.w.org\/{rel}","templated":true}]}}