{"id":10767,"date":"2022-04-29T13:09:43","date_gmt":"2022-04-29T13:09:43","guid":{"rendered":"https:\/\/www.valparaisocreativo.cl\/?p=10767"},"modified":"2022-04-29T13:09:49","modified_gmt":"2022-04-29T13:09:49","slug":"familia-de-cantores-a-lo-poeta-los-madariaga-presento-concierto-online","status":"publish","type":"post","link":"https:\/\/dev.antudigital.cl\/sites\/vc\/familia-de-cantores-a-lo-poeta-los-madariaga-presento-concierto-online\/","title":{"rendered":"Familia de cantores a lo poeta Los Madariaga present\u00f3 concierto online"},"content":{"rendered":"\n<p>Este mi\u00e9rcoles 27 de abril a las 18:00 horas se realiz\u00f3 el estreno de la pieza audiovisual del concierto did\u00e1ctico que las tres generaciones de la familia Madariaga -Arnoldo padre, Arnoldo hijo y Emma- registraron en su casa, en los campos de la localidad de La Chacarilla, al interior de la comuna de Cartagena.\u00a0<\/p>\n\n\n\n<p>La familia Madariaga cuenta con una larga tradici\u00f3n de cantores a lo poeta y cultores campesinos, traspasando de generaci\u00f3n en generaci\u00f3n la creaci\u00f3n de d\u00e9cimas, el uso de la m\u00e9trica y los secretos de la afinaci\u00f3n del guitarr\u00f3n chileno. En la presente producci\u00f3n audiovisual, que cont\u00f3 con el financiamiento del Fondo para el Fomento de la M\u00fasica Nacional, Convocatoria 2021, buscan traspasar la experiencia del canto y la tradici\u00f3n del campo centrino a las audiencias. Para ello, el concierto did\u00e1ctico se ha estructurado en torno a las diferentes manifestaciones del canto a lo poeta (canto a lo divino, a lo humano e improvisaci\u00f3n en d\u00e9cimas) acompa\u00f1adas por el relato de su historia y la explicaci\u00f3n de sus formas, su m\u00e9trica y las afinaciones de los instrumentos, entre otros temas.<\/p>\n\n\n\n<p>Ve la presentaci\u00f3n en el siguiente link: <a href=\"https:\/\/www.facebook.com\/ceac.corporacion\/videos\/437385944814952\">https:\/\/www.facebook.com\/ceac.corporacion\/videos\/437385944814952<\/a> y en sus redes:<\/p>\n\n\n\n<ul class=\"wp-block-list\"><li><a href=\"https:\/\/www.facebook.com\/ceac.corporacion\">https:\/\/www.facebook.com\/ceac.corporacion<\/a><\/li><li><a href=\"https:\/\/www.facebook.com\/losmadariaga\">https:\/\/www.facebook.com\/losmadariaga<\/a><\/li><li><a href=\"https:\/\/www.facebook.com\/losnavegantesfilms\">https:\/\/www.facebook.com\/losnavegantesfilms<\/a>\u00a0<\/li><\/ul>\n\n\n\n<figure class=\"wp-block-image size-large\"><img fetchpriority=\"high\" decoding=\"async\" width=\"848\" height=\"1024\" src=\"https:\/\/www.valparaisocreativo.cl\/wp-content\/uploads\/2022\/04\/FLYERS-RRSS-FAMILIA-MADARIAGA-848x1024.png\" alt=\"\" class=\"wp-image-10769\" srcset=\"https:\/\/dev.antudigital.cl\/sites\/vc\/wp-content\/uploads\/2022\/04\/FLYERS-RRSS-FAMILIA-MADARIAGA-848x1024.png 848w, https:\/\/dev.antudigital.cl\/sites\/vc\/wp-content\/uploads\/2022\/04\/FLYERS-RRSS-FAMILIA-MADARIAGA-248x300.png 248w, https:\/\/dev.antudigital.cl\/sites\/vc\/wp-content\/uploads\/2022\/04\/FLYERS-RRSS-FAMILIA-MADARIAGA-768x928.png 768w, https:\/\/dev.antudigital.cl\/sites\/vc\/wp-content\/uploads\/2022\/04\/FLYERS-RRSS-FAMILIA-MADARIAGA-1272x1536.png 1272w, https:\/\/dev.antudigital.cl\/sites\/vc\/wp-content\/uploads\/2022\/04\/FLYERS-RRSS-FAMILIA-MADARIAGA-1080x1305.png 1080w, https:\/\/dev.antudigital.cl\/sites\/vc\/wp-content\/uploads\/2022\/04\/FLYERS-RRSS-FAMILIA-MADARIAGA-1280x1546.png 1280w, https:\/\/dev.antudigital.cl\/sites\/vc\/wp-content\/uploads\/2022\/04\/FLYERS-RRSS-FAMILIA-MADARIAGA-980x1184.png 980w, https:\/\/dev.antudigital.cl\/sites\/vc\/wp-content\/uploads\/2022\/04\/FLYERS-RRSS-FAMILIA-MADARIAGA-480x580.png 480w, https:\/\/dev.antudigital.cl\/sites\/vc\/wp-content\/uploads\/2022\/04\/FLYERS-RRSS-FAMILIA-MADARIAGA.png 1414w\" sizes=\"(max-width: 848px) 100vw, 848px\" \/><\/figure>\n","protected":false},"excerpt":{"rendered":"<p>Este mi\u00e9rcoles 27 de abril a las 18:00 horas se realiz\u00f3 el estreno de la pieza audiovisual del concierto did\u00e1ctico que las tres generaciones de la familia Madariaga -Arnoldo padre, Arnoldo hijo y Emma- registraron en su casa, en los campos de la localidad de La Chacarilla, al interior de la comuna de Cartagena.\u00a0 La [&hellip;]<\/p>\n","protected":false},"author":1,"featured_media":10768,"comment_status":"open","ping_status":"closed","sticky":false,"template":"","format":"standard","meta":{"_acf_changed":false,"footnotes":""},"categories":[8],"tags":[],"class_list":["post-10767","post","type-post","status-publish","format-standard","has-post-thumbnail","hentry","category-noticia"],"acf":[],"yoast_head":"<!-- This site is optimized with the Yoast SEO plugin v27.1.1 - https:\/\/yoast.com\/product\/yoast-seo-wordpress\/ -->\n<title>Familia de cantores a lo poeta Los Madariaga present\u00f3 concierto online - Valpara\u00ed\u00adso Creativo<\/title>\n<meta name=\"robots\" content=\"index, follow, max-snippet:-1, max-image-preview:large, max-video-preview:-1\" \/>\n<link rel=\"canonical\" href=\"https:\/\/dev.antudigital.cl\/sites\/vc\/familia-de-cantores-a-lo-poeta-los-madariaga-presento-concierto-online\/\" \/>\n<meta property=\"og:locale\" content=\"es_ES\" \/>\n<meta property=\"og:type\" content=\"article\" \/>\n<meta property=\"og:title\" content=\"Familia de cantores a lo poeta Los Madariaga present\u00f3 concierto online - Valpara\u00ed\u00adso Creativo\" \/>\n<meta property=\"og:description\" content=\"Este mi\u00e9rcoles 27 de abril a las 18:00 horas se realiz\u00f3 el estreno de la pieza audiovisual del concierto did\u00e1ctico que las tres generaciones de la familia Madariaga -Arnoldo padre, Arnoldo hijo y Emma- registraron en su casa, en los campos de la localidad de La Chacarilla, al interior de la comuna de Cartagena.\u00a0 La [&hellip;]\" \/>\n<meta property=\"og:url\" content=\"https:\/\/dev.antudigital.cl\/sites\/vc\/familia-de-cantores-a-lo-poeta-los-madariaga-presento-concierto-online\/\" \/>\n<meta property=\"og:site_name\" content=\"Valpara\u00ed\u00adso Creativo\" \/>\n<meta property=\"article:published_time\" content=\"2022-04-29T13:09:43+00:00\" \/>\n<meta property=\"article:modified_time\" content=\"2022-04-29T13:09:49+00:00\" \/>\n<meta property=\"og:image\" content=\"https:\/\/dev.antudigital.cl\/sites\/vc\/wp-content\/uploads\/2022\/04\/educar-en-familia-01.jpg\" \/>\n\t<meta property=\"og:image:width\" content=\"1000\" \/>\n\t<meta property=\"og:image:height\" content=\"488\" \/>\n\t<meta property=\"og:image:type\" content=\"image\/jpeg\" \/>\n<meta name=\"author\" content=\"Valpara\u00edso Creativo\" \/>\n<meta name=\"twitter:card\" content=\"summary_large_image\" \/>\n<meta name=\"twitter:label1\" content=\"Escrito por\" \/>\n\t<meta name=\"twitter:data1\" content=\"Valpara\u00edso Creativo\" \/>\n\t<meta name=\"twitter:label2\" content=\"Tiempo de lectura\" \/>\n\t<meta name=\"twitter:data2\" content=\"2 minutos\" \/>\n<script type=\"application\/ld+json\" class=\"yoast-schema-graph\">{\"@context\":\"https:\/\/schema.org\",\"@graph\":[{\"@type\":\"Article\",\"@id\":\"https:\/\/dev.antudigital.cl\/sites\/vc\/familia-de-cantores-a-lo-poeta-los-madariaga-presento-concierto-online\/#article\",\"isPartOf\":{\"@id\":\"https:\/\/dev.antudigital.cl\/sites\/vc\/familia-de-cantores-a-lo-poeta-los-madariaga-presento-concierto-online\/\"},\"author\":{\"name\":\"Valpara\u00edso Creativo\",\"@id\":\"https:\/\/dev.antudigital.cl\/sites\/vc\/#\/schema\/person\/c2b9da8dd545e27166fc5ab232837318\"},\"headline\":\"Familia de cantores a lo poeta Los Madariaga present\u00f3 concierto online\",\"datePublished\":\"2022-04-29T13:09:43+00:00\",\"dateModified\":\"2022-04-29T13:09:49+00:00\",\"mainEntityOfPage\":{\"@id\":\"https:\/\/dev.antudigital.cl\/sites\/vc\/familia-de-cantores-a-lo-poeta-los-madariaga-presento-concierto-online\/\"},\"wordCount\":245,\"commentCount\":0,\"image\":{\"@id\":\"https:\/\/dev.antudigital.cl\/sites\/vc\/familia-de-cantores-a-lo-poeta-los-madariaga-presento-concierto-online\/#primaryimage\"},\"thumbnailUrl\":\"https:\/\/dev.antudigital.cl\/sites\/vc\/wp-content\/uploads\/2022\/04\/educar-en-familia-01.jpg\",\"articleSection\":[\"Noticia\"],\"inLanguage\":\"es\",\"potentialAction\":[{\"@type\":\"CommentAction\",\"name\":\"Comment\",\"target\":[\"https:\/\/dev.antudigital.cl\/sites\/vc\/familia-de-cantores-a-lo-poeta-los-madariaga-presento-concierto-online\/#respond\"]}]},{\"@type\":\"WebPage\",\"@id\":\"https:\/\/dev.antudigital.cl\/sites\/vc\/familia-de-cantores-a-lo-poeta-los-madariaga-presento-concierto-online\/\",\"url\":\"https:\/\/dev.antudigital.cl\/sites\/vc\/familia-de-cantores-a-lo-poeta-los-madariaga-presento-concierto-online\/\",\"name\":\"Familia de cantores a lo poeta Los Madariaga present\u00f3 concierto online - Valpara\u00ed\u00adso Creativo\",\"isPartOf\":{\"@id\":\"https:\/\/dev.antudigital.cl\/sites\/vc\/#website\"},\"primaryImageOfPage\":{\"@id\":\"https:\/\/dev.antudigital.cl\/sites\/vc\/familia-de-cantores-a-lo-poeta-los-madariaga-presento-concierto-online\/#primaryimage\"},\"image\":{\"@id\":\"https:\/\/dev.antudigital.cl\/sites\/vc\/familia-de-cantores-a-lo-poeta-los-madariaga-presento-concierto-online\/#primaryimage\"},\"thumbnailUrl\":\"https:\/\/dev.antudigital.cl\/sites\/vc\/wp-content\/uploads\/2022\/04\/educar-en-familia-01.jpg\",\"datePublished\":\"2022-04-29T13:09:43+00:00\",\"dateModified\":\"2022-04-29T13:09:49+00:00\",\"author\":{\"@id\":\"https:\/\/dev.antudigital.cl\/sites\/vc\/#\/schema\/person\/c2b9da8dd545e27166fc5ab232837318\"},\"breadcrumb\":{\"@id\":\"https:\/\/dev.antudigital.cl\/sites\/vc\/familia-de-cantores-a-lo-poeta-los-madariaga-presento-concierto-online\/#breadcrumb\"},\"inLanguage\":\"es\",\"potentialAction\":[{\"@type\":\"ReadAction\",\"target\":[\"https:\/\/dev.antudigital.cl\/sites\/vc\/familia-de-cantores-a-lo-poeta-los-madariaga-presento-concierto-online\/\"]}]},{\"@type\":\"ImageObject\",\"inLanguage\":\"es\",\"@id\":\"https:\/\/dev.antudigital.cl\/sites\/vc\/familia-de-cantores-a-lo-poeta-los-madariaga-presento-concierto-online\/#primaryimage\",\"url\":\"https:\/\/dev.antudigital.cl\/sites\/vc\/wp-content\/uploads\/2022\/04\/educar-en-familia-01.jpg\",\"contentUrl\":\"https:\/\/dev.antudigital.cl\/sites\/vc\/wp-content\/uploads\/2022\/04\/educar-en-familia-01.jpg\",\"width\":1000,\"height\":488},{\"@type\":\"BreadcrumbList\",\"@id\":\"https:\/\/dev.antudigital.cl\/sites\/vc\/familia-de-cantores-a-lo-poeta-los-madariaga-presento-concierto-online\/#breadcrumb\",\"itemListElement\":[{\"@type\":\"ListItem\",\"position\":1,\"name\":\"Home\",\"item\":\"https:\/\/dev.antudigital.cl\/sites\/vc\/\"},{\"@type\":\"ListItem\",\"position\":2,\"name\":\"Familia de cantores a lo poeta Los Madariaga present\u00f3 concierto online\"}]},{\"@type\":\"WebSite\",\"@id\":\"https:\/\/dev.antudigital.cl\/sites\/vc\/#website\",\"url\":\"https:\/\/dev.antudigital.cl\/sites\/vc\/\",\"name\":\"Valpara\u00ed\u00adso Creativo\",\"description\":\"\",\"potentialAction\":[{\"@type\":\"SearchAction\",\"target\":{\"@type\":\"EntryPoint\",\"urlTemplate\":\"https:\/\/dev.antudigital.cl\/sites\/vc\/?s={search_term_string}\"},\"query-input\":{\"@type\":\"PropertyValueSpecification\",\"valueRequired\":true,\"valueName\":\"search_term_string\"}}],\"inLanguage\":\"es\"},{\"@type\":\"Person\",\"@id\":\"https:\/\/dev.antudigital.cl\/sites\/vc\/#\/schema\/person\/c2b9da8dd545e27166fc5ab232837318\",\"name\":\"Valpara\u00edso Creativo\",\"description\":\"Periodista de cultura en la Regi\u00f3n de Valpara\u00edso.\",\"url\":\"https:\/\/dev.antudigital.cl\/sites\/vc\/author\/valpoadmin\/\"}]}<\/script>\n<!-- \/ Yoast SEO plugin. -->","yoast_head_json":{"title":"Familia de cantores a lo poeta Los Madariaga present\u00f3 concierto online - Valpara\u00ed\u00adso Creativo","robots":{"index":"index","follow":"follow","max-snippet":"max-snippet:-1","max-image-preview":"max-image-preview:large","max-video-preview":"max-video-preview:-1"},"canonical":"https:\/\/dev.antudigital.cl\/sites\/vc\/familia-de-cantores-a-lo-poeta-los-madariaga-presento-concierto-online\/","og_locale":"es_ES","og_type":"article","og_title":"Familia de cantores a lo poeta Los Madariaga present\u00f3 concierto online - Valpara\u00ed\u00adso Creativo","og_description":"Este mi\u00e9rcoles 27 de abril a las 18:00 horas se realiz\u00f3 el estreno de la pieza audiovisual del concierto did\u00e1ctico que las tres generaciones de la familia Madariaga -Arnoldo padre, Arnoldo hijo y Emma- registraron en su casa, en los campos de la localidad de La Chacarilla, al interior de la comuna de Cartagena.\u00a0 La [&hellip;]","og_url":"https:\/\/dev.antudigital.cl\/sites\/vc\/familia-de-cantores-a-lo-poeta-los-madariaga-presento-concierto-online\/","og_site_name":"Valpara\u00ed\u00adso Creativo","article_published_time":"2022-04-29T13:09:43+00:00","article_modified_time":"2022-04-29T13:09:49+00:00","og_image":[{"width":1000,"height":488,"url":"https:\/\/dev.antudigital.cl\/sites\/vc\/wp-content\/uploads\/2022\/04\/educar-en-familia-01.jpg","type":"image\/jpeg"}],"author":"Valpara\u00edso Creativo","twitter_card":"summary_large_image","twitter_misc":{"Escrito por":"Valpara\u00edso Creativo","Tiempo de lectura":"2 minutos"},"schema":{"@context":"https:\/\/schema.org","@graph":[{"@type":"Article","@id":"https:\/\/dev.antudigital.cl\/sites\/vc\/familia-de-cantores-a-lo-poeta-los-madariaga-presento-concierto-online\/#article","isPartOf":{"@id":"https:\/\/dev.antudigital.cl\/sites\/vc\/familia-de-cantores-a-lo-poeta-los-madariaga-presento-concierto-online\/"},"author":{"name":"Valpara\u00edso Creativo","@id":"https:\/\/dev.antudigital.cl\/sites\/vc\/#\/schema\/person\/c2b9da8dd545e27166fc5ab232837318"},"headline":"Familia de cantores a lo poeta Los Madariaga present\u00f3 concierto online","datePublished":"2022-04-29T13:09:43+00:00","dateModified":"2022-04-29T13:09:49+00:00","mainEntityOfPage":{"@id":"https:\/\/dev.antudigital.cl\/sites\/vc\/familia-de-cantores-a-lo-poeta-los-madariaga-presento-concierto-online\/"},"wordCount":245,"commentCount":0,"image":{"@id":"https:\/\/dev.antudigital.cl\/sites\/vc\/familia-de-cantores-a-lo-poeta-los-madariaga-presento-concierto-online\/#primaryimage"},"thumbnailUrl":"https:\/\/dev.antudigital.cl\/sites\/vc\/wp-content\/uploads\/2022\/04\/educar-en-familia-01.jpg","articleSection":["Noticia"],"inLanguage":"es","potentialAction":[{"@type":"CommentAction","name":"Comment","target":["https:\/\/dev.antudigital.cl\/sites\/vc\/familia-de-cantores-a-lo-poeta-los-madariaga-presento-concierto-online\/#respond"]}]},{"@type":"WebPage","@id":"https:\/\/dev.antudigital.cl\/sites\/vc\/familia-de-cantores-a-lo-poeta-los-madariaga-presento-concierto-online\/","url":"https:\/\/dev.antudigital.cl\/sites\/vc\/familia-de-cantores-a-lo-poeta-los-madariaga-presento-concierto-online\/","name":"Familia de cantores a lo poeta Los Madariaga present\u00f3 concierto online - Valpara\u00ed\u00adso Creativo","isPartOf":{"@id":"https:\/\/dev.antudigital.cl\/sites\/vc\/#website"},"primaryImageOfPage":{"@id":"https:\/\/dev.antudigital.cl\/sites\/vc\/familia-de-cantores-a-lo-poeta-los-madariaga-presento-concierto-online\/#primaryimage"},"image":{"@id":"https:\/\/dev.antudigital.cl\/sites\/vc\/familia-de-cantores-a-lo-poeta-los-madariaga-presento-concierto-online\/#primaryimage"},"thumbnailUrl":"https:\/\/dev.antudigital.cl\/sites\/vc\/wp-content\/uploads\/2022\/04\/educar-en-familia-01.jpg","datePublished":"2022-04-29T13:09:43+00:00","dateModified":"2022-04-29T13:09:49+00:00","author":{"@id":"https:\/\/dev.antudigital.cl\/sites\/vc\/#\/schema\/person\/c2b9da8dd545e27166fc5ab232837318"},"breadcrumb":{"@id":"https:\/\/dev.antudigital.cl\/sites\/vc\/familia-de-cantores-a-lo-poeta-los-madariaga-presento-concierto-online\/#breadcrumb"},"inLanguage":"es","potentialAction":[{"@type":"ReadAction","target":["https:\/\/dev.antudigital.cl\/sites\/vc\/familia-de-cantores-a-lo-poeta-los-madariaga-presento-concierto-online\/"]}]},{"@type":"ImageObject","inLanguage":"es","@id":"https:\/\/dev.antudigital.cl\/sites\/vc\/familia-de-cantores-a-lo-poeta-los-madariaga-presento-concierto-online\/#primaryimage","url":"https:\/\/dev.antudigital.cl\/sites\/vc\/wp-content\/uploads\/2022\/04\/educar-en-familia-01.jpg","contentUrl":"https:\/\/dev.antudigital.cl\/sites\/vc\/wp-content\/uploads\/2022\/04\/educar-en-familia-01.jpg","width":1000,"height":488},{"@type":"BreadcrumbList","@id":"https:\/\/dev.antudigital.cl\/sites\/vc\/familia-de-cantores-a-lo-poeta-los-madariaga-presento-concierto-online\/#breadcrumb","itemListElement":[{"@type":"ListItem","position":1,"name":"Home","item":"https:\/\/dev.antudigital.cl\/sites\/vc\/"},{"@type":"ListItem","position":2,"name":"Familia de cantores a lo poeta Los Madariaga present\u00f3 concierto online"}]},{"@type":"WebSite","@id":"https:\/\/dev.antudigital.cl\/sites\/vc\/#website","url":"https:\/\/dev.antudigital.cl\/sites\/vc\/","name":"Valpara\u00ed\u00adso Creativo","description":"","potentialAction":[{"@type":"SearchAction","target":{"@type":"EntryPoint","urlTemplate":"https:\/\/dev.antudigital.cl\/sites\/vc\/?s={search_term_string}"},"query-input":{"@type":"PropertyValueSpecification","valueRequired":true,"valueName":"search_term_string"}}],"inLanguage":"es"},{"@type":"Person","@id":"https:\/\/dev.antudigital.cl\/sites\/vc\/#\/schema\/person\/c2b9da8dd545e27166fc5ab232837318","name":"Valpara\u00edso Creativo","description":"Periodista de cultura en la Regi\u00f3n de Valpara\u00edso.","url":"https:\/\/dev.antudigital.cl\/sites\/vc\/author\/valpoadmin\/"}]}},"_links":{"self":[{"href":"https:\/\/dev.antudigital.cl\/sites\/vc\/wp-json\/wp\/v2\/posts\/10767","targetHints":{"allow":["GET"]}}],"collection":[{"href":"https:\/\/dev.antudigital.cl\/sites\/vc\/wp-json\/wp\/v2\/posts"}],"about":[{"href":"https:\/\/dev.antudigital.cl\/sites\/vc\/wp-json\/wp\/v2\/types\/post"}],"author":[{"embeddable":true,"href":"https:\/\/dev.antudigital.cl\/sites\/vc\/wp-json\/wp\/v2\/users\/1"}],"replies":[{"embeddable":true,"href":"https:\/\/dev.antudigital.cl\/sites\/vc\/wp-json\/wp\/v2\/comments?post=10767"}],"version-history":[{"count":1,"href":"https:\/\/dev.antudigital.cl\/sites\/vc\/wp-json\/wp\/v2\/posts\/10767\/revisions"}],"predecessor-version":[{"id":10770,"href":"https:\/\/dev.antudigital.cl\/sites\/vc\/wp-json\/wp\/v2\/posts\/10767\/revisions\/10770"}],"wp:featuredmedia":[{"embeddable":true,"href":"https:\/\/dev.antudigital.cl\/sites\/vc\/wp-json\/wp\/v2\/media\/10768"}],"wp:attachment":[{"href":"https:\/\/dev.antudigital.cl\/sites\/vc\/wp-json\/wp\/v2\/media?parent=10767"}],"wp:term":[{"taxonomy":"category","embeddable":true,"href":"https:\/\/dev.antudigital.cl\/sites\/vc\/wp-json\/wp\/v2\/categories?post=10767"},{"taxonomy":"post_tag","embeddable":true,"href":"https:\/\/dev.antudigital.cl\/sites\/vc\/wp-json\/wp\/v2\/tags?post=10767"}],"curies":[{"name":"wp","href":"https:\/\/api.w.org\/{rel}","templated":true}]}}