{"id":10771,"date":"2022-04-29T13:13:30","date_gmt":"2022-04-29T13:13:30","guid":{"rendered":"https:\/\/www.valparaisocreativo.cl\/?p=10771"},"modified":"2022-04-29T13:13:36","modified_gmt":"2022-04-29T13:13:36","slug":"mes-del-libro-en-familia-este-sabado-libroalegre-presentara-narracion-musicalizada-del-cuento-el-perro-del-pintor","status":"publish","type":"post","link":"https:\/\/dev.antudigital.cl\/sites\/vc\/mes-del-libro-en-familia-este-sabado-libroalegre-presentara-narracion-musicalizada-del-cuento-el-perro-del-pintor\/","title":{"rendered":"Mes del Libro en familia: Este s\u00e1bado Libroalegre presentar\u00e1 narraci\u00f3n musicalizada del cuento \u00abEl perro del pintor\u00bb\u00a0"},"content":{"rendered":"\n<p>Siguen celebrando el Mes del Libro en Libroalegre:\u00a0<strong>este S\u00e1bado 30 de Abril a las 17.30 horas en nuestra Biblioteca de Cerro Alegre presentar\u00e1n el espect\u00e1culo familiar: \u00abEl perro del pintor\u00bb, narrado y musicalizado por la artista porte\u00f1a, Paloma Quirobelt<\/strong>. <\/p>\n\n\n\n<p>Se trata de una l\u00fadica puesta en escena dirigida a grandes y chicos, a partir del cuento hom\u00f3nimo de la ilustradora y escritora danesa, Pia Thaulov. Quienes asistan podr\u00e1n participar activamente, imitando sonidos y recreando paisajes del cuento.<\/p>\n\n\n\n<ul class=\"wp-block-list\"><li><strong>CU\u00c1NDO :<\/strong>\u00a0S\u00e1bado 30 Abril, 17.30 horas<\/li><li><strong>D\u00d3NDE :<\/strong>\u00a0Biblioteca Cerro Alegre (San Enrique 339A, Valpara\u00edso)<\/li><li><strong>INSCRIPCIONES GRATUITAS A TRAV\u00c9S DE ESTE\u00a0<a href=\"https:\/\/forms.gle\/yJ5gKJMu873hSDmU7\" target=\"_blank\" rel=\"noreferrer noopener\">FORMULARIO<\/a><\/strong><\/li><li><strong>CONSULTAS A<\/strong>\u00a0: <a href=\"mailto:bibliolibroalegre@gmail.com\" target=\"_blank\" rel=\"noreferrer noopener\">bibliolibroalegre@gmail.com<\/a><\/li><li><\/li><\/ul>\n\n\n\n<p><strong>IMPORTANTE:<\/strong>\u00a0Si realizaron su inscripci\u00f3n pero por diversos motivos no pueden asistir, agradecemos que puedan avisarnos, as\u00ed podemos ceder el cupo a otra familia.<\/p>\n\n\n\n<figure class=\"wp-block-image size-full\"><img fetchpriority=\"high\" decoding=\"async\" width=\"800\" height=\"800\" src=\"https:\/\/www.valparaisocreativo.cl\/wp-content\/uploads\/2022\/04\/Melodia_30abril.jpg\" alt=\"\" class=\"wp-image-10772\" srcset=\"https:\/\/dev.antudigital.cl\/sites\/vc\/wp-content\/uploads\/2022\/04\/Melodia_30abril.jpg 800w, https:\/\/dev.antudigital.cl\/sites\/vc\/wp-content\/uploads\/2022\/04\/Melodia_30abril-300x300.jpg 300w, https:\/\/dev.antudigital.cl\/sites\/vc\/wp-content\/uploads\/2022\/04\/Melodia_30abril-150x150.jpg 150w, https:\/\/dev.antudigital.cl\/sites\/vc\/wp-content\/uploads\/2022\/04\/Melodia_30abril-768x768.jpg 768w, https:\/\/dev.antudigital.cl\/sites\/vc\/wp-content\/uploads\/2022\/04\/Melodia_30abril-480x480.jpg 480w\" sizes=\"(max-width: 800px) 100vw, 800px\" \/><\/figure>\n","protected":false},"excerpt":{"rendered":"<p>Siguen celebrando el Mes del Libro en Libroalegre:\u00a0este S\u00e1bado 30 de Abril a las 17.30 horas en nuestra Biblioteca de Cerro Alegre presentar\u00e1n el espect\u00e1culo familiar: \u00abEl perro del pintor\u00bb, narrado y musicalizado por la artista porte\u00f1a, Paloma Quirobelt. Se trata de una l\u00fadica puesta en escena dirigida a grandes y chicos, a partir del [&hellip;]<\/p>\n","protected":false},"author":1,"featured_media":9838,"comment_status":"open","ping_status":"closed","sticky":false,"template":"","format":"standard","meta":{"_acf_changed":false,"footnotes":""},"categories":[1],"tags":[],"class_list":["post-10771","post","type-post","status-publish","format-standard","has-post-thumbnail","hentry","category-uncategorized"],"acf":[],"yoast_head":"<!-- This site is optimized with the Yoast SEO plugin v27.1.1 - https:\/\/yoast.com\/product\/yoast-seo-wordpress\/ -->\n<title>Mes del Libro en familia: Este s\u00e1bado Libroalegre presentar\u00e1 narraci\u00f3n musicalizada del cuento &quot;El perro del pintor&quot;\u00a0 - Valpara\u00ed\u00adso Creativo<\/title>\n<meta name=\"robots\" content=\"index, follow, max-snippet:-1, max-image-preview:large, max-video-preview:-1\" \/>\n<link rel=\"canonical\" href=\"https:\/\/dev.antudigital.cl\/sites\/vc\/mes-del-libro-en-familia-este-sabado-libroalegre-presentara-narracion-musicalizada-del-cuento-el-perro-del-pintor\/\" \/>\n<meta property=\"og:locale\" content=\"es_ES\" \/>\n<meta property=\"og:type\" content=\"article\" \/>\n<meta property=\"og:title\" content=\"Mes del Libro en familia: Este s\u00e1bado Libroalegre presentar\u00e1 narraci\u00f3n musicalizada del cuento &quot;El perro del pintor&quot;\u00a0 - Valpara\u00ed\u00adso Creativo\" \/>\n<meta property=\"og:description\" content=\"Siguen celebrando el Mes del Libro en Libroalegre:\u00a0este S\u00e1bado 30 de Abril a las 17.30 horas en nuestra Biblioteca de Cerro Alegre presentar\u00e1n el espect\u00e1culo familiar: \u00abEl perro del pintor\u00bb, narrado y musicalizado por la artista porte\u00f1a, Paloma Quirobelt. Se trata de una l\u00fadica puesta en escena dirigida a grandes y chicos, a partir del [&hellip;]\" \/>\n<meta property=\"og:url\" content=\"https:\/\/dev.antudigital.cl\/sites\/vc\/mes-del-libro-en-familia-este-sabado-libroalegre-presentara-narracion-musicalizada-del-cuento-el-perro-del-pintor\/\" \/>\n<meta property=\"og:site_name\" content=\"Valpara\u00ed\u00adso Creativo\" \/>\n<meta property=\"article:published_time\" content=\"2022-04-29T13:13:30+00:00\" \/>\n<meta property=\"article:modified_time\" content=\"2022-04-29T13:13:36+00:00\" \/>\n<meta property=\"og:image\" content=\"https:\/\/dev.antudigital.cl\/sites\/vc\/wp-content\/uploads\/2022\/03\/Libroalegre.png\" \/>\n\t<meta property=\"og:image:width\" content=\"1200\" \/>\n\t<meta property=\"og:image:height\" content=\"600\" \/>\n\t<meta property=\"og:image:type\" content=\"image\/png\" \/>\n<meta name=\"author\" content=\"Valpara\u00edso Creativo\" \/>\n<meta name=\"twitter:card\" content=\"summary_large_image\" \/>\n<meta name=\"twitter:label1\" content=\"Escrito por\" \/>\n\t<meta name=\"twitter:data1\" content=\"Valpara\u00edso Creativo\" \/>\n\t<meta name=\"twitter:label2\" content=\"Tiempo de lectura\" \/>\n\t<meta name=\"twitter:data2\" content=\"1 minuto\" \/>\n<script type=\"application\/ld+json\" class=\"yoast-schema-graph\">{\"@context\":\"https:\/\/schema.org\",\"@graph\":[{\"@type\":\"Article\",\"@id\":\"https:\/\/dev.antudigital.cl\/sites\/vc\/mes-del-libro-en-familia-este-sabado-libroalegre-presentara-narracion-musicalizada-del-cuento-el-perro-del-pintor\/#article\",\"isPartOf\":{\"@id\":\"https:\/\/dev.antudigital.cl\/sites\/vc\/mes-del-libro-en-familia-este-sabado-libroalegre-presentara-narracion-musicalizada-del-cuento-el-perro-del-pintor\/\"},\"author\":{\"name\":\"Valpara\u00edso Creativo\",\"@id\":\"https:\/\/dev.antudigital.cl\/sites\/vc\/#\/schema\/person\/c2b9da8dd545e27166fc5ab232837318\"},\"headline\":\"Mes del Libro en familia: Este s\u00e1bado Libroalegre presentar\u00e1 narraci\u00f3n musicalizada del cuento \u00abEl perro del pintor\u00bb\u00a0\",\"datePublished\":\"2022-04-29T13:13:30+00:00\",\"dateModified\":\"2022-04-29T13:13:36+00:00\",\"mainEntityOfPage\":{\"@id\":\"https:\/\/dev.antudigital.cl\/sites\/vc\/mes-del-libro-en-familia-este-sabado-libroalegre-presentara-narracion-musicalizada-del-cuento-el-perro-del-pintor\/\"},\"wordCount\":156,\"commentCount\":0,\"image\":{\"@id\":\"https:\/\/dev.antudigital.cl\/sites\/vc\/mes-del-libro-en-familia-este-sabado-libroalegre-presentara-narracion-musicalizada-del-cuento-el-perro-del-pintor\/#primaryimage\"},\"thumbnailUrl\":\"https:\/\/dev.antudigital.cl\/sites\/vc\/wp-content\/uploads\/2022\/03\/Libroalegre.png\",\"articleSection\":[\"Uncategorized\"],\"inLanguage\":\"es\",\"potentialAction\":[{\"@type\":\"CommentAction\",\"name\":\"Comment\",\"target\":[\"https:\/\/dev.antudigital.cl\/sites\/vc\/mes-del-libro-en-familia-este-sabado-libroalegre-presentara-narracion-musicalizada-del-cuento-el-perro-del-pintor\/#respond\"]}]},{\"@type\":\"WebPage\",\"@id\":\"https:\/\/dev.antudigital.cl\/sites\/vc\/mes-del-libro-en-familia-este-sabado-libroalegre-presentara-narracion-musicalizada-del-cuento-el-perro-del-pintor\/\",\"url\":\"https:\/\/dev.antudigital.cl\/sites\/vc\/mes-del-libro-en-familia-este-sabado-libroalegre-presentara-narracion-musicalizada-del-cuento-el-perro-del-pintor\/\",\"name\":\"Mes del Libro en familia: Este s\u00e1bado Libroalegre presentar\u00e1 narraci\u00f3n musicalizada del cuento \\\"El perro del pintor\\\"\u00a0 - Valpara\u00ed\u00adso Creativo\",\"isPartOf\":{\"@id\":\"https:\/\/dev.antudigital.cl\/sites\/vc\/#website\"},\"primaryImageOfPage\":{\"@id\":\"https:\/\/dev.antudigital.cl\/sites\/vc\/mes-del-libro-en-familia-este-sabado-libroalegre-presentara-narracion-musicalizada-del-cuento-el-perro-del-pintor\/#primaryimage\"},\"image\":{\"@id\":\"https:\/\/dev.antudigital.cl\/sites\/vc\/mes-del-libro-en-familia-este-sabado-libroalegre-presentara-narracion-musicalizada-del-cuento-el-perro-del-pintor\/#primaryimage\"},\"thumbnailUrl\":\"https:\/\/dev.antudigital.cl\/sites\/vc\/wp-content\/uploads\/2022\/03\/Libroalegre.png\",\"datePublished\":\"2022-04-29T13:13:30+00:00\",\"dateModified\":\"2022-04-29T13:13:36+00:00\",\"author\":{\"@id\":\"https:\/\/dev.antudigital.cl\/sites\/vc\/#\/schema\/person\/c2b9da8dd545e27166fc5ab232837318\"},\"breadcrumb\":{\"@id\":\"https:\/\/dev.antudigital.cl\/sites\/vc\/mes-del-libro-en-familia-este-sabado-libroalegre-presentara-narracion-musicalizada-del-cuento-el-perro-del-pintor\/#breadcrumb\"},\"inLanguage\":\"es\",\"potentialAction\":[{\"@type\":\"ReadAction\",\"target\":[\"https:\/\/dev.antudigital.cl\/sites\/vc\/mes-del-libro-en-familia-este-sabado-libroalegre-presentara-narracion-musicalizada-del-cuento-el-perro-del-pintor\/\"]}]},{\"@type\":\"ImageObject\",\"inLanguage\":\"es\",\"@id\":\"https:\/\/dev.antudigital.cl\/sites\/vc\/mes-del-libro-en-familia-este-sabado-libroalegre-presentara-narracion-musicalizada-del-cuento-el-perro-del-pintor\/#primaryimage\",\"url\":\"https:\/\/dev.antudigital.cl\/sites\/vc\/wp-content\/uploads\/2022\/03\/Libroalegre.png\",\"contentUrl\":\"https:\/\/dev.antudigital.cl\/sites\/vc\/wp-content\/uploads\/2022\/03\/Libroalegre.png\",\"width\":1200,\"height\":600},{\"@type\":\"BreadcrumbList\",\"@id\":\"https:\/\/dev.antudigital.cl\/sites\/vc\/mes-del-libro-en-familia-este-sabado-libroalegre-presentara-narracion-musicalizada-del-cuento-el-perro-del-pintor\/#breadcrumb\",\"itemListElement\":[{\"@type\":\"ListItem\",\"position\":1,\"name\":\"Home\",\"item\":\"https:\/\/dev.antudigital.cl\/sites\/vc\/\"},{\"@type\":\"ListItem\",\"position\":2,\"name\":\"Mes del Libro en familia: Este s\u00e1bado Libroalegre presentar\u00e1 narraci\u00f3n musicalizada del cuento \u00abEl perro del pintor\u00bb\u00a0\"}]},{\"@type\":\"WebSite\",\"@id\":\"https:\/\/dev.antudigital.cl\/sites\/vc\/#website\",\"url\":\"https:\/\/dev.antudigital.cl\/sites\/vc\/\",\"name\":\"Valpara\u00ed\u00adso Creativo\",\"description\":\"\",\"potentialAction\":[{\"@type\":\"SearchAction\",\"target\":{\"@type\":\"EntryPoint\",\"urlTemplate\":\"https:\/\/dev.antudigital.cl\/sites\/vc\/?s={search_term_string}\"},\"query-input\":{\"@type\":\"PropertyValueSpecification\",\"valueRequired\":true,\"valueName\":\"search_term_string\"}}],\"inLanguage\":\"es\"},{\"@type\":\"Person\",\"@id\":\"https:\/\/dev.antudigital.cl\/sites\/vc\/#\/schema\/person\/c2b9da8dd545e27166fc5ab232837318\",\"name\":\"Valpara\u00edso Creativo\",\"description\":\"Periodista de cultura en la Regi\u00f3n de Valpara\u00edso.\",\"url\":\"https:\/\/dev.antudigital.cl\/sites\/vc\/author\/valpoadmin\/\"}]}<\/script>\n<!-- \/ Yoast SEO plugin. -->","yoast_head_json":{"title":"Mes del Libro en familia: Este s\u00e1bado Libroalegre presentar\u00e1 narraci\u00f3n musicalizada del cuento \"El perro del pintor\"\u00a0 - Valpara\u00ed\u00adso Creativo","robots":{"index":"index","follow":"follow","max-snippet":"max-snippet:-1","max-image-preview":"max-image-preview:large","max-video-preview":"max-video-preview:-1"},"canonical":"https:\/\/dev.antudigital.cl\/sites\/vc\/mes-del-libro-en-familia-este-sabado-libroalegre-presentara-narracion-musicalizada-del-cuento-el-perro-del-pintor\/","og_locale":"es_ES","og_type":"article","og_title":"Mes del Libro en familia: Este s\u00e1bado Libroalegre presentar\u00e1 narraci\u00f3n musicalizada del cuento \"El perro del pintor\"\u00a0 - Valpara\u00ed\u00adso Creativo","og_description":"Siguen celebrando el Mes del Libro en Libroalegre:\u00a0este S\u00e1bado 30 de Abril a las 17.30 horas en nuestra Biblioteca de Cerro Alegre presentar\u00e1n el espect\u00e1culo familiar: \u00abEl perro del pintor\u00bb, narrado y musicalizado por la artista porte\u00f1a, Paloma Quirobelt. Se trata de una l\u00fadica puesta en escena dirigida a grandes y chicos, a partir del [&hellip;]","og_url":"https:\/\/dev.antudigital.cl\/sites\/vc\/mes-del-libro-en-familia-este-sabado-libroalegre-presentara-narracion-musicalizada-del-cuento-el-perro-del-pintor\/","og_site_name":"Valpara\u00ed\u00adso Creativo","article_published_time":"2022-04-29T13:13:30+00:00","article_modified_time":"2022-04-29T13:13:36+00:00","og_image":[{"width":1200,"height":600,"url":"https:\/\/dev.antudigital.cl\/sites\/vc\/wp-content\/uploads\/2022\/03\/Libroalegre.png","type":"image\/png"}],"author":"Valpara\u00edso Creativo","twitter_card":"summary_large_image","twitter_misc":{"Escrito por":"Valpara\u00edso Creativo","Tiempo de lectura":"1 minuto"},"schema":{"@context":"https:\/\/schema.org","@graph":[{"@type":"Article","@id":"https:\/\/dev.antudigital.cl\/sites\/vc\/mes-del-libro-en-familia-este-sabado-libroalegre-presentara-narracion-musicalizada-del-cuento-el-perro-del-pintor\/#article","isPartOf":{"@id":"https:\/\/dev.antudigital.cl\/sites\/vc\/mes-del-libro-en-familia-este-sabado-libroalegre-presentara-narracion-musicalizada-del-cuento-el-perro-del-pintor\/"},"author":{"name":"Valpara\u00edso Creativo","@id":"https:\/\/dev.antudigital.cl\/sites\/vc\/#\/schema\/person\/c2b9da8dd545e27166fc5ab232837318"},"headline":"Mes del Libro en familia: Este s\u00e1bado Libroalegre presentar\u00e1 narraci\u00f3n musicalizada del cuento \u00abEl perro del pintor\u00bb\u00a0","datePublished":"2022-04-29T13:13:30+00:00","dateModified":"2022-04-29T13:13:36+00:00","mainEntityOfPage":{"@id":"https:\/\/dev.antudigital.cl\/sites\/vc\/mes-del-libro-en-familia-este-sabado-libroalegre-presentara-narracion-musicalizada-del-cuento-el-perro-del-pintor\/"},"wordCount":156,"commentCount":0,"image":{"@id":"https:\/\/dev.antudigital.cl\/sites\/vc\/mes-del-libro-en-familia-este-sabado-libroalegre-presentara-narracion-musicalizada-del-cuento-el-perro-del-pintor\/#primaryimage"},"thumbnailUrl":"https:\/\/dev.antudigital.cl\/sites\/vc\/wp-content\/uploads\/2022\/03\/Libroalegre.png","articleSection":["Uncategorized"],"inLanguage":"es","potentialAction":[{"@type":"CommentAction","name":"Comment","target":["https:\/\/dev.antudigital.cl\/sites\/vc\/mes-del-libro-en-familia-este-sabado-libroalegre-presentara-narracion-musicalizada-del-cuento-el-perro-del-pintor\/#respond"]}]},{"@type":"WebPage","@id":"https:\/\/dev.antudigital.cl\/sites\/vc\/mes-del-libro-en-familia-este-sabado-libroalegre-presentara-narracion-musicalizada-del-cuento-el-perro-del-pintor\/","url":"https:\/\/dev.antudigital.cl\/sites\/vc\/mes-del-libro-en-familia-este-sabado-libroalegre-presentara-narracion-musicalizada-del-cuento-el-perro-del-pintor\/","name":"Mes del Libro en familia: Este s\u00e1bado Libroalegre presentar\u00e1 narraci\u00f3n musicalizada del cuento \"El perro del pintor\"\u00a0 - Valpara\u00ed\u00adso Creativo","isPartOf":{"@id":"https:\/\/dev.antudigital.cl\/sites\/vc\/#website"},"primaryImageOfPage":{"@id":"https:\/\/dev.antudigital.cl\/sites\/vc\/mes-del-libro-en-familia-este-sabado-libroalegre-presentara-narracion-musicalizada-del-cuento-el-perro-del-pintor\/#primaryimage"},"image":{"@id":"https:\/\/dev.antudigital.cl\/sites\/vc\/mes-del-libro-en-familia-este-sabado-libroalegre-presentara-narracion-musicalizada-del-cuento-el-perro-del-pintor\/#primaryimage"},"thumbnailUrl":"https:\/\/dev.antudigital.cl\/sites\/vc\/wp-content\/uploads\/2022\/03\/Libroalegre.png","datePublished":"2022-04-29T13:13:30+00:00","dateModified":"2022-04-29T13:13:36+00:00","author":{"@id":"https:\/\/dev.antudigital.cl\/sites\/vc\/#\/schema\/person\/c2b9da8dd545e27166fc5ab232837318"},"breadcrumb":{"@id":"https:\/\/dev.antudigital.cl\/sites\/vc\/mes-del-libro-en-familia-este-sabado-libroalegre-presentara-narracion-musicalizada-del-cuento-el-perro-del-pintor\/#breadcrumb"},"inLanguage":"es","potentialAction":[{"@type":"ReadAction","target":["https:\/\/dev.antudigital.cl\/sites\/vc\/mes-del-libro-en-familia-este-sabado-libroalegre-presentara-narracion-musicalizada-del-cuento-el-perro-del-pintor\/"]}]},{"@type":"ImageObject","inLanguage":"es","@id":"https:\/\/dev.antudigital.cl\/sites\/vc\/mes-del-libro-en-familia-este-sabado-libroalegre-presentara-narracion-musicalizada-del-cuento-el-perro-del-pintor\/#primaryimage","url":"https:\/\/dev.antudigital.cl\/sites\/vc\/wp-content\/uploads\/2022\/03\/Libroalegre.png","contentUrl":"https:\/\/dev.antudigital.cl\/sites\/vc\/wp-content\/uploads\/2022\/03\/Libroalegre.png","width":1200,"height":600},{"@type":"BreadcrumbList","@id":"https:\/\/dev.antudigital.cl\/sites\/vc\/mes-del-libro-en-familia-este-sabado-libroalegre-presentara-narracion-musicalizada-del-cuento-el-perro-del-pintor\/#breadcrumb","itemListElement":[{"@type":"ListItem","position":1,"name":"Home","item":"https:\/\/dev.antudigital.cl\/sites\/vc\/"},{"@type":"ListItem","position":2,"name":"Mes del Libro en familia: Este s\u00e1bado Libroalegre presentar\u00e1 narraci\u00f3n musicalizada del cuento \u00abEl perro del pintor\u00bb\u00a0"}]},{"@type":"WebSite","@id":"https:\/\/dev.antudigital.cl\/sites\/vc\/#website","url":"https:\/\/dev.antudigital.cl\/sites\/vc\/","name":"Valpara\u00ed\u00adso Creativo","description":"","potentialAction":[{"@type":"SearchAction","target":{"@type":"EntryPoint","urlTemplate":"https:\/\/dev.antudigital.cl\/sites\/vc\/?s={search_term_string}"},"query-input":{"@type":"PropertyValueSpecification","valueRequired":true,"valueName":"search_term_string"}}],"inLanguage":"es"},{"@type":"Person","@id":"https:\/\/dev.antudigital.cl\/sites\/vc\/#\/schema\/person\/c2b9da8dd545e27166fc5ab232837318","name":"Valpara\u00edso Creativo","description":"Periodista de cultura en la Regi\u00f3n de Valpara\u00edso.","url":"https:\/\/dev.antudigital.cl\/sites\/vc\/author\/valpoadmin\/"}]}},"_links":{"self":[{"href":"https:\/\/dev.antudigital.cl\/sites\/vc\/wp-json\/wp\/v2\/posts\/10771","targetHints":{"allow":["GET"]}}],"collection":[{"href":"https:\/\/dev.antudigital.cl\/sites\/vc\/wp-json\/wp\/v2\/posts"}],"about":[{"href":"https:\/\/dev.antudigital.cl\/sites\/vc\/wp-json\/wp\/v2\/types\/post"}],"author":[{"embeddable":true,"href":"https:\/\/dev.antudigital.cl\/sites\/vc\/wp-json\/wp\/v2\/users\/1"}],"replies":[{"embeddable":true,"href":"https:\/\/dev.antudigital.cl\/sites\/vc\/wp-json\/wp\/v2\/comments?post=10771"}],"version-history":[{"count":1,"href":"https:\/\/dev.antudigital.cl\/sites\/vc\/wp-json\/wp\/v2\/posts\/10771\/revisions"}],"predecessor-version":[{"id":10773,"href":"https:\/\/dev.antudigital.cl\/sites\/vc\/wp-json\/wp\/v2\/posts\/10771\/revisions\/10773"}],"wp:featuredmedia":[{"embeddable":true,"href":"https:\/\/dev.antudigital.cl\/sites\/vc\/wp-json\/wp\/v2\/media\/9838"}],"wp:attachment":[{"href":"https:\/\/dev.antudigital.cl\/sites\/vc\/wp-json\/wp\/v2\/media?parent=10771"}],"wp:term":[{"taxonomy":"category","embeddable":true,"href":"https:\/\/dev.antudigital.cl\/sites\/vc\/wp-json\/wp\/v2\/categories?post=10771"},{"taxonomy":"post_tag","embeddable":true,"href":"https:\/\/dev.antudigital.cl\/sites\/vc\/wp-json\/wp\/v2\/tags?post=10771"}],"curies":[{"name":"wp","href":"https:\/\/api.w.org\/{rel}","templated":true}]}}