{"id":10791,"date":"2022-05-02T14:34:25","date_gmt":"2022-05-02T14:34:25","guid":{"rendered":"https:\/\/www.valparaisocreativo.cl\/?p=10791"},"modified":"2022-05-02T14:34:30","modified_gmt":"2022-05-02T14:34:30","slug":"clases-de-grabado-para-profesores-de-artes-visuales","status":"publish","type":"post","link":"https:\/\/dev.antudigital.cl\/sites\/vc\/clases-de-grabado-para-profesores-de-artes-visuales\/","title":{"rendered":"Clases de grabado para profesores de artes visuales"},"content":{"rendered":"\n<p><a href=\"https:\/\/www.instagram.com\/artequinvina\/\">Artequin Vi\u00f1a<\/a> te invita al curso \u00abBases del grabado\u00bb, una actividad entretenida pensada para profesores y profesoras de artes visuales, pero abierta a todo p\u00fablico. Se trata de una serie de 4 sesiones para aprender los primeros pasos te\u00f3ricos y pr\u00e1cticos en el arte del grabado, con el objetivo de despu\u00e9s ense\u00f1ar en clases en cursos de b\u00e1sica o media.<br><br>Quien imparte es Daniel Lagos Ramirez es Licenciado en Artes de la Universidad Cat\u00f3lica de Valpara\u00edso.<br><br>La actividad es totalmente gratuita<br>&#x1f4c6;Todos los s\u00e1bados de mayo, 11:00h, en el museo con previa reserva en inscripciones@artequinvina.cl<br>Toda la info en www.artequinvina.cl<\/p>\n\n\n\n<figure class=\"wp-block-image size-full\"><img fetchpriority=\"high\" decoding=\"async\" width=\"592\" height=\"591\" src=\"https:\/\/www.valparaisocreativo.cl\/wp-content\/uploads\/2022\/05\/Captura-de-Pantalla-2022-05-02-a-las-10.29.58.png\" alt=\"\" class=\"wp-image-10792\" srcset=\"https:\/\/dev.antudigital.cl\/sites\/vc\/wp-content\/uploads\/2022\/05\/Captura-de-Pantalla-2022-05-02-a-las-10.29.58.png 592w, https:\/\/dev.antudigital.cl\/sites\/vc\/wp-content\/uploads\/2022\/05\/Captura-de-Pantalla-2022-05-02-a-las-10.29.58-300x300.png 300w, https:\/\/dev.antudigital.cl\/sites\/vc\/wp-content\/uploads\/2022\/05\/Captura-de-Pantalla-2022-05-02-a-las-10.29.58-150x150.png 150w, https:\/\/dev.antudigital.cl\/sites\/vc\/wp-content\/uploads\/2022\/05\/Captura-de-Pantalla-2022-05-02-a-las-10.29.58-480x479.png 480w\" sizes=\"(max-width: 592px) 100vw, 592px\" \/><\/figure>\n\n\n\n<p><br><br><\/p>\n","protected":false},"excerpt":{"rendered":"<p>Artequin Vi\u00f1a te invita al curso \u00abBases del grabado\u00bb, una actividad entretenida pensada para profesores y profesoras de artes visuales, pero abierta a todo p\u00fablico. Se trata de una serie de 4 sesiones para aprender los primeros pasos te\u00f3ricos y pr\u00e1cticos en el arte del grabado, con el objetivo de despu\u00e9s ense\u00f1ar en clases en [&hellip;]<\/p>\n","protected":false},"author":1,"featured_media":10793,"comment_status":"open","ping_status":"closed","sticky":false,"template":"","format":"standard","meta":{"_acf_changed":false,"footnotes":""},"categories":[8],"tags":[],"class_list":["post-10791","post","type-post","status-publish","format-standard","has-post-thumbnail","hentry","category-noticia"],"acf":[],"yoast_head":"<!-- This site is optimized with the Yoast SEO plugin v27.1.1 - https:\/\/yoast.com\/product\/yoast-seo-wordpress\/ -->\n<title>Clases de grabado para profesores de artes visuales - Valpara\u00ed\u00adso Creativo<\/title>\n<meta name=\"robots\" content=\"index, follow, max-snippet:-1, max-image-preview:large, max-video-preview:-1\" \/>\n<link rel=\"canonical\" href=\"https:\/\/dev.antudigital.cl\/sites\/vc\/clases-de-grabado-para-profesores-de-artes-visuales\/\" \/>\n<meta property=\"og:locale\" content=\"es_ES\" \/>\n<meta property=\"og:type\" content=\"article\" \/>\n<meta property=\"og:title\" content=\"Clases de grabado para profesores de artes visuales - Valpara\u00ed\u00adso Creativo\" \/>\n<meta property=\"og:description\" content=\"Artequin Vi\u00f1a te invita al curso \u00abBases del grabado\u00bb, una actividad entretenida pensada para profesores y profesoras de artes visuales, pero abierta a todo p\u00fablico. Se trata de una serie de 4 sesiones para aprender los primeros pasos te\u00f3ricos y pr\u00e1cticos en el arte del grabado, con el objetivo de despu\u00e9s ense\u00f1ar en clases en [&hellip;]\" \/>\n<meta property=\"og:url\" content=\"https:\/\/dev.antudigital.cl\/sites\/vc\/clases-de-grabado-para-profesores-de-artes-visuales\/\" \/>\n<meta property=\"og:site_name\" content=\"Valpara\u00ed\u00adso Creativo\" \/>\n<meta property=\"article:published_time\" content=\"2022-05-02T14:34:25+00:00\" \/>\n<meta property=\"article:modified_time\" content=\"2022-05-02T14:34:30+00:00\" \/>\n<meta property=\"og:image\" content=\"https:\/\/dev.antudigital.cl\/sites\/vc\/wp-content\/uploads\/2022\/05\/Captura-de-Pantalla-2022-05-02-a-las-10.33.28.png\" \/>\n\t<meta property=\"og:image:width\" content=\"592\" \/>\n\t<meta property=\"og:image:height\" content=\"206\" \/>\n\t<meta property=\"og:image:type\" content=\"image\/png\" \/>\n<meta name=\"author\" content=\"Valpara\u00edso Creativo\" \/>\n<meta name=\"twitter:card\" content=\"summary_large_image\" \/>\n<meta name=\"twitter:label1\" content=\"Escrito por\" \/>\n\t<meta name=\"twitter:data1\" content=\"Valpara\u00edso Creativo\" \/>\n\t<meta name=\"twitter:label2\" content=\"Tiempo de lectura\" \/>\n\t<meta name=\"twitter:data2\" content=\"1 minuto\" \/>\n<script type=\"application\/ld+json\" class=\"yoast-schema-graph\">{\"@context\":\"https:\/\/schema.org\",\"@graph\":[{\"@type\":\"Article\",\"@id\":\"https:\/\/dev.antudigital.cl\/sites\/vc\/clases-de-grabado-para-profesores-de-artes-visuales\/#article\",\"isPartOf\":{\"@id\":\"https:\/\/dev.antudigital.cl\/sites\/vc\/clases-de-grabado-para-profesores-de-artes-visuales\/\"},\"author\":{\"name\":\"Valpara\u00edso Creativo\",\"@id\":\"https:\/\/dev.antudigital.cl\/sites\/vc\/#\/schema\/person\/c2b9da8dd545e27166fc5ab232837318\"},\"headline\":\"Clases de grabado para profesores de artes visuales\",\"datePublished\":\"2022-05-02T14:34:25+00:00\",\"dateModified\":\"2022-05-02T14:34:30+00:00\",\"mainEntityOfPage\":{\"@id\":\"https:\/\/dev.antudigital.cl\/sites\/vc\/clases-de-grabado-para-profesores-de-artes-visuales\/\"},\"wordCount\":123,\"commentCount\":0,\"image\":{\"@id\":\"https:\/\/dev.antudigital.cl\/sites\/vc\/clases-de-grabado-para-profesores-de-artes-visuales\/#primaryimage\"},\"thumbnailUrl\":\"https:\/\/dev.antudigital.cl\/sites\/vc\/wp-content\/uploads\/2022\/05\/Captura-de-Pantalla-2022-05-02-a-las-10.33.28.png\",\"articleSection\":[\"Noticia\"],\"inLanguage\":\"es\",\"potentialAction\":[{\"@type\":\"CommentAction\",\"name\":\"Comment\",\"target\":[\"https:\/\/dev.antudigital.cl\/sites\/vc\/clases-de-grabado-para-profesores-de-artes-visuales\/#respond\"]}]},{\"@type\":\"WebPage\",\"@id\":\"https:\/\/dev.antudigital.cl\/sites\/vc\/clases-de-grabado-para-profesores-de-artes-visuales\/\",\"url\":\"https:\/\/dev.antudigital.cl\/sites\/vc\/clases-de-grabado-para-profesores-de-artes-visuales\/\",\"name\":\"Clases de grabado para profesores de artes visuales - Valpara\u00ed\u00adso Creativo\",\"isPartOf\":{\"@id\":\"https:\/\/dev.antudigital.cl\/sites\/vc\/#website\"},\"primaryImageOfPage\":{\"@id\":\"https:\/\/dev.antudigital.cl\/sites\/vc\/clases-de-grabado-para-profesores-de-artes-visuales\/#primaryimage\"},\"image\":{\"@id\":\"https:\/\/dev.antudigital.cl\/sites\/vc\/clases-de-grabado-para-profesores-de-artes-visuales\/#primaryimage\"},\"thumbnailUrl\":\"https:\/\/dev.antudigital.cl\/sites\/vc\/wp-content\/uploads\/2022\/05\/Captura-de-Pantalla-2022-05-02-a-las-10.33.28.png\",\"datePublished\":\"2022-05-02T14:34:25+00:00\",\"dateModified\":\"2022-05-02T14:34:30+00:00\",\"author\":{\"@id\":\"https:\/\/dev.antudigital.cl\/sites\/vc\/#\/schema\/person\/c2b9da8dd545e27166fc5ab232837318\"},\"breadcrumb\":{\"@id\":\"https:\/\/dev.antudigital.cl\/sites\/vc\/clases-de-grabado-para-profesores-de-artes-visuales\/#breadcrumb\"},\"inLanguage\":\"es\",\"potentialAction\":[{\"@type\":\"ReadAction\",\"target\":[\"https:\/\/dev.antudigital.cl\/sites\/vc\/clases-de-grabado-para-profesores-de-artes-visuales\/\"]}]},{\"@type\":\"ImageObject\",\"inLanguage\":\"es\",\"@id\":\"https:\/\/dev.antudigital.cl\/sites\/vc\/clases-de-grabado-para-profesores-de-artes-visuales\/#primaryimage\",\"url\":\"https:\/\/dev.antudigital.cl\/sites\/vc\/wp-content\/uploads\/2022\/05\/Captura-de-Pantalla-2022-05-02-a-las-10.33.28.png\",\"contentUrl\":\"https:\/\/dev.antudigital.cl\/sites\/vc\/wp-content\/uploads\/2022\/05\/Captura-de-Pantalla-2022-05-02-a-las-10.33.28.png\",\"width\":592,\"height\":206},{\"@type\":\"BreadcrumbList\",\"@id\":\"https:\/\/dev.antudigital.cl\/sites\/vc\/clases-de-grabado-para-profesores-de-artes-visuales\/#breadcrumb\",\"itemListElement\":[{\"@type\":\"ListItem\",\"position\":1,\"name\":\"Home\",\"item\":\"https:\/\/dev.antudigital.cl\/sites\/vc\/\"},{\"@type\":\"ListItem\",\"position\":2,\"name\":\"Clases de grabado para profesores de artes visuales\"}]},{\"@type\":\"WebSite\",\"@id\":\"https:\/\/dev.antudigital.cl\/sites\/vc\/#website\",\"url\":\"https:\/\/dev.antudigital.cl\/sites\/vc\/\",\"name\":\"Valpara\u00ed\u00adso Creativo\",\"description\":\"\",\"potentialAction\":[{\"@type\":\"SearchAction\",\"target\":{\"@type\":\"EntryPoint\",\"urlTemplate\":\"https:\/\/dev.antudigital.cl\/sites\/vc\/?s={search_term_string}\"},\"query-input\":{\"@type\":\"PropertyValueSpecification\",\"valueRequired\":true,\"valueName\":\"search_term_string\"}}],\"inLanguage\":\"es\"},{\"@type\":\"Person\",\"@id\":\"https:\/\/dev.antudigital.cl\/sites\/vc\/#\/schema\/person\/c2b9da8dd545e27166fc5ab232837318\",\"name\":\"Valpara\u00edso Creativo\",\"description\":\"Periodista de cultura en la Regi\u00f3n de Valpara\u00edso.\",\"url\":\"https:\/\/dev.antudigital.cl\/sites\/vc\/author\/valpoadmin\/\"}]}<\/script>\n<!-- \/ Yoast SEO plugin. -->","yoast_head_json":{"title":"Clases de grabado para profesores de artes visuales - Valpara\u00ed\u00adso Creativo","robots":{"index":"index","follow":"follow","max-snippet":"max-snippet:-1","max-image-preview":"max-image-preview:large","max-video-preview":"max-video-preview:-1"},"canonical":"https:\/\/dev.antudigital.cl\/sites\/vc\/clases-de-grabado-para-profesores-de-artes-visuales\/","og_locale":"es_ES","og_type":"article","og_title":"Clases de grabado para profesores de artes visuales - Valpara\u00ed\u00adso Creativo","og_description":"Artequin Vi\u00f1a te invita al curso \u00abBases del grabado\u00bb, una actividad entretenida pensada para profesores y profesoras de artes visuales, pero abierta a todo p\u00fablico. Se trata de una serie de 4 sesiones para aprender los primeros pasos te\u00f3ricos y pr\u00e1cticos en el arte del grabado, con el objetivo de despu\u00e9s ense\u00f1ar en clases en [&hellip;]","og_url":"https:\/\/dev.antudigital.cl\/sites\/vc\/clases-de-grabado-para-profesores-de-artes-visuales\/","og_site_name":"Valpara\u00ed\u00adso Creativo","article_published_time":"2022-05-02T14:34:25+00:00","article_modified_time":"2022-05-02T14:34:30+00:00","og_image":[{"width":592,"height":206,"url":"https:\/\/dev.antudigital.cl\/sites\/vc\/wp-content\/uploads\/2022\/05\/Captura-de-Pantalla-2022-05-02-a-las-10.33.28.png","type":"image\/png"}],"author":"Valpara\u00edso Creativo","twitter_card":"summary_large_image","twitter_misc":{"Escrito por":"Valpara\u00edso Creativo","Tiempo de lectura":"1 minuto"},"schema":{"@context":"https:\/\/schema.org","@graph":[{"@type":"Article","@id":"https:\/\/dev.antudigital.cl\/sites\/vc\/clases-de-grabado-para-profesores-de-artes-visuales\/#article","isPartOf":{"@id":"https:\/\/dev.antudigital.cl\/sites\/vc\/clases-de-grabado-para-profesores-de-artes-visuales\/"},"author":{"name":"Valpara\u00edso Creativo","@id":"https:\/\/dev.antudigital.cl\/sites\/vc\/#\/schema\/person\/c2b9da8dd545e27166fc5ab232837318"},"headline":"Clases de grabado para profesores de artes visuales","datePublished":"2022-05-02T14:34:25+00:00","dateModified":"2022-05-02T14:34:30+00:00","mainEntityOfPage":{"@id":"https:\/\/dev.antudigital.cl\/sites\/vc\/clases-de-grabado-para-profesores-de-artes-visuales\/"},"wordCount":123,"commentCount":0,"image":{"@id":"https:\/\/dev.antudigital.cl\/sites\/vc\/clases-de-grabado-para-profesores-de-artes-visuales\/#primaryimage"},"thumbnailUrl":"https:\/\/dev.antudigital.cl\/sites\/vc\/wp-content\/uploads\/2022\/05\/Captura-de-Pantalla-2022-05-02-a-las-10.33.28.png","articleSection":["Noticia"],"inLanguage":"es","potentialAction":[{"@type":"CommentAction","name":"Comment","target":["https:\/\/dev.antudigital.cl\/sites\/vc\/clases-de-grabado-para-profesores-de-artes-visuales\/#respond"]}]},{"@type":"WebPage","@id":"https:\/\/dev.antudigital.cl\/sites\/vc\/clases-de-grabado-para-profesores-de-artes-visuales\/","url":"https:\/\/dev.antudigital.cl\/sites\/vc\/clases-de-grabado-para-profesores-de-artes-visuales\/","name":"Clases de grabado para profesores de artes visuales - Valpara\u00ed\u00adso Creativo","isPartOf":{"@id":"https:\/\/dev.antudigital.cl\/sites\/vc\/#website"},"primaryImageOfPage":{"@id":"https:\/\/dev.antudigital.cl\/sites\/vc\/clases-de-grabado-para-profesores-de-artes-visuales\/#primaryimage"},"image":{"@id":"https:\/\/dev.antudigital.cl\/sites\/vc\/clases-de-grabado-para-profesores-de-artes-visuales\/#primaryimage"},"thumbnailUrl":"https:\/\/dev.antudigital.cl\/sites\/vc\/wp-content\/uploads\/2022\/05\/Captura-de-Pantalla-2022-05-02-a-las-10.33.28.png","datePublished":"2022-05-02T14:34:25+00:00","dateModified":"2022-05-02T14:34:30+00:00","author":{"@id":"https:\/\/dev.antudigital.cl\/sites\/vc\/#\/schema\/person\/c2b9da8dd545e27166fc5ab232837318"},"breadcrumb":{"@id":"https:\/\/dev.antudigital.cl\/sites\/vc\/clases-de-grabado-para-profesores-de-artes-visuales\/#breadcrumb"},"inLanguage":"es","potentialAction":[{"@type":"ReadAction","target":["https:\/\/dev.antudigital.cl\/sites\/vc\/clases-de-grabado-para-profesores-de-artes-visuales\/"]}]},{"@type":"ImageObject","inLanguage":"es","@id":"https:\/\/dev.antudigital.cl\/sites\/vc\/clases-de-grabado-para-profesores-de-artes-visuales\/#primaryimage","url":"https:\/\/dev.antudigital.cl\/sites\/vc\/wp-content\/uploads\/2022\/05\/Captura-de-Pantalla-2022-05-02-a-las-10.33.28.png","contentUrl":"https:\/\/dev.antudigital.cl\/sites\/vc\/wp-content\/uploads\/2022\/05\/Captura-de-Pantalla-2022-05-02-a-las-10.33.28.png","width":592,"height":206},{"@type":"BreadcrumbList","@id":"https:\/\/dev.antudigital.cl\/sites\/vc\/clases-de-grabado-para-profesores-de-artes-visuales\/#breadcrumb","itemListElement":[{"@type":"ListItem","position":1,"name":"Home","item":"https:\/\/dev.antudigital.cl\/sites\/vc\/"},{"@type":"ListItem","position":2,"name":"Clases de grabado para profesores de artes visuales"}]},{"@type":"WebSite","@id":"https:\/\/dev.antudigital.cl\/sites\/vc\/#website","url":"https:\/\/dev.antudigital.cl\/sites\/vc\/","name":"Valpara\u00ed\u00adso Creativo","description":"","potentialAction":[{"@type":"SearchAction","target":{"@type":"EntryPoint","urlTemplate":"https:\/\/dev.antudigital.cl\/sites\/vc\/?s={search_term_string}"},"query-input":{"@type":"PropertyValueSpecification","valueRequired":true,"valueName":"search_term_string"}}],"inLanguage":"es"},{"@type":"Person","@id":"https:\/\/dev.antudigital.cl\/sites\/vc\/#\/schema\/person\/c2b9da8dd545e27166fc5ab232837318","name":"Valpara\u00edso Creativo","description":"Periodista de cultura en la Regi\u00f3n de Valpara\u00edso.","url":"https:\/\/dev.antudigital.cl\/sites\/vc\/author\/valpoadmin\/"}]}},"_links":{"self":[{"href":"https:\/\/dev.antudigital.cl\/sites\/vc\/wp-json\/wp\/v2\/posts\/10791","targetHints":{"allow":["GET"]}}],"collection":[{"href":"https:\/\/dev.antudigital.cl\/sites\/vc\/wp-json\/wp\/v2\/posts"}],"about":[{"href":"https:\/\/dev.antudigital.cl\/sites\/vc\/wp-json\/wp\/v2\/types\/post"}],"author":[{"embeddable":true,"href":"https:\/\/dev.antudigital.cl\/sites\/vc\/wp-json\/wp\/v2\/users\/1"}],"replies":[{"embeddable":true,"href":"https:\/\/dev.antudigital.cl\/sites\/vc\/wp-json\/wp\/v2\/comments?post=10791"}],"version-history":[{"count":1,"href":"https:\/\/dev.antudigital.cl\/sites\/vc\/wp-json\/wp\/v2\/posts\/10791\/revisions"}],"predecessor-version":[{"id":10794,"href":"https:\/\/dev.antudigital.cl\/sites\/vc\/wp-json\/wp\/v2\/posts\/10791\/revisions\/10794"}],"wp:featuredmedia":[{"embeddable":true,"href":"https:\/\/dev.antudigital.cl\/sites\/vc\/wp-json\/wp\/v2\/media\/10793"}],"wp:attachment":[{"href":"https:\/\/dev.antudigital.cl\/sites\/vc\/wp-json\/wp\/v2\/media?parent=10791"}],"wp:term":[{"taxonomy":"category","embeddable":true,"href":"https:\/\/dev.antudigital.cl\/sites\/vc\/wp-json\/wp\/v2\/categories?post=10791"},{"taxonomy":"post_tag","embeddable":true,"href":"https:\/\/dev.antudigital.cl\/sites\/vc\/wp-json\/wp\/v2\/tags?post=10791"}],"curies":[{"name":"wp","href":"https:\/\/api.w.org\/{rel}","templated":true}]}}