{"id":10800,"date":"2022-05-02T14:45:41","date_gmt":"2022-05-02T14:45:41","guid":{"rendered":"https:\/\/www.valparaisocreativo.cl\/?p=10800"},"modified":"2022-05-02T14:45:46","modified_gmt":"2022-05-02T14:45:46","slug":"estreno-ojos-de-agua-en-villa-alemana","status":"publish","type":"post","link":"https:\/\/dev.antudigital.cl\/sites\/vc\/estreno-ojos-de-agua-en-villa-alemana\/","title":{"rendered":"Estreno \u00abOjos de agua\u00bb en Villa Alemana"},"content":{"rendered":"\n<p>El <a href=\"https:\/\/www.instagram.com\/ccgabrielamistral\/\">Centro Cultural Gabriela Mistral<\/a> invita en el marco de la celebraci\u00f3n del <strong>D\u00eda Nacional del Teatro<\/strong>, a participar de un ciclo de 3 obras, la primera, se realizar\u00e1 este <strong>viernes 06 de mayo a las 19:00 horas,<\/strong> Estreno de \u00abOJOS DE AGUA\u00bb, de <a href=\"https:\/\/www.instagram.com\/aulas_abiertas_contemporaneas\/\">Aulas Abiertas Contempor\u00e1neas<\/a><br><br><strong>OJOS DE AGUA<\/strong> es una propuesta esc\u00e9nica creada por ciudadanas, ciudadanos y artistas de Villa Alemana, que participaron el a\u00f1o 2021 en laboratorios de formaci\u00f3n en teatro y danza contempor\u00e1nea, in\u00e9ditos en la comuna. Favoreciendo la manifestaci\u00f3n corporal y sensible acerca de la identidad, temas e imaginarios propios del territorio, en que a trav\u00e9s de relatos biogr\u00e1ficos y ficcionales se devela la imbricada relaci\u00f3n cuerpo-territorio, amplificando problem\u00e1ticas globales, como el extractivismo y locales, como la escasez h\u00eddrica. En di\u00e1logo con el bosque escler\u00f3filo, los lavaderos de oro en tiempos precolombinos, el mito de la Placa de Cuarzo, el loco Alex y el inmutable repertorio de la cadena musical prat.<\/p>\n\n\n\n<p>\u00a1Pronto nuevas fechas!<\/p>\n","protected":false},"excerpt":{"rendered":"<p>El Centro Cultural Gabriela Mistral invita en el marco de la celebraci\u00f3n del D\u00eda Nacional del Teatro, a participar de un ciclo de 3 obras, la primera, se realizar\u00e1 este viernes 06 de mayo a las 19:00 horas, Estreno de \u00abOJOS DE AGUA\u00bb, de Aulas Abiertas Contempor\u00e1neas OJOS DE AGUA es una propuesta esc\u00e9nica creada [&hellip;]<\/p>\n","protected":false},"author":1,"featured_media":10801,"comment_status":"open","ping_status":"closed","sticky":false,"template":"","format":"standard","meta":{"_acf_changed":false,"footnotes":""},"categories":[8],"tags":[],"class_list":["post-10800","post","type-post","status-publish","format-standard","has-post-thumbnail","hentry","category-noticia"],"acf":[],"yoast_head":"<!-- This site is optimized with the Yoast SEO plugin v27.1.1 - https:\/\/yoast.com\/product\/yoast-seo-wordpress\/ -->\n<title>Estreno &quot;Ojos de agua&quot; en Villa Alemana - Valpara\u00ed\u00adso Creativo<\/title>\n<meta name=\"robots\" content=\"index, follow, max-snippet:-1, max-image-preview:large, max-video-preview:-1\" \/>\n<link rel=\"canonical\" href=\"https:\/\/dev.antudigital.cl\/sites\/vc\/estreno-ojos-de-agua-en-villa-alemana\/\" \/>\n<meta property=\"og:locale\" content=\"es_ES\" \/>\n<meta property=\"og:type\" content=\"article\" \/>\n<meta property=\"og:title\" content=\"Estreno &quot;Ojos de agua&quot; en Villa Alemana - Valpara\u00ed\u00adso Creativo\" \/>\n<meta property=\"og:description\" content=\"El Centro Cultural Gabriela Mistral invita en el marco de la celebraci\u00f3n del D\u00eda Nacional del Teatro, a participar de un ciclo de 3 obras, la primera, se realizar\u00e1 este viernes 06 de mayo a las 19:00 horas, Estreno de \u00abOJOS DE AGUA\u00bb, de Aulas Abiertas Contempor\u00e1neas OJOS DE AGUA es una propuesta esc\u00e9nica creada [&hellip;]\" \/>\n<meta property=\"og:url\" content=\"https:\/\/dev.antudigital.cl\/sites\/vc\/estreno-ojos-de-agua-en-villa-alemana\/\" \/>\n<meta property=\"og:site_name\" content=\"Valpara\u00ed\u00adso Creativo\" \/>\n<meta property=\"article:published_time\" content=\"2022-05-02T14:45:41+00:00\" \/>\n<meta property=\"article:modified_time\" content=\"2022-05-02T14:45:46+00:00\" \/>\n<meta property=\"og:image\" content=\"https:\/\/dev.antudigital.cl\/sites\/vc\/wp-content\/uploads\/2022\/05\/Captura-de-Pantalla-2022-05-02-a-las-10.43.15.png\" \/>\n\t<meta property=\"og:image:width\" content=\"596\" \/>\n\t<meta property=\"og:image:height\" content=\"532\" \/>\n\t<meta property=\"og:image:type\" content=\"image\/png\" \/>\n<meta name=\"author\" content=\"Valpara\u00edso Creativo\" \/>\n<meta name=\"twitter:card\" content=\"summary_large_image\" \/>\n<meta name=\"twitter:label1\" content=\"Escrito por\" \/>\n\t<meta name=\"twitter:data1\" content=\"Valpara\u00edso Creativo\" \/>\n\t<meta name=\"twitter:label2\" content=\"Tiempo de lectura\" \/>\n\t<meta name=\"twitter:data2\" content=\"1 minuto\" \/>\n<script type=\"application\/ld+json\" class=\"yoast-schema-graph\">{\"@context\":\"https:\/\/schema.org\",\"@graph\":[{\"@type\":\"Article\",\"@id\":\"https:\/\/dev.antudigital.cl\/sites\/vc\/estreno-ojos-de-agua-en-villa-alemana\/#article\",\"isPartOf\":{\"@id\":\"https:\/\/dev.antudigital.cl\/sites\/vc\/estreno-ojos-de-agua-en-villa-alemana\/\"},\"author\":{\"name\":\"Valpara\u00edso Creativo\",\"@id\":\"https:\/\/dev.antudigital.cl\/sites\/vc\/#\/schema\/person\/c2b9da8dd545e27166fc5ab232837318\"},\"headline\":\"Estreno \u00abOjos de agua\u00bb en Villa Alemana\",\"datePublished\":\"2022-05-02T14:45:41+00:00\",\"dateModified\":\"2022-05-02T14:45:46+00:00\",\"mainEntityOfPage\":{\"@id\":\"https:\/\/dev.antudigital.cl\/sites\/vc\/estreno-ojos-de-agua-en-villa-alemana\/\"},\"wordCount\":178,\"commentCount\":0,\"image\":{\"@id\":\"https:\/\/dev.antudigital.cl\/sites\/vc\/estreno-ojos-de-agua-en-villa-alemana\/#primaryimage\"},\"thumbnailUrl\":\"https:\/\/dev.antudigital.cl\/sites\/vc\/wp-content\/uploads\/2022\/05\/Captura-de-Pantalla-2022-05-02-a-las-10.43.15.png\",\"articleSection\":[\"Noticia\"],\"inLanguage\":\"es\",\"potentialAction\":[{\"@type\":\"CommentAction\",\"name\":\"Comment\",\"target\":[\"https:\/\/dev.antudigital.cl\/sites\/vc\/estreno-ojos-de-agua-en-villa-alemana\/#respond\"]}]},{\"@type\":\"WebPage\",\"@id\":\"https:\/\/dev.antudigital.cl\/sites\/vc\/estreno-ojos-de-agua-en-villa-alemana\/\",\"url\":\"https:\/\/dev.antudigital.cl\/sites\/vc\/estreno-ojos-de-agua-en-villa-alemana\/\",\"name\":\"Estreno \\\"Ojos de agua\\\" en Villa Alemana - Valpara\u00ed\u00adso Creativo\",\"isPartOf\":{\"@id\":\"https:\/\/dev.antudigital.cl\/sites\/vc\/#website\"},\"primaryImageOfPage\":{\"@id\":\"https:\/\/dev.antudigital.cl\/sites\/vc\/estreno-ojos-de-agua-en-villa-alemana\/#primaryimage\"},\"image\":{\"@id\":\"https:\/\/dev.antudigital.cl\/sites\/vc\/estreno-ojos-de-agua-en-villa-alemana\/#primaryimage\"},\"thumbnailUrl\":\"https:\/\/dev.antudigital.cl\/sites\/vc\/wp-content\/uploads\/2022\/05\/Captura-de-Pantalla-2022-05-02-a-las-10.43.15.png\",\"datePublished\":\"2022-05-02T14:45:41+00:00\",\"dateModified\":\"2022-05-02T14:45:46+00:00\",\"author\":{\"@id\":\"https:\/\/dev.antudigital.cl\/sites\/vc\/#\/schema\/person\/c2b9da8dd545e27166fc5ab232837318\"},\"breadcrumb\":{\"@id\":\"https:\/\/dev.antudigital.cl\/sites\/vc\/estreno-ojos-de-agua-en-villa-alemana\/#breadcrumb\"},\"inLanguage\":\"es\",\"potentialAction\":[{\"@type\":\"ReadAction\",\"target\":[\"https:\/\/dev.antudigital.cl\/sites\/vc\/estreno-ojos-de-agua-en-villa-alemana\/\"]}]},{\"@type\":\"ImageObject\",\"inLanguage\":\"es\",\"@id\":\"https:\/\/dev.antudigital.cl\/sites\/vc\/estreno-ojos-de-agua-en-villa-alemana\/#primaryimage\",\"url\":\"https:\/\/dev.antudigital.cl\/sites\/vc\/wp-content\/uploads\/2022\/05\/Captura-de-Pantalla-2022-05-02-a-las-10.43.15.png\",\"contentUrl\":\"https:\/\/dev.antudigital.cl\/sites\/vc\/wp-content\/uploads\/2022\/05\/Captura-de-Pantalla-2022-05-02-a-las-10.43.15.png\",\"width\":596,\"height\":532},{\"@type\":\"BreadcrumbList\",\"@id\":\"https:\/\/dev.antudigital.cl\/sites\/vc\/estreno-ojos-de-agua-en-villa-alemana\/#breadcrumb\",\"itemListElement\":[{\"@type\":\"ListItem\",\"position\":1,\"name\":\"Home\",\"item\":\"https:\/\/dev.antudigital.cl\/sites\/vc\/\"},{\"@type\":\"ListItem\",\"position\":2,\"name\":\"Estreno \u00abOjos de agua\u00bb en Villa Alemana\"}]},{\"@type\":\"WebSite\",\"@id\":\"https:\/\/dev.antudigital.cl\/sites\/vc\/#website\",\"url\":\"https:\/\/dev.antudigital.cl\/sites\/vc\/\",\"name\":\"Valpara\u00ed\u00adso Creativo\",\"description\":\"\",\"potentialAction\":[{\"@type\":\"SearchAction\",\"target\":{\"@type\":\"EntryPoint\",\"urlTemplate\":\"https:\/\/dev.antudigital.cl\/sites\/vc\/?s={search_term_string}\"},\"query-input\":{\"@type\":\"PropertyValueSpecification\",\"valueRequired\":true,\"valueName\":\"search_term_string\"}}],\"inLanguage\":\"es\"},{\"@type\":\"Person\",\"@id\":\"https:\/\/dev.antudigital.cl\/sites\/vc\/#\/schema\/person\/c2b9da8dd545e27166fc5ab232837318\",\"name\":\"Valpara\u00edso Creativo\",\"description\":\"Periodista de cultura en la Regi\u00f3n de Valpara\u00edso.\",\"url\":\"https:\/\/dev.antudigital.cl\/sites\/vc\/author\/valpoadmin\/\"}]}<\/script>\n<!-- \/ Yoast SEO plugin. -->","yoast_head_json":{"title":"Estreno \"Ojos de agua\" en Villa Alemana - Valpara\u00ed\u00adso Creativo","robots":{"index":"index","follow":"follow","max-snippet":"max-snippet:-1","max-image-preview":"max-image-preview:large","max-video-preview":"max-video-preview:-1"},"canonical":"https:\/\/dev.antudigital.cl\/sites\/vc\/estreno-ojos-de-agua-en-villa-alemana\/","og_locale":"es_ES","og_type":"article","og_title":"Estreno \"Ojos de agua\" en Villa Alemana - Valpara\u00ed\u00adso Creativo","og_description":"El Centro Cultural Gabriela Mistral invita en el marco de la celebraci\u00f3n del D\u00eda Nacional del Teatro, a participar de un ciclo de 3 obras, la primera, se realizar\u00e1 este viernes 06 de mayo a las 19:00 horas, Estreno de \u00abOJOS DE AGUA\u00bb, de Aulas Abiertas Contempor\u00e1neas OJOS DE AGUA es una propuesta esc\u00e9nica creada [&hellip;]","og_url":"https:\/\/dev.antudigital.cl\/sites\/vc\/estreno-ojos-de-agua-en-villa-alemana\/","og_site_name":"Valpara\u00ed\u00adso Creativo","article_published_time":"2022-05-02T14:45:41+00:00","article_modified_time":"2022-05-02T14:45:46+00:00","og_image":[{"width":596,"height":532,"url":"https:\/\/dev.antudigital.cl\/sites\/vc\/wp-content\/uploads\/2022\/05\/Captura-de-Pantalla-2022-05-02-a-las-10.43.15.png","type":"image\/png"}],"author":"Valpara\u00edso Creativo","twitter_card":"summary_large_image","twitter_misc":{"Escrito por":"Valpara\u00edso Creativo","Tiempo de lectura":"1 minuto"},"schema":{"@context":"https:\/\/schema.org","@graph":[{"@type":"Article","@id":"https:\/\/dev.antudigital.cl\/sites\/vc\/estreno-ojos-de-agua-en-villa-alemana\/#article","isPartOf":{"@id":"https:\/\/dev.antudigital.cl\/sites\/vc\/estreno-ojos-de-agua-en-villa-alemana\/"},"author":{"name":"Valpara\u00edso Creativo","@id":"https:\/\/dev.antudigital.cl\/sites\/vc\/#\/schema\/person\/c2b9da8dd545e27166fc5ab232837318"},"headline":"Estreno \u00abOjos de agua\u00bb en Villa Alemana","datePublished":"2022-05-02T14:45:41+00:00","dateModified":"2022-05-02T14:45:46+00:00","mainEntityOfPage":{"@id":"https:\/\/dev.antudigital.cl\/sites\/vc\/estreno-ojos-de-agua-en-villa-alemana\/"},"wordCount":178,"commentCount":0,"image":{"@id":"https:\/\/dev.antudigital.cl\/sites\/vc\/estreno-ojos-de-agua-en-villa-alemana\/#primaryimage"},"thumbnailUrl":"https:\/\/dev.antudigital.cl\/sites\/vc\/wp-content\/uploads\/2022\/05\/Captura-de-Pantalla-2022-05-02-a-las-10.43.15.png","articleSection":["Noticia"],"inLanguage":"es","potentialAction":[{"@type":"CommentAction","name":"Comment","target":["https:\/\/dev.antudigital.cl\/sites\/vc\/estreno-ojos-de-agua-en-villa-alemana\/#respond"]}]},{"@type":"WebPage","@id":"https:\/\/dev.antudigital.cl\/sites\/vc\/estreno-ojos-de-agua-en-villa-alemana\/","url":"https:\/\/dev.antudigital.cl\/sites\/vc\/estreno-ojos-de-agua-en-villa-alemana\/","name":"Estreno \"Ojos de agua\" en Villa Alemana - Valpara\u00ed\u00adso Creativo","isPartOf":{"@id":"https:\/\/dev.antudigital.cl\/sites\/vc\/#website"},"primaryImageOfPage":{"@id":"https:\/\/dev.antudigital.cl\/sites\/vc\/estreno-ojos-de-agua-en-villa-alemana\/#primaryimage"},"image":{"@id":"https:\/\/dev.antudigital.cl\/sites\/vc\/estreno-ojos-de-agua-en-villa-alemana\/#primaryimage"},"thumbnailUrl":"https:\/\/dev.antudigital.cl\/sites\/vc\/wp-content\/uploads\/2022\/05\/Captura-de-Pantalla-2022-05-02-a-las-10.43.15.png","datePublished":"2022-05-02T14:45:41+00:00","dateModified":"2022-05-02T14:45:46+00:00","author":{"@id":"https:\/\/dev.antudigital.cl\/sites\/vc\/#\/schema\/person\/c2b9da8dd545e27166fc5ab232837318"},"breadcrumb":{"@id":"https:\/\/dev.antudigital.cl\/sites\/vc\/estreno-ojos-de-agua-en-villa-alemana\/#breadcrumb"},"inLanguage":"es","potentialAction":[{"@type":"ReadAction","target":["https:\/\/dev.antudigital.cl\/sites\/vc\/estreno-ojos-de-agua-en-villa-alemana\/"]}]},{"@type":"ImageObject","inLanguage":"es","@id":"https:\/\/dev.antudigital.cl\/sites\/vc\/estreno-ojos-de-agua-en-villa-alemana\/#primaryimage","url":"https:\/\/dev.antudigital.cl\/sites\/vc\/wp-content\/uploads\/2022\/05\/Captura-de-Pantalla-2022-05-02-a-las-10.43.15.png","contentUrl":"https:\/\/dev.antudigital.cl\/sites\/vc\/wp-content\/uploads\/2022\/05\/Captura-de-Pantalla-2022-05-02-a-las-10.43.15.png","width":596,"height":532},{"@type":"BreadcrumbList","@id":"https:\/\/dev.antudigital.cl\/sites\/vc\/estreno-ojos-de-agua-en-villa-alemana\/#breadcrumb","itemListElement":[{"@type":"ListItem","position":1,"name":"Home","item":"https:\/\/dev.antudigital.cl\/sites\/vc\/"},{"@type":"ListItem","position":2,"name":"Estreno \u00abOjos de agua\u00bb en Villa Alemana"}]},{"@type":"WebSite","@id":"https:\/\/dev.antudigital.cl\/sites\/vc\/#website","url":"https:\/\/dev.antudigital.cl\/sites\/vc\/","name":"Valpara\u00ed\u00adso Creativo","description":"","potentialAction":[{"@type":"SearchAction","target":{"@type":"EntryPoint","urlTemplate":"https:\/\/dev.antudigital.cl\/sites\/vc\/?s={search_term_string}"},"query-input":{"@type":"PropertyValueSpecification","valueRequired":true,"valueName":"search_term_string"}}],"inLanguage":"es"},{"@type":"Person","@id":"https:\/\/dev.antudigital.cl\/sites\/vc\/#\/schema\/person\/c2b9da8dd545e27166fc5ab232837318","name":"Valpara\u00edso Creativo","description":"Periodista de cultura en la Regi\u00f3n de Valpara\u00edso.","url":"https:\/\/dev.antudigital.cl\/sites\/vc\/author\/valpoadmin\/"}]}},"_links":{"self":[{"href":"https:\/\/dev.antudigital.cl\/sites\/vc\/wp-json\/wp\/v2\/posts\/10800","targetHints":{"allow":["GET"]}}],"collection":[{"href":"https:\/\/dev.antudigital.cl\/sites\/vc\/wp-json\/wp\/v2\/posts"}],"about":[{"href":"https:\/\/dev.antudigital.cl\/sites\/vc\/wp-json\/wp\/v2\/types\/post"}],"author":[{"embeddable":true,"href":"https:\/\/dev.antudigital.cl\/sites\/vc\/wp-json\/wp\/v2\/users\/1"}],"replies":[{"embeddable":true,"href":"https:\/\/dev.antudigital.cl\/sites\/vc\/wp-json\/wp\/v2\/comments?post=10800"}],"version-history":[{"count":1,"href":"https:\/\/dev.antudigital.cl\/sites\/vc\/wp-json\/wp\/v2\/posts\/10800\/revisions"}],"predecessor-version":[{"id":10802,"href":"https:\/\/dev.antudigital.cl\/sites\/vc\/wp-json\/wp\/v2\/posts\/10800\/revisions\/10802"}],"wp:featuredmedia":[{"embeddable":true,"href":"https:\/\/dev.antudigital.cl\/sites\/vc\/wp-json\/wp\/v2\/media\/10801"}],"wp:attachment":[{"href":"https:\/\/dev.antudigital.cl\/sites\/vc\/wp-json\/wp\/v2\/media?parent=10800"}],"wp:term":[{"taxonomy":"category","embeddable":true,"href":"https:\/\/dev.antudigital.cl\/sites\/vc\/wp-json\/wp\/v2\/categories?post=10800"},{"taxonomy":"post_tag","embeddable":true,"href":"https:\/\/dev.antudigital.cl\/sites\/vc\/wp-json\/wp\/v2\/tags?post=10800"}],"curies":[{"name":"wp","href":"https:\/\/api.w.org\/{rel}","templated":true}]}}