{"id":10806,"date":"2022-05-02T14:56:35","date_gmt":"2022-05-02T14:56:35","guid":{"rendered":"https:\/\/www.valparaisocreativo.cl\/?p=10806"},"modified":"2022-05-02T14:56:41","modified_gmt":"2022-05-02T14:56:41","slug":"se-parte-del-x-festival-humberto-duvauchelle-de-artes-escenicas","status":"publish","type":"post","link":"https:\/\/dev.antudigital.cl\/sites\/vc\/se-parte-del-x-festival-humberto-duvauchelle-de-artes-escenicas\/","title":{"rendered":"Se parte del X Festival Humberto Duvauchelle de artes esc\u00e9nicas"},"content":{"rendered":"\n<p>En mayo, previo al D\u00eda Nacional del Teatro el 11 del mes, <a href=\"https:\/\/www.instagram.com\/salaupla\/\">Sala Upla<\/a> invita al Festival Humberto Duvauchelle la celebraci\u00f3n de sus 10 a\u00f1os promoviendo la creaci\u00f3n en estudiantes de teatro de la Regi\u00f3n de Valpara\u00edso.<br><br>Esto se realizar\u00e1 el 6 y 7 de mayo desde las 18 horas, donde te invitamos a ver las obras ganadoras de las tres \u00faltimas ediciones de dicho Festival, cuya programaci\u00f3n ser\u00e1 exhibida a trav\u00e9s del canal de <a href=\"https:\/\/www.youtube.com\/channel\/UCCzvPraprM7Z6rD6Jy2t6IQ\/videos\">YouTube de Sala UPLA<\/a>.<\/p>\n\n\n\n<p>M\u00e1s de 100 montajes han participado durante la primera d\u00e9cada del Festival Humberto Duvauchelle, certamen creado en 2012 por estudiantes de la carrera de teatro de la Universidad de Playa Ancha con el objetivo de incentivar la creaci\u00f3n y producci\u00f3n de estudiantes de teatro y actuaci\u00f3n de la regi\u00f3n de Valpara\u00edso.<\/p>\n\n\n\n<p>Tomando como ejemplo la figura del actor Humberto Duvauchelle, un grupo de estudiantes quisieron rendir un homenaje, en vida, al actor y docente, que en 2012 era profesor de la carrera de teatro de la UPLA, por su legado y la cercan\u00eda que siempre tuvo con sus alumnos y alumnas, d\u00e1ndole su nombre a este festival que se ha desarrollado de manera permanente.<br><br>La entrada tendr\u00e1 un valor de $2.500<\/p>\n\n\n\n<p>Revisa la programaci\u00f3n detalladamente en el <strong><a href=\"https:\/\/www.salateatroupla.cl\/obras\/x-festival-humberto-duvauchelle\/\">siguiente link<\/a><\/strong><\/p>\n","protected":false},"excerpt":{"rendered":"<p>En mayo, previo al D\u00eda Nacional del Teatro el 11 del mes, Sala Upla invita al Festival Humberto Duvauchelle la celebraci\u00f3n de sus 10 a\u00f1os promoviendo la creaci\u00f3n en estudiantes de teatro de la Regi\u00f3n de Valpara\u00edso. Esto se realizar\u00e1 el 6 y 7 de mayo desde las 18 horas, donde te invitamos a ver [&hellip;]<\/p>\n","protected":false},"author":1,"featured_media":10807,"comment_status":"open","ping_status":"closed","sticky":false,"template":"","format":"standard","meta":{"_acf_changed":false,"footnotes":""},"categories":[8],"tags":[],"class_list":["post-10806","post","type-post","status-publish","format-standard","has-post-thumbnail","hentry","category-noticia"],"acf":[],"yoast_head":"<!-- This site is optimized with the Yoast SEO plugin v27.1.1 - https:\/\/yoast.com\/product\/yoast-seo-wordpress\/ -->\n<title>Se parte del X Festival Humberto Duvauchelle de artes esc\u00e9nicas - Valpara\u00ed\u00adso Creativo<\/title>\n<meta name=\"robots\" content=\"index, follow, max-snippet:-1, max-image-preview:large, max-video-preview:-1\" \/>\n<link rel=\"canonical\" href=\"https:\/\/dev.antudigital.cl\/sites\/vc\/se-parte-del-x-festival-humberto-duvauchelle-de-artes-escenicas\/\" \/>\n<meta property=\"og:locale\" content=\"es_ES\" \/>\n<meta property=\"og:type\" content=\"article\" \/>\n<meta property=\"og:title\" content=\"Se parte del X Festival Humberto Duvauchelle de artes esc\u00e9nicas - Valpara\u00ed\u00adso Creativo\" \/>\n<meta property=\"og:description\" content=\"En mayo, previo al D\u00eda Nacional del Teatro el 11 del mes, Sala Upla invita al Festival Humberto Duvauchelle la celebraci\u00f3n de sus 10 a\u00f1os promoviendo la creaci\u00f3n en estudiantes de teatro de la Regi\u00f3n de Valpara\u00edso. Esto se realizar\u00e1 el 6 y 7 de mayo desde las 18 horas, donde te invitamos a ver [&hellip;]\" \/>\n<meta property=\"og:url\" content=\"https:\/\/dev.antudigital.cl\/sites\/vc\/se-parte-del-x-festival-humberto-duvauchelle-de-artes-escenicas\/\" \/>\n<meta property=\"og:site_name\" content=\"Valpara\u00ed\u00adso Creativo\" \/>\n<meta property=\"article:published_time\" content=\"2022-05-02T14:56:35+00:00\" \/>\n<meta property=\"article:modified_time\" content=\"2022-05-02T14:56:41+00:00\" \/>\n<meta property=\"og:image\" content=\"https:\/\/dev.antudigital.cl\/sites\/vc\/wp-content\/uploads\/2022\/05\/Captura-de-Pantalla-2022-05-02-a-las-10.52.07.png\" \/>\n\t<meta property=\"og:image:width\" content=\"600\" \/>\n\t<meta property=\"og:image:height\" content=\"602\" \/>\n\t<meta property=\"og:image:type\" content=\"image\/png\" \/>\n<meta name=\"author\" content=\"Valpara\u00edso Creativo\" \/>\n<meta name=\"twitter:card\" content=\"summary_large_image\" \/>\n<meta name=\"twitter:label1\" content=\"Escrito por\" \/>\n\t<meta name=\"twitter:data1\" content=\"Valpara\u00edso Creativo\" \/>\n\t<meta name=\"twitter:label2\" content=\"Tiempo de lectura\" \/>\n\t<meta name=\"twitter:data2\" content=\"1 minuto\" \/>\n<script type=\"application\/ld+json\" class=\"yoast-schema-graph\">{\"@context\":\"https:\/\/schema.org\",\"@graph\":[{\"@type\":\"Article\",\"@id\":\"https:\/\/dev.antudigital.cl\/sites\/vc\/se-parte-del-x-festival-humberto-duvauchelle-de-artes-escenicas\/#article\",\"isPartOf\":{\"@id\":\"https:\/\/dev.antudigital.cl\/sites\/vc\/se-parte-del-x-festival-humberto-duvauchelle-de-artes-escenicas\/\"},\"author\":{\"name\":\"Valpara\u00edso Creativo\",\"@id\":\"https:\/\/dev.antudigital.cl\/sites\/vc\/#\/schema\/person\/c2b9da8dd545e27166fc5ab232837318\"},\"headline\":\"Se parte del X Festival Humberto Duvauchelle de artes esc\u00e9nicas\",\"datePublished\":\"2022-05-02T14:56:35+00:00\",\"dateModified\":\"2022-05-02T14:56:41+00:00\",\"mainEntityOfPage\":{\"@id\":\"https:\/\/dev.antudigital.cl\/sites\/vc\/se-parte-del-x-festival-humberto-duvauchelle-de-artes-escenicas\/\"},\"wordCount\":228,\"commentCount\":0,\"image\":{\"@id\":\"https:\/\/dev.antudigital.cl\/sites\/vc\/se-parte-del-x-festival-humberto-duvauchelle-de-artes-escenicas\/#primaryimage\"},\"thumbnailUrl\":\"https:\/\/dev.antudigital.cl\/sites\/vc\/wp-content\/uploads\/2022\/05\/Captura-de-Pantalla-2022-05-02-a-las-10.52.07.png\",\"articleSection\":[\"Noticia\"],\"inLanguage\":\"es\",\"potentialAction\":[{\"@type\":\"CommentAction\",\"name\":\"Comment\",\"target\":[\"https:\/\/dev.antudigital.cl\/sites\/vc\/se-parte-del-x-festival-humberto-duvauchelle-de-artes-escenicas\/#respond\"]}]},{\"@type\":\"WebPage\",\"@id\":\"https:\/\/dev.antudigital.cl\/sites\/vc\/se-parte-del-x-festival-humberto-duvauchelle-de-artes-escenicas\/\",\"url\":\"https:\/\/dev.antudigital.cl\/sites\/vc\/se-parte-del-x-festival-humberto-duvauchelle-de-artes-escenicas\/\",\"name\":\"Se parte del X Festival Humberto Duvauchelle de artes esc\u00e9nicas - Valpara\u00ed\u00adso Creativo\",\"isPartOf\":{\"@id\":\"https:\/\/dev.antudigital.cl\/sites\/vc\/#website\"},\"primaryImageOfPage\":{\"@id\":\"https:\/\/dev.antudigital.cl\/sites\/vc\/se-parte-del-x-festival-humberto-duvauchelle-de-artes-escenicas\/#primaryimage\"},\"image\":{\"@id\":\"https:\/\/dev.antudigital.cl\/sites\/vc\/se-parte-del-x-festival-humberto-duvauchelle-de-artes-escenicas\/#primaryimage\"},\"thumbnailUrl\":\"https:\/\/dev.antudigital.cl\/sites\/vc\/wp-content\/uploads\/2022\/05\/Captura-de-Pantalla-2022-05-02-a-las-10.52.07.png\",\"datePublished\":\"2022-05-02T14:56:35+00:00\",\"dateModified\":\"2022-05-02T14:56:41+00:00\",\"author\":{\"@id\":\"https:\/\/dev.antudigital.cl\/sites\/vc\/#\/schema\/person\/c2b9da8dd545e27166fc5ab232837318\"},\"breadcrumb\":{\"@id\":\"https:\/\/dev.antudigital.cl\/sites\/vc\/se-parte-del-x-festival-humberto-duvauchelle-de-artes-escenicas\/#breadcrumb\"},\"inLanguage\":\"es\",\"potentialAction\":[{\"@type\":\"ReadAction\",\"target\":[\"https:\/\/dev.antudigital.cl\/sites\/vc\/se-parte-del-x-festival-humberto-duvauchelle-de-artes-escenicas\/\"]}]},{\"@type\":\"ImageObject\",\"inLanguage\":\"es\",\"@id\":\"https:\/\/dev.antudigital.cl\/sites\/vc\/se-parte-del-x-festival-humberto-duvauchelle-de-artes-escenicas\/#primaryimage\",\"url\":\"https:\/\/dev.antudigital.cl\/sites\/vc\/wp-content\/uploads\/2022\/05\/Captura-de-Pantalla-2022-05-02-a-las-10.52.07.png\",\"contentUrl\":\"https:\/\/dev.antudigital.cl\/sites\/vc\/wp-content\/uploads\/2022\/05\/Captura-de-Pantalla-2022-05-02-a-las-10.52.07.png\",\"width\":600,\"height\":602},{\"@type\":\"BreadcrumbList\",\"@id\":\"https:\/\/dev.antudigital.cl\/sites\/vc\/se-parte-del-x-festival-humberto-duvauchelle-de-artes-escenicas\/#breadcrumb\",\"itemListElement\":[{\"@type\":\"ListItem\",\"position\":1,\"name\":\"Home\",\"item\":\"https:\/\/dev.antudigital.cl\/sites\/vc\/\"},{\"@type\":\"ListItem\",\"position\":2,\"name\":\"Se parte del X Festival Humberto Duvauchelle de artes esc\u00e9nicas\"}]},{\"@type\":\"WebSite\",\"@id\":\"https:\/\/dev.antudigital.cl\/sites\/vc\/#website\",\"url\":\"https:\/\/dev.antudigital.cl\/sites\/vc\/\",\"name\":\"Valpara\u00ed\u00adso Creativo\",\"description\":\"\",\"potentialAction\":[{\"@type\":\"SearchAction\",\"target\":{\"@type\":\"EntryPoint\",\"urlTemplate\":\"https:\/\/dev.antudigital.cl\/sites\/vc\/?s={search_term_string}\"},\"query-input\":{\"@type\":\"PropertyValueSpecification\",\"valueRequired\":true,\"valueName\":\"search_term_string\"}}],\"inLanguage\":\"es\"},{\"@type\":\"Person\",\"@id\":\"https:\/\/dev.antudigital.cl\/sites\/vc\/#\/schema\/person\/c2b9da8dd545e27166fc5ab232837318\",\"name\":\"Valpara\u00edso Creativo\",\"description\":\"Periodista de cultura en la Regi\u00f3n de Valpara\u00edso.\",\"url\":\"https:\/\/dev.antudigital.cl\/sites\/vc\/author\/valpoadmin\/\"}]}<\/script>\n<!-- \/ Yoast SEO plugin. -->","yoast_head_json":{"title":"Se parte del X Festival Humberto Duvauchelle de artes esc\u00e9nicas - Valpara\u00ed\u00adso Creativo","robots":{"index":"index","follow":"follow","max-snippet":"max-snippet:-1","max-image-preview":"max-image-preview:large","max-video-preview":"max-video-preview:-1"},"canonical":"https:\/\/dev.antudigital.cl\/sites\/vc\/se-parte-del-x-festival-humberto-duvauchelle-de-artes-escenicas\/","og_locale":"es_ES","og_type":"article","og_title":"Se parte del X Festival Humberto Duvauchelle de artes esc\u00e9nicas - Valpara\u00ed\u00adso Creativo","og_description":"En mayo, previo al D\u00eda Nacional del Teatro el 11 del mes, Sala Upla invita al Festival Humberto Duvauchelle la celebraci\u00f3n de sus 10 a\u00f1os promoviendo la creaci\u00f3n en estudiantes de teatro de la Regi\u00f3n de Valpara\u00edso. Esto se realizar\u00e1 el 6 y 7 de mayo desde las 18 horas, donde te invitamos a ver [&hellip;]","og_url":"https:\/\/dev.antudigital.cl\/sites\/vc\/se-parte-del-x-festival-humberto-duvauchelle-de-artes-escenicas\/","og_site_name":"Valpara\u00ed\u00adso Creativo","article_published_time":"2022-05-02T14:56:35+00:00","article_modified_time":"2022-05-02T14:56:41+00:00","og_image":[{"width":600,"height":602,"url":"https:\/\/dev.antudigital.cl\/sites\/vc\/wp-content\/uploads\/2022\/05\/Captura-de-Pantalla-2022-05-02-a-las-10.52.07.png","type":"image\/png"}],"author":"Valpara\u00edso Creativo","twitter_card":"summary_large_image","twitter_misc":{"Escrito por":"Valpara\u00edso Creativo","Tiempo de lectura":"1 minuto"},"schema":{"@context":"https:\/\/schema.org","@graph":[{"@type":"Article","@id":"https:\/\/dev.antudigital.cl\/sites\/vc\/se-parte-del-x-festival-humberto-duvauchelle-de-artes-escenicas\/#article","isPartOf":{"@id":"https:\/\/dev.antudigital.cl\/sites\/vc\/se-parte-del-x-festival-humberto-duvauchelle-de-artes-escenicas\/"},"author":{"name":"Valpara\u00edso Creativo","@id":"https:\/\/dev.antudigital.cl\/sites\/vc\/#\/schema\/person\/c2b9da8dd545e27166fc5ab232837318"},"headline":"Se parte del X Festival Humberto Duvauchelle de artes esc\u00e9nicas","datePublished":"2022-05-02T14:56:35+00:00","dateModified":"2022-05-02T14:56:41+00:00","mainEntityOfPage":{"@id":"https:\/\/dev.antudigital.cl\/sites\/vc\/se-parte-del-x-festival-humberto-duvauchelle-de-artes-escenicas\/"},"wordCount":228,"commentCount":0,"image":{"@id":"https:\/\/dev.antudigital.cl\/sites\/vc\/se-parte-del-x-festival-humberto-duvauchelle-de-artes-escenicas\/#primaryimage"},"thumbnailUrl":"https:\/\/dev.antudigital.cl\/sites\/vc\/wp-content\/uploads\/2022\/05\/Captura-de-Pantalla-2022-05-02-a-las-10.52.07.png","articleSection":["Noticia"],"inLanguage":"es","potentialAction":[{"@type":"CommentAction","name":"Comment","target":["https:\/\/dev.antudigital.cl\/sites\/vc\/se-parte-del-x-festival-humberto-duvauchelle-de-artes-escenicas\/#respond"]}]},{"@type":"WebPage","@id":"https:\/\/dev.antudigital.cl\/sites\/vc\/se-parte-del-x-festival-humberto-duvauchelle-de-artes-escenicas\/","url":"https:\/\/dev.antudigital.cl\/sites\/vc\/se-parte-del-x-festival-humberto-duvauchelle-de-artes-escenicas\/","name":"Se parte del X Festival Humberto Duvauchelle de artes esc\u00e9nicas - Valpara\u00ed\u00adso Creativo","isPartOf":{"@id":"https:\/\/dev.antudigital.cl\/sites\/vc\/#website"},"primaryImageOfPage":{"@id":"https:\/\/dev.antudigital.cl\/sites\/vc\/se-parte-del-x-festival-humberto-duvauchelle-de-artes-escenicas\/#primaryimage"},"image":{"@id":"https:\/\/dev.antudigital.cl\/sites\/vc\/se-parte-del-x-festival-humberto-duvauchelle-de-artes-escenicas\/#primaryimage"},"thumbnailUrl":"https:\/\/dev.antudigital.cl\/sites\/vc\/wp-content\/uploads\/2022\/05\/Captura-de-Pantalla-2022-05-02-a-las-10.52.07.png","datePublished":"2022-05-02T14:56:35+00:00","dateModified":"2022-05-02T14:56:41+00:00","author":{"@id":"https:\/\/dev.antudigital.cl\/sites\/vc\/#\/schema\/person\/c2b9da8dd545e27166fc5ab232837318"},"breadcrumb":{"@id":"https:\/\/dev.antudigital.cl\/sites\/vc\/se-parte-del-x-festival-humberto-duvauchelle-de-artes-escenicas\/#breadcrumb"},"inLanguage":"es","potentialAction":[{"@type":"ReadAction","target":["https:\/\/dev.antudigital.cl\/sites\/vc\/se-parte-del-x-festival-humberto-duvauchelle-de-artes-escenicas\/"]}]},{"@type":"ImageObject","inLanguage":"es","@id":"https:\/\/dev.antudigital.cl\/sites\/vc\/se-parte-del-x-festival-humberto-duvauchelle-de-artes-escenicas\/#primaryimage","url":"https:\/\/dev.antudigital.cl\/sites\/vc\/wp-content\/uploads\/2022\/05\/Captura-de-Pantalla-2022-05-02-a-las-10.52.07.png","contentUrl":"https:\/\/dev.antudigital.cl\/sites\/vc\/wp-content\/uploads\/2022\/05\/Captura-de-Pantalla-2022-05-02-a-las-10.52.07.png","width":600,"height":602},{"@type":"BreadcrumbList","@id":"https:\/\/dev.antudigital.cl\/sites\/vc\/se-parte-del-x-festival-humberto-duvauchelle-de-artes-escenicas\/#breadcrumb","itemListElement":[{"@type":"ListItem","position":1,"name":"Home","item":"https:\/\/dev.antudigital.cl\/sites\/vc\/"},{"@type":"ListItem","position":2,"name":"Se parte del X Festival Humberto Duvauchelle de artes esc\u00e9nicas"}]},{"@type":"WebSite","@id":"https:\/\/dev.antudigital.cl\/sites\/vc\/#website","url":"https:\/\/dev.antudigital.cl\/sites\/vc\/","name":"Valpara\u00ed\u00adso Creativo","description":"","potentialAction":[{"@type":"SearchAction","target":{"@type":"EntryPoint","urlTemplate":"https:\/\/dev.antudigital.cl\/sites\/vc\/?s={search_term_string}"},"query-input":{"@type":"PropertyValueSpecification","valueRequired":true,"valueName":"search_term_string"}}],"inLanguage":"es"},{"@type":"Person","@id":"https:\/\/dev.antudigital.cl\/sites\/vc\/#\/schema\/person\/c2b9da8dd545e27166fc5ab232837318","name":"Valpara\u00edso Creativo","description":"Periodista de cultura en la Regi\u00f3n de Valpara\u00edso.","url":"https:\/\/dev.antudigital.cl\/sites\/vc\/author\/valpoadmin\/"}]}},"_links":{"self":[{"href":"https:\/\/dev.antudigital.cl\/sites\/vc\/wp-json\/wp\/v2\/posts\/10806","targetHints":{"allow":["GET"]}}],"collection":[{"href":"https:\/\/dev.antudigital.cl\/sites\/vc\/wp-json\/wp\/v2\/posts"}],"about":[{"href":"https:\/\/dev.antudigital.cl\/sites\/vc\/wp-json\/wp\/v2\/types\/post"}],"author":[{"embeddable":true,"href":"https:\/\/dev.antudigital.cl\/sites\/vc\/wp-json\/wp\/v2\/users\/1"}],"replies":[{"embeddable":true,"href":"https:\/\/dev.antudigital.cl\/sites\/vc\/wp-json\/wp\/v2\/comments?post=10806"}],"version-history":[{"count":1,"href":"https:\/\/dev.antudigital.cl\/sites\/vc\/wp-json\/wp\/v2\/posts\/10806\/revisions"}],"predecessor-version":[{"id":10808,"href":"https:\/\/dev.antudigital.cl\/sites\/vc\/wp-json\/wp\/v2\/posts\/10806\/revisions\/10808"}],"wp:featuredmedia":[{"embeddable":true,"href":"https:\/\/dev.antudigital.cl\/sites\/vc\/wp-json\/wp\/v2\/media\/10807"}],"wp:attachment":[{"href":"https:\/\/dev.antudigital.cl\/sites\/vc\/wp-json\/wp\/v2\/media?parent=10806"}],"wp:term":[{"taxonomy":"category","embeddable":true,"href":"https:\/\/dev.antudigital.cl\/sites\/vc\/wp-json\/wp\/v2\/categories?post=10806"},{"taxonomy":"post_tag","embeddable":true,"href":"https:\/\/dev.antudigital.cl\/sites\/vc\/wp-json\/wp\/v2\/tags?post=10806"}],"curies":[{"name":"wp","href":"https:\/\/api.w.org\/{rel}","templated":true}]}}