{"id":10809,"date":"2022-05-02T15:00:18","date_gmt":"2022-05-02T15:00:18","guid":{"rendered":"https:\/\/www.valparaisocreativo.cl\/?p=10809"},"modified":"2022-05-02T15:00:23","modified_gmt":"2022-05-02T15:00:23","slug":"municipio-de-valparaiso-abre-oportunidad-para-gestores-y-gestoras","status":"publish","type":"post","link":"https:\/\/dev.antudigital.cl\/sites\/vc\/municipio-de-valparaiso-abre-oportunidad-para-gestores-y-gestoras\/","title":{"rendered":"Municipio de Valpara\u00edso abre oportunidad para gestores y gestoras"},"content":{"rendered":"\n<p>Ya se encuentra abierta la Convocatoria <a href=\"https:\/\/www.instagram.com\/explore\/tags\/ficval2022\/\">#FICVAL2022<\/a> &#x1f4e2;, para postular al Fondo de Iniciativas Culturales de Valpara\u00edso. \u00a1Atenci\u00f3n organizaciones comunitarias, comunidades ind\u00edgenas, fundaciones y corporaciones de la comuna de Valpara\u00edso!<br><br>El objetivo de este fondo es propiciar el desarrollo cultural de la comunidad de Valpara\u00edso, impulsando propuestas comunitarias locales que fomenten la participaci\u00f3n, la creatividad, la formaci\u00f3n art\u00edstica y el trabajo cooperativo entre los actores culturales locales.<br><br>Este a\u00f1o FICVAL suma tres criterios de evaluaci\u00f3n, otorg\u00e1ndole puntaje extra a aquellos proyectos que busquen fortalecer la zona declarada Sitio de Patrimonio Mundial, que consideren la contrataci\u00f3n de trabajadores y trabajadoras de las culturas de Valpara\u00edso, y cuyo equipo de trabajo contemple paridad de g\u00e9nero.<br><br>Podr\u00e1s postular en dos modalidades<br><br>&#x1f53a;ONLINE: trav\u00e9s de la p\u00e1gina web <a href=\"http:\/\/www.valpocultura.cl\/ficval\">www.valpocultura.cl\/ficval <\/a>donde encontrar\u00e1n el formulario en l\u00ednea, as\u00ed como tambi\u00e9n podr\u00e1n descargar bases, formularios y anexos para optar por la postulaci\u00f3n en papel. Los proyectos podr\u00e1n ser enviados desde el 29 de abril hasta el 31 de mayo del 2022 a las 13:30 hrs.<br><br>&#x1f53a;AN\u00c1LOGA: los proyectos que se entreguen en modalidad impresa ser\u00e1n recibidos por la Unidad T\u00e9cnica FICVAL los d\u00edas viernes 27, lunes 30 y martes 31 de mayo del 2022 en la oficina 110 del Edificio Consistorial ubicado en calle Condell 1490, desde las 10:00 hasta las 13:30 horas.<br><br>Habr\u00e1 10 capacitaciones entre el 02 y el 13 de mayo en diversos territorios de la comuna. Atentos en sus redes sociales: <a href=\"https:\/\/www.instagram.com\/valpocultura\/\"><strong>ValpoCultura.<\/strong><\/a><br><br>Para m\u00e1s Informaci\u00f3n escribe a ficval@munivalpo.cl<\/p>\n","protected":false},"excerpt":{"rendered":"<p>Ya se encuentra abierta la Convocatoria #FICVAL2022 &#x1f4e2;, para postular al Fondo de Iniciativas Culturales de Valpara\u00edso. \u00a1Atenci\u00f3n organizaciones comunitarias, comunidades ind\u00edgenas, fundaciones y corporaciones de la comuna de Valpara\u00edso! El objetivo de este fondo es propiciar el desarrollo cultural de la comunidad de Valpara\u00edso, impulsando propuestas comunitarias locales que fomenten la participaci\u00f3n, la creatividad, [&hellip;]<\/p>\n","protected":false},"author":1,"featured_media":10810,"comment_status":"open","ping_status":"closed","sticky":false,"template":"","format":"standard","meta":{"_acf_changed":false,"footnotes":""},"categories":[8],"tags":[],"class_list":["post-10809","post","type-post","status-publish","format-standard","has-post-thumbnail","hentry","category-noticia"],"acf":[],"yoast_head":"<!-- This site is optimized with the Yoast SEO plugin v27.1.1 - https:\/\/yoast.com\/product\/yoast-seo-wordpress\/ -->\n<title>Municipio de Valpara\u00edso abre oportunidad para gestores y gestoras - Valpara\u00ed\u00adso Creativo<\/title>\n<meta name=\"robots\" content=\"index, follow, max-snippet:-1, max-image-preview:large, max-video-preview:-1\" \/>\n<link rel=\"canonical\" href=\"https:\/\/dev.antudigital.cl\/sites\/vc\/municipio-de-valparaiso-abre-oportunidad-para-gestores-y-gestoras\/\" \/>\n<meta property=\"og:locale\" content=\"es_ES\" \/>\n<meta property=\"og:type\" content=\"article\" \/>\n<meta property=\"og:title\" content=\"Municipio de Valpara\u00edso abre oportunidad para gestores y gestoras - Valpara\u00ed\u00adso Creativo\" \/>\n<meta property=\"og:description\" content=\"Ya se encuentra abierta la Convocatoria #FICVAL2022 &#x1f4e2;, para postular al Fondo de Iniciativas Culturales de Valpara\u00edso. \u00a1Atenci\u00f3n organizaciones comunitarias, comunidades ind\u00edgenas, fundaciones y corporaciones de la comuna de Valpara\u00edso! El objetivo de este fondo es propiciar el desarrollo cultural de la comunidad de Valpara\u00edso, impulsando propuestas comunitarias locales que fomenten la participaci\u00f3n, la creatividad, [&hellip;]\" \/>\n<meta property=\"og:url\" content=\"https:\/\/dev.antudigital.cl\/sites\/vc\/municipio-de-valparaiso-abre-oportunidad-para-gestores-y-gestoras\/\" \/>\n<meta property=\"og:site_name\" content=\"Valpara\u00ed\u00adso Creativo\" \/>\n<meta property=\"article:published_time\" content=\"2022-05-02T15:00:18+00:00\" \/>\n<meta property=\"article:modified_time\" content=\"2022-05-02T15:00:23+00:00\" \/>\n<meta property=\"og:image\" content=\"https:\/\/dev.antudigital.cl\/sites\/vc\/wp-content\/uploads\/2022\/05\/Captura-de-Pantalla-2022-05-02-a-las-10.57.01.png\" \/>\n\t<meta property=\"og:image:width\" content=\"599\" \/>\n\t<meta property=\"og:image:height\" content=\"548\" \/>\n\t<meta property=\"og:image:type\" content=\"image\/png\" \/>\n<meta name=\"author\" content=\"Valpara\u00edso Creativo\" \/>\n<meta name=\"twitter:card\" content=\"summary_large_image\" \/>\n<meta name=\"twitter:label1\" content=\"Escrito por\" \/>\n\t<meta name=\"twitter:data1\" content=\"Valpara\u00edso Creativo\" \/>\n\t<meta name=\"twitter:label2\" content=\"Tiempo de lectura\" \/>\n\t<meta name=\"twitter:data2\" content=\"2 minutos\" \/>\n<script type=\"application\/ld+json\" class=\"yoast-schema-graph\">{\"@context\":\"https:\/\/schema.org\",\"@graph\":[{\"@type\":\"Article\",\"@id\":\"https:\/\/dev.antudigital.cl\/sites\/vc\/municipio-de-valparaiso-abre-oportunidad-para-gestores-y-gestoras\/#article\",\"isPartOf\":{\"@id\":\"https:\/\/dev.antudigital.cl\/sites\/vc\/municipio-de-valparaiso-abre-oportunidad-para-gestores-y-gestoras\/\"},\"author\":{\"name\":\"Valpara\u00edso Creativo\",\"@id\":\"https:\/\/dev.antudigital.cl\/sites\/vc\/#\/schema\/person\/c2b9da8dd545e27166fc5ab232837318\"},\"headline\":\"Municipio de Valpara\u00edso abre oportunidad para gestores y gestoras\",\"datePublished\":\"2022-05-02T15:00:18+00:00\",\"dateModified\":\"2022-05-02T15:00:23+00:00\",\"mainEntityOfPage\":{\"@id\":\"https:\/\/dev.antudigital.cl\/sites\/vc\/municipio-de-valparaiso-abre-oportunidad-para-gestores-y-gestoras\/\"},\"wordCount\":282,\"commentCount\":0,\"image\":{\"@id\":\"https:\/\/dev.antudigital.cl\/sites\/vc\/municipio-de-valparaiso-abre-oportunidad-para-gestores-y-gestoras\/#primaryimage\"},\"thumbnailUrl\":\"https:\/\/dev.antudigital.cl\/sites\/vc\/wp-content\/uploads\/2022\/05\/Captura-de-Pantalla-2022-05-02-a-las-10.57.01.png\",\"articleSection\":[\"Noticia\"],\"inLanguage\":\"es\",\"potentialAction\":[{\"@type\":\"CommentAction\",\"name\":\"Comment\",\"target\":[\"https:\/\/dev.antudigital.cl\/sites\/vc\/municipio-de-valparaiso-abre-oportunidad-para-gestores-y-gestoras\/#respond\"]}]},{\"@type\":\"WebPage\",\"@id\":\"https:\/\/dev.antudigital.cl\/sites\/vc\/municipio-de-valparaiso-abre-oportunidad-para-gestores-y-gestoras\/\",\"url\":\"https:\/\/dev.antudigital.cl\/sites\/vc\/municipio-de-valparaiso-abre-oportunidad-para-gestores-y-gestoras\/\",\"name\":\"Municipio de Valpara\u00edso abre oportunidad para gestores y gestoras - Valpara\u00ed\u00adso Creativo\",\"isPartOf\":{\"@id\":\"https:\/\/dev.antudigital.cl\/sites\/vc\/#website\"},\"primaryImageOfPage\":{\"@id\":\"https:\/\/dev.antudigital.cl\/sites\/vc\/municipio-de-valparaiso-abre-oportunidad-para-gestores-y-gestoras\/#primaryimage\"},\"image\":{\"@id\":\"https:\/\/dev.antudigital.cl\/sites\/vc\/municipio-de-valparaiso-abre-oportunidad-para-gestores-y-gestoras\/#primaryimage\"},\"thumbnailUrl\":\"https:\/\/dev.antudigital.cl\/sites\/vc\/wp-content\/uploads\/2022\/05\/Captura-de-Pantalla-2022-05-02-a-las-10.57.01.png\",\"datePublished\":\"2022-05-02T15:00:18+00:00\",\"dateModified\":\"2022-05-02T15:00:23+00:00\",\"author\":{\"@id\":\"https:\/\/dev.antudigital.cl\/sites\/vc\/#\/schema\/person\/c2b9da8dd545e27166fc5ab232837318\"},\"breadcrumb\":{\"@id\":\"https:\/\/dev.antudigital.cl\/sites\/vc\/municipio-de-valparaiso-abre-oportunidad-para-gestores-y-gestoras\/#breadcrumb\"},\"inLanguage\":\"es\",\"potentialAction\":[{\"@type\":\"ReadAction\",\"target\":[\"https:\/\/dev.antudigital.cl\/sites\/vc\/municipio-de-valparaiso-abre-oportunidad-para-gestores-y-gestoras\/\"]}]},{\"@type\":\"ImageObject\",\"inLanguage\":\"es\",\"@id\":\"https:\/\/dev.antudigital.cl\/sites\/vc\/municipio-de-valparaiso-abre-oportunidad-para-gestores-y-gestoras\/#primaryimage\",\"url\":\"https:\/\/dev.antudigital.cl\/sites\/vc\/wp-content\/uploads\/2022\/05\/Captura-de-Pantalla-2022-05-02-a-las-10.57.01.png\",\"contentUrl\":\"https:\/\/dev.antudigital.cl\/sites\/vc\/wp-content\/uploads\/2022\/05\/Captura-de-Pantalla-2022-05-02-a-las-10.57.01.png\",\"width\":599,\"height\":548},{\"@type\":\"BreadcrumbList\",\"@id\":\"https:\/\/dev.antudigital.cl\/sites\/vc\/municipio-de-valparaiso-abre-oportunidad-para-gestores-y-gestoras\/#breadcrumb\",\"itemListElement\":[{\"@type\":\"ListItem\",\"position\":1,\"name\":\"Home\",\"item\":\"https:\/\/dev.antudigital.cl\/sites\/vc\/\"},{\"@type\":\"ListItem\",\"position\":2,\"name\":\"Municipio de Valpara\u00edso abre oportunidad para gestores y gestoras\"}]},{\"@type\":\"WebSite\",\"@id\":\"https:\/\/dev.antudigital.cl\/sites\/vc\/#website\",\"url\":\"https:\/\/dev.antudigital.cl\/sites\/vc\/\",\"name\":\"Valpara\u00ed\u00adso Creativo\",\"description\":\"\",\"potentialAction\":[{\"@type\":\"SearchAction\",\"target\":{\"@type\":\"EntryPoint\",\"urlTemplate\":\"https:\/\/dev.antudigital.cl\/sites\/vc\/?s={search_term_string}\"},\"query-input\":{\"@type\":\"PropertyValueSpecification\",\"valueRequired\":true,\"valueName\":\"search_term_string\"}}],\"inLanguage\":\"es\"},{\"@type\":\"Person\",\"@id\":\"https:\/\/dev.antudigital.cl\/sites\/vc\/#\/schema\/person\/c2b9da8dd545e27166fc5ab232837318\",\"name\":\"Valpara\u00edso Creativo\",\"description\":\"Periodista de cultura en la Regi\u00f3n de Valpara\u00edso.\",\"url\":\"https:\/\/dev.antudigital.cl\/sites\/vc\/author\/valpoadmin\/\"}]}<\/script>\n<!-- \/ Yoast SEO plugin. -->","yoast_head_json":{"title":"Municipio de Valpara\u00edso abre oportunidad para gestores y gestoras - Valpara\u00ed\u00adso Creativo","robots":{"index":"index","follow":"follow","max-snippet":"max-snippet:-1","max-image-preview":"max-image-preview:large","max-video-preview":"max-video-preview:-1"},"canonical":"https:\/\/dev.antudigital.cl\/sites\/vc\/municipio-de-valparaiso-abre-oportunidad-para-gestores-y-gestoras\/","og_locale":"es_ES","og_type":"article","og_title":"Municipio de Valpara\u00edso abre oportunidad para gestores y gestoras - Valpara\u00ed\u00adso Creativo","og_description":"Ya se encuentra abierta la Convocatoria #FICVAL2022 &#x1f4e2;, para postular al Fondo de Iniciativas Culturales de Valpara\u00edso. \u00a1Atenci\u00f3n organizaciones comunitarias, comunidades ind\u00edgenas, fundaciones y corporaciones de la comuna de Valpara\u00edso! El objetivo de este fondo es propiciar el desarrollo cultural de la comunidad de Valpara\u00edso, impulsando propuestas comunitarias locales que fomenten la participaci\u00f3n, la creatividad, [&hellip;]","og_url":"https:\/\/dev.antudigital.cl\/sites\/vc\/municipio-de-valparaiso-abre-oportunidad-para-gestores-y-gestoras\/","og_site_name":"Valpara\u00ed\u00adso Creativo","article_published_time":"2022-05-02T15:00:18+00:00","article_modified_time":"2022-05-02T15:00:23+00:00","og_image":[{"width":599,"height":548,"url":"https:\/\/dev.antudigital.cl\/sites\/vc\/wp-content\/uploads\/2022\/05\/Captura-de-Pantalla-2022-05-02-a-las-10.57.01.png","type":"image\/png"}],"author":"Valpara\u00edso Creativo","twitter_card":"summary_large_image","twitter_misc":{"Escrito por":"Valpara\u00edso Creativo","Tiempo de lectura":"2 minutos"},"schema":{"@context":"https:\/\/schema.org","@graph":[{"@type":"Article","@id":"https:\/\/dev.antudigital.cl\/sites\/vc\/municipio-de-valparaiso-abre-oportunidad-para-gestores-y-gestoras\/#article","isPartOf":{"@id":"https:\/\/dev.antudigital.cl\/sites\/vc\/municipio-de-valparaiso-abre-oportunidad-para-gestores-y-gestoras\/"},"author":{"name":"Valpara\u00edso Creativo","@id":"https:\/\/dev.antudigital.cl\/sites\/vc\/#\/schema\/person\/c2b9da8dd545e27166fc5ab232837318"},"headline":"Municipio de Valpara\u00edso abre oportunidad para gestores y gestoras","datePublished":"2022-05-02T15:00:18+00:00","dateModified":"2022-05-02T15:00:23+00:00","mainEntityOfPage":{"@id":"https:\/\/dev.antudigital.cl\/sites\/vc\/municipio-de-valparaiso-abre-oportunidad-para-gestores-y-gestoras\/"},"wordCount":282,"commentCount":0,"image":{"@id":"https:\/\/dev.antudigital.cl\/sites\/vc\/municipio-de-valparaiso-abre-oportunidad-para-gestores-y-gestoras\/#primaryimage"},"thumbnailUrl":"https:\/\/dev.antudigital.cl\/sites\/vc\/wp-content\/uploads\/2022\/05\/Captura-de-Pantalla-2022-05-02-a-las-10.57.01.png","articleSection":["Noticia"],"inLanguage":"es","potentialAction":[{"@type":"CommentAction","name":"Comment","target":["https:\/\/dev.antudigital.cl\/sites\/vc\/municipio-de-valparaiso-abre-oportunidad-para-gestores-y-gestoras\/#respond"]}]},{"@type":"WebPage","@id":"https:\/\/dev.antudigital.cl\/sites\/vc\/municipio-de-valparaiso-abre-oportunidad-para-gestores-y-gestoras\/","url":"https:\/\/dev.antudigital.cl\/sites\/vc\/municipio-de-valparaiso-abre-oportunidad-para-gestores-y-gestoras\/","name":"Municipio de Valpara\u00edso abre oportunidad para gestores y gestoras - Valpara\u00ed\u00adso Creativo","isPartOf":{"@id":"https:\/\/dev.antudigital.cl\/sites\/vc\/#website"},"primaryImageOfPage":{"@id":"https:\/\/dev.antudigital.cl\/sites\/vc\/municipio-de-valparaiso-abre-oportunidad-para-gestores-y-gestoras\/#primaryimage"},"image":{"@id":"https:\/\/dev.antudigital.cl\/sites\/vc\/municipio-de-valparaiso-abre-oportunidad-para-gestores-y-gestoras\/#primaryimage"},"thumbnailUrl":"https:\/\/dev.antudigital.cl\/sites\/vc\/wp-content\/uploads\/2022\/05\/Captura-de-Pantalla-2022-05-02-a-las-10.57.01.png","datePublished":"2022-05-02T15:00:18+00:00","dateModified":"2022-05-02T15:00:23+00:00","author":{"@id":"https:\/\/dev.antudigital.cl\/sites\/vc\/#\/schema\/person\/c2b9da8dd545e27166fc5ab232837318"},"breadcrumb":{"@id":"https:\/\/dev.antudigital.cl\/sites\/vc\/municipio-de-valparaiso-abre-oportunidad-para-gestores-y-gestoras\/#breadcrumb"},"inLanguage":"es","potentialAction":[{"@type":"ReadAction","target":["https:\/\/dev.antudigital.cl\/sites\/vc\/municipio-de-valparaiso-abre-oportunidad-para-gestores-y-gestoras\/"]}]},{"@type":"ImageObject","inLanguage":"es","@id":"https:\/\/dev.antudigital.cl\/sites\/vc\/municipio-de-valparaiso-abre-oportunidad-para-gestores-y-gestoras\/#primaryimage","url":"https:\/\/dev.antudigital.cl\/sites\/vc\/wp-content\/uploads\/2022\/05\/Captura-de-Pantalla-2022-05-02-a-las-10.57.01.png","contentUrl":"https:\/\/dev.antudigital.cl\/sites\/vc\/wp-content\/uploads\/2022\/05\/Captura-de-Pantalla-2022-05-02-a-las-10.57.01.png","width":599,"height":548},{"@type":"BreadcrumbList","@id":"https:\/\/dev.antudigital.cl\/sites\/vc\/municipio-de-valparaiso-abre-oportunidad-para-gestores-y-gestoras\/#breadcrumb","itemListElement":[{"@type":"ListItem","position":1,"name":"Home","item":"https:\/\/dev.antudigital.cl\/sites\/vc\/"},{"@type":"ListItem","position":2,"name":"Municipio de Valpara\u00edso abre oportunidad para gestores y gestoras"}]},{"@type":"WebSite","@id":"https:\/\/dev.antudigital.cl\/sites\/vc\/#website","url":"https:\/\/dev.antudigital.cl\/sites\/vc\/","name":"Valpara\u00ed\u00adso Creativo","description":"","potentialAction":[{"@type":"SearchAction","target":{"@type":"EntryPoint","urlTemplate":"https:\/\/dev.antudigital.cl\/sites\/vc\/?s={search_term_string}"},"query-input":{"@type":"PropertyValueSpecification","valueRequired":true,"valueName":"search_term_string"}}],"inLanguage":"es"},{"@type":"Person","@id":"https:\/\/dev.antudigital.cl\/sites\/vc\/#\/schema\/person\/c2b9da8dd545e27166fc5ab232837318","name":"Valpara\u00edso Creativo","description":"Periodista de cultura en la Regi\u00f3n de Valpara\u00edso.","url":"https:\/\/dev.antudigital.cl\/sites\/vc\/author\/valpoadmin\/"}]}},"_links":{"self":[{"href":"https:\/\/dev.antudigital.cl\/sites\/vc\/wp-json\/wp\/v2\/posts\/10809","targetHints":{"allow":["GET"]}}],"collection":[{"href":"https:\/\/dev.antudigital.cl\/sites\/vc\/wp-json\/wp\/v2\/posts"}],"about":[{"href":"https:\/\/dev.antudigital.cl\/sites\/vc\/wp-json\/wp\/v2\/types\/post"}],"author":[{"embeddable":true,"href":"https:\/\/dev.antudigital.cl\/sites\/vc\/wp-json\/wp\/v2\/users\/1"}],"replies":[{"embeddable":true,"href":"https:\/\/dev.antudigital.cl\/sites\/vc\/wp-json\/wp\/v2\/comments?post=10809"}],"version-history":[{"count":1,"href":"https:\/\/dev.antudigital.cl\/sites\/vc\/wp-json\/wp\/v2\/posts\/10809\/revisions"}],"predecessor-version":[{"id":10811,"href":"https:\/\/dev.antudigital.cl\/sites\/vc\/wp-json\/wp\/v2\/posts\/10809\/revisions\/10811"}],"wp:featuredmedia":[{"embeddable":true,"href":"https:\/\/dev.antudigital.cl\/sites\/vc\/wp-json\/wp\/v2\/media\/10810"}],"wp:attachment":[{"href":"https:\/\/dev.antudigital.cl\/sites\/vc\/wp-json\/wp\/v2\/media?parent=10809"}],"wp:term":[{"taxonomy":"category","embeddable":true,"href":"https:\/\/dev.antudigital.cl\/sites\/vc\/wp-json\/wp\/v2\/categories?post=10809"},{"taxonomy":"post_tag","embeddable":true,"href":"https:\/\/dev.antudigital.cl\/sites\/vc\/wp-json\/wp\/v2\/tags?post=10809"}],"curies":[{"name":"wp","href":"https:\/\/api.w.org\/{rel}","templated":true}]}}