{"id":10812,"date":"2022-05-02T22:42:23","date_gmt":"2022-05-02T22:42:23","guid":{"rendered":"https:\/\/www.valparaisocreativo.cl\/?p=10812"},"modified":"2022-05-02T22:42:28","modified_gmt":"2022-05-02T22:42:28","slug":"pablo-morales-y-ls-inmorales-estrenan-en-vivo-su-disco-puntos-sobre-el-plano","status":"publish","type":"post","link":"https:\/\/dev.antudigital.cl\/sites\/vc\/pablo-morales-y-ls-inmorales-estrenan-en-vivo-su-disco-puntos-sobre-el-plano\/","title":{"rendered":"Pablo Morales y L@s Inmorales estrenan en vivo su disco Puntos Sobre el Plano"},"content":{"rendered":"\n<p>Con siete m\u00fasicos en escena, m\u00e1s artistas invitados y elementos visuales preparados especialmente para la ocasi\u00f3n, Pablo Morales y L@s Inmorales realizar\u00e1n el concierto de lanzamiento de su disco Puntos Sobre el Plano (2017-2021), un trabajo musical concebido desde sus inicios como una obra en progreso, mediante un mapa web interactivo que se fue marcando de modo paulatino con once canciones geolocalizadas en la ciudad de Valpara\u00edso.<\/p>\n\n\n\n<p>El espect\u00e1culo, fechado para el<strong> 7 de mayo a las 19 horas<\/strong> en el teatro del PCdV, presentar\u00e1 un trabajo musical que refleja la atenci\u00f3n especial que Morales pone sobre las letras, mezclando recursos y sonoridades de la canci\u00f3n de autor, la m\u00fasica de ra\u00edz latinoamericana, el rock y el pop. El concierto marcar\u00e1 tambi\u00e9n el estreno de la nueva formaci\u00f3n de la banda, con Pablo Morales en la voz y guitarra electroac\u00fastica, Edison Argando\u00f1a en la viola da gamba, Igor Veas en el viol\u00edn, Pablo Mena en la guitarra el\u00e9ctrica, Sebasti\u00e1n Vidal en el teclado, Daniel Vicencio en el bajo y Crist\u00f3bal Juica en la bater\u00eda.\u00a0<\/p>\n\n\n\n<figure class=\"wp-block-image size-large\"><img fetchpriority=\"high\" decoding=\"async\" width=\"1024\" height=\"1024\" src=\"https:\/\/www.valparaisocreativo.cl\/wp-content\/uploads\/2022\/05\/Afiche-01-Pablo-Morales-y-L@s-Inmorales-1024x1024.jpg\" alt=\"\" class=\"wp-image-10814\" srcset=\"https:\/\/dev.antudigital.cl\/sites\/vc\/wp-content\/uploads\/2022\/05\/Afiche-01-Pablo-Morales-y-L@s-Inmorales-1024x1024.jpg 1024w, https:\/\/dev.antudigital.cl\/sites\/vc\/wp-content\/uploads\/2022\/05\/Afiche-01-Pablo-Morales-y-L@s-Inmorales-300x300.jpg 300w, https:\/\/dev.antudigital.cl\/sites\/vc\/wp-content\/uploads\/2022\/05\/Afiche-01-Pablo-Morales-y-L@s-Inmorales-150x150.jpg 150w, https:\/\/dev.antudigital.cl\/sites\/vc\/wp-content\/uploads\/2022\/05\/Afiche-01-Pablo-Morales-y-L@s-Inmorales-768x768.jpg 768w, https:\/\/dev.antudigital.cl\/sites\/vc\/wp-content\/uploads\/2022\/05\/Afiche-01-Pablo-Morales-y-L@s-Inmorales-1536x1536.jpg 1536w, https:\/\/dev.antudigital.cl\/sites\/vc\/wp-content\/uploads\/2022\/05\/Afiche-01-Pablo-Morales-y-L@s-Inmorales-1080x1080.jpg 1080w, https:\/\/dev.antudigital.cl\/sites\/vc\/wp-content\/uploads\/2022\/05\/Afiche-01-Pablo-Morales-y-L@s-Inmorales-1280x1280.jpg 1280w, https:\/\/dev.antudigital.cl\/sites\/vc\/wp-content\/uploads\/2022\/05\/Afiche-01-Pablo-Morales-y-L@s-Inmorales-980x980.jpg 980w, https:\/\/dev.antudigital.cl\/sites\/vc\/wp-content\/uploads\/2022\/05\/Afiche-01-Pablo-Morales-y-L@s-Inmorales-480x480.jpg 480w, https:\/\/dev.antudigital.cl\/sites\/vc\/wp-content\/uploads\/2022\/05\/Afiche-01-Pablo-Morales-y-L@s-Inmorales.jpg 1920w\" sizes=\"(max-width: 1024px) 100vw, 1024px\" \/><\/figure>\n\n\n\n<p>Puntos Sobre el Plano es un disco que durante su ciclo de desarrollo, entre los a\u00f1os 2017 y 2021, capt\u00f3 el inter\u00e9s de los medios especializados tanto por su forma de publicaci\u00f3n (un mapa web con canciones georreferenciadas, disponible en <a href=\"http:\/\/www.pablomorales.cl\">www.pablomorales.cl<\/a>), como por la dedicaci\u00f3n puesta en cada composici\u00f3n, letras y arreglos. Adem\u00e1s, al ser definido como una obra en progreso, las canciones que lo terminaron integrando no solo se fueron nutriendo de las experiencias de Morales en el territorio de Valpara\u00edso, sino tambi\u00e9n de lo que fue marcando la contingencia. Esto qued\u00f3 reflejado en temas como \u201cEn esa piedra\u201d, inspirada en la revuelta social de octubre de 2019, y \u201cDistancia\u201d, motivada por la pandemia de coronavirus. Durante este ciclo de trabajo, el disco se adjudic\u00f3 financiamiento del Fondo de la M\u00fasica del Ministerio de las Culturas.&nbsp;<\/p>\n\n\n\n<p>\u201cEstamos preparando un concierto con el mayor cuidado posible. Fij\u00e1ndonos en cada detalle musical, como as\u00ed tambi\u00e9n en la puesta en escena. Queremos hacer sonar en vivo el disco Puntos Sobre el Plano con todo lo que qued\u00f3 registrado en la grabaci\u00f3n de estudio, adem\u00e1s de ofrecer un espect\u00e1culo como si fuera un relato de m\u00faltiples dimensiones\u201d, asegura Morales.&nbsp;<\/p>\n\n\n\n<p>Las entradas ya se encuentran a la venta en Eventrid:<br><a href=\"https:\/\/www.eventrid.cl\/eventos\/musicadelsur\/pablo-morales-y-l-s-inmorales-puntos-sobre-el-plano\">https:\/\/www.eventrid.cl\/eventos\/musicadelsur\/pablo-morales-y-l-s-inmorales-puntos-sobre-el-plano<\/a>.<br>De acuerdo a la normativa Minsal, se exigir\u00e1 el pase de movilidad para ingresar al teatro.<\/p>\n\n\n\n<ul class=\"wp-block-list\"><li>Disco en l\u00ednea en YouTube: <a href=\"https:\/\/youtu.be\/L0bE3hce6mQ\">https:\/\/youtu.be\/L0bE3hce6mQ<\/a><\/li><li>Disco en l\u00ednea en Spotify:<br><a href=\"https:\/\/open.spotify.com\/album\/7DXE0rcuzMrrUFiS3Vkxj0?si=5x3cMLkeQVqupGSd8AZLDw\">https:\/\/open.spotify.com\/album\/7DXE0rcuzMrrUFiS3Vkxj0?si=5x3cMLkeQVqupGSd8AZLDw<\/a><\/li><li>M\u00e1s informaci\u00f3n del proyecto musical: <a href=\"https:\/\/issuu.com\/pablomorales6\/docs\/dossier\">https:\/\/issuu.com\/pablomorales6\/docs\/dossier<\/a><\/li><li>Contacto: Pablo Morales Arias, simalnorecuerdo@gmail.com, +56 9 81705120.<\/li><\/ul>\n","protected":false},"excerpt":{"rendered":"<p>Con siete m\u00fasicos en escena, m\u00e1s artistas invitados y elementos visuales preparados especialmente para la ocasi\u00f3n, Pablo Morales y L@s Inmorales realizar\u00e1n el concierto de lanzamiento de su disco Puntos Sobre el Plano (2017-2021), un trabajo musical concebido desde sus inicios como una obra en progreso, mediante un mapa web interactivo que se fue marcando [&hellip;]<\/p>\n","protected":false},"author":1,"featured_media":10813,"comment_status":"open","ping_status":"closed","sticky":false,"template":"","format":"standard","meta":{"_acf_changed":false,"footnotes":""},"categories":[8],"tags":[],"class_list":["post-10812","post","type-post","status-publish","format-standard","has-post-thumbnail","hentry","category-noticia"],"acf":[],"yoast_head":"<!-- This site is optimized with the Yoast SEO plugin v27.1.1 - https:\/\/yoast.com\/product\/yoast-seo-wordpress\/ -->\n<title>Pablo Morales y L@s Inmorales estrenan en vivo su disco Puntos Sobre el Plano - Valpara\u00ed\u00adso Creativo<\/title>\n<meta name=\"robots\" content=\"index, follow, max-snippet:-1, max-image-preview:large, max-video-preview:-1\" \/>\n<link rel=\"canonical\" href=\"https:\/\/dev.antudigital.cl\/sites\/vc\/pablo-morales-y-ls-inmorales-estrenan-en-vivo-su-disco-puntos-sobre-el-plano\/\" \/>\n<meta property=\"og:locale\" content=\"es_ES\" \/>\n<meta property=\"og:type\" content=\"article\" \/>\n<meta property=\"og:title\" content=\"Pablo Morales y L@s Inmorales estrenan en vivo su disco Puntos Sobre el Plano - Valpara\u00ed\u00adso Creativo\" \/>\n<meta property=\"og:description\" content=\"Con siete m\u00fasicos en escena, m\u00e1s artistas invitados y elementos visuales preparados especialmente para la ocasi\u00f3n, Pablo Morales y L@s Inmorales realizar\u00e1n el concierto de lanzamiento de su disco Puntos Sobre el Plano (2017-2021), un trabajo musical concebido desde sus inicios como una obra en progreso, mediante un mapa web interactivo que se fue marcando [&hellip;]\" \/>\n<meta property=\"og:url\" content=\"https:\/\/dev.antudigital.cl\/sites\/vc\/pablo-morales-y-ls-inmorales-estrenan-en-vivo-su-disco-puntos-sobre-el-plano\/\" \/>\n<meta property=\"og:site_name\" content=\"Valpara\u00ed\u00adso Creativo\" \/>\n<meta property=\"article:published_time\" content=\"2022-05-02T22:42:23+00:00\" \/>\n<meta property=\"article:modified_time\" content=\"2022-05-02T22:42:28+00:00\" \/>\n<meta property=\"og:image\" content=\"https:\/\/dev.antudigital.cl\/sites\/vc\/wp-content\/uploads\/2022\/05\/Afiche-banner-Pablo-Morales.jpg\" \/>\n\t<meta property=\"og:image:width\" content=\"1440\" \/>\n\t<meta property=\"og:image:height\" content=\"500\" \/>\n\t<meta property=\"og:image:type\" content=\"image\/jpeg\" \/>\n<meta name=\"author\" content=\"Valpara\u00edso Creativo\" \/>\n<meta name=\"twitter:card\" content=\"summary_large_image\" \/>\n<meta name=\"twitter:label1\" content=\"Escrito por\" \/>\n\t<meta name=\"twitter:data1\" content=\"Valpara\u00edso Creativo\" \/>\n\t<meta name=\"twitter:label2\" content=\"Tiempo de lectura\" \/>\n\t<meta name=\"twitter:data2\" content=\"3 minutos\" \/>\n<script type=\"application\/ld+json\" class=\"yoast-schema-graph\">{\"@context\":\"https:\/\/schema.org\",\"@graph\":[{\"@type\":\"Article\",\"@id\":\"https:\/\/dev.antudigital.cl\/sites\/vc\/pablo-morales-y-ls-inmorales-estrenan-en-vivo-su-disco-puntos-sobre-el-plano\/#article\",\"isPartOf\":{\"@id\":\"https:\/\/dev.antudigital.cl\/sites\/vc\/pablo-morales-y-ls-inmorales-estrenan-en-vivo-su-disco-puntos-sobre-el-plano\/\"},\"author\":{\"name\":\"Valpara\u00edso Creativo\",\"@id\":\"https:\/\/dev.antudigital.cl\/sites\/vc\/#\/schema\/person\/c2b9da8dd545e27166fc5ab232837318\"},\"headline\":\"Pablo Morales y L@s Inmorales estrenan en vivo su disco Puntos Sobre el Plano\",\"datePublished\":\"2022-05-02T22:42:23+00:00\",\"dateModified\":\"2022-05-02T22:42:28+00:00\",\"mainEntityOfPage\":{\"@id\":\"https:\/\/dev.antudigital.cl\/sites\/vc\/pablo-morales-y-ls-inmorales-estrenan-en-vivo-su-disco-puntos-sobre-el-plano\/\"},\"wordCount\":503,\"commentCount\":0,\"image\":{\"@id\":\"https:\/\/dev.antudigital.cl\/sites\/vc\/pablo-morales-y-ls-inmorales-estrenan-en-vivo-su-disco-puntos-sobre-el-plano\/#primaryimage\"},\"thumbnailUrl\":\"https:\/\/dev.antudigital.cl\/sites\/vc\/wp-content\/uploads\/2022\/05\/Afiche-banner-Pablo-Morales.jpg\",\"articleSection\":[\"Noticia\"],\"inLanguage\":\"es\",\"potentialAction\":[{\"@type\":\"CommentAction\",\"name\":\"Comment\",\"target\":[\"https:\/\/dev.antudigital.cl\/sites\/vc\/pablo-morales-y-ls-inmorales-estrenan-en-vivo-su-disco-puntos-sobre-el-plano\/#respond\"]}]},{\"@type\":\"WebPage\",\"@id\":\"https:\/\/dev.antudigital.cl\/sites\/vc\/pablo-morales-y-ls-inmorales-estrenan-en-vivo-su-disco-puntos-sobre-el-plano\/\",\"url\":\"https:\/\/dev.antudigital.cl\/sites\/vc\/pablo-morales-y-ls-inmorales-estrenan-en-vivo-su-disco-puntos-sobre-el-plano\/\",\"name\":\"Pablo Morales y L@s Inmorales estrenan en vivo su disco Puntos Sobre el Plano - Valpara\u00ed\u00adso Creativo\",\"isPartOf\":{\"@id\":\"https:\/\/dev.antudigital.cl\/sites\/vc\/#website\"},\"primaryImageOfPage\":{\"@id\":\"https:\/\/dev.antudigital.cl\/sites\/vc\/pablo-morales-y-ls-inmorales-estrenan-en-vivo-su-disco-puntos-sobre-el-plano\/#primaryimage\"},\"image\":{\"@id\":\"https:\/\/dev.antudigital.cl\/sites\/vc\/pablo-morales-y-ls-inmorales-estrenan-en-vivo-su-disco-puntos-sobre-el-plano\/#primaryimage\"},\"thumbnailUrl\":\"https:\/\/dev.antudigital.cl\/sites\/vc\/wp-content\/uploads\/2022\/05\/Afiche-banner-Pablo-Morales.jpg\",\"datePublished\":\"2022-05-02T22:42:23+00:00\",\"dateModified\":\"2022-05-02T22:42:28+00:00\",\"author\":{\"@id\":\"https:\/\/dev.antudigital.cl\/sites\/vc\/#\/schema\/person\/c2b9da8dd545e27166fc5ab232837318\"},\"breadcrumb\":{\"@id\":\"https:\/\/dev.antudigital.cl\/sites\/vc\/pablo-morales-y-ls-inmorales-estrenan-en-vivo-su-disco-puntos-sobre-el-plano\/#breadcrumb\"},\"inLanguage\":\"es\",\"potentialAction\":[{\"@type\":\"ReadAction\",\"target\":[\"https:\/\/dev.antudigital.cl\/sites\/vc\/pablo-morales-y-ls-inmorales-estrenan-en-vivo-su-disco-puntos-sobre-el-plano\/\"]}]},{\"@type\":\"ImageObject\",\"inLanguage\":\"es\",\"@id\":\"https:\/\/dev.antudigital.cl\/sites\/vc\/pablo-morales-y-ls-inmorales-estrenan-en-vivo-su-disco-puntos-sobre-el-plano\/#primaryimage\",\"url\":\"https:\/\/dev.antudigital.cl\/sites\/vc\/wp-content\/uploads\/2022\/05\/Afiche-banner-Pablo-Morales.jpg\",\"contentUrl\":\"https:\/\/dev.antudigital.cl\/sites\/vc\/wp-content\/uploads\/2022\/05\/Afiche-banner-Pablo-Morales.jpg\",\"width\":1440,\"height\":500},{\"@type\":\"BreadcrumbList\",\"@id\":\"https:\/\/dev.antudigital.cl\/sites\/vc\/pablo-morales-y-ls-inmorales-estrenan-en-vivo-su-disco-puntos-sobre-el-plano\/#breadcrumb\",\"itemListElement\":[{\"@type\":\"ListItem\",\"position\":1,\"name\":\"Home\",\"item\":\"https:\/\/dev.antudigital.cl\/sites\/vc\/\"},{\"@type\":\"ListItem\",\"position\":2,\"name\":\"Pablo Morales y L@s Inmorales estrenan en vivo su disco Puntos Sobre el Plano\"}]},{\"@type\":\"WebSite\",\"@id\":\"https:\/\/dev.antudigital.cl\/sites\/vc\/#website\",\"url\":\"https:\/\/dev.antudigital.cl\/sites\/vc\/\",\"name\":\"Valpara\u00ed\u00adso Creativo\",\"description\":\"\",\"potentialAction\":[{\"@type\":\"SearchAction\",\"target\":{\"@type\":\"EntryPoint\",\"urlTemplate\":\"https:\/\/dev.antudigital.cl\/sites\/vc\/?s={search_term_string}\"},\"query-input\":{\"@type\":\"PropertyValueSpecification\",\"valueRequired\":true,\"valueName\":\"search_term_string\"}}],\"inLanguage\":\"es\"},{\"@type\":\"Person\",\"@id\":\"https:\/\/dev.antudigital.cl\/sites\/vc\/#\/schema\/person\/c2b9da8dd545e27166fc5ab232837318\",\"name\":\"Valpara\u00edso Creativo\",\"description\":\"Periodista de cultura en la Regi\u00f3n de Valpara\u00edso.\",\"url\":\"https:\/\/dev.antudigital.cl\/sites\/vc\/author\/valpoadmin\/\"}]}<\/script>\n<!-- \/ Yoast SEO plugin. -->","yoast_head_json":{"title":"Pablo Morales y L@s Inmorales estrenan en vivo su disco Puntos Sobre el Plano - Valpara\u00ed\u00adso Creativo","robots":{"index":"index","follow":"follow","max-snippet":"max-snippet:-1","max-image-preview":"max-image-preview:large","max-video-preview":"max-video-preview:-1"},"canonical":"https:\/\/dev.antudigital.cl\/sites\/vc\/pablo-morales-y-ls-inmorales-estrenan-en-vivo-su-disco-puntos-sobre-el-plano\/","og_locale":"es_ES","og_type":"article","og_title":"Pablo Morales y L@s Inmorales estrenan en vivo su disco Puntos Sobre el Plano - Valpara\u00ed\u00adso Creativo","og_description":"Con siete m\u00fasicos en escena, m\u00e1s artistas invitados y elementos visuales preparados especialmente para la ocasi\u00f3n, Pablo Morales y L@s Inmorales realizar\u00e1n el concierto de lanzamiento de su disco Puntos Sobre el Plano (2017-2021), un trabajo musical concebido desde sus inicios como una obra en progreso, mediante un mapa web interactivo que se fue marcando [&hellip;]","og_url":"https:\/\/dev.antudigital.cl\/sites\/vc\/pablo-morales-y-ls-inmorales-estrenan-en-vivo-su-disco-puntos-sobre-el-plano\/","og_site_name":"Valpara\u00ed\u00adso Creativo","article_published_time":"2022-05-02T22:42:23+00:00","article_modified_time":"2022-05-02T22:42:28+00:00","og_image":[{"width":1440,"height":500,"url":"https:\/\/dev.antudigital.cl\/sites\/vc\/wp-content\/uploads\/2022\/05\/Afiche-banner-Pablo-Morales.jpg","type":"image\/jpeg"}],"author":"Valpara\u00edso Creativo","twitter_card":"summary_large_image","twitter_misc":{"Escrito por":"Valpara\u00edso Creativo","Tiempo de lectura":"3 minutos"},"schema":{"@context":"https:\/\/schema.org","@graph":[{"@type":"Article","@id":"https:\/\/dev.antudigital.cl\/sites\/vc\/pablo-morales-y-ls-inmorales-estrenan-en-vivo-su-disco-puntos-sobre-el-plano\/#article","isPartOf":{"@id":"https:\/\/dev.antudigital.cl\/sites\/vc\/pablo-morales-y-ls-inmorales-estrenan-en-vivo-su-disco-puntos-sobre-el-plano\/"},"author":{"name":"Valpara\u00edso Creativo","@id":"https:\/\/dev.antudigital.cl\/sites\/vc\/#\/schema\/person\/c2b9da8dd545e27166fc5ab232837318"},"headline":"Pablo Morales y L@s Inmorales estrenan en vivo su disco Puntos Sobre el Plano","datePublished":"2022-05-02T22:42:23+00:00","dateModified":"2022-05-02T22:42:28+00:00","mainEntityOfPage":{"@id":"https:\/\/dev.antudigital.cl\/sites\/vc\/pablo-morales-y-ls-inmorales-estrenan-en-vivo-su-disco-puntos-sobre-el-plano\/"},"wordCount":503,"commentCount":0,"image":{"@id":"https:\/\/dev.antudigital.cl\/sites\/vc\/pablo-morales-y-ls-inmorales-estrenan-en-vivo-su-disco-puntos-sobre-el-plano\/#primaryimage"},"thumbnailUrl":"https:\/\/dev.antudigital.cl\/sites\/vc\/wp-content\/uploads\/2022\/05\/Afiche-banner-Pablo-Morales.jpg","articleSection":["Noticia"],"inLanguage":"es","potentialAction":[{"@type":"CommentAction","name":"Comment","target":["https:\/\/dev.antudigital.cl\/sites\/vc\/pablo-morales-y-ls-inmorales-estrenan-en-vivo-su-disco-puntos-sobre-el-plano\/#respond"]}]},{"@type":"WebPage","@id":"https:\/\/dev.antudigital.cl\/sites\/vc\/pablo-morales-y-ls-inmorales-estrenan-en-vivo-su-disco-puntos-sobre-el-plano\/","url":"https:\/\/dev.antudigital.cl\/sites\/vc\/pablo-morales-y-ls-inmorales-estrenan-en-vivo-su-disco-puntos-sobre-el-plano\/","name":"Pablo Morales y L@s Inmorales estrenan en vivo su disco Puntos Sobre el Plano - Valpara\u00ed\u00adso Creativo","isPartOf":{"@id":"https:\/\/dev.antudigital.cl\/sites\/vc\/#website"},"primaryImageOfPage":{"@id":"https:\/\/dev.antudigital.cl\/sites\/vc\/pablo-morales-y-ls-inmorales-estrenan-en-vivo-su-disco-puntos-sobre-el-plano\/#primaryimage"},"image":{"@id":"https:\/\/dev.antudigital.cl\/sites\/vc\/pablo-morales-y-ls-inmorales-estrenan-en-vivo-su-disco-puntos-sobre-el-plano\/#primaryimage"},"thumbnailUrl":"https:\/\/dev.antudigital.cl\/sites\/vc\/wp-content\/uploads\/2022\/05\/Afiche-banner-Pablo-Morales.jpg","datePublished":"2022-05-02T22:42:23+00:00","dateModified":"2022-05-02T22:42:28+00:00","author":{"@id":"https:\/\/dev.antudigital.cl\/sites\/vc\/#\/schema\/person\/c2b9da8dd545e27166fc5ab232837318"},"breadcrumb":{"@id":"https:\/\/dev.antudigital.cl\/sites\/vc\/pablo-morales-y-ls-inmorales-estrenan-en-vivo-su-disco-puntos-sobre-el-plano\/#breadcrumb"},"inLanguage":"es","potentialAction":[{"@type":"ReadAction","target":["https:\/\/dev.antudigital.cl\/sites\/vc\/pablo-morales-y-ls-inmorales-estrenan-en-vivo-su-disco-puntos-sobre-el-plano\/"]}]},{"@type":"ImageObject","inLanguage":"es","@id":"https:\/\/dev.antudigital.cl\/sites\/vc\/pablo-morales-y-ls-inmorales-estrenan-en-vivo-su-disco-puntos-sobre-el-plano\/#primaryimage","url":"https:\/\/dev.antudigital.cl\/sites\/vc\/wp-content\/uploads\/2022\/05\/Afiche-banner-Pablo-Morales.jpg","contentUrl":"https:\/\/dev.antudigital.cl\/sites\/vc\/wp-content\/uploads\/2022\/05\/Afiche-banner-Pablo-Morales.jpg","width":1440,"height":500},{"@type":"BreadcrumbList","@id":"https:\/\/dev.antudigital.cl\/sites\/vc\/pablo-morales-y-ls-inmorales-estrenan-en-vivo-su-disco-puntos-sobre-el-plano\/#breadcrumb","itemListElement":[{"@type":"ListItem","position":1,"name":"Home","item":"https:\/\/dev.antudigital.cl\/sites\/vc\/"},{"@type":"ListItem","position":2,"name":"Pablo Morales y L@s Inmorales estrenan en vivo su disco Puntos Sobre el Plano"}]},{"@type":"WebSite","@id":"https:\/\/dev.antudigital.cl\/sites\/vc\/#website","url":"https:\/\/dev.antudigital.cl\/sites\/vc\/","name":"Valpara\u00ed\u00adso Creativo","description":"","potentialAction":[{"@type":"SearchAction","target":{"@type":"EntryPoint","urlTemplate":"https:\/\/dev.antudigital.cl\/sites\/vc\/?s={search_term_string}"},"query-input":{"@type":"PropertyValueSpecification","valueRequired":true,"valueName":"search_term_string"}}],"inLanguage":"es"},{"@type":"Person","@id":"https:\/\/dev.antudigital.cl\/sites\/vc\/#\/schema\/person\/c2b9da8dd545e27166fc5ab232837318","name":"Valpara\u00edso Creativo","description":"Periodista de cultura en la Regi\u00f3n de Valpara\u00edso.","url":"https:\/\/dev.antudigital.cl\/sites\/vc\/author\/valpoadmin\/"}]}},"_links":{"self":[{"href":"https:\/\/dev.antudigital.cl\/sites\/vc\/wp-json\/wp\/v2\/posts\/10812","targetHints":{"allow":["GET"]}}],"collection":[{"href":"https:\/\/dev.antudigital.cl\/sites\/vc\/wp-json\/wp\/v2\/posts"}],"about":[{"href":"https:\/\/dev.antudigital.cl\/sites\/vc\/wp-json\/wp\/v2\/types\/post"}],"author":[{"embeddable":true,"href":"https:\/\/dev.antudigital.cl\/sites\/vc\/wp-json\/wp\/v2\/users\/1"}],"replies":[{"embeddable":true,"href":"https:\/\/dev.antudigital.cl\/sites\/vc\/wp-json\/wp\/v2\/comments?post=10812"}],"version-history":[{"count":1,"href":"https:\/\/dev.antudigital.cl\/sites\/vc\/wp-json\/wp\/v2\/posts\/10812\/revisions"}],"predecessor-version":[{"id":10815,"href":"https:\/\/dev.antudigital.cl\/sites\/vc\/wp-json\/wp\/v2\/posts\/10812\/revisions\/10815"}],"wp:featuredmedia":[{"embeddable":true,"href":"https:\/\/dev.antudigital.cl\/sites\/vc\/wp-json\/wp\/v2\/media\/10813"}],"wp:attachment":[{"href":"https:\/\/dev.antudigital.cl\/sites\/vc\/wp-json\/wp\/v2\/media?parent=10812"}],"wp:term":[{"taxonomy":"category","embeddable":true,"href":"https:\/\/dev.antudigital.cl\/sites\/vc\/wp-json\/wp\/v2\/categories?post=10812"},{"taxonomy":"post_tag","embeddable":true,"href":"https:\/\/dev.antudigital.cl\/sites\/vc\/wp-json\/wp\/v2\/tags?post=10812"}],"curies":[{"name":"wp","href":"https:\/\/api.w.org\/{rel}","templated":true}]}}