{"id":10825,"date":"2022-05-09T12:31:32","date_gmt":"2022-05-09T12:31:32","guid":{"rendered":"https:\/\/www.valparaisocreativo.cl\/?p=10825"},"modified":"2022-05-09T12:31:37","modified_gmt":"2022-05-09T12:31:37","slug":"sumate-a-las-capacitaciones-de-para-postular-a-ficval-2022","status":"publish","type":"post","link":"https:\/\/dev.antudigital.cl\/sites\/vc\/sumate-a-las-capacitaciones-de-para-postular-a-ficval-2022\/","title":{"rendered":"S\u00famate a las capacitaciones de para postular a FICVAL 2022"},"content":{"rendered":"\n<p>Ya est\u00e1n disponibles los Fondos de Iniciativas Culturales Valpara\u00edso 2022, cuyas bases y requisitos puedes encontrar en el siguiente link: <a href=\"https:\/\/web.municipalidaddevalparaiso.cl\/ficval-2022\/\">https:\/\/web.municipalidaddevalparaiso.cl\/ficval-2022\/<\/a><\/p>\n\n\n\n<p>Desde el lunes 9 comienzan las capacitaciones en diferentes territorios de la comuna donde se detallar\u00e1 todo lo que necesitas saber para postular tus proyectos en la nueva versi\u00f3n de los Fondos Municipales para Iniciativas Culturales de Valpara\u00edso, <strong>FICVAL 2022<\/strong>.<\/p>\n\n\n\n<p>La primera instancia ser\u00e1 en el Club deportivo de Laguna Verde, ubicado en Eden bajo n\u00b0 20, frente a la delegaci\u00f3n municipal de 18 a 19 hrs.<\/p>\n\n\n\n<p>Av\u00edsale a tu comunidad, son 10 capacitaciones en total. Busca tu sector.<\/p>\n\n\n\n<figure class=\"wp-block-image size-full\"><img fetchpriority=\"high\" decoding=\"async\" width=\"633\" height=\"635\" src=\"https:\/\/www.valparaisocreativo.cl\/wp-content\/uploads\/2022\/05\/Captura-de-Pantalla-2022-05-09-a-las-08.02.04.png\" alt=\"\" class=\"wp-image-10826\" srcset=\"https:\/\/dev.antudigital.cl\/sites\/vc\/wp-content\/uploads\/2022\/05\/Captura-de-Pantalla-2022-05-09-a-las-08.02.04.png 633w, https:\/\/dev.antudigital.cl\/sites\/vc\/wp-content\/uploads\/2022\/05\/Captura-de-Pantalla-2022-05-09-a-las-08.02.04-300x300.png 300w, https:\/\/dev.antudigital.cl\/sites\/vc\/wp-content\/uploads\/2022\/05\/Captura-de-Pantalla-2022-05-09-a-las-08.02.04-150x150.png 150w, https:\/\/dev.antudigital.cl\/sites\/vc\/wp-content\/uploads\/2022\/05\/Captura-de-Pantalla-2022-05-09-a-las-08.02.04-480x482.png 480w\" sizes=\"(max-width: 633px) 100vw, 633px\" \/><\/figure>\n","protected":false},"excerpt":{"rendered":"<p>Ya est\u00e1n disponibles los Fondos de Iniciativas Culturales Valpara\u00edso 2022, cuyas bases y requisitos puedes encontrar en el siguiente link: https:\/\/web.municipalidaddevalparaiso.cl\/ficval-2022\/ Desde el lunes 9 comienzan las capacitaciones en diferentes territorios de la comuna donde se detallar\u00e1 todo lo que necesitas saber para postular tus proyectos en la nueva versi\u00f3n de los Fondos Municipales para [&hellip;]<\/p>\n","protected":false},"author":1,"featured_media":10827,"comment_status":"open","ping_status":"closed","sticky":false,"template":"","format":"standard","meta":{"_acf_changed":false,"footnotes":""},"categories":[8],"tags":[],"class_list":["post-10825","post","type-post","status-publish","format-standard","has-post-thumbnail","hentry","category-noticia"],"acf":[],"yoast_head":"<!-- This site is optimized with the Yoast SEO plugin v27.1.1 - https:\/\/yoast.com\/product\/yoast-seo-wordpress\/ -->\n<title>S\u00famate a las capacitaciones de para postular a FICVAL 2022 - Valpara\u00ed\u00adso Creativo<\/title>\n<meta name=\"robots\" content=\"index, follow, max-snippet:-1, max-image-preview:large, max-video-preview:-1\" \/>\n<link rel=\"canonical\" href=\"https:\/\/dev.antudigital.cl\/sites\/vc\/sumate-a-las-capacitaciones-de-para-postular-a-ficval-2022\/\" \/>\n<meta property=\"og:locale\" content=\"es_ES\" \/>\n<meta property=\"og:type\" content=\"article\" \/>\n<meta property=\"og:title\" content=\"S\u00famate a las capacitaciones de para postular a FICVAL 2022 - Valpara\u00ed\u00adso Creativo\" \/>\n<meta property=\"og:description\" content=\"Ya est\u00e1n disponibles los Fondos de Iniciativas Culturales Valpara\u00edso 2022, cuyas bases y requisitos puedes encontrar en el siguiente link: https:\/\/web.municipalidaddevalparaiso.cl\/ficval-2022\/ Desde el lunes 9 comienzan las capacitaciones en diferentes territorios de la comuna donde se detallar\u00e1 todo lo que necesitas saber para postular tus proyectos en la nueva versi\u00f3n de los Fondos Municipales para [&hellip;]\" \/>\n<meta property=\"og:url\" content=\"https:\/\/dev.antudigital.cl\/sites\/vc\/sumate-a-las-capacitaciones-de-para-postular-a-ficval-2022\/\" \/>\n<meta property=\"og:site_name\" content=\"Valpara\u00ed\u00adso Creativo\" \/>\n<meta property=\"article:published_time\" content=\"2022-05-09T12:31:32+00:00\" \/>\n<meta property=\"article:modified_time\" content=\"2022-05-09T12:31:37+00:00\" \/>\n<meta property=\"og:image\" content=\"https:\/\/dev.antudigital.cl\/sites\/vc\/wp-content\/uploads\/2022\/05\/Captura-de-Pantalla-2022-05-09-a-las-08.30.58.png\" \/>\n\t<meta property=\"og:image:width\" content=\"960\" \/>\n\t<meta property=\"og:image:height\" content=\"431\" \/>\n\t<meta property=\"og:image:type\" content=\"image\/png\" \/>\n<meta name=\"author\" content=\"Valpara\u00edso Creativo\" \/>\n<meta name=\"twitter:card\" content=\"summary_large_image\" \/>\n<meta name=\"twitter:label1\" content=\"Escrito por\" \/>\n\t<meta name=\"twitter:data1\" content=\"Valpara\u00edso Creativo\" \/>\n\t<meta name=\"twitter:label2\" content=\"Tiempo de lectura\" \/>\n\t<meta name=\"twitter:data2\" content=\"1 minuto\" \/>\n<script type=\"application\/ld+json\" class=\"yoast-schema-graph\">{\"@context\":\"https:\/\/schema.org\",\"@graph\":[{\"@type\":\"Article\",\"@id\":\"https:\/\/dev.antudigital.cl\/sites\/vc\/sumate-a-las-capacitaciones-de-para-postular-a-ficval-2022\/#article\",\"isPartOf\":{\"@id\":\"https:\/\/dev.antudigital.cl\/sites\/vc\/sumate-a-las-capacitaciones-de-para-postular-a-ficval-2022\/\"},\"author\":{\"name\":\"Valpara\u00edso Creativo\",\"@id\":\"https:\/\/dev.antudigital.cl\/sites\/vc\/#\/schema\/person\/c2b9da8dd545e27166fc5ab232837318\"},\"headline\":\"S\u00famate a las capacitaciones de para postular a FICVAL 2022\",\"datePublished\":\"2022-05-09T12:31:32+00:00\",\"dateModified\":\"2022-05-09T12:31:37+00:00\",\"mainEntityOfPage\":{\"@id\":\"https:\/\/dev.antudigital.cl\/sites\/vc\/sumate-a-las-capacitaciones-de-para-postular-a-ficval-2022\/\"},\"wordCount\":113,\"commentCount\":0,\"image\":{\"@id\":\"https:\/\/dev.antudigital.cl\/sites\/vc\/sumate-a-las-capacitaciones-de-para-postular-a-ficval-2022\/#primaryimage\"},\"thumbnailUrl\":\"https:\/\/dev.antudigital.cl\/sites\/vc\/wp-content\/uploads\/2022\/05\/Captura-de-Pantalla-2022-05-09-a-las-08.30.58.png\",\"articleSection\":[\"Noticia\"],\"inLanguage\":\"es\",\"potentialAction\":[{\"@type\":\"CommentAction\",\"name\":\"Comment\",\"target\":[\"https:\/\/dev.antudigital.cl\/sites\/vc\/sumate-a-las-capacitaciones-de-para-postular-a-ficval-2022\/#respond\"]}]},{\"@type\":\"WebPage\",\"@id\":\"https:\/\/dev.antudigital.cl\/sites\/vc\/sumate-a-las-capacitaciones-de-para-postular-a-ficval-2022\/\",\"url\":\"https:\/\/dev.antudigital.cl\/sites\/vc\/sumate-a-las-capacitaciones-de-para-postular-a-ficval-2022\/\",\"name\":\"S\u00famate a las capacitaciones de para postular a FICVAL 2022 - Valpara\u00ed\u00adso Creativo\",\"isPartOf\":{\"@id\":\"https:\/\/dev.antudigital.cl\/sites\/vc\/#website\"},\"primaryImageOfPage\":{\"@id\":\"https:\/\/dev.antudigital.cl\/sites\/vc\/sumate-a-las-capacitaciones-de-para-postular-a-ficval-2022\/#primaryimage\"},\"image\":{\"@id\":\"https:\/\/dev.antudigital.cl\/sites\/vc\/sumate-a-las-capacitaciones-de-para-postular-a-ficval-2022\/#primaryimage\"},\"thumbnailUrl\":\"https:\/\/dev.antudigital.cl\/sites\/vc\/wp-content\/uploads\/2022\/05\/Captura-de-Pantalla-2022-05-09-a-las-08.30.58.png\",\"datePublished\":\"2022-05-09T12:31:32+00:00\",\"dateModified\":\"2022-05-09T12:31:37+00:00\",\"author\":{\"@id\":\"https:\/\/dev.antudigital.cl\/sites\/vc\/#\/schema\/person\/c2b9da8dd545e27166fc5ab232837318\"},\"breadcrumb\":{\"@id\":\"https:\/\/dev.antudigital.cl\/sites\/vc\/sumate-a-las-capacitaciones-de-para-postular-a-ficval-2022\/#breadcrumb\"},\"inLanguage\":\"es\",\"potentialAction\":[{\"@type\":\"ReadAction\",\"target\":[\"https:\/\/dev.antudigital.cl\/sites\/vc\/sumate-a-las-capacitaciones-de-para-postular-a-ficval-2022\/\"]}]},{\"@type\":\"ImageObject\",\"inLanguage\":\"es\",\"@id\":\"https:\/\/dev.antudigital.cl\/sites\/vc\/sumate-a-las-capacitaciones-de-para-postular-a-ficval-2022\/#primaryimage\",\"url\":\"https:\/\/dev.antudigital.cl\/sites\/vc\/wp-content\/uploads\/2022\/05\/Captura-de-Pantalla-2022-05-09-a-las-08.30.58.png\",\"contentUrl\":\"https:\/\/dev.antudigital.cl\/sites\/vc\/wp-content\/uploads\/2022\/05\/Captura-de-Pantalla-2022-05-09-a-las-08.30.58.png\",\"width\":960,\"height\":431},{\"@type\":\"BreadcrumbList\",\"@id\":\"https:\/\/dev.antudigital.cl\/sites\/vc\/sumate-a-las-capacitaciones-de-para-postular-a-ficval-2022\/#breadcrumb\",\"itemListElement\":[{\"@type\":\"ListItem\",\"position\":1,\"name\":\"Home\",\"item\":\"https:\/\/dev.antudigital.cl\/sites\/vc\/\"},{\"@type\":\"ListItem\",\"position\":2,\"name\":\"S\u00famate a las capacitaciones de para postular a FICVAL 2022\"}]},{\"@type\":\"WebSite\",\"@id\":\"https:\/\/dev.antudigital.cl\/sites\/vc\/#website\",\"url\":\"https:\/\/dev.antudigital.cl\/sites\/vc\/\",\"name\":\"Valpara\u00ed\u00adso Creativo\",\"description\":\"\",\"potentialAction\":[{\"@type\":\"SearchAction\",\"target\":{\"@type\":\"EntryPoint\",\"urlTemplate\":\"https:\/\/dev.antudigital.cl\/sites\/vc\/?s={search_term_string}\"},\"query-input\":{\"@type\":\"PropertyValueSpecification\",\"valueRequired\":true,\"valueName\":\"search_term_string\"}}],\"inLanguage\":\"es\"},{\"@type\":\"Person\",\"@id\":\"https:\/\/dev.antudigital.cl\/sites\/vc\/#\/schema\/person\/c2b9da8dd545e27166fc5ab232837318\",\"name\":\"Valpara\u00edso Creativo\",\"description\":\"Periodista de cultura en la Regi\u00f3n de Valpara\u00edso.\",\"url\":\"https:\/\/dev.antudigital.cl\/sites\/vc\/author\/valpoadmin\/\"}]}<\/script>\n<!-- \/ Yoast SEO plugin. -->","yoast_head_json":{"title":"S\u00famate a las capacitaciones de para postular a FICVAL 2022 - Valpara\u00ed\u00adso Creativo","robots":{"index":"index","follow":"follow","max-snippet":"max-snippet:-1","max-image-preview":"max-image-preview:large","max-video-preview":"max-video-preview:-1"},"canonical":"https:\/\/dev.antudigital.cl\/sites\/vc\/sumate-a-las-capacitaciones-de-para-postular-a-ficval-2022\/","og_locale":"es_ES","og_type":"article","og_title":"S\u00famate a las capacitaciones de para postular a FICVAL 2022 - Valpara\u00ed\u00adso Creativo","og_description":"Ya est\u00e1n disponibles los Fondos de Iniciativas Culturales Valpara\u00edso 2022, cuyas bases y requisitos puedes encontrar en el siguiente link: https:\/\/web.municipalidaddevalparaiso.cl\/ficval-2022\/ Desde el lunes 9 comienzan las capacitaciones en diferentes territorios de la comuna donde se detallar\u00e1 todo lo que necesitas saber para postular tus proyectos en la nueva versi\u00f3n de los Fondos Municipales para [&hellip;]","og_url":"https:\/\/dev.antudigital.cl\/sites\/vc\/sumate-a-las-capacitaciones-de-para-postular-a-ficval-2022\/","og_site_name":"Valpara\u00ed\u00adso Creativo","article_published_time":"2022-05-09T12:31:32+00:00","article_modified_time":"2022-05-09T12:31:37+00:00","og_image":[{"width":960,"height":431,"url":"https:\/\/dev.antudigital.cl\/sites\/vc\/wp-content\/uploads\/2022\/05\/Captura-de-Pantalla-2022-05-09-a-las-08.30.58.png","type":"image\/png"}],"author":"Valpara\u00edso Creativo","twitter_card":"summary_large_image","twitter_misc":{"Escrito por":"Valpara\u00edso Creativo","Tiempo de lectura":"1 minuto"},"schema":{"@context":"https:\/\/schema.org","@graph":[{"@type":"Article","@id":"https:\/\/dev.antudigital.cl\/sites\/vc\/sumate-a-las-capacitaciones-de-para-postular-a-ficval-2022\/#article","isPartOf":{"@id":"https:\/\/dev.antudigital.cl\/sites\/vc\/sumate-a-las-capacitaciones-de-para-postular-a-ficval-2022\/"},"author":{"name":"Valpara\u00edso Creativo","@id":"https:\/\/dev.antudigital.cl\/sites\/vc\/#\/schema\/person\/c2b9da8dd545e27166fc5ab232837318"},"headline":"S\u00famate a las capacitaciones de para postular a FICVAL 2022","datePublished":"2022-05-09T12:31:32+00:00","dateModified":"2022-05-09T12:31:37+00:00","mainEntityOfPage":{"@id":"https:\/\/dev.antudigital.cl\/sites\/vc\/sumate-a-las-capacitaciones-de-para-postular-a-ficval-2022\/"},"wordCount":113,"commentCount":0,"image":{"@id":"https:\/\/dev.antudigital.cl\/sites\/vc\/sumate-a-las-capacitaciones-de-para-postular-a-ficval-2022\/#primaryimage"},"thumbnailUrl":"https:\/\/dev.antudigital.cl\/sites\/vc\/wp-content\/uploads\/2022\/05\/Captura-de-Pantalla-2022-05-09-a-las-08.30.58.png","articleSection":["Noticia"],"inLanguage":"es","potentialAction":[{"@type":"CommentAction","name":"Comment","target":["https:\/\/dev.antudigital.cl\/sites\/vc\/sumate-a-las-capacitaciones-de-para-postular-a-ficval-2022\/#respond"]}]},{"@type":"WebPage","@id":"https:\/\/dev.antudigital.cl\/sites\/vc\/sumate-a-las-capacitaciones-de-para-postular-a-ficval-2022\/","url":"https:\/\/dev.antudigital.cl\/sites\/vc\/sumate-a-las-capacitaciones-de-para-postular-a-ficval-2022\/","name":"S\u00famate a las capacitaciones de para postular a FICVAL 2022 - Valpara\u00ed\u00adso Creativo","isPartOf":{"@id":"https:\/\/dev.antudigital.cl\/sites\/vc\/#website"},"primaryImageOfPage":{"@id":"https:\/\/dev.antudigital.cl\/sites\/vc\/sumate-a-las-capacitaciones-de-para-postular-a-ficval-2022\/#primaryimage"},"image":{"@id":"https:\/\/dev.antudigital.cl\/sites\/vc\/sumate-a-las-capacitaciones-de-para-postular-a-ficval-2022\/#primaryimage"},"thumbnailUrl":"https:\/\/dev.antudigital.cl\/sites\/vc\/wp-content\/uploads\/2022\/05\/Captura-de-Pantalla-2022-05-09-a-las-08.30.58.png","datePublished":"2022-05-09T12:31:32+00:00","dateModified":"2022-05-09T12:31:37+00:00","author":{"@id":"https:\/\/dev.antudigital.cl\/sites\/vc\/#\/schema\/person\/c2b9da8dd545e27166fc5ab232837318"},"breadcrumb":{"@id":"https:\/\/dev.antudigital.cl\/sites\/vc\/sumate-a-las-capacitaciones-de-para-postular-a-ficval-2022\/#breadcrumb"},"inLanguage":"es","potentialAction":[{"@type":"ReadAction","target":["https:\/\/dev.antudigital.cl\/sites\/vc\/sumate-a-las-capacitaciones-de-para-postular-a-ficval-2022\/"]}]},{"@type":"ImageObject","inLanguage":"es","@id":"https:\/\/dev.antudigital.cl\/sites\/vc\/sumate-a-las-capacitaciones-de-para-postular-a-ficval-2022\/#primaryimage","url":"https:\/\/dev.antudigital.cl\/sites\/vc\/wp-content\/uploads\/2022\/05\/Captura-de-Pantalla-2022-05-09-a-las-08.30.58.png","contentUrl":"https:\/\/dev.antudigital.cl\/sites\/vc\/wp-content\/uploads\/2022\/05\/Captura-de-Pantalla-2022-05-09-a-las-08.30.58.png","width":960,"height":431},{"@type":"BreadcrumbList","@id":"https:\/\/dev.antudigital.cl\/sites\/vc\/sumate-a-las-capacitaciones-de-para-postular-a-ficval-2022\/#breadcrumb","itemListElement":[{"@type":"ListItem","position":1,"name":"Home","item":"https:\/\/dev.antudigital.cl\/sites\/vc\/"},{"@type":"ListItem","position":2,"name":"S\u00famate a las capacitaciones de para postular a FICVAL 2022"}]},{"@type":"WebSite","@id":"https:\/\/dev.antudigital.cl\/sites\/vc\/#website","url":"https:\/\/dev.antudigital.cl\/sites\/vc\/","name":"Valpara\u00ed\u00adso Creativo","description":"","potentialAction":[{"@type":"SearchAction","target":{"@type":"EntryPoint","urlTemplate":"https:\/\/dev.antudigital.cl\/sites\/vc\/?s={search_term_string}"},"query-input":{"@type":"PropertyValueSpecification","valueRequired":true,"valueName":"search_term_string"}}],"inLanguage":"es"},{"@type":"Person","@id":"https:\/\/dev.antudigital.cl\/sites\/vc\/#\/schema\/person\/c2b9da8dd545e27166fc5ab232837318","name":"Valpara\u00edso Creativo","description":"Periodista de cultura en la Regi\u00f3n de Valpara\u00edso.","url":"https:\/\/dev.antudigital.cl\/sites\/vc\/author\/valpoadmin\/"}]}},"_links":{"self":[{"href":"https:\/\/dev.antudigital.cl\/sites\/vc\/wp-json\/wp\/v2\/posts\/10825","targetHints":{"allow":["GET"]}}],"collection":[{"href":"https:\/\/dev.antudigital.cl\/sites\/vc\/wp-json\/wp\/v2\/posts"}],"about":[{"href":"https:\/\/dev.antudigital.cl\/sites\/vc\/wp-json\/wp\/v2\/types\/post"}],"author":[{"embeddable":true,"href":"https:\/\/dev.antudigital.cl\/sites\/vc\/wp-json\/wp\/v2\/users\/1"}],"replies":[{"embeddable":true,"href":"https:\/\/dev.antudigital.cl\/sites\/vc\/wp-json\/wp\/v2\/comments?post=10825"}],"version-history":[{"count":1,"href":"https:\/\/dev.antudigital.cl\/sites\/vc\/wp-json\/wp\/v2\/posts\/10825\/revisions"}],"predecessor-version":[{"id":10828,"href":"https:\/\/dev.antudigital.cl\/sites\/vc\/wp-json\/wp\/v2\/posts\/10825\/revisions\/10828"}],"wp:featuredmedia":[{"embeddable":true,"href":"https:\/\/dev.antudigital.cl\/sites\/vc\/wp-json\/wp\/v2\/media\/10827"}],"wp:attachment":[{"href":"https:\/\/dev.antudigital.cl\/sites\/vc\/wp-json\/wp\/v2\/media?parent=10825"}],"wp:term":[{"taxonomy":"category","embeddable":true,"href":"https:\/\/dev.antudigital.cl\/sites\/vc\/wp-json\/wp\/v2\/categories?post=10825"},{"taxonomy":"post_tag","embeddable":true,"href":"https:\/\/dev.antudigital.cl\/sites\/vc\/wp-json\/wp\/v2\/tags?post=10825"}],"curies":[{"name":"wp","href":"https:\/\/api.w.org\/{rel}","templated":true}]}}