{"id":10829,"date":"2022-05-09T12:48:24","date_gmt":"2022-05-09T12:48:24","guid":{"rendered":"https:\/\/www.valparaisocreativo.cl\/?p=10829"},"modified":"2022-05-09T12:48:29","modified_gmt":"2022-05-09T12:48:29","slug":"desvanecerse-es-poco-la-nueva-propuesta-de-proyecto-experiencia-humana","status":"publish","type":"post","link":"https:\/\/dev.antudigital.cl\/sites\/vc\/desvanecerse-es-poco-la-nueva-propuesta-de-proyecto-experiencia-humana\/","title":{"rendered":"\u00abDesvanecerse es poco\u00bb, la nueva propuesta de Proyecto Experiencia Humana"},"content":{"rendered":"\n<p>El pr\u00f3ximo 19 de mayo se estrena \u00abDesvanecerse es poco\u00bb de Proyecto Experiencia Humana, que se presentar\u00e1 en <a href=\"https:\/\/www.instagram.com\/ceac.corp\/\">Corporaci\u00f3n Ceac (Cochrane 474, Valpara\u00edso)<\/a>. Las funciones est\u00e1n programadas para el 19, 20 y 21 del presente mes.<\/p>\n\n\n\n<p>Desvanecerse es Poco continua la narrativa de <strong>Despedida,<\/strong> su primera obra. Sin embargo, en este montaje el principal movilizador es el dolor. Una psic\u00f3loga y un paciente habitan las voces de lo real para entender este sentimiento y llenarnos de preguntas y reflexiones a trav\u00e9s de una acci\u00f3n l\u00fadica.<\/p>\n\n\n\n<p><br>Sigue sus redes sociales para conocer m\u00e1s detalles de estas futuras funciones: <a href=\"https:\/\/www.instagram.com\/proyectoexperienciahumana\/\">https:\/\/www.instagram.com\/proyectoexperienciahumana\/<\/a><br><\/p>\n\n\n\n<figure class=\"wp-block-image size-full\"><img fetchpriority=\"high\" decoding=\"async\" width=\"627\" height=\"629\" src=\"https:\/\/www.valparaisocreativo.cl\/wp-content\/uploads\/2022\/05\/Captura-de-Pantalla-2022-05-09-a-las-08.32.10.png\" alt=\"\" class=\"wp-image-10831\" srcset=\"https:\/\/dev.antudigital.cl\/sites\/vc\/wp-content\/uploads\/2022\/05\/Captura-de-Pantalla-2022-05-09-a-las-08.32.10.png 627w, https:\/\/dev.antudigital.cl\/sites\/vc\/wp-content\/uploads\/2022\/05\/Captura-de-Pantalla-2022-05-09-a-las-08.32.10-300x300.png 300w, https:\/\/dev.antudigital.cl\/sites\/vc\/wp-content\/uploads\/2022\/05\/Captura-de-Pantalla-2022-05-09-a-las-08.32.10-150x150.png 150w, https:\/\/dev.antudigital.cl\/sites\/vc\/wp-content\/uploads\/2022\/05\/Captura-de-Pantalla-2022-05-09-a-las-08.32.10-480x482.png 480w\" sizes=\"(max-width: 627px) 100vw, 627px\" \/><\/figure>\n","protected":false},"excerpt":{"rendered":"<p>El pr\u00f3ximo 19 de mayo se estrena \u00abDesvanecerse es poco\u00bb de Proyecto Experiencia Humana, que se presentar\u00e1 en Corporaci\u00f3n Ceac (Cochrane 474, Valpara\u00edso). Las funciones est\u00e1n programadas para el 19, 20 y 21 del presente mes. Desvanecerse es Poco continua la narrativa de Despedida, su primera obra. Sin embargo, en este montaje el principal movilizador [&hellip;]<\/p>\n","protected":false},"author":1,"featured_media":10830,"comment_status":"open","ping_status":"closed","sticky":false,"template":"","format":"standard","meta":{"_acf_changed":false,"footnotes":""},"categories":[8],"tags":[],"class_list":["post-10829","post","type-post","status-publish","format-standard","has-post-thumbnail","hentry","category-noticia"],"acf":[],"yoast_head":"<!-- This site is optimized with the Yoast SEO plugin v27.1.1 - https:\/\/yoast.com\/product\/yoast-seo-wordpress\/ -->\n<title>&quot;Desvanecerse es poco&quot;, la nueva propuesta de Proyecto Experiencia Humana - Valpara\u00ed\u00adso Creativo<\/title>\n<meta name=\"robots\" content=\"index, follow, max-snippet:-1, max-image-preview:large, max-video-preview:-1\" \/>\n<link rel=\"canonical\" href=\"https:\/\/dev.antudigital.cl\/sites\/vc\/desvanecerse-es-poco-la-nueva-propuesta-de-proyecto-experiencia-humana\/\" \/>\n<meta property=\"og:locale\" content=\"es_ES\" \/>\n<meta property=\"og:type\" content=\"article\" \/>\n<meta property=\"og:title\" content=\"&quot;Desvanecerse es poco&quot;, la nueva propuesta de Proyecto Experiencia Humana - Valpara\u00ed\u00adso Creativo\" \/>\n<meta property=\"og:description\" content=\"El pr\u00f3ximo 19 de mayo se estrena \u00abDesvanecerse es poco\u00bb de Proyecto Experiencia Humana, que se presentar\u00e1 en Corporaci\u00f3n Ceac (Cochrane 474, Valpara\u00edso). Las funciones est\u00e1n programadas para el 19, 20 y 21 del presente mes. Desvanecerse es Poco continua la narrativa de Despedida, su primera obra. Sin embargo, en este montaje el principal movilizador [&hellip;]\" \/>\n<meta property=\"og:url\" content=\"https:\/\/dev.antudigital.cl\/sites\/vc\/desvanecerse-es-poco-la-nueva-propuesta-de-proyecto-experiencia-humana\/\" \/>\n<meta property=\"og:site_name\" content=\"Valpara\u00ed\u00adso Creativo\" \/>\n<meta property=\"article:published_time\" content=\"2022-05-09T12:48:24+00:00\" \/>\n<meta property=\"article:modified_time\" content=\"2022-05-09T12:48:29+00:00\" \/>\n<meta property=\"og:image\" content=\"https:\/\/dev.antudigital.cl\/sites\/vc\/wp-content\/uploads\/2022\/05\/Captura-de-Pantalla-2022-05-09-a-las-08.45.19.png\" \/>\n\t<meta property=\"og:image:width\" content=\"590\" \/>\n\t<meta property=\"og:image:height\" content=\"324\" \/>\n\t<meta property=\"og:image:type\" content=\"image\/png\" \/>\n<meta name=\"author\" content=\"Valpara\u00edso Creativo\" \/>\n<meta name=\"twitter:card\" content=\"summary_large_image\" \/>\n<meta name=\"twitter:label1\" content=\"Escrito por\" \/>\n\t<meta name=\"twitter:data1\" content=\"Valpara\u00edso Creativo\" \/>\n\t<meta name=\"twitter:label2\" content=\"Tiempo de lectura\" \/>\n\t<meta name=\"twitter:data2\" content=\"1 minuto\" \/>\n<script type=\"application\/ld+json\" class=\"yoast-schema-graph\">{\"@context\":\"https:\/\/schema.org\",\"@graph\":[{\"@type\":\"Article\",\"@id\":\"https:\/\/dev.antudigital.cl\/sites\/vc\/desvanecerse-es-poco-la-nueva-propuesta-de-proyecto-experiencia-humana\/#article\",\"isPartOf\":{\"@id\":\"https:\/\/dev.antudigital.cl\/sites\/vc\/desvanecerse-es-poco-la-nueva-propuesta-de-proyecto-experiencia-humana\/\"},\"author\":{\"name\":\"Valpara\u00edso Creativo\",\"@id\":\"https:\/\/dev.antudigital.cl\/sites\/vc\/#\/schema\/person\/c2b9da8dd545e27166fc5ab232837318\"},\"headline\":\"\u00abDesvanecerse es poco\u00bb, la nueva propuesta de Proyecto Experiencia Humana\",\"datePublished\":\"2022-05-09T12:48:24+00:00\",\"dateModified\":\"2022-05-09T12:48:29+00:00\",\"mainEntityOfPage\":{\"@id\":\"https:\/\/dev.antudigital.cl\/sites\/vc\/desvanecerse-es-poco-la-nueva-propuesta-de-proyecto-experiencia-humana\/\"},\"wordCount\":116,\"commentCount\":0,\"image\":{\"@id\":\"https:\/\/dev.antudigital.cl\/sites\/vc\/desvanecerse-es-poco-la-nueva-propuesta-de-proyecto-experiencia-humana\/#primaryimage\"},\"thumbnailUrl\":\"https:\/\/dev.antudigital.cl\/sites\/vc\/wp-content\/uploads\/2022\/05\/Captura-de-Pantalla-2022-05-09-a-las-08.45.19.png\",\"articleSection\":[\"Noticia\"],\"inLanguage\":\"es\",\"potentialAction\":[{\"@type\":\"CommentAction\",\"name\":\"Comment\",\"target\":[\"https:\/\/dev.antudigital.cl\/sites\/vc\/desvanecerse-es-poco-la-nueva-propuesta-de-proyecto-experiencia-humana\/#respond\"]}]},{\"@type\":\"WebPage\",\"@id\":\"https:\/\/dev.antudigital.cl\/sites\/vc\/desvanecerse-es-poco-la-nueva-propuesta-de-proyecto-experiencia-humana\/\",\"url\":\"https:\/\/dev.antudigital.cl\/sites\/vc\/desvanecerse-es-poco-la-nueva-propuesta-de-proyecto-experiencia-humana\/\",\"name\":\"\\\"Desvanecerse es poco\\\", la nueva propuesta de Proyecto Experiencia Humana - Valpara\u00ed\u00adso Creativo\",\"isPartOf\":{\"@id\":\"https:\/\/dev.antudigital.cl\/sites\/vc\/#website\"},\"primaryImageOfPage\":{\"@id\":\"https:\/\/dev.antudigital.cl\/sites\/vc\/desvanecerse-es-poco-la-nueva-propuesta-de-proyecto-experiencia-humana\/#primaryimage\"},\"image\":{\"@id\":\"https:\/\/dev.antudigital.cl\/sites\/vc\/desvanecerse-es-poco-la-nueva-propuesta-de-proyecto-experiencia-humana\/#primaryimage\"},\"thumbnailUrl\":\"https:\/\/dev.antudigital.cl\/sites\/vc\/wp-content\/uploads\/2022\/05\/Captura-de-Pantalla-2022-05-09-a-las-08.45.19.png\",\"datePublished\":\"2022-05-09T12:48:24+00:00\",\"dateModified\":\"2022-05-09T12:48:29+00:00\",\"author\":{\"@id\":\"https:\/\/dev.antudigital.cl\/sites\/vc\/#\/schema\/person\/c2b9da8dd545e27166fc5ab232837318\"},\"breadcrumb\":{\"@id\":\"https:\/\/dev.antudigital.cl\/sites\/vc\/desvanecerse-es-poco-la-nueva-propuesta-de-proyecto-experiencia-humana\/#breadcrumb\"},\"inLanguage\":\"es\",\"potentialAction\":[{\"@type\":\"ReadAction\",\"target\":[\"https:\/\/dev.antudigital.cl\/sites\/vc\/desvanecerse-es-poco-la-nueva-propuesta-de-proyecto-experiencia-humana\/\"]}]},{\"@type\":\"ImageObject\",\"inLanguage\":\"es\",\"@id\":\"https:\/\/dev.antudigital.cl\/sites\/vc\/desvanecerse-es-poco-la-nueva-propuesta-de-proyecto-experiencia-humana\/#primaryimage\",\"url\":\"https:\/\/dev.antudigital.cl\/sites\/vc\/wp-content\/uploads\/2022\/05\/Captura-de-Pantalla-2022-05-09-a-las-08.45.19.png\",\"contentUrl\":\"https:\/\/dev.antudigital.cl\/sites\/vc\/wp-content\/uploads\/2022\/05\/Captura-de-Pantalla-2022-05-09-a-las-08.45.19.png\",\"width\":590,\"height\":324},{\"@type\":\"BreadcrumbList\",\"@id\":\"https:\/\/dev.antudigital.cl\/sites\/vc\/desvanecerse-es-poco-la-nueva-propuesta-de-proyecto-experiencia-humana\/#breadcrumb\",\"itemListElement\":[{\"@type\":\"ListItem\",\"position\":1,\"name\":\"Home\",\"item\":\"https:\/\/dev.antudigital.cl\/sites\/vc\/\"},{\"@type\":\"ListItem\",\"position\":2,\"name\":\"\u00abDesvanecerse es poco\u00bb, la nueva propuesta de Proyecto Experiencia Humana\"}]},{\"@type\":\"WebSite\",\"@id\":\"https:\/\/dev.antudigital.cl\/sites\/vc\/#website\",\"url\":\"https:\/\/dev.antudigital.cl\/sites\/vc\/\",\"name\":\"Valpara\u00ed\u00adso Creativo\",\"description\":\"\",\"potentialAction\":[{\"@type\":\"SearchAction\",\"target\":{\"@type\":\"EntryPoint\",\"urlTemplate\":\"https:\/\/dev.antudigital.cl\/sites\/vc\/?s={search_term_string}\"},\"query-input\":{\"@type\":\"PropertyValueSpecification\",\"valueRequired\":true,\"valueName\":\"search_term_string\"}}],\"inLanguage\":\"es\"},{\"@type\":\"Person\",\"@id\":\"https:\/\/dev.antudigital.cl\/sites\/vc\/#\/schema\/person\/c2b9da8dd545e27166fc5ab232837318\",\"name\":\"Valpara\u00edso Creativo\",\"description\":\"Periodista de cultura en la Regi\u00f3n de Valpara\u00edso.\",\"url\":\"https:\/\/dev.antudigital.cl\/sites\/vc\/author\/valpoadmin\/\"}]}<\/script>\n<!-- \/ Yoast SEO plugin. -->","yoast_head_json":{"title":"\"Desvanecerse es poco\", la nueva propuesta de Proyecto Experiencia Humana - Valpara\u00ed\u00adso Creativo","robots":{"index":"index","follow":"follow","max-snippet":"max-snippet:-1","max-image-preview":"max-image-preview:large","max-video-preview":"max-video-preview:-1"},"canonical":"https:\/\/dev.antudigital.cl\/sites\/vc\/desvanecerse-es-poco-la-nueva-propuesta-de-proyecto-experiencia-humana\/","og_locale":"es_ES","og_type":"article","og_title":"\"Desvanecerse es poco\", la nueva propuesta de Proyecto Experiencia Humana - Valpara\u00ed\u00adso Creativo","og_description":"El pr\u00f3ximo 19 de mayo se estrena \u00abDesvanecerse es poco\u00bb de Proyecto Experiencia Humana, que se presentar\u00e1 en Corporaci\u00f3n Ceac (Cochrane 474, Valpara\u00edso). Las funciones est\u00e1n programadas para el 19, 20 y 21 del presente mes. Desvanecerse es Poco continua la narrativa de Despedida, su primera obra. Sin embargo, en este montaje el principal movilizador [&hellip;]","og_url":"https:\/\/dev.antudigital.cl\/sites\/vc\/desvanecerse-es-poco-la-nueva-propuesta-de-proyecto-experiencia-humana\/","og_site_name":"Valpara\u00ed\u00adso Creativo","article_published_time":"2022-05-09T12:48:24+00:00","article_modified_time":"2022-05-09T12:48:29+00:00","og_image":[{"width":590,"height":324,"url":"https:\/\/dev.antudigital.cl\/sites\/vc\/wp-content\/uploads\/2022\/05\/Captura-de-Pantalla-2022-05-09-a-las-08.45.19.png","type":"image\/png"}],"author":"Valpara\u00edso Creativo","twitter_card":"summary_large_image","twitter_misc":{"Escrito por":"Valpara\u00edso Creativo","Tiempo de lectura":"1 minuto"},"schema":{"@context":"https:\/\/schema.org","@graph":[{"@type":"Article","@id":"https:\/\/dev.antudigital.cl\/sites\/vc\/desvanecerse-es-poco-la-nueva-propuesta-de-proyecto-experiencia-humana\/#article","isPartOf":{"@id":"https:\/\/dev.antudigital.cl\/sites\/vc\/desvanecerse-es-poco-la-nueva-propuesta-de-proyecto-experiencia-humana\/"},"author":{"name":"Valpara\u00edso Creativo","@id":"https:\/\/dev.antudigital.cl\/sites\/vc\/#\/schema\/person\/c2b9da8dd545e27166fc5ab232837318"},"headline":"\u00abDesvanecerse es poco\u00bb, la nueva propuesta de Proyecto Experiencia Humana","datePublished":"2022-05-09T12:48:24+00:00","dateModified":"2022-05-09T12:48:29+00:00","mainEntityOfPage":{"@id":"https:\/\/dev.antudigital.cl\/sites\/vc\/desvanecerse-es-poco-la-nueva-propuesta-de-proyecto-experiencia-humana\/"},"wordCount":116,"commentCount":0,"image":{"@id":"https:\/\/dev.antudigital.cl\/sites\/vc\/desvanecerse-es-poco-la-nueva-propuesta-de-proyecto-experiencia-humana\/#primaryimage"},"thumbnailUrl":"https:\/\/dev.antudigital.cl\/sites\/vc\/wp-content\/uploads\/2022\/05\/Captura-de-Pantalla-2022-05-09-a-las-08.45.19.png","articleSection":["Noticia"],"inLanguage":"es","potentialAction":[{"@type":"CommentAction","name":"Comment","target":["https:\/\/dev.antudigital.cl\/sites\/vc\/desvanecerse-es-poco-la-nueva-propuesta-de-proyecto-experiencia-humana\/#respond"]}]},{"@type":"WebPage","@id":"https:\/\/dev.antudigital.cl\/sites\/vc\/desvanecerse-es-poco-la-nueva-propuesta-de-proyecto-experiencia-humana\/","url":"https:\/\/dev.antudigital.cl\/sites\/vc\/desvanecerse-es-poco-la-nueva-propuesta-de-proyecto-experiencia-humana\/","name":"\"Desvanecerse es poco\", la nueva propuesta de Proyecto Experiencia Humana - Valpara\u00ed\u00adso Creativo","isPartOf":{"@id":"https:\/\/dev.antudigital.cl\/sites\/vc\/#website"},"primaryImageOfPage":{"@id":"https:\/\/dev.antudigital.cl\/sites\/vc\/desvanecerse-es-poco-la-nueva-propuesta-de-proyecto-experiencia-humana\/#primaryimage"},"image":{"@id":"https:\/\/dev.antudigital.cl\/sites\/vc\/desvanecerse-es-poco-la-nueva-propuesta-de-proyecto-experiencia-humana\/#primaryimage"},"thumbnailUrl":"https:\/\/dev.antudigital.cl\/sites\/vc\/wp-content\/uploads\/2022\/05\/Captura-de-Pantalla-2022-05-09-a-las-08.45.19.png","datePublished":"2022-05-09T12:48:24+00:00","dateModified":"2022-05-09T12:48:29+00:00","author":{"@id":"https:\/\/dev.antudigital.cl\/sites\/vc\/#\/schema\/person\/c2b9da8dd545e27166fc5ab232837318"},"breadcrumb":{"@id":"https:\/\/dev.antudigital.cl\/sites\/vc\/desvanecerse-es-poco-la-nueva-propuesta-de-proyecto-experiencia-humana\/#breadcrumb"},"inLanguage":"es","potentialAction":[{"@type":"ReadAction","target":["https:\/\/dev.antudigital.cl\/sites\/vc\/desvanecerse-es-poco-la-nueva-propuesta-de-proyecto-experiencia-humana\/"]}]},{"@type":"ImageObject","inLanguage":"es","@id":"https:\/\/dev.antudigital.cl\/sites\/vc\/desvanecerse-es-poco-la-nueva-propuesta-de-proyecto-experiencia-humana\/#primaryimage","url":"https:\/\/dev.antudigital.cl\/sites\/vc\/wp-content\/uploads\/2022\/05\/Captura-de-Pantalla-2022-05-09-a-las-08.45.19.png","contentUrl":"https:\/\/dev.antudigital.cl\/sites\/vc\/wp-content\/uploads\/2022\/05\/Captura-de-Pantalla-2022-05-09-a-las-08.45.19.png","width":590,"height":324},{"@type":"BreadcrumbList","@id":"https:\/\/dev.antudigital.cl\/sites\/vc\/desvanecerse-es-poco-la-nueva-propuesta-de-proyecto-experiencia-humana\/#breadcrumb","itemListElement":[{"@type":"ListItem","position":1,"name":"Home","item":"https:\/\/dev.antudigital.cl\/sites\/vc\/"},{"@type":"ListItem","position":2,"name":"\u00abDesvanecerse es poco\u00bb, la nueva propuesta de Proyecto Experiencia Humana"}]},{"@type":"WebSite","@id":"https:\/\/dev.antudigital.cl\/sites\/vc\/#website","url":"https:\/\/dev.antudigital.cl\/sites\/vc\/","name":"Valpara\u00ed\u00adso Creativo","description":"","potentialAction":[{"@type":"SearchAction","target":{"@type":"EntryPoint","urlTemplate":"https:\/\/dev.antudigital.cl\/sites\/vc\/?s={search_term_string}"},"query-input":{"@type":"PropertyValueSpecification","valueRequired":true,"valueName":"search_term_string"}}],"inLanguage":"es"},{"@type":"Person","@id":"https:\/\/dev.antudigital.cl\/sites\/vc\/#\/schema\/person\/c2b9da8dd545e27166fc5ab232837318","name":"Valpara\u00edso Creativo","description":"Periodista de cultura en la Regi\u00f3n de Valpara\u00edso.","url":"https:\/\/dev.antudigital.cl\/sites\/vc\/author\/valpoadmin\/"}]}},"_links":{"self":[{"href":"https:\/\/dev.antudigital.cl\/sites\/vc\/wp-json\/wp\/v2\/posts\/10829","targetHints":{"allow":["GET"]}}],"collection":[{"href":"https:\/\/dev.antudigital.cl\/sites\/vc\/wp-json\/wp\/v2\/posts"}],"about":[{"href":"https:\/\/dev.antudigital.cl\/sites\/vc\/wp-json\/wp\/v2\/types\/post"}],"author":[{"embeddable":true,"href":"https:\/\/dev.antudigital.cl\/sites\/vc\/wp-json\/wp\/v2\/users\/1"}],"replies":[{"embeddable":true,"href":"https:\/\/dev.antudigital.cl\/sites\/vc\/wp-json\/wp\/v2\/comments?post=10829"}],"version-history":[{"count":1,"href":"https:\/\/dev.antudigital.cl\/sites\/vc\/wp-json\/wp\/v2\/posts\/10829\/revisions"}],"predecessor-version":[{"id":10832,"href":"https:\/\/dev.antudigital.cl\/sites\/vc\/wp-json\/wp\/v2\/posts\/10829\/revisions\/10832"}],"wp:featuredmedia":[{"embeddable":true,"href":"https:\/\/dev.antudigital.cl\/sites\/vc\/wp-json\/wp\/v2\/media\/10830"}],"wp:attachment":[{"href":"https:\/\/dev.antudigital.cl\/sites\/vc\/wp-json\/wp\/v2\/media?parent=10829"}],"wp:term":[{"taxonomy":"category","embeddable":true,"href":"https:\/\/dev.antudigital.cl\/sites\/vc\/wp-json\/wp\/v2\/categories?post=10829"},{"taxonomy":"post_tag","embeddable":true,"href":"https:\/\/dev.antudigital.cl\/sites\/vc\/wp-json\/wp\/v2\/tags?post=10829"}],"curies":[{"name":"wp","href":"https:\/\/api.w.org\/{rel}","templated":true}]}}