{"id":10837,"date":"2022-05-09T13:01:58","date_gmt":"2022-05-09T13:01:58","guid":{"rendered":"https:\/\/www.valparaisocreativo.cl\/?p=10837"},"modified":"2022-05-09T13:02:03","modified_gmt":"2022-05-09T13:02:03","slug":"centro-cultural-ipa-celebra-el-dia-nacional-del-teatro-con-obra-inspirada-en-la-vida-de-edith-piaf","status":"publish","type":"post","link":"https:\/\/dev.antudigital.cl\/sites\/vc\/centro-cultural-ipa-celebra-el-dia-nacional-del-teatro-con-obra-inspirada-en-la-vida-de-edith-piaf\/","title":{"rendered":"Centro Cultural IPA celebra el D\u00eda Nacional del Teatro con obra inspirada en la vida de Edith Piaf"},"content":{"rendered":"\n<p>El <strong>mi\u00e9rcoles 11 de mayo de 2022<\/strong> se celebrar\u00e1 una nueva versi\u00f3n del <strong>D\u00eda Nacional del Teatro<\/strong>, destacando la realizaci\u00f3n de masivos eventos presenciales a lo largo del pa\u00eds, algo que no ocurr\u00eda desde que empez\u00f3 la pandemia de Covid-19. Esta efem\u00e9ride se fij\u00f3 para conmemorar el natalicio de <strong>Andr\u00e9s P\u00e9rez Araya<\/strong>, actor, dramaturgo y director teatral de innumerables montajes entre los a\u00f1os 80\u2019 y principios del 2000. Destacan las adaptaciones de las obras de Roberto Parra, <strong>La Negra Ester<\/strong> (1988) y <strong>El Desquite<\/strong> (1995), ambas bajo la producci\u00f3n de su compa\u00f1\u00eda <strong>Gran Circo Teatro<\/strong>, con la presencia de destacados actores y actrices del cine y la televisi\u00f3n nacional.<\/p>\n\n\n\n<p>Por esta raz\u00f3n, el <strong>Centro Cultural IPA<\/strong> presentar\u00e1 el mismo <strong>mi\u00e9rcoles 11<\/strong>, a las <strong>19:00 horas<\/strong>, la obra <strong><em>Piaf En Rose, Edith Piaf y Marcel Cerd\u00e1n en un Himno al amor, <\/em><\/strong>que relata uno de los pasajes m\u00e1s significativos de la vida de la gran cantante y artista francesa Edith Piaf: su prohibida relaci\u00f3n con el boxeador Marcel Cerd\u00e1n. Tras la muerte de este, Piaf vive oscuros d\u00edas encerrada en su habitaci\u00f3n, acentuando su alcoholismo y volvi\u00e9ndose adicta a la morfina, pero, al mismo tiempo, componiendo una de sus m\u00e1s grandes canciones: <em>Himno al Amor (Hymne a l\u2019 Amour). <\/em>Esta presentaci\u00f3n, adem\u00e1s, es parte del proyecto para la reactivaci\u00f3n del Centro Cultural IPA, que cuenta con el financiamiento del Ministerio de las Culturas, las Artes y el Patrimonio a trav\u00e9s de su Programa de Apoyo a Organizaciones Culturales Colaboradoras.<\/p>\n\n\n\n<p>El evento se realizar\u00e1 en el Centro Cultural IPA, recinto ubicado en calle Condell #1349, en el plan de Valpara\u00edso, y su adhesi\u00f3n es gratuita. Adem\u00e1s, al ingreso de la actividad, se les solicitar\u00e1 a los asistentes su pase de movilidad, o bien un PCR con 72 horas de antelaci\u00f3n. La funci\u00f3n cuenta con cupos reducidos, por lo que la confirmaci\u00f3n de la reserva es previa al env\u00edo de datos personales al correo <a href=\"mailto:reservas.teatro.ipa@gmail.com\" target=\"_blank\" rel=\"noreferrer noopener\">reservas.teatro.ipa@gmail.com<\/a>. <\/p>\n\n\n\n<figure class=\"wp-block-image size-full\"><img fetchpriority=\"high\" decoding=\"async\" width=\"687\" height=\"689\" src=\"https:\/\/www.valparaisocreativo.cl\/wp-content\/uploads\/2022\/05\/Captura-de-Pantalla-2022-05-09-a-las-09.00.45.png\" alt=\"\" class=\"wp-image-10842\" srcset=\"https:\/\/dev.antudigital.cl\/sites\/vc\/wp-content\/uploads\/2022\/05\/Captura-de-Pantalla-2022-05-09-a-las-09.00.45.png 687w, https:\/\/dev.antudigital.cl\/sites\/vc\/wp-content\/uploads\/2022\/05\/Captura-de-Pantalla-2022-05-09-a-las-09.00.45-300x300.png 300w, https:\/\/dev.antudigital.cl\/sites\/vc\/wp-content\/uploads\/2022\/05\/Captura-de-Pantalla-2022-05-09-a-las-09.00.45-150x150.png 150w, https:\/\/dev.antudigital.cl\/sites\/vc\/wp-content\/uploads\/2022\/05\/Captura-de-Pantalla-2022-05-09-a-las-09.00.45-480x481.png 480w\" sizes=\"(max-width: 687px) 100vw, 687px\" \/><\/figure>\n","protected":false},"excerpt":{"rendered":"<p>El mi\u00e9rcoles 11 de mayo de 2022 se celebrar\u00e1 una nueva versi\u00f3n del D\u00eda Nacional del Teatro, destacando la realizaci\u00f3n de masivos eventos presenciales a lo largo del pa\u00eds, algo que no ocurr\u00eda desde que empez\u00f3 la pandemia de Covid-19. Esta efem\u00e9ride se fij\u00f3 para conmemorar el natalicio de Andr\u00e9s P\u00e9rez Araya, actor, dramaturgo y [&hellip;]<\/p>\n","protected":false},"author":1,"featured_media":10840,"comment_status":"open","ping_status":"closed","sticky":false,"template":"","format":"standard","meta":{"_acf_changed":false,"footnotes":""},"categories":[8],"tags":[],"class_list":["post-10837","post","type-post","status-publish","format-standard","has-post-thumbnail","hentry","category-noticia"],"acf":[],"yoast_head":"<!-- This site is optimized with the Yoast SEO plugin v27.1.1 - https:\/\/yoast.com\/product\/yoast-seo-wordpress\/ -->\n<title>Centro Cultural IPA celebra el D\u00eda Nacional del Teatro con obra inspirada en la vida de Edith Piaf - Valpara\u00ed\u00adso Creativo<\/title>\n<meta name=\"robots\" content=\"index, follow, max-snippet:-1, max-image-preview:large, max-video-preview:-1\" \/>\n<link rel=\"canonical\" href=\"https:\/\/dev.antudigital.cl\/sites\/vc\/centro-cultural-ipa-celebra-el-dia-nacional-del-teatro-con-obra-inspirada-en-la-vida-de-edith-piaf\/\" \/>\n<meta property=\"og:locale\" content=\"es_ES\" \/>\n<meta property=\"og:type\" content=\"article\" \/>\n<meta property=\"og:title\" content=\"Centro Cultural IPA celebra el D\u00eda Nacional del Teatro con obra inspirada en la vida de Edith Piaf - Valpara\u00ed\u00adso Creativo\" \/>\n<meta property=\"og:description\" content=\"El mi\u00e9rcoles 11 de mayo de 2022 se celebrar\u00e1 una nueva versi\u00f3n del D\u00eda Nacional del Teatro, destacando la realizaci\u00f3n de masivos eventos presenciales a lo largo del pa\u00eds, algo que no ocurr\u00eda desde que empez\u00f3 la pandemia de Covid-19. Esta efem\u00e9ride se fij\u00f3 para conmemorar el natalicio de Andr\u00e9s P\u00e9rez Araya, actor, dramaturgo y [&hellip;]\" \/>\n<meta property=\"og:url\" content=\"https:\/\/dev.antudigital.cl\/sites\/vc\/centro-cultural-ipa-celebra-el-dia-nacional-del-teatro-con-obra-inspirada-en-la-vida-de-edith-piaf\/\" \/>\n<meta property=\"og:site_name\" content=\"Valpara\u00ed\u00adso Creativo\" \/>\n<meta property=\"article:published_time\" content=\"2022-05-09T13:01:58+00:00\" \/>\n<meta property=\"article:modified_time\" content=\"2022-05-09T13:02:03+00:00\" \/>\n<meta property=\"og:image\" content=\"https:\/\/dev.antudigital.cl\/sites\/vc\/wp-content\/uploads\/2022\/05\/Captura-de-Pantalla-2022-05-09-a-las-09.00.35.png\" \/>\n\t<meta property=\"og:image:width\" content=\"1021\" \/>\n\t<meta property=\"og:image:height\" content=\"623\" \/>\n\t<meta property=\"og:image:type\" content=\"image\/png\" \/>\n<meta name=\"author\" content=\"Valpara\u00edso Creativo\" \/>\n<meta name=\"twitter:card\" content=\"summary_large_image\" \/>\n<meta name=\"twitter:label1\" content=\"Escrito por\" \/>\n\t<meta name=\"twitter:data1\" content=\"Valpara\u00edso Creativo\" \/>\n\t<meta name=\"twitter:label2\" content=\"Tiempo de lectura\" \/>\n\t<meta name=\"twitter:data2\" content=\"2 minutos\" \/>\n<script type=\"application\/ld+json\" class=\"yoast-schema-graph\">{\"@context\":\"https:\/\/schema.org\",\"@graph\":[{\"@type\":\"Article\",\"@id\":\"https:\/\/dev.antudigital.cl\/sites\/vc\/centro-cultural-ipa-celebra-el-dia-nacional-del-teatro-con-obra-inspirada-en-la-vida-de-edith-piaf\/#article\",\"isPartOf\":{\"@id\":\"https:\/\/dev.antudigital.cl\/sites\/vc\/centro-cultural-ipa-celebra-el-dia-nacional-del-teatro-con-obra-inspirada-en-la-vida-de-edith-piaf\/\"},\"author\":{\"name\":\"Valpara\u00edso Creativo\",\"@id\":\"https:\/\/dev.antudigital.cl\/sites\/vc\/#\/schema\/person\/c2b9da8dd545e27166fc5ab232837318\"},\"headline\":\"Centro Cultural IPA celebra el D\u00eda Nacional del Teatro con obra inspirada en la vida de Edith Piaf\",\"datePublished\":\"2022-05-09T13:01:58+00:00\",\"dateModified\":\"2022-05-09T13:02:03+00:00\",\"mainEntityOfPage\":{\"@id\":\"https:\/\/dev.antudigital.cl\/sites\/vc\/centro-cultural-ipa-celebra-el-dia-nacional-del-teatro-con-obra-inspirada-en-la-vida-de-edith-piaf\/\"},\"wordCount\":369,\"commentCount\":0,\"image\":{\"@id\":\"https:\/\/dev.antudigital.cl\/sites\/vc\/centro-cultural-ipa-celebra-el-dia-nacional-del-teatro-con-obra-inspirada-en-la-vida-de-edith-piaf\/#primaryimage\"},\"thumbnailUrl\":\"https:\/\/dev.antudigital.cl\/sites\/vc\/wp-content\/uploads\/2022\/05\/Captura-de-Pantalla-2022-05-09-a-las-09.00.35.png\",\"articleSection\":[\"Noticia\"],\"inLanguage\":\"es\",\"potentialAction\":[{\"@type\":\"CommentAction\",\"name\":\"Comment\",\"target\":[\"https:\/\/dev.antudigital.cl\/sites\/vc\/centro-cultural-ipa-celebra-el-dia-nacional-del-teatro-con-obra-inspirada-en-la-vida-de-edith-piaf\/#respond\"]}]},{\"@type\":\"WebPage\",\"@id\":\"https:\/\/dev.antudigital.cl\/sites\/vc\/centro-cultural-ipa-celebra-el-dia-nacional-del-teatro-con-obra-inspirada-en-la-vida-de-edith-piaf\/\",\"url\":\"https:\/\/dev.antudigital.cl\/sites\/vc\/centro-cultural-ipa-celebra-el-dia-nacional-del-teatro-con-obra-inspirada-en-la-vida-de-edith-piaf\/\",\"name\":\"Centro Cultural IPA celebra el D\u00eda Nacional del Teatro con obra inspirada en la vida de Edith Piaf - Valpara\u00ed\u00adso Creativo\",\"isPartOf\":{\"@id\":\"https:\/\/dev.antudigital.cl\/sites\/vc\/#website\"},\"primaryImageOfPage\":{\"@id\":\"https:\/\/dev.antudigital.cl\/sites\/vc\/centro-cultural-ipa-celebra-el-dia-nacional-del-teatro-con-obra-inspirada-en-la-vida-de-edith-piaf\/#primaryimage\"},\"image\":{\"@id\":\"https:\/\/dev.antudigital.cl\/sites\/vc\/centro-cultural-ipa-celebra-el-dia-nacional-del-teatro-con-obra-inspirada-en-la-vida-de-edith-piaf\/#primaryimage\"},\"thumbnailUrl\":\"https:\/\/dev.antudigital.cl\/sites\/vc\/wp-content\/uploads\/2022\/05\/Captura-de-Pantalla-2022-05-09-a-las-09.00.35.png\",\"datePublished\":\"2022-05-09T13:01:58+00:00\",\"dateModified\":\"2022-05-09T13:02:03+00:00\",\"author\":{\"@id\":\"https:\/\/dev.antudigital.cl\/sites\/vc\/#\/schema\/person\/c2b9da8dd545e27166fc5ab232837318\"},\"breadcrumb\":{\"@id\":\"https:\/\/dev.antudigital.cl\/sites\/vc\/centro-cultural-ipa-celebra-el-dia-nacional-del-teatro-con-obra-inspirada-en-la-vida-de-edith-piaf\/#breadcrumb\"},\"inLanguage\":\"es\",\"potentialAction\":[{\"@type\":\"ReadAction\",\"target\":[\"https:\/\/dev.antudigital.cl\/sites\/vc\/centro-cultural-ipa-celebra-el-dia-nacional-del-teatro-con-obra-inspirada-en-la-vida-de-edith-piaf\/\"]}]},{\"@type\":\"ImageObject\",\"inLanguage\":\"es\",\"@id\":\"https:\/\/dev.antudigital.cl\/sites\/vc\/centro-cultural-ipa-celebra-el-dia-nacional-del-teatro-con-obra-inspirada-en-la-vida-de-edith-piaf\/#primaryimage\",\"url\":\"https:\/\/dev.antudigital.cl\/sites\/vc\/wp-content\/uploads\/2022\/05\/Captura-de-Pantalla-2022-05-09-a-las-09.00.35.png\",\"contentUrl\":\"https:\/\/dev.antudigital.cl\/sites\/vc\/wp-content\/uploads\/2022\/05\/Captura-de-Pantalla-2022-05-09-a-las-09.00.35.png\",\"width\":1021,\"height\":623},{\"@type\":\"BreadcrumbList\",\"@id\":\"https:\/\/dev.antudigital.cl\/sites\/vc\/centro-cultural-ipa-celebra-el-dia-nacional-del-teatro-con-obra-inspirada-en-la-vida-de-edith-piaf\/#breadcrumb\",\"itemListElement\":[{\"@type\":\"ListItem\",\"position\":1,\"name\":\"Home\",\"item\":\"https:\/\/dev.antudigital.cl\/sites\/vc\/\"},{\"@type\":\"ListItem\",\"position\":2,\"name\":\"Centro Cultural IPA celebra el D\u00eda Nacional del Teatro con obra inspirada en la vida de Edith Piaf\"}]},{\"@type\":\"WebSite\",\"@id\":\"https:\/\/dev.antudigital.cl\/sites\/vc\/#website\",\"url\":\"https:\/\/dev.antudigital.cl\/sites\/vc\/\",\"name\":\"Valpara\u00ed\u00adso Creativo\",\"description\":\"\",\"potentialAction\":[{\"@type\":\"SearchAction\",\"target\":{\"@type\":\"EntryPoint\",\"urlTemplate\":\"https:\/\/dev.antudigital.cl\/sites\/vc\/?s={search_term_string}\"},\"query-input\":{\"@type\":\"PropertyValueSpecification\",\"valueRequired\":true,\"valueName\":\"search_term_string\"}}],\"inLanguage\":\"es\"},{\"@type\":\"Person\",\"@id\":\"https:\/\/dev.antudigital.cl\/sites\/vc\/#\/schema\/person\/c2b9da8dd545e27166fc5ab232837318\",\"name\":\"Valpara\u00edso Creativo\",\"description\":\"Periodista de cultura en la Regi\u00f3n de Valpara\u00edso.\",\"url\":\"https:\/\/dev.antudigital.cl\/sites\/vc\/author\/valpoadmin\/\"}]}<\/script>\n<!-- \/ Yoast SEO plugin. -->","yoast_head_json":{"title":"Centro Cultural IPA celebra el D\u00eda Nacional del Teatro con obra inspirada en la vida de Edith Piaf - Valpara\u00ed\u00adso Creativo","robots":{"index":"index","follow":"follow","max-snippet":"max-snippet:-1","max-image-preview":"max-image-preview:large","max-video-preview":"max-video-preview:-1"},"canonical":"https:\/\/dev.antudigital.cl\/sites\/vc\/centro-cultural-ipa-celebra-el-dia-nacional-del-teatro-con-obra-inspirada-en-la-vida-de-edith-piaf\/","og_locale":"es_ES","og_type":"article","og_title":"Centro Cultural IPA celebra el D\u00eda Nacional del Teatro con obra inspirada en la vida de Edith Piaf - Valpara\u00ed\u00adso Creativo","og_description":"El mi\u00e9rcoles 11 de mayo de 2022 se celebrar\u00e1 una nueva versi\u00f3n del D\u00eda Nacional del Teatro, destacando la realizaci\u00f3n de masivos eventos presenciales a lo largo del pa\u00eds, algo que no ocurr\u00eda desde que empez\u00f3 la pandemia de Covid-19. Esta efem\u00e9ride se fij\u00f3 para conmemorar el natalicio de Andr\u00e9s P\u00e9rez Araya, actor, dramaturgo y [&hellip;]","og_url":"https:\/\/dev.antudigital.cl\/sites\/vc\/centro-cultural-ipa-celebra-el-dia-nacional-del-teatro-con-obra-inspirada-en-la-vida-de-edith-piaf\/","og_site_name":"Valpara\u00ed\u00adso Creativo","article_published_time":"2022-05-09T13:01:58+00:00","article_modified_time":"2022-05-09T13:02:03+00:00","og_image":[{"width":1021,"height":623,"url":"https:\/\/dev.antudigital.cl\/sites\/vc\/wp-content\/uploads\/2022\/05\/Captura-de-Pantalla-2022-05-09-a-las-09.00.35.png","type":"image\/png"}],"author":"Valpara\u00edso Creativo","twitter_card":"summary_large_image","twitter_misc":{"Escrito por":"Valpara\u00edso Creativo","Tiempo de lectura":"2 minutos"},"schema":{"@context":"https:\/\/schema.org","@graph":[{"@type":"Article","@id":"https:\/\/dev.antudigital.cl\/sites\/vc\/centro-cultural-ipa-celebra-el-dia-nacional-del-teatro-con-obra-inspirada-en-la-vida-de-edith-piaf\/#article","isPartOf":{"@id":"https:\/\/dev.antudigital.cl\/sites\/vc\/centro-cultural-ipa-celebra-el-dia-nacional-del-teatro-con-obra-inspirada-en-la-vida-de-edith-piaf\/"},"author":{"name":"Valpara\u00edso Creativo","@id":"https:\/\/dev.antudigital.cl\/sites\/vc\/#\/schema\/person\/c2b9da8dd545e27166fc5ab232837318"},"headline":"Centro Cultural IPA celebra el D\u00eda Nacional del Teatro con obra inspirada en la vida de Edith Piaf","datePublished":"2022-05-09T13:01:58+00:00","dateModified":"2022-05-09T13:02:03+00:00","mainEntityOfPage":{"@id":"https:\/\/dev.antudigital.cl\/sites\/vc\/centro-cultural-ipa-celebra-el-dia-nacional-del-teatro-con-obra-inspirada-en-la-vida-de-edith-piaf\/"},"wordCount":369,"commentCount":0,"image":{"@id":"https:\/\/dev.antudigital.cl\/sites\/vc\/centro-cultural-ipa-celebra-el-dia-nacional-del-teatro-con-obra-inspirada-en-la-vida-de-edith-piaf\/#primaryimage"},"thumbnailUrl":"https:\/\/dev.antudigital.cl\/sites\/vc\/wp-content\/uploads\/2022\/05\/Captura-de-Pantalla-2022-05-09-a-las-09.00.35.png","articleSection":["Noticia"],"inLanguage":"es","potentialAction":[{"@type":"CommentAction","name":"Comment","target":["https:\/\/dev.antudigital.cl\/sites\/vc\/centro-cultural-ipa-celebra-el-dia-nacional-del-teatro-con-obra-inspirada-en-la-vida-de-edith-piaf\/#respond"]}]},{"@type":"WebPage","@id":"https:\/\/dev.antudigital.cl\/sites\/vc\/centro-cultural-ipa-celebra-el-dia-nacional-del-teatro-con-obra-inspirada-en-la-vida-de-edith-piaf\/","url":"https:\/\/dev.antudigital.cl\/sites\/vc\/centro-cultural-ipa-celebra-el-dia-nacional-del-teatro-con-obra-inspirada-en-la-vida-de-edith-piaf\/","name":"Centro Cultural IPA celebra el D\u00eda Nacional del Teatro con obra inspirada en la vida de Edith Piaf - Valpara\u00ed\u00adso Creativo","isPartOf":{"@id":"https:\/\/dev.antudigital.cl\/sites\/vc\/#website"},"primaryImageOfPage":{"@id":"https:\/\/dev.antudigital.cl\/sites\/vc\/centro-cultural-ipa-celebra-el-dia-nacional-del-teatro-con-obra-inspirada-en-la-vida-de-edith-piaf\/#primaryimage"},"image":{"@id":"https:\/\/dev.antudigital.cl\/sites\/vc\/centro-cultural-ipa-celebra-el-dia-nacional-del-teatro-con-obra-inspirada-en-la-vida-de-edith-piaf\/#primaryimage"},"thumbnailUrl":"https:\/\/dev.antudigital.cl\/sites\/vc\/wp-content\/uploads\/2022\/05\/Captura-de-Pantalla-2022-05-09-a-las-09.00.35.png","datePublished":"2022-05-09T13:01:58+00:00","dateModified":"2022-05-09T13:02:03+00:00","author":{"@id":"https:\/\/dev.antudigital.cl\/sites\/vc\/#\/schema\/person\/c2b9da8dd545e27166fc5ab232837318"},"breadcrumb":{"@id":"https:\/\/dev.antudigital.cl\/sites\/vc\/centro-cultural-ipa-celebra-el-dia-nacional-del-teatro-con-obra-inspirada-en-la-vida-de-edith-piaf\/#breadcrumb"},"inLanguage":"es","potentialAction":[{"@type":"ReadAction","target":["https:\/\/dev.antudigital.cl\/sites\/vc\/centro-cultural-ipa-celebra-el-dia-nacional-del-teatro-con-obra-inspirada-en-la-vida-de-edith-piaf\/"]}]},{"@type":"ImageObject","inLanguage":"es","@id":"https:\/\/dev.antudigital.cl\/sites\/vc\/centro-cultural-ipa-celebra-el-dia-nacional-del-teatro-con-obra-inspirada-en-la-vida-de-edith-piaf\/#primaryimage","url":"https:\/\/dev.antudigital.cl\/sites\/vc\/wp-content\/uploads\/2022\/05\/Captura-de-Pantalla-2022-05-09-a-las-09.00.35.png","contentUrl":"https:\/\/dev.antudigital.cl\/sites\/vc\/wp-content\/uploads\/2022\/05\/Captura-de-Pantalla-2022-05-09-a-las-09.00.35.png","width":1021,"height":623},{"@type":"BreadcrumbList","@id":"https:\/\/dev.antudigital.cl\/sites\/vc\/centro-cultural-ipa-celebra-el-dia-nacional-del-teatro-con-obra-inspirada-en-la-vida-de-edith-piaf\/#breadcrumb","itemListElement":[{"@type":"ListItem","position":1,"name":"Home","item":"https:\/\/dev.antudigital.cl\/sites\/vc\/"},{"@type":"ListItem","position":2,"name":"Centro Cultural IPA celebra el D\u00eda Nacional del Teatro con obra inspirada en la vida de Edith Piaf"}]},{"@type":"WebSite","@id":"https:\/\/dev.antudigital.cl\/sites\/vc\/#website","url":"https:\/\/dev.antudigital.cl\/sites\/vc\/","name":"Valpara\u00ed\u00adso Creativo","description":"","potentialAction":[{"@type":"SearchAction","target":{"@type":"EntryPoint","urlTemplate":"https:\/\/dev.antudigital.cl\/sites\/vc\/?s={search_term_string}"},"query-input":{"@type":"PropertyValueSpecification","valueRequired":true,"valueName":"search_term_string"}}],"inLanguage":"es"},{"@type":"Person","@id":"https:\/\/dev.antudigital.cl\/sites\/vc\/#\/schema\/person\/c2b9da8dd545e27166fc5ab232837318","name":"Valpara\u00edso Creativo","description":"Periodista de cultura en la Regi\u00f3n de Valpara\u00edso.","url":"https:\/\/dev.antudigital.cl\/sites\/vc\/author\/valpoadmin\/"}]}},"_links":{"self":[{"href":"https:\/\/dev.antudigital.cl\/sites\/vc\/wp-json\/wp\/v2\/posts\/10837","targetHints":{"allow":["GET"]}}],"collection":[{"href":"https:\/\/dev.antudigital.cl\/sites\/vc\/wp-json\/wp\/v2\/posts"}],"about":[{"href":"https:\/\/dev.antudigital.cl\/sites\/vc\/wp-json\/wp\/v2\/types\/post"}],"author":[{"embeddable":true,"href":"https:\/\/dev.antudigital.cl\/sites\/vc\/wp-json\/wp\/v2\/users\/1"}],"replies":[{"embeddable":true,"href":"https:\/\/dev.antudigital.cl\/sites\/vc\/wp-json\/wp\/v2\/comments?post=10837"}],"version-history":[{"count":1,"href":"https:\/\/dev.antudigital.cl\/sites\/vc\/wp-json\/wp\/v2\/posts\/10837\/revisions"}],"predecessor-version":[{"id":10843,"href":"https:\/\/dev.antudigital.cl\/sites\/vc\/wp-json\/wp\/v2\/posts\/10837\/revisions\/10843"}],"wp:featuredmedia":[{"embeddable":true,"href":"https:\/\/dev.antudigital.cl\/sites\/vc\/wp-json\/wp\/v2\/media\/10840"}],"wp:attachment":[{"href":"https:\/\/dev.antudigital.cl\/sites\/vc\/wp-json\/wp\/v2\/media?parent=10837"}],"wp:term":[{"taxonomy":"category","embeddable":true,"href":"https:\/\/dev.antudigital.cl\/sites\/vc\/wp-json\/wp\/v2\/categories?post=10837"},{"taxonomy":"post_tag","embeddable":true,"href":"https:\/\/dev.antudigital.cl\/sites\/vc\/wp-json\/wp\/v2\/tags?post=10837"}],"curies":[{"name":"wp","href":"https:\/\/api.w.org\/{rel}","templated":true}]}}