{"id":10844,"date":"2022-05-09T13:04:25","date_gmt":"2022-05-09T13:04:25","guid":{"rendered":"https:\/\/www.valparaisocreativo.cl\/?p=10844"},"modified":"2022-05-09T13:04:30","modified_gmt":"2022-05-09T13:04:30","slug":"centex-se-suma-a-las-celebracion-del-dia-del-teatro","status":"publish","type":"post","link":"https:\/\/dev.antudigital.cl\/sites\/vc\/centex-se-suma-a-las-celebracion-del-dia-del-teatro\/","title":{"rendered":"Centex se suma a las celebraci\u00f3n del D\u00eda del Teatro"},"content":{"rendered":"\n<p>\u00a1En Centex se conmemora el mes del Teatro!<br>La invitaci\u00f3n es para este s\u00e1bado 14 de mayo a presenciar la obra <strong>\u201cINUSUAL \u2026 Mundo Autista\u201d,<\/strong> resultado de una investigaci\u00f3n multidisciplinar, realizada por la compa\u00f1\u00eda <strong>Soporte Corporal<\/strong>, sobre el Trastorno de Espectro Autista \u2013 TEA.<br>Las funciones ser\u00e1n a las 12:00 y 17:00 horas en el z\u00f3calo de CENTEX. <\/p>\n\n\n\n<p>Inscr\u00edbete en el <strong><a href=\"https:\/\/linktr.ee\/CentexCultura\">siguiente link.<\/a><\/strong><\/p>\n\n\n\n<figure class=\"wp-block-image size-full\"><img fetchpriority=\"high\" decoding=\"async\" width=\"609\" height=\"615\" src=\"https:\/\/www.valparaisocreativo.cl\/wp-content\/uploads\/2022\/05\/Captura-de-Pantalla-2022-05-09-a-las-09.00.13.png\" alt=\"\" class=\"wp-image-10841\" srcset=\"https:\/\/dev.antudigital.cl\/sites\/vc\/wp-content\/uploads\/2022\/05\/Captura-de-Pantalla-2022-05-09-a-las-09.00.13.png 609w, https:\/\/dev.antudigital.cl\/sites\/vc\/wp-content\/uploads\/2022\/05\/Captura-de-Pantalla-2022-05-09-a-las-09.00.13-297x300.png 297w, https:\/\/dev.antudigital.cl\/sites\/vc\/wp-content\/uploads\/2022\/05\/Captura-de-Pantalla-2022-05-09-a-las-09.00.13-150x150.png 150w, https:\/\/dev.antudigital.cl\/sites\/vc\/wp-content\/uploads\/2022\/05\/Captura-de-Pantalla-2022-05-09-a-las-09.00.13-480x485.png 480w\" sizes=\"(max-width: 609px) 100vw, 609px\" \/><\/figure>\n","protected":false},"excerpt":{"rendered":"<p>\u00a1En Centex se conmemora el mes del Teatro!La invitaci\u00f3n es para este s\u00e1bado 14 de mayo a presenciar la obra \u201cINUSUAL \u2026 Mundo Autista\u201d, resultado de una investigaci\u00f3n multidisciplinar, realizada por la compa\u00f1\u00eda Soporte Corporal, sobre el Trastorno de Espectro Autista \u2013 TEA.Las funciones ser\u00e1n a las 12:00 y 17:00 horas en el z\u00f3calo de [&hellip;]<\/p>\n","protected":false},"author":1,"featured_media":9820,"comment_status":"open","ping_status":"closed","sticky":false,"template":"","format":"standard","meta":{"_acf_changed":false,"footnotes":""},"categories":[8],"tags":[],"class_list":["post-10844","post","type-post","status-publish","format-standard","has-post-thumbnail","hentry","category-noticia"],"acf":[],"yoast_head":"<!-- This site is optimized with the Yoast SEO plugin v27.1.1 - https:\/\/yoast.com\/product\/yoast-seo-wordpress\/ -->\n<title>Centex se suma a las celebraci\u00f3n del D\u00eda del Teatro - Valpara\u00ed\u00adso Creativo<\/title>\n<meta name=\"robots\" content=\"index, follow, max-snippet:-1, max-image-preview:large, max-video-preview:-1\" \/>\n<link rel=\"canonical\" href=\"https:\/\/dev.antudigital.cl\/sites\/vc\/centex-se-suma-a-las-celebracion-del-dia-del-teatro\/\" \/>\n<meta property=\"og:locale\" content=\"es_ES\" \/>\n<meta property=\"og:type\" content=\"article\" \/>\n<meta property=\"og:title\" content=\"Centex se suma a las celebraci\u00f3n del D\u00eda del Teatro - Valpara\u00ed\u00adso Creativo\" \/>\n<meta property=\"og:description\" content=\"\u00a1En Centex se conmemora el mes del Teatro!La invitaci\u00f3n es para este s\u00e1bado 14 de mayo a presenciar la obra \u201cINUSUAL \u2026 Mundo Autista\u201d, resultado de una investigaci\u00f3n multidisciplinar, realizada por la compa\u00f1\u00eda Soporte Corporal, sobre el Trastorno de Espectro Autista \u2013 TEA.Las funciones ser\u00e1n a las 12:00 y 17:00 horas en el z\u00f3calo de [&hellip;]\" \/>\n<meta property=\"og:url\" content=\"https:\/\/dev.antudigital.cl\/sites\/vc\/centex-se-suma-a-las-celebracion-del-dia-del-teatro\/\" \/>\n<meta property=\"og:site_name\" content=\"Valpara\u00ed\u00adso Creativo\" \/>\n<meta property=\"article:published_time\" content=\"2022-05-09T13:04:25+00:00\" \/>\n<meta property=\"article:modified_time\" content=\"2022-05-09T13:04:30+00:00\" \/>\n<meta property=\"og:image\" content=\"https:\/\/dev.antudigital.cl\/sites\/vc\/wp-content\/uploads\/2022\/02\/e_centex_01.jpeg\" \/>\n\t<meta property=\"og:image:width\" content=\"1920\" \/>\n\t<meta property=\"og:image:height\" content=\"1080\" \/>\n\t<meta property=\"og:image:type\" content=\"image\/jpeg\" \/>\n<meta name=\"author\" content=\"Valpara\u00edso Creativo\" \/>\n<meta name=\"twitter:card\" content=\"summary_large_image\" \/>\n<meta name=\"twitter:label1\" content=\"Escrito por\" \/>\n\t<meta name=\"twitter:data1\" content=\"Valpara\u00edso Creativo\" \/>\n\t<meta name=\"twitter:label2\" content=\"Tiempo de lectura\" \/>\n\t<meta name=\"twitter:data2\" content=\"1 minuto\" \/>\n<script type=\"application\/ld+json\" class=\"yoast-schema-graph\">{\"@context\":\"https:\/\/schema.org\",\"@graph\":[{\"@type\":\"Article\",\"@id\":\"https:\/\/dev.antudigital.cl\/sites\/vc\/centex-se-suma-a-las-celebracion-del-dia-del-teatro\/#article\",\"isPartOf\":{\"@id\":\"https:\/\/dev.antudigital.cl\/sites\/vc\/centex-se-suma-a-las-celebracion-del-dia-del-teatro\/\"},\"author\":{\"name\":\"Valpara\u00edso Creativo\",\"@id\":\"https:\/\/dev.antudigital.cl\/sites\/vc\/#\/schema\/person\/c2b9da8dd545e27166fc5ab232837318\"},\"headline\":\"Centex se suma a las celebraci\u00f3n del D\u00eda del Teatro\",\"datePublished\":\"2022-05-09T13:04:25+00:00\",\"dateModified\":\"2022-05-09T13:04:30+00:00\",\"mainEntityOfPage\":{\"@id\":\"https:\/\/dev.antudigital.cl\/sites\/vc\/centex-se-suma-a-las-celebracion-del-dia-del-teatro\/\"},\"wordCount\":77,\"commentCount\":0,\"image\":{\"@id\":\"https:\/\/dev.antudigital.cl\/sites\/vc\/centex-se-suma-a-las-celebracion-del-dia-del-teatro\/#primaryimage\"},\"thumbnailUrl\":\"https:\/\/dev.antudigital.cl\/sites\/vc\/wp-content\/uploads\/2022\/02\/e_centex_01.jpeg\",\"articleSection\":[\"Noticia\"],\"inLanguage\":\"es\",\"potentialAction\":[{\"@type\":\"CommentAction\",\"name\":\"Comment\",\"target\":[\"https:\/\/dev.antudigital.cl\/sites\/vc\/centex-se-suma-a-las-celebracion-del-dia-del-teatro\/#respond\"]}]},{\"@type\":\"WebPage\",\"@id\":\"https:\/\/dev.antudigital.cl\/sites\/vc\/centex-se-suma-a-las-celebracion-del-dia-del-teatro\/\",\"url\":\"https:\/\/dev.antudigital.cl\/sites\/vc\/centex-se-suma-a-las-celebracion-del-dia-del-teatro\/\",\"name\":\"Centex se suma a las celebraci\u00f3n del D\u00eda del Teatro - Valpara\u00ed\u00adso Creativo\",\"isPartOf\":{\"@id\":\"https:\/\/dev.antudigital.cl\/sites\/vc\/#website\"},\"primaryImageOfPage\":{\"@id\":\"https:\/\/dev.antudigital.cl\/sites\/vc\/centex-se-suma-a-las-celebracion-del-dia-del-teatro\/#primaryimage\"},\"image\":{\"@id\":\"https:\/\/dev.antudigital.cl\/sites\/vc\/centex-se-suma-a-las-celebracion-del-dia-del-teatro\/#primaryimage\"},\"thumbnailUrl\":\"https:\/\/dev.antudigital.cl\/sites\/vc\/wp-content\/uploads\/2022\/02\/e_centex_01.jpeg\",\"datePublished\":\"2022-05-09T13:04:25+00:00\",\"dateModified\":\"2022-05-09T13:04:30+00:00\",\"author\":{\"@id\":\"https:\/\/dev.antudigital.cl\/sites\/vc\/#\/schema\/person\/c2b9da8dd545e27166fc5ab232837318\"},\"breadcrumb\":{\"@id\":\"https:\/\/dev.antudigital.cl\/sites\/vc\/centex-se-suma-a-las-celebracion-del-dia-del-teatro\/#breadcrumb\"},\"inLanguage\":\"es\",\"potentialAction\":[{\"@type\":\"ReadAction\",\"target\":[\"https:\/\/dev.antudigital.cl\/sites\/vc\/centex-se-suma-a-las-celebracion-del-dia-del-teatro\/\"]}]},{\"@type\":\"ImageObject\",\"inLanguage\":\"es\",\"@id\":\"https:\/\/dev.antudigital.cl\/sites\/vc\/centex-se-suma-a-las-celebracion-del-dia-del-teatro\/#primaryimage\",\"url\":\"https:\/\/dev.antudigital.cl\/sites\/vc\/wp-content\/uploads\/2022\/02\/e_centex_01.jpeg\",\"contentUrl\":\"https:\/\/dev.antudigital.cl\/sites\/vc\/wp-content\/uploads\/2022\/02\/e_centex_01.jpeg\",\"width\":1920,\"height\":1080},{\"@type\":\"BreadcrumbList\",\"@id\":\"https:\/\/dev.antudigital.cl\/sites\/vc\/centex-se-suma-a-las-celebracion-del-dia-del-teatro\/#breadcrumb\",\"itemListElement\":[{\"@type\":\"ListItem\",\"position\":1,\"name\":\"Home\",\"item\":\"https:\/\/dev.antudigital.cl\/sites\/vc\/\"},{\"@type\":\"ListItem\",\"position\":2,\"name\":\"Centex se suma a las celebraci\u00f3n del D\u00eda del Teatro\"}]},{\"@type\":\"WebSite\",\"@id\":\"https:\/\/dev.antudigital.cl\/sites\/vc\/#website\",\"url\":\"https:\/\/dev.antudigital.cl\/sites\/vc\/\",\"name\":\"Valpara\u00ed\u00adso Creativo\",\"description\":\"\",\"potentialAction\":[{\"@type\":\"SearchAction\",\"target\":{\"@type\":\"EntryPoint\",\"urlTemplate\":\"https:\/\/dev.antudigital.cl\/sites\/vc\/?s={search_term_string}\"},\"query-input\":{\"@type\":\"PropertyValueSpecification\",\"valueRequired\":true,\"valueName\":\"search_term_string\"}}],\"inLanguage\":\"es\"},{\"@type\":\"Person\",\"@id\":\"https:\/\/dev.antudigital.cl\/sites\/vc\/#\/schema\/person\/c2b9da8dd545e27166fc5ab232837318\",\"name\":\"Valpara\u00edso Creativo\",\"description\":\"Periodista de cultura en la Regi\u00f3n de Valpara\u00edso.\",\"url\":\"https:\/\/dev.antudigital.cl\/sites\/vc\/author\/valpoadmin\/\"}]}<\/script>\n<!-- \/ Yoast SEO plugin. -->","yoast_head_json":{"title":"Centex se suma a las celebraci\u00f3n del D\u00eda del Teatro - Valpara\u00ed\u00adso Creativo","robots":{"index":"index","follow":"follow","max-snippet":"max-snippet:-1","max-image-preview":"max-image-preview:large","max-video-preview":"max-video-preview:-1"},"canonical":"https:\/\/dev.antudigital.cl\/sites\/vc\/centex-se-suma-a-las-celebracion-del-dia-del-teatro\/","og_locale":"es_ES","og_type":"article","og_title":"Centex se suma a las celebraci\u00f3n del D\u00eda del Teatro - Valpara\u00ed\u00adso Creativo","og_description":"\u00a1En Centex se conmemora el mes del Teatro!La invitaci\u00f3n es para este s\u00e1bado 14 de mayo a presenciar la obra \u201cINUSUAL \u2026 Mundo Autista\u201d, resultado de una investigaci\u00f3n multidisciplinar, realizada por la compa\u00f1\u00eda Soporte Corporal, sobre el Trastorno de Espectro Autista \u2013 TEA.Las funciones ser\u00e1n a las 12:00 y 17:00 horas en el z\u00f3calo de [&hellip;]","og_url":"https:\/\/dev.antudigital.cl\/sites\/vc\/centex-se-suma-a-las-celebracion-del-dia-del-teatro\/","og_site_name":"Valpara\u00ed\u00adso Creativo","article_published_time":"2022-05-09T13:04:25+00:00","article_modified_time":"2022-05-09T13:04:30+00:00","og_image":[{"width":1920,"height":1080,"url":"https:\/\/dev.antudigital.cl\/sites\/vc\/wp-content\/uploads\/2022\/02\/e_centex_01.jpeg","type":"image\/jpeg"}],"author":"Valpara\u00edso Creativo","twitter_card":"summary_large_image","twitter_misc":{"Escrito por":"Valpara\u00edso Creativo","Tiempo de lectura":"1 minuto"},"schema":{"@context":"https:\/\/schema.org","@graph":[{"@type":"Article","@id":"https:\/\/dev.antudigital.cl\/sites\/vc\/centex-se-suma-a-las-celebracion-del-dia-del-teatro\/#article","isPartOf":{"@id":"https:\/\/dev.antudigital.cl\/sites\/vc\/centex-se-suma-a-las-celebracion-del-dia-del-teatro\/"},"author":{"name":"Valpara\u00edso Creativo","@id":"https:\/\/dev.antudigital.cl\/sites\/vc\/#\/schema\/person\/c2b9da8dd545e27166fc5ab232837318"},"headline":"Centex se suma a las celebraci\u00f3n del D\u00eda del Teatro","datePublished":"2022-05-09T13:04:25+00:00","dateModified":"2022-05-09T13:04:30+00:00","mainEntityOfPage":{"@id":"https:\/\/dev.antudigital.cl\/sites\/vc\/centex-se-suma-a-las-celebracion-del-dia-del-teatro\/"},"wordCount":77,"commentCount":0,"image":{"@id":"https:\/\/dev.antudigital.cl\/sites\/vc\/centex-se-suma-a-las-celebracion-del-dia-del-teatro\/#primaryimage"},"thumbnailUrl":"https:\/\/dev.antudigital.cl\/sites\/vc\/wp-content\/uploads\/2022\/02\/e_centex_01.jpeg","articleSection":["Noticia"],"inLanguage":"es","potentialAction":[{"@type":"CommentAction","name":"Comment","target":["https:\/\/dev.antudigital.cl\/sites\/vc\/centex-se-suma-a-las-celebracion-del-dia-del-teatro\/#respond"]}]},{"@type":"WebPage","@id":"https:\/\/dev.antudigital.cl\/sites\/vc\/centex-se-suma-a-las-celebracion-del-dia-del-teatro\/","url":"https:\/\/dev.antudigital.cl\/sites\/vc\/centex-se-suma-a-las-celebracion-del-dia-del-teatro\/","name":"Centex se suma a las celebraci\u00f3n del D\u00eda del Teatro - Valpara\u00ed\u00adso Creativo","isPartOf":{"@id":"https:\/\/dev.antudigital.cl\/sites\/vc\/#website"},"primaryImageOfPage":{"@id":"https:\/\/dev.antudigital.cl\/sites\/vc\/centex-se-suma-a-las-celebracion-del-dia-del-teatro\/#primaryimage"},"image":{"@id":"https:\/\/dev.antudigital.cl\/sites\/vc\/centex-se-suma-a-las-celebracion-del-dia-del-teatro\/#primaryimage"},"thumbnailUrl":"https:\/\/dev.antudigital.cl\/sites\/vc\/wp-content\/uploads\/2022\/02\/e_centex_01.jpeg","datePublished":"2022-05-09T13:04:25+00:00","dateModified":"2022-05-09T13:04:30+00:00","author":{"@id":"https:\/\/dev.antudigital.cl\/sites\/vc\/#\/schema\/person\/c2b9da8dd545e27166fc5ab232837318"},"breadcrumb":{"@id":"https:\/\/dev.antudigital.cl\/sites\/vc\/centex-se-suma-a-las-celebracion-del-dia-del-teatro\/#breadcrumb"},"inLanguage":"es","potentialAction":[{"@type":"ReadAction","target":["https:\/\/dev.antudigital.cl\/sites\/vc\/centex-se-suma-a-las-celebracion-del-dia-del-teatro\/"]}]},{"@type":"ImageObject","inLanguage":"es","@id":"https:\/\/dev.antudigital.cl\/sites\/vc\/centex-se-suma-a-las-celebracion-del-dia-del-teatro\/#primaryimage","url":"https:\/\/dev.antudigital.cl\/sites\/vc\/wp-content\/uploads\/2022\/02\/e_centex_01.jpeg","contentUrl":"https:\/\/dev.antudigital.cl\/sites\/vc\/wp-content\/uploads\/2022\/02\/e_centex_01.jpeg","width":1920,"height":1080},{"@type":"BreadcrumbList","@id":"https:\/\/dev.antudigital.cl\/sites\/vc\/centex-se-suma-a-las-celebracion-del-dia-del-teatro\/#breadcrumb","itemListElement":[{"@type":"ListItem","position":1,"name":"Home","item":"https:\/\/dev.antudigital.cl\/sites\/vc\/"},{"@type":"ListItem","position":2,"name":"Centex se suma a las celebraci\u00f3n del D\u00eda del Teatro"}]},{"@type":"WebSite","@id":"https:\/\/dev.antudigital.cl\/sites\/vc\/#website","url":"https:\/\/dev.antudigital.cl\/sites\/vc\/","name":"Valpara\u00ed\u00adso Creativo","description":"","potentialAction":[{"@type":"SearchAction","target":{"@type":"EntryPoint","urlTemplate":"https:\/\/dev.antudigital.cl\/sites\/vc\/?s={search_term_string}"},"query-input":{"@type":"PropertyValueSpecification","valueRequired":true,"valueName":"search_term_string"}}],"inLanguage":"es"},{"@type":"Person","@id":"https:\/\/dev.antudigital.cl\/sites\/vc\/#\/schema\/person\/c2b9da8dd545e27166fc5ab232837318","name":"Valpara\u00edso Creativo","description":"Periodista de cultura en la Regi\u00f3n de Valpara\u00edso.","url":"https:\/\/dev.antudigital.cl\/sites\/vc\/author\/valpoadmin\/"}]}},"_links":{"self":[{"href":"https:\/\/dev.antudigital.cl\/sites\/vc\/wp-json\/wp\/v2\/posts\/10844","targetHints":{"allow":["GET"]}}],"collection":[{"href":"https:\/\/dev.antudigital.cl\/sites\/vc\/wp-json\/wp\/v2\/posts"}],"about":[{"href":"https:\/\/dev.antudigital.cl\/sites\/vc\/wp-json\/wp\/v2\/types\/post"}],"author":[{"embeddable":true,"href":"https:\/\/dev.antudigital.cl\/sites\/vc\/wp-json\/wp\/v2\/users\/1"}],"replies":[{"embeddable":true,"href":"https:\/\/dev.antudigital.cl\/sites\/vc\/wp-json\/wp\/v2\/comments?post=10844"}],"version-history":[{"count":1,"href":"https:\/\/dev.antudigital.cl\/sites\/vc\/wp-json\/wp\/v2\/posts\/10844\/revisions"}],"predecessor-version":[{"id":10845,"href":"https:\/\/dev.antudigital.cl\/sites\/vc\/wp-json\/wp\/v2\/posts\/10844\/revisions\/10845"}],"wp:featuredmedia":[{"embeddable":true,"href":"https:\/\/dev.antudigital.cl\/sites\/vc\/wp-json\/wp\/v2\/media\/9820"}],"wp:attachment":[{"href":"https:\/\/dev.antudigital.cl\/sites\/vc\/wp-json\/wp\/v2\/media?parent=10844"}],"wp:term":[{"taxonomy":"category","embeddable":true,"href":"https:\/\/dev.antudigital.cl\/sites\/vc\/wp-json\/wp\/v2\/categories?post=10844"},{"taxonomy":"post_tag","embeddable":true,"href":"https:\/\/dev.antudigital.cl\/sites\/vc\/wp-json\/wp\/v2\/tags?post=10844"}],"curies":[{"name":"wp","href":"https:\/\/api.w.org\/{rel}","templated":true}]}}