{"id":10846,"date":"2022-05-09T13:10:52","date_gmt":"2022-05-09T13:10:52","guid":{"rendered":"https:\/\/www.valparaisocreativo.cl\/?p=10846"},"modified":"2022-05-09T13:10:57","modified_gmt":"2022-05-09T13:10:57","slug":"villa-alemana-tambien-celebra-el-dia-del-teatro-en-centro-cultural-gabriela-mistral","status":"publish","type":"post","link":"https:\/\/dev.antudigital.cl\/sites\/vc\/villa-alemana-tambien-celebra-el-dia-del-teatro-en-centro-cultural-gabriela-mistral\/","title":{"rendered":"Villa Alemana tambi\u00e9n celebra el D\u00eda del Teatro en Centro Cultural Gabriela Mistral"},"content":{"rendered":"\n<h2 class=\"wp-block-heading\"><a href=\"https:\/\/www.instagram.com\/ccgabrielamistral\/\"><\/a><\/h2>\n\n\n\n<p>&#x1f3ad;En el marco de la celebraci\u00f3n del D\u00eda Nacional del Teatro, el <a href=\"https:\/\/www.instagram.com\/ccgabrielamistral\/\">Centro Cultural Gabriela Mistral<\/a> presenta e<strong>l <\/strong>s\u00e1bado 14 de mayo a las 19:00 horas, la obra \u201c<strong>Vino por la causa<\/strong>\u201d, de Ankalli Artes Esc\u00e9nicas.<\/p>\n\n\n\n<p>Esta obra de teatro cuenta con m\u00fasica en vivo, y visibiliza los aportes de las culturas migrantes, inspir\u00e1ndose en la cocina peruana y chilena. Los personajes son dos nanas, una mujer peruana y una mujer mapuche, se encuentran y desencuentran, d\u00e1ndose cuenta que tienen mucho en com\u00fan.<\/p>\n\n\n\n<p>El proyecto es parte de la itinerancia regional <a href=\"https:\/\/www.instagram.com\/explore\/tags\/uncuartetodeartes\/\">#UnCuartetoDeArtes<\/a>. <\/p>\n\n\n\n<p>Entrada liberada<\/p>\n\n\n\n<figure class=\"wp-block-image size-large\"><img fetchpriority=\"high\" decoding=\"async\" width=\"1024\" height=\"1024\" src=\"https:\/\/www.valparaisocreativo.cl\/wp-content\/uploads\/2022\/05\/280141101_362675532552547_7633540622794486339_n-1024x1024.jpg\" alt=\"\" class=\"wp-image-10848\" srcset=\"https:\/\/dev.antudigital.cl\/sites\/vc\/wp-content\/uploads\/2022\/05\/280141101_362675532552547_7633540622794486339_n-1024x1024.jpg 1024w, https:\/\/dev.antudigital.cl\/sites\/vc\/wp-content\/uploads\/2022\/05\/280141101_362675532552547_7633540622794486339_n-300x300.jpg 300w, https:\/\/dev.antudigital.cl\/sites\/vc\/wp-content\/uploads\/2022\/05\/280141101_362675532552547_7633540622794486339_n-150x150.jpg 150w, https:\/\/dev.antudigital.cl\/sites\/vc\/wp-content\/uploads\/2022\/05\/280141101_362675532552547_7633540622794486339_n-768x768.jpg 768w, https:\/\/dev.antudigital.cl\/sites\/vc\/wp-content\/uploads\/2022\/05\/280141101_362675532552547_7633540622794486339_n-980x980.jpg 980w, https:\/\/dev.antudigital.cl\/sites\/vc\/wp-content\/uploads\/2022\/05\/280141101_362675532552547_7633540622794486339_n-480x480.jpg 480w, https:\/\/dev.antudigital.cl\/sites\/vc\/wp-content\/uploads\/2022\/05\/280141101_362675532552547_7633540622794486339_n.jpg 1080w\" sizes=\"(max-width: 1024px) 100vw, 1024px\" \/><\/figure>\n","protected":false},"excerpt":{"rendered":"<p>&#x1f3ad;En el marco de la celebraci\u00f3n del D\u00eda Nacional del Teatro, el Centro Cultural Gabriela Mistral presenta el s\u00e1bado 14 de mayo a las 19:00 horas, la obra \u201cVino por la causa\u201d, de Ankalli Artes Esc\u00e9nicas. Esta obra de teatro cuenta con m\u00fasica en vivo, y visibiliza los aportes de las culturas migrantes, inspir\u00e1ndose en [&hellip;]<\/p>\n","protected":false},"author":1,"featured_media":10847,"comment_status":"open","ping_status":"closed","sticky":false,"template":"","format":"standard","meta":{"_acf_changed":false,"footnotes":""},"categories":[8],"tags":[],"class_list":["post-10846","post","type-post","status-publish","format-standard","has-post-thumbnail","hentry","category-noticia"],"acf":[],"yoast_head":"<!-- This site is optimized with the Yoast SEO plugin v27.1.1 - https:\/\/yoast.com\/product\/yoast-seo-wordpress\/ -->\n<title>Villa Alemana tambi\u00e9n celebra el D\u00eda del Teatro en Centro Cultural Gabriela Mistral - Valpara\u00ed\u00adso Creativo<\/title>\n<meta name=\"robots\" content=\"index, follow, max-snippet:-1, max-image-preview:large, max-video-preview:-1\" \/>\n<link rel=\"canonical\" href=\"https:\/\/dev.antudigital.cl\/sites\/vc\/villa-alemana-tambien-celebra-el-dia-del-teatro-en-centro-cultural-gabriela-mistral\/\" \/>\n<meta property=\"og:locale\" content=\"es_ES\" \/>\n<meta property=\"og:type\" content=\"article\" \/>\n<meta property=\"og:title\" content=\"Villa Alemana tambi\u00e9n celebra el D\u00eda del Teatro en Centro Cultural Gabriela Mistral - Valpara\u00ed\u00adso Creativo\" \/>\n<meta property=\"og:description\" content=\"&#x1f3ad;En el marco de la celebraci\u00f3n del D\u00eda Nacional del Teatro, el Centro Cultural Gabriela Mistral presenta el s\u00e1bado 14 de mayo a las 19:00 horas, la obra \u201cVino por la causa\u201d, de Ankalli Artes Esc\u00e9nicas. Esta obra de teatro cuenta con m\u00fasica en vivo, y visibiliza los aportes de las culturas migrantes, inspir\u00e1ndose en [&hellip;]\" \/>\n<meta property=\"og:url\" content=\"https:\/\/dev.antudigital.cl\/sites\/vc\/villa-alemana-tambien-celebra-el-dia-del-teatro-en-centro-cultural-gabriela-mistral\/\" \/>\n<meta property=\"og:site_name\" content=\"Valpara\u00ed\u00adso Creativo\" \/>\n<meta property=\"article:published_time\" content=\"2022-05-09T13:10:52+00:00\" \/>\n<meta property=\"article:modified_time\" content=\"2022-05-09T13:10:57+00:00\" \/>\n<meta property=\"og:image\" content=\"https:\/\/dev.antudigital.cl\/sites\/vc\/wp-content\/uploads\/2022\/05\/Captura-de-Pantalla-2022-05-09-a-las-09.07.16.png\" \/>\n\t<meta property=\"og:image:width\" content=\"679\" \/>\n\t<meta property=\"og:image:height\" content=\"434\" \/>\n\t<meta property=\"og:image:type\" content=\"image\/png\" \/>\n<meta name=\"author\" content=\"Valpara\u00edso Creativo\" \/>\n<meta name=\"twitter:card\" content=\"summary_large_image\" \/>\n<meta name=\"twitter:label1\" content=\"Escrito por\" \/>\n\t<meta name=\"twitter:data1\" content=\"Valpara\u00edso Creativo\" \/>\n\t<meta name=\"twitter:label2\" content=\"Tiempo de lectura\" \/>\n\t<meta name=\"twitter:data2\" content=\"1 minuto\" \/>\n<script type=\"application\/ld+json\" class=\"yoast-schema-graph\">{\"@context\":\"https:\/\/schema.org\",\"@graph\":[{\"@type\":\"Article\",\"@id\":\"https:\/\/dev.antudigital.cl\/sites\/vc\/villa-alemana-tambien-celebra-el-dia-del-teatro-en-centro-cultural-gabriela-mistral\/#article\",\"isPartOf\":{\"@id\":\"https:\/\/dev.antudigital.cl\/sites\/vc\/villa-alemana-tambien-celebra-el-dia-del-teatro-en-centro-cultural-gabriela-mistral\/\"},\"author\":{\"name\":\"Valpara\u00edso Creativo\",\"@id\":\"https:\/\/dev.antudigital.cl\/sites\/vc\/#\/schema\/person\/c2b9da8dd545e27166fc5ab232837318\"},\"headline\":\"Villa Alemana tambi\u00e9n celebra el D\u00eda del Teatro en Centro Cultural Gabriela Mistral\",\"datePublished\":\"2022-05-09T13:10:52+00:00\",\"dateModified\":\"2022-05-09T13:10:57+00:00\",\"mainEntityOfPage\":{\"@id\":\"https:\/\/dev.antudigital.cl\/sites\/vc\/villa-alemana-tambien-celebra-el-dia-del-teatro-en-centro-cultural-gabriela-mistral\/\"},\"wordCount\":118,\"commentCount\":0,\"image\":{\"@id\":\"https:\/\/dev.antudigital.cl\/sites\/vc\/villa-alemana-tambien-celebra-el-dia-del-teatro-en-centro-cultural-gabriela-mistral\/#primaryimage\"},\"thumbnailUrl\":\"https:\/\/dev.antudigital.cl\/sites\/vc\/wp-content\/uploads\/2022\/05\/Captura-de-Pantalla-2022-05-09-a-las-09.07.16.png\",\"articleSection\":[\"Noticia\"],\"inLanguage\":\"es\",\"potentialAction\":[{\"@type\":\"CommentAction\",\"name\":\"Comment\",\"target\":[\"https:\/\/dev.antudigital.cl\/sites\/vc\/villa-alemana-tambien-celebra-el-dia-del-teatro-en-centro-cultural-gabriela-mistral\/#respond\"]}]},{\"@type\":\"WebPage\",\"@id\":\"https:\/\/dev.antudigital.cl\/sites\/vc\/villa-alemana-tambien-celebra-el-dia-del-teatro-en-centro-cultural-gabriela-mistral\/\",\"url\":\"https:\/\/dev.antudigital.cl\/sites\/vc\/villa-alemana-tambien-celebra-el-dia-del-teatro-en-centro-cultural-gabriela-mistral\/\",\"name\":\"Villa Alemana tambi\u00e9n celebra el D\u00eda del Teatro en Centro Cultural Gabriela Mistral - Valpara\u00ed\u00adso Creativo\",\"isPartOf\":{\"@id\":\"https:\/\/dev.antudigital.cl\/sites\/vc\/#website\"},\"primaryImageOfPage\":{\"@id\":\"https:\/\/dev.antudigital.cl\/sites\/vc\/villa-alemana-tambien-celebra-el-dia-del-teatro-en-centro-cultural-gabriela-mistral\/#primaryimage\"},\"image\":{\"@id\":\"https:\/\/dev.antudigital.cl\/sites\/vc\/villa-alemana-tambien-celebra-el-dia-del-teatro-en-centro-cultural-gabriela-mistral\/#primaryimage\"},\"thumbnailUrl\":\"https:\/\/dev.antudigital.cl\/sites\/vc\/wp-content\/uploads\/2022\/05\/Captura-de-Pantalla-2022-05-09-a-las-09.07.16.png\",\"datePublished\":\"2022-05-09T13:10:52+00:00\",\"dateModified\":\"2022-05-09T13:10:57+00:00\",\"author\":{\"@id\":\"https:\/\/dev.antudigital.cl\/sites\/vc\/#\/schema\/person\/c2b9da8dd545e27166fc5ab232837318\"},\"breadcrumb\":{\"@id\":\"https:\/\/dev.antudigital.cl\/sites\/vc\/villa-alemana-tambien-celebra-el-dia-del-teatro-en-centro-cultural-gabriela-mistral\/#breadcrumb\"},\"inLanguage\":\"es\",\"potentialAction\":[{\"@type\":\"ReadAction\",\"target\":[\"https:\/\/dev.antudigital.cl\/sites\/vc\/villa-alemana-tambien-celebra-el-dia-del-teatro-en-centro-cultural-gabriela-mistral\/\"]}]},{\"@type\":\"ImageObject\",\"inLanguage\":\"es\",\"@id\":\"https:\/\/dev.antudigital.cl\/sites\/vc\/villa-alemana-tambien-celebra-el-dia-del-teatro-en-centro-cultural-gabriela-mistral\/#primaryimage\",\"url\":\"https:\/\/dev.antudigital.cl\/sites\/vc\/wp-content\/uploads\/2022\/05\/Captura-de-Pantalla-2022-05-09-a-las-09.07.16.png\",\"contentUrl\":\"https:\/\/dev.antudigital.cl\/sites\/vc\/wp-content\/uploads\/2022\/05\/Captura-de-Pantalla-2022-05-09-a-las-09.07.16.png\",\"width\":679,\"height\":434},{\"@type\":\"BreadcrumbList\",\"@id\":\"https:\/\/dev.antudigital.cl\/sites\/vc\/villa-alemana-tambien-celebra-el-dia-del-teatro-en-centro-cultural-gabriela-mistral\/#breadcrumb\",\"itemListElement\":[{\"@type\":\"ListItem\",\"position\":1,\"name\":\"Home\",\"item\":\"https:\/\/dev.antudigital.cl\/sites\/vc\/\"},{\"@type\":\"ListItem\",\"position\":2,\"name\":\"Villa Alemana tambi\u00e9n celebra el D\u00eda del Teatro en Centro Cultural Gabriela Mistral\"}]},{\"@type\":\"WebSite\",\"@id\":\"https:\/\/dev.antudigital.cl\/sites\/vc\/#website\",\"url\":\"https:\/\/dev.antudigital.cl\/sites\/vc\/\",\"name\":\"Valpara\u00ed\u00adso Creativo\",\"description\":\"\",\"potentialAction\":[{\"@type\":\"SearchAction\",\"target\":{\"@type\":\"EntryPoint\",\"urlTemplate\":\"https:\/\/dev.antudigital.cl\/sites\/vc\/?s={search_term_string}\"},\"query-input\":{\"@type\":\"PropertyValueSpecification\",\"valueRequired\":true,\"valueName\":\"search_term_string\"}}],\"inLanguage\":\"es\"},{\"@type\":\"Person\",\"@id\":\"https:\/\/dev.antudigital.cl\/sites\/vc\/#\/schema\/person\/c2b9da8dd545e27166fc5ab232837318\",\"name\":\"Valpara\u00edso Creativo\",\"description\":\"Periodista de cultura en la Regi\u00f3n de Valpara\u00edso.\",\"url\":\"https:\/\/dev.antudigital.cl\/sites\/vc\/author\/valpoadmin\/\"}]}<\/script>\n<!-- \/ Yoast SEO plugin. -->","yoast_head_json":{"title":"Villa Alemana tambi\u00e9n celebra el D\u00eda del Teatro en Centro Cultural Gabriela Mistral - Valpara\u00ed\u00adso Creativo","robots":{"index":"index","follow":"follow","max-snippet":"max-snippet:-1","max-image-preview":"max-image-preview:large","max-video-preview":"max-video-preview:-1"},"canonical":"https:\/\/dev.antudigital.cl\/sites\/vc\/villa-alemana-tambien-celebra-el-dia-del-teatro-en-centro-cultural-gabriela-mistral\/","og_locale":"es_ES","og_type":"article","og_title":"Villa Alemana tambi\u00e9n celebra el D\u00eda del Teatro en Centro Cultural Gabriela Mistral - Valpara\u00ed\u00adso Creativo","og_description":"&#x1f3ad;En el marco de la celebraci\u00f3n del D\u00eda Nacional del Teatro, el Centro Cultural Gabriela Mistral presenta el s\u00e1bado 14 de mayo a las 19:00 horas, la obra \u201cVino por la causa\u201d, de Ankalli Artes Esc\u00e9nicas. Esta obra de teatro cuenta con m\u00fasica en vivo, y visibiliza los aportes de las culturas migrantes, inspir\u00e1ndose en [&hellip;]","og_url":"https:\/\/dev.antudigital.cl\/sites\/vc\/villa-alemana-tambien-celebra-el-dia-del-teatro-en-centro-cultural-gabriela-mistral\/","og_site_name":"Valpara\u00ed\u00adso Creativo","article_published_time":"2022-05-09T13:10:52+00:00","article_modified_time":"2022-05-09T13:10:57+00:00","og_image":[{"width":679,"height":434,"url":"https:\/\/dev.antudigital.cl\/sites\/vc\/wp-content\/uploads\/2022\/05\/Captura-de-Pantalla-2022-05-09-a-las-09.07.16.png","type":"image\/png"}],"author":"Valpara\u00edso Creativo","twitter_card":"summary_large_image","twitter_misc":{"Escrito por":"Valpara\u00edso Creativo","Tiempo de lectura":"1 minuto"},"schema":{"@context":"https:\/\/schema.org","@graph":[{"@type":"Article","@id":"https:\/\/dev.antudigital.cl\/sites\/vc\/villa-alemana-tambien-celebra-el-dia-del-teatro-en-centro-cultural-gabriela-mistral\/#article","isPartOf":{"@id":"https:\/\/dev.antudigital.cl\/sites\/vc\/villa-alemana-tambien-celebra-el-dia-del-teatro-en-centro-cultural-gabriela-mistral\/"},"author":{"name":"Valpara\u00edso Creativo","@id":"https:\/\/dev.antudigital.cl\/sites\/vc\/#\/schema\/person\/c2b9da8dd545e27166fc5ab232837318"},"headline":"Villa Alemana tambi\u00e9n celebra el D\u00eda del Teatro en Centro Cultural Gabriela Mistral","datePublished":"2022-05-09T13:10:52+00:00","dateModified":"2022-05-09T13:10:57+00:00","mainEntityOfPage":{"@id":"https:\/\/dev.antudigital.cl\/sites\/vc\/villa-alemana-tambien-celebra-el-dia-del-teatro-en-centro-cultural-gabriela-mistral\/"},"wordCount":118,"commentCount":0,"image":{"@id":"https:\/\/dev.antudigital.cl\/sites\/vc\/villa-alemana-tambien-celebra-el-dia-del-teatro-en-centro-cultural-gabriela-mistral\/#primaryimage"},"thumbnailUrl":"https:\/\/dev.antudigital.cl\/sites\/vc\/wp-content\/uploads\/2022\/05\/Captura-de-Pantalla-2022-05-09-a-las-09.07.16.png","articleSection":["Noticia"],"inLanguage":"es","potentialAction":[{"@type":"CommentAction","name":"Comment","target":["https:\/\/dev.antudigital.cl\/sites\/vc\/villa-alemana-tambien-celebra-el-dia-del-teatro-en-centro-cultural-gabriela-mistral\/#respond"]}]},{"@type":"WebPage","@id":"https:\/\/dev.antudigital.cl\/sites\/vc\/villa-alemana-tambien-celebra-el-dia-del-teatro-en-centro-cultural-gabriela-mistral\/","url":"https:\/\/dev.antudigital.cl\/sites\/vc\/villa-alemana-tambien-celebra-el-dia-del-teatro-en-centro-cultural-gabriela-mistral\/","name":"Villa Alemana tambi\u00e9n celebra el D\u00eda del Teatro en Centro Cultural Gabriela Mistral - Valpara\u00ed\u00adso Creativo","isPartOf":{"@id":"https:\/\/dev.antudigital.cl\/sites\/vc\/#website"},"primaryImageOfPage":{"@id":"https:\/\/dev.antudigital.cl\/sites\/vc\/villa-alemana-tambien-celebra-el-dia-del-teatro-en-centro-cultural-gabriela-mistral\/#primaryimage"},"image":{"@id":"https:\/\/dev.antudigital.cl\/sites\/vc\/villa-alemana-tambien-celebra-el-dia-del-teatro-en-centro-cultural-gabriela-mistral\/#primaryimage"},"thumbnailUrl":"https:\/\/dev.antudigital.cl\/sites\/vc\/wp-content\/uploads\/2022\/05\/Captura-de-Pantalla-2022-05-09-a-las-09.07.16.png","datePublished":"2022-05-09T13:10:52+00:00","dateModified":"2022-05-09T13:10:57+00:00","author":{"@id":"https:\/\/dev.antudigital.cl\/sites\/vc\/#\/schema\/person\/c2b9da8dd545e27166fc5ab232837318"},"breadcrumb":{"@id":"https:\/\/dev.antudigital.cl\/sites\/vc\/villa-alemana-tambien-celebra-el-dia-del-teatro-en-centro-cultural-gabriela-mistral\/#breadcrumb"},"inLanguage":"es","potentialAction":[{"@type":"ReadAction","target":["https:\/\/dev.antudigital.cl\/sites\/vc\/villa-alemana-tambien-celebra-el-dia-del-teatro-en-centro-cultural-gabriela-mistral\/"]}]},{"@type":"ImageObject","inLanguage":"es","@id":"https:\/\/dev.antudigital.cl\/sites\/vc\/villa-alemana-tambien-celebra-el-dia-del-teatro-en-centro-cultural-gabriela-mistral\/#primaryimage","url":"https:\/\/dev.antudigital.cl\/sites\/vc\/wp-content\/uploads\/2022\/05\/Captura-de-Pantalla-2022-05-09-a-las-09.07.16.png","contentUrl":"https:\/\/dev.antudigital.cl\/sites\/vc\/wp-content\/uploads\/2022\/05\/Captura-de-Pantalla-2022-05-09-a-las-09.07.16.png","width":679,"height":434},{"@type":"BreadcrumbList","@id":"https:\/\/dev.antudigital.cl\/sites\/vc\/villa-alemana-tambien-celebra-el-dia-del-teatro-en-centro-cultural-gabriela-mistral\/#breadcrumb","itemListElement":[{"@type":"ListItem","position":1,"name":"Home","item":"https:\/\/dev.antudigital.cl\/sites\/vc\/"},{"@type":"ListItem","position":2,"name":"Villa Alemana tambi\u00e9n celebra el D\u00eda del Teatro en Centro Cultural Gabriela Mistral"}]},{"@type":"WebSite","@id":"https:\/\/dev.antudigital.cl\/sites\/vc\/#website","url":"https:\/\/dev.antudigital.cl\/sites\/vc\/","name":"Valpara\u00ed\u00adso Creativo","description":"","potentialAction":[{"@type":"SearchAction","target":{"@type":"EntryPoint","urlTemplate":"https:\/\/dev.antudigital.cl\/sites\/vc\/?s={search_term_string}"},"query-input":{"@type":"PropertyValueSpecification","valueRequired":true,"valueName":"search_term_string"}}],"inLanguage":"es"},{"@type":"Person","@id":"https:\/\/dev.antudigital.cl\/sites\/vc\/#\/schema\/person\/c2b9da8dd545e27166fc5ab232837318","name":"Valpara\u00edso Creativo","description":"Periodista de cultura en la Regi\u00f3n de Valpara\u00edso.","url":"https:\/\/dev.antudigital.cl\/sites\/vc\/author\/valpoadmin\/"}]}},"_links":{"self":[{"href":"https:\/\/dev.antudigital.cl\/sites\/vc\/wp-json\/wp\/v2\/posts\/10846","targetHints":{"allow":["GET"]}}],"collection":[{"href":"https:\/\/dev.antudigital.cl\/sites\/vc\/wp-json\/wp\/v2\/posts"}],"about":[{"href":"https:\/\/dev.antudigital.cl\/sites\/vc\/wp-json\/wp\/v2\/types\/post"}],"author":[{"embeddable":true,"href":"https:\/\/dev.antudigital.cl\/sites\/vc\/wp-json\/wp\/v2\/users\/1"}],"replies":[{"embeddable":true,"href":"https:\/\/dev.antudigital.cl\/sites\/vc\/wp-json\/wp\/v2\/comments?post=10846"}],"version-history":[{"count":1,"href":"https:\/\/dev.antudigital.cl\/sites\/vc\/wp-json\/wp\/v2\/posts\/10846\/revisions"}],"predecessor-version":[{"id":10849,"href":"https:\/\/dev.antudigital.cl\/sites\/vc\/wp-json\/wp\/v2\/posts\/10846\/revisions\/10849"}],"wp:featuredmedia":[{"embeddable":true,"href":"https:\/\/dev.antudigital.cl\/sites\/vc\/wp-json\/wp\/v2\/media\/10847"}],"wp:attachment":[{"href":"https:\/\/dev.antudigital.cl\/sites\/vc\/wp-json\/wp\/v2\/media?parent=10846"}],"wp:term":[{"taxonomy":"category","embeddable":true,"href":"https:\/\/dev.antudigital.cl\/sites\/vc\/wp-json\/wp\/v2\/categories?post=10846"},{"taxonomy":"post_tag","embeddable":true,"href":"https:\/\/dev.antudigital.cl\/sites\/vc\/wp-json\/wp\/v2\/tags?post=10846"}],"curies":[{"name":"wp","href":"https:\/\/api.w.org\/{rel}","templated":true}]}}