{"id":10854,"date":"2022-05-09T13:54:14","date_gmt":"2022-05-09T13:54:14","guid":{"rendered":"https:\/\/www.valparaisocreativo.cl\/?p=10854"},"modified":"2022-05-09T13:54:20","modified_gmt":"2022-05-09T13:54:20","slug":"entrevista-jorge-rodriguez-fundador-de-yahgan-audiolab","status":"publish","type":"post","link":"https:\/\/dev.antudigital.cl\/sites\/vc\/entrevista-jorge-rodriguez-fundador-de-yahgan-audiolab\/","title":{"rendered":"#Entrevista &#8211; Jorge Rodr\u00edguez, fundador de Yahgan Audiolab"},"content":{"rendered":"\n<p><a href=\"https:\/\/www.yahgan.cl\/\">Yaghan Audiolab<\/a> es el proyecto personal de Jorge Rodr\u00edguez, quien siendo Ingeniero Civil Mec\u00e1nico de profesi\u00f3n comenz\u00f3 hace seis a\u00f1os la aventura que lo llevar\u00eda a tener este emprendimiento totalmente fuera de su zona de confort, hasta transformarse en un experto de los equipos de sonido.<\/p>\n\n\n\n<p>Aislado de todo el mundo, en medio de la naturaleza limachina y sin interrupciones es que trabaja Jorge, en su estudio\/taller donde elabora dedicadamente cada pieza que hace: tocadiscos, ecualizadores y sistemas de sonido de primer nivel.\u00a0<\/p>\n\n\n\n<figure class=\"wp-block-image size-large\"><img fetchpriority=\"high\" decoding=\"async\" width=\"1024\" height=\"678\" src=\"https:\/\/www.valparaisocreativo.cl\/wp-content\/uploads\/2022\/05\/Captura-de-Pantalla-2022-05-09-a-las-09.49.29-1024x678.png\" alt=\"\" class=\"wp-image-10856\" srcset=\"https:\/\/dev.antudigital.cl\/sites\/vc\/wp-content\/uploads\/2022\/05\/Captura-de-Pantalla-2022-05-09-a-las-09.49.29-1024x678.png 1024w, https:\/\/dev.antudigital.cl\/sites\/vc\/wp-content\/uploads\/2022\/05\/Captura-de-Pantalla-2022-05-09-a-las-09.49.29-300x199.png 300w, https:\/\/dev.antudigital.cl\/sites\/vc\/wp-content\/uploads\/2022\/05\/Captura-de-Pantalla-2022-05-09-a-las-09.49.29-768x509.png 768w, https:\/\/dev.antudigital.cl\/sites\/vc\/wp-content\/uploads\/2022\/05\/Captura-de-Pantalla-2022-05-09-a-las-09.49.29-1080x715.png 1080w, https:\/\/dev.antudigital.cl\/sites\/vc\/wp-content\/uploads\/2022\/05\/Captura-de-Pantalla-2022-05-09-a-las-09.49.29-980x649.png 980w, https:\/\/dev.antudigital.cl\/sites\/vc\/wp-content\/uploads\/2022\/05\/Captura-de-Pantalla-2022-05-09-a-las-09.49.29-480x318.png 480w, https:\/\/dev.antudigital.cl\/sites\/vc\/wp-content\/uploads\/2022\/05\/Captura-de-Pantalla-2022-05-09-a-las-09.49.29.png 1202w\" sizes=\"(max-width: 1024px) 100vw, 1024px\" \/><\/figure>\n\n\n\n<p><strong>\u00bfC\u00f3mo parti\u00f3 <a href=\"https:\/\/www.instagram.com\/yahgan.audio.lab\/\">Yahgan Audiolab<\/a>?<\/strong><\/p>\n\n\n\n<p>-Comenc\u00e9 con esta idea en un momento determinado hace unos seis a\u00f1os. Durante a\u00f1os he sido un fan\u00e1tico de los equipos de audio. Desde ni\u00f1o me llamaron mucho la atenci\u00f3n, en especial los equipos ochenteros que ten\u00edan una gran oferta de dise\u00f1os y especificaciones. Con el tiempo y el renacer del sonido an\u00e1logo como algo de moda, decid\u00ed comprarme una tornamesa y esto me abri\u00f3 la pregunta de c\u00f3mo podr\u00eda yo hacer una, y comenc\u00e9 t\u00edmidamente a aprender. Empec\u00e9 con esa pieza y de a poco fui armando altavoces y las otras piezas, as\u00ed fue escalando.<\/p>\n\n\n\n<figure class=\"wp-block-image size-large\"><img decoding=\"async\" width=\"1024\" height=\"705\" src=\"https:\/\/www.valparaisocreativo.cl\/wp-content\/uploads\/2022\/05\/Captura-de-Pantalla-2022-05-09-a-las-09.49.13-1024x705.png\" alt=\"\" class=\"wp-image-10857\" srcset=\"https:\/\/dev.antudigital.cl\/sites\/vc\/wp-content\/uploads\/2022\/05\/Captura-de-Pantalla-2022-05-09-a-las-09.49.13-1024x705.png 1024w, https:\/\/dev.antudigital.cl\/sites\/vc\/wp-content\/uploads\/2022\/05\/Captura-de-Pantalla-2022-05-09-a-las-09.49.13-300x206.png 300w, https:\/\/dev.antudigital.cl\/sites\/vc\/wp-content\/uploads\/2022\/05\/Captura-de-Pantalla-2022-05-09-a-las-09.49.13-768x528.png 768w, https:\/\/dev.antudigital.cl\/sites\/vc\/wp-content\/uploads\/2022\/05\/Captura-de-Pantalla-2022-05-09-a-las-09.49.13-1080x743.png 1080w, https:\/\/dev.antudigital.cl\/sites\/vc\/wp-content\/uploads\/2022\/05\/Captura-de-Pantalla-2022-05-09-a-las-09.49.13-980x674.png 980w, https:\/\/dev.antudigital.cl\/sites\/vc\/wp-content\/uploads\/2022\/05\/Captura-de-Pantalla-2022-05-09-a-las-09.49.13-480x330.png 480w, https:\/\/dev.antudigital.cl\/sites\/vc\/wp-content\/uploads\/2022\/05\/Captura-de-Pantalla-2022-05-09-a-las-09.49.13.png 1199w\" sizes=\"(max-width: 1024px) 100vw, 1024px\" \/><\/figure>\n\n\n\n<p><strong>\u00bfCu\u00e1l es tu relaci\u00f3n con la m\u00fasica y el sonido?<\/strong><\/p>\n\n\n\n<p>-Cuando era ni\u00f1o, la casa de mis padres ten\u00eda un espacio que arrendaban a un caballero que ten\u00eda una reparadora electr\u00f3nica. Ten\u00eda 4 \u00f3 5 a\u00f1os cuando me iba a meter ah\u00ed, siempre con mucha inquietud por los equipos de sonido y c\u00f3mo los restauraba y armaba. Entonces siempre he sido un enamorado del tema y busco la mejor calidad de sonido en los equipos.<\/p>\n\n\n\n<p>\u00bf<strong>De qu\u00e9 manera aprendiste de este oficio, que difiere mucho de tu profesi\u00f3n?<\/strong><\/p>\n\n\n\n<p>-Al inicio tuve que estudiar mucho. Contrat\u00e9 a unas personas para que armaran la tornamesa, pero haci\u00e9ndolo yo mismo descubr\u00ed que pod\u00eda lograrlo en mejor tiempo y a m\u00ed manera. Fui \u201cmachacando\u201d mis conocimientos, pues era algo muy lejano a mi entendimiento. Di la vuelta al mundo por Internet buscando las piezas para encontrar la mejor \u201cf\u00f3rmula\u201d, conociendo materiales, y cuando di por fin con cada uno de estos elementos fue que me lanc\u00e9 a armar una l\u00ednea de productos, pensando en lograr un dise\u00f1o especial y \u00fanico.<\/p>\n\n\n\n<figure class=\"wp-block-image size-full\"><img decoding=\"async\" width=\"909\" height=\"526\" src=\"https:\/\/www.valparaisocreativo.cl\/wp-content\/uploads\/2022\/05\/Captura-de-Pantalla-2022-05-09-a-las-09.50.12.png\" alt=\"\" class=\"wp-image-10855\" srcset=\"https:\/\/dev.antudigital.cl\/sites\/vc\/wp-content\/uploads\/2022\/05\/Captura-de-Pantalla-2022-05-09-a-las-09.50.12.png 909w, https:\/\/dev.antudigital.cl\/sites\/vc\/wp-content\/uploads\/2022\/05\/Captura-de-Pantalla-2022-05-09-a-las-09.50.12-300x174.png 300w, https:\/\/dev.antudigital.cl\/sites\/vc\/wp-content\/uploads\/2022\/05\/Captura-de-Pantalla-2022-05-09-a-las-09.50.12-768x444.png 768w, https:\/\/dev.antudigital.cl\/sites\/vc\/wp-content\/uploads\/2022\/05\/Captura-de-Pantalla-2022-05-09-a-las-09.50.12-480x278.png 480w\" sizes=\"(max-width: 909px) 100vw, 909px\" \/><\/figure>\n\n\n\n<p><strong>\u00bfCu\u00e1ndo pasaste de tener este \u201cpasatiempo\u201d u obsesi\u00f3n a vender equipos?<\/strong><\/p>\n\n\n\n<p>-Hace unos tres a\u00f1os m\u00e1s o menos tuve la osad\u00eda de tirarme al mercado y vender mis primeros equipos. De ah\u00ed fui haci\u00e9ndome conocido, muy de boca en boca, entre amigos o conocidos. Ya en la actualidad tengo una l\u00ednea armada de audio completa, adem\u00e1s de una l\u00ednea de altavoces que fabrico como c\u00e1psulas, transformers y, por otra parte, insumos que importo de Estados Unidos, Jap\u00f3n e Inglaterra, ya que represento a algunas marcas.<\/p>\n\n\n\n<figure class=\"wp-block-image size-full\"><img loading=\"lazy\" decoding=\"async\" width=\"904\" height=\"677\" src=\"https:\/\/www.valparaisocreativo.cl\/wp-content\/uploads\/2022\/05\/Captura-de-Pantalla-2022-05-09-a-las-09.49.41.png\" alt=\"\" class=\"wp-image-10859\" srcset=\"https:\/\/dev.antudigital.cl\/sites\/vc\/wp-content\/uploads\/2022\/05\/Captura-de-Pantalla-2022-05-09-a-las-09.49.41.png 904w, https:\/\/dev.antudigital.cl\/sites\/vc\/wp-content\/uploads\/2022\/05\/Captura-de-Pantalla-2022-05-09-a-las-09.49.41-300x225.png 300w, https:\/\/dev.antudigital.cl\/sites\/vc\/wp-content\/uploads\/2022\/05\/Captura-de-Pantalla-2022-05-09-a-las-09.49.41-768x575.png 768w, https:\/\/dev.antudigital.cl\/sites\/vc\/wp-content\/uploads\/2022\/05\/Captura-de-Pantalla-2022-05-09-a-las-09.49.41-510x382.png 510w, https:\/\/dev.antudigital.cl\/sites\/vc\/wp-content\/uploads\/2022\/05\/Captura-de-Pantalla-2022-05-09-a-las-09.49.41-480x359.png 480w\" sizes=\"(max-width: 904px) 100vw, 904px\" \/><\/figure>\n\n\n\n<p><strong>\u00bfCu\u00e1l es tu principal impulso o motivaci\u00f3n?<\/strong><\/p>\n\n\n\n<p>-M\u00e1s que nada tengo ganas de hacer las cosas diferentes, y demostrar que en Chile se pueden hacer propuestas interesantes. Hay mucha estigmatizaci\u00f3n sobre lo que es hecho en nuestro pa\u00eds, entonces lo primero que hice fue mis equipos parecieran de manufactura internacional.<\/p>\n\n\n\n<p><strong>Adem\u00e1s, tienes una propuesta de valor interesante: son equipos de primer nivel y diferentes unos de otros.<\/strong><\/p>\n\n\n\n<p>-Claro, es que el mundo del audio es muy profesional y cuidado, no es f\u00e1cil entrar a ese mercado. Esto no es una producci\u00f3n masiva de tornamesas u altavoces, sino que fabrico especialmente la pieza para el cliente, es \u00fanica. De hecho en la misma l\u00ednea de productos, nunca son iguales. Siempre uno tiene una diferencia con el otro. Cada pieza es como una obra, irrepetible y hecha a medida del cliente. <\/p>\n\n\n\n<figure class=\"wp-block-image size-full\"><img loading=\"lazy\" decoding=\"async\" width=\"907\" height=\"649\" src=\"https:\/\/www.valparaisocreativo.cl\/wp-content\/uploads\/2022\/05\/Captura-de-Pantalla-2022-05-09-a-las-09.50.03.png\" alt=\"\" class=\"wp-image-10861\" srcset=\"https:\/\/dev.antudigital.cl\/sites\/vc\/wp-content\/uploads\/2022\/05\/Captura-de-Pantalla-2022-05-09-a-las-09.50.03.png 907w, https:\/\/dev.antudigital.cl\/sites\/vc\/wp-content\/uploads\/2022\/05\/Captura-de-Pantalla-2022-05-09-a-las-09.50.03-300x215.png 300w, https:\/\/dev.antudigital.cl\/sites\/vc\/wp-content\/uploads\/2022\/05\/Captura-de-Pantalla-2022-05-09-a-las-09.50.03-768x550.png 768w, https:\/\/dev.antudigital.cl\/sites\/vc\/wp-content\/uploads\/2022\/05\/Captura-de-Pantalla-2022-05-09-a-las-09.50.03-480x343.png 480w\" sizes=\"(max-width: 907px) 100vw, 907px\" \/><\/figure>\n\n\n\n<p><strong>\u00bfHa sido muy desafiante darse a conocer dentro de un mercado internacionalmente tan exigente y competitivo?<\/strong><\/p>\n\n\n\n<p>-Me fue dif\u00edcil dar a entender mi propuesta, pero siempre hay quienes creen en tus cosas y gracias en especial a las redes sociales he podido darme a conocer y abrir camino poco a poco. Intento no dejarme llevar por lo externo, sino que enfocarme en desarrollar mis productos cada vez mejor.<\/p>\n\n\n\n<p><\/p>\n\n\n\n<p><\/p>\n\n\n\n<p>No olvides seguir a Yahgan AudioLab en <a href=\"https:\/\/www.yahgan.cl\/\"><strong>su p\u00e1gina web<\/strong><\/a>.<\/p>\n","protected":false},"excerpt":{"rendered":"<p>Yaghan Audiolab es el proyecto personal de Jorge Rodr\u00edguez, quien siendo Ingeniero Civil Mec\u00e1nico de profesi\u00f3n comenz\u00f3 hace seis a\u00f1os la aventura que lo llevar\u00eda a tener este emprendimiento totalmente fuera de su zona de confort, hasta transformarse en un experto de los equipos de sonido. Aislado de todo el mundo, en medio de la [&hellip;]<\/p>\n","protected":false},"author":1,"featured_media":10860,"comment_status":"open","ping_status":"closed","sticky":false,"template":"","format":"standard","meta":{"_acf_changed":false,"footnotes":""},"categories":[8],"tags":[],"class_list":["post-10854","post","type-post","status-publish","format-standard","has-post-thumbnail","hentry","category-noticia"],"acf":[],"yoast_head":"<!-- This site is optimized with the Yoast SEO plugin v27.1.1 - https:\/\/yoast.com\/product\/yoast-seo-wordpress\/ -->\n<title>#Entrevista - Jorge Rodr\u00edguez, fundador de Yahgan Audiolab - Valpara\u00ed\u00adso Creativo<\/title>\n<meta name=\"robots\" content=\"index, follow, max-snippet:-1, max-image-preview:large, max-video-preview:-1\" \/>\n<link rel=\"canonical\" href=\"https:\/\/dev.antudigital.cl\/sites\/vc\/entrevista-jorge-rodriguez-fundador-de-yahgan-audiolab\/\" \/>\n<meta property=\"og:locale\" content=\"es_ES\" \/>\n<meta property=\"og:type\" content=\"article\" \/>\n<meta property=\"og:title\" content=\"#Entrevista - Jorge Rodr\u00edguez, fundador de Yahgan Audiolab - Valpara\u00ed\u00adso Creativo\" \/>\n<meta property=\"og:description\" content=\"Yaghan Audiolab es el proyecto personal de Jorge Rodr\u00edguez, quien siendo Ingeniero Civil Mec\u00e1nico de profesi\u00f3n comenz\u00f3 hace seis a\u00f1os la aventura que lo llevar\u00eda a tener este emprendimiento totalmente fuera de su zona de confort, hasta transformarse en un experto de los equipos de sonido. Aislado de todo el mundo, en medio de la [&hellip;]\" \/>\n<meta property=\"og:url\" content=\"https:\/\/dev.antudigital.cl\/sites\/vc\/entrevista-jorge-rodriguez-fundador-de-yahgan-audiolab\/\" \/>\n<meta property=\"og:site_name\" content=\"Valpara\u00ed\u00adso Creativo\" \/>\n<meta property=\"article:published_time\" content=\"2022-05-09T13:54:14+00:00\" \/>\n<meta property=\"article:modified_time\" content=\"2022-05-09T13:54:20+00:00\" \/>\n<meta property=\"og:image\" content=\"https:\/\/dev.antudigital.cl\/sites\/vc\/wp-content\/uploads\/2022\/05\/Captura-de-Pantalla-2022-05-09-a-las-09.49.51.png\" \/>\n\t<meta property=\"og:image:width\" content=\"1200\" \/>\n\t<meta property=\"og:image:height\" content=\"602\" \/>\n\t<meta property=\"og:image:type\" content=\"image\/png\" \/>\n<meta name=\"author\" content=\"Valpara\u00edso Creativo\" \/>\n<meta name=\"twitter:card\" content=\"summary_large_image\" \/>\n<meta name=\"twitter:label1\" content=\"Escrito por\" \/>\n\t<meta name=\"twitter:data1\" content=\"Valpara\u00edso Creativo\" \/>\n\t<meta name=\"twitter:label2\" content=\"Tiempo de lectura\" \/>\n\t<meta name=\"twitter:data2\" content=\"5 minutos\" \/>\n<script type=\"application\/ld+json\" class=\"yoast-schema-graph\">{\"@context\":\"https:\/\/schema.org\",\"@graph\":[{\"@type\":\"Article\",\"@id\":\"https:\/\/dev.antudigital.cl\/sites\/vc\/entrevista-jorge-rodriguez-fundador-de-yahgan-audiolab\/#article\",\"isPartOf\":{\"@id\":\"https:\/\/dev.antudigital.cl\/sites\/vc\/entrevista-jorge-rodriguez-fundador-de-yahgan-audiolab\/\"},\"author\":{\"name\":\"Valpara\u00edso Creativo\",\"@id\":\"https:\/\/dev.antudigital.cl\/sites\/vc\/#\/schema\/person\/c2b9da8dd545e27166fc5ab232837318\"},\"headline\":\"#Entrevista &#8211; Jorge Rodr\u00edguez, fundador de Yahgan Audiolab\",\"datePublished\":\"2022-05-09T13:54:14+00:00\",\"dateModified\":\"2022-05-09T13:54:20+00:00\",\"mainEntityOfPage\":{\"@id\":\"https:\/\/dev.antudigital.cl\/sites\/vc\/entrevista-jorge-rodriguez-fundador-de-yahgan-audiolab\/\"},\"wordCount\":723,\"commentCount\":0,\"image\":{\"@id\":\"https:\/\/dev.antudigital.cl\/sites\/vc\/entrevista-jorge-rodriguez-fundador-de-yahgan-audiolab\/#primaryimage\"},\"thumbnailUrl\":\"https:\/\/dev.antudigital.cl\/sites\/vc\/wp-content\/uploads\/2022\/05\/Captura-de-Pantalla-2022-05-09-a-las-09.49.51.png\",\"articleSection\":[\"Noticia\"],\"inLanguage\":\"es\",\"potentialAction\":[{\"@type\":\"CommentAction\",\"name\":\"Comment\",\"target\":[\"https:\/\/dev.antudigital.cl\/sites\/vc\/entrevista-jorge-rodriguez-fundador-de-yahgan-audiolab\/#respond\"]}]},{\"@type\":\"WebPage\",\"@id\":\"https:\/\/dev.antudigital.cl\/sites\/vc\/entrevista-jorge-rodriguez-fundador-de-yahgan-audiolab\/\",\"url\":\"https:\/\/dev.antudigital.cl\/sites\/vc\/entrevista-jorge-rodriguez-fundador-de-yahgan-audiolab\/\",\"name\":\"#Entrevista - Jorge Rodr\u00edguez, fundador de Yahgan Audiolab - Valpara\u00ed\u00adso Creativo\",\"isPartOf\":{\"@id\":\"https:\/\/dev.antudigital.cl\/sites\/vc\/#website\"},\"primaryImageOfPage\":{\"@id\":\"https:\/\/dev.antudigital.cl\/sites\/vc\/entrevista-jorge-rodriguez-fundador-de-yahgan-audiolab\/#primaryimage\"},\"image\":{\"@id\":\"https:\/\/dev.antudigital.cl\/sites\/vc\/entrevista-jorge-rodriguez-fundador-de-yahgan-audiolab\/#primaryimage\"},\"thumbnailUrl\":\"https:\/\/dev.antudigital.cl\/sites\/vc\/wp-content\/uploads\/2022\/05\/Captura-de-Pantalla-2022-05-09-a-las-09.49.51.png\",\"datePublished\":\"2022-05-09T13:54:14+00:00\",\"dateModified\":\"2022-05-09T13:54:20+00:00\",\"author\":{\"@id\":\"https:\/\/dev.antudigital.cl\/sites\/vc\/#\/schema\/person\/c2b9da8dd545e27166fc5ab232837318\"},\"breadcrumb\":{\"@id\":\"https:\/\/dev.antudigital.cl\/sites\/vc\/entrevista-jorge-rodriguez-fundador-de-yahgan-audiolab\/#breadcrumb\"},\"inLanguage\":\"es\",\"potentialAction\":[{\"@type\":\"ReadAction\",\"target\":[\"https:\/\/dev.antudigital.cl\/sites\/vc\/entrevista-jorge-rodriguez-fundador-de-yahgan-audiolab\/\"]}]},{\"@type\":\"ImageObject\",\"inLanguage\":\"es\",\"@id\":\"https:\/\/dev.antudigital.cl\/sites\/vc\/entrevista-jorge-rodriguez-fundador-de-yahgan-audiolab\/#primaryimage\",\"url\":\"https:\/\/dev.antudigital.cl\/sites\/vc\/wp-content\/uploads\/2022\/05\/Captura-de-Pantalla-2022-05-09-a-las-09.49.51.png\",\"contentUrl\":\"https:\/\/dev.antudigital.cl\/sites\/vc\/wp-content\/uploads\/2022\/05\/Captura-de-Pantalla-2022-05-09-a-las-09.49.51.png\",\"width\":1200,\"height\":602},{\"@type\":\"BreadcrumbList\",\"@id\":\"https:\/\/dev.antudigital.cl\/sites\/vc\/entrevista-jorge-rodriguez-fundador-de-yahgan-audiolab\/#breadcrumb\",\"itemListElement\":[{\"@type\":\"ListItem\",\"position\":1,\"name\":\"Home\",\"item\":\"https:\/\/dev.antudigital.cl\/sites\/vc\/\"},{\"@type\":\"ListItem\",\"position\":2,\"name\":\"#Entrevista &#8211; Jorge Rodr\u00edguez, fundador de Yahgan Audiolab\"}]},{\"@type\":\"WebSite\",\"@id\":\"https:\/\/dev.antudigital.cl\/sites\/vc\/#website\",\"url\":\"https:\/\/dev.antudigital.cl\/sites\/vc\/\",\"name\":\"Valpara\u00ed\u00adso Creativo\",\"description\":\"\",\"potentialAction\":[{\"@type\":\"SearchAction\",\"target\":{\"@type\":\"EntryPoint\",\"urlTemplate\":\"https:\/\/dev.antudigital.cl\/sites\/vc\/?s={search_term_string}\"},\"query-input\":{\"@type\":\"PropertyValueSpecification\",\"valueRequired\":true,\"valueName\":\"search_term_string\"}}],\"inLanguage\":\"es\"},{\"@type\":\"Person\",\"@id\":\"https:\/\/dev.antudigital.cl\/sites\/vc\/#\/schema\/person\/c2b9da8dd545e27166fc5ab232837318\",\"name\":\"Valpara\u00edso Creativo\",\"description\":\"Periodista de cultura en la Regi\u00f3n de Valpara\u00edso.\",\"url\":\"https:\/\/dev.antudigital.cl\/sites\/vc\/author\/valpoadmin\/\"}]}<\/script>\n<!-- \/ Yoast SEO plugin. -->","yoast_head_json":{"title":"#Entrevista - Jorge Rodr\u00edguez, fundador de Yahgan Audiolab - Valpara\u00ed\u00adso Creativo","robots":{"index":"index","follow":"follow","max-snippet":"max-snippet:-1","max-image-preview":"max-image-preview:large","max-video-preview":"max-video-preview:-1"},"canonical":"https:\/\/dev.antudigital.cl\/sites\/vc\/entrevista-jorge-rodriguez-fundador-de-yahgan-audiolab\/","og_locale":"es_ES","og_type":"article","og_title":"#Entrevista - Jorge Rodr\u00edguez, fundador de Yahgan Audiolab - Valpara\u00ed\u00adso Creativo","og_description":"Yaghan Audiolab es el proyecto personal de Jorge Rodr\u00edguez, quien siendo Ingeniero Civil Mec\u00e1nico de profesi\u00f3n comenz\u00f3 hace seis a\u00f1os la aventura que lo llevar\u00eda a tener este emprendimiento totalmente fuera de su zona de confort, hasta transformarse en un experto de los equipos de sonido. Aislado de todo el mundo, en medio de la [&hellip;]","og_url":"https:\/\/dev.antudigital.cl\/sites\/vc\/entrevista-jorge-rodriguez-fundador-de-yahgan-audiolab\/","og_site_name":"Valpara\u00ed\u00adso Creativo","article_published_time":"2022-05-09T13:54:14+00:00","article_modified_time":"2022-05-09T13:54:20+00:00","og_image":[{"width":1200,"height":602,"url":"https:\/\/dev.antudigital.cl\/sites\/vc\/wp-content\/uploads\/2022\/05\/Captura-de-Pantalla-2022-05-09-a-las-09.49.51.png","type":"image\/png"}],"author":"Valpara\u00edso Creativo","twitter_card":"summary_large_image","twitter_misc":{"Escrito por":"Valpara\u00edso Creativo","Tiempo de lectura":"5 minutos"},"schema":{"@context":"https:\/\/schema.org","@graph":[{"@type":"Article","@id":"https:\/\/dev.antudigital.cl\/sites\/vc\/entrevista-jorge-rodriguez-fundador-de-yahgan-audiolab\/#article","isPartOf":{"@id":"https:\/\/dev.antudigital.cl\/sites\/vc\/entrevista-jorge-rodriguez-fundador-de-yahgan-audiolab\/"},"author":{"name":"Valpara\u00edso Creativo","@id":"https:\/\/dev.antudigital.cl\/sites\/vc\/#\/schema\/person\/c2b9da8dd545e27166fc5ab232837318"},"headline":"#Entrevista &#8211; Jorge Rodr\u00edguez, fundador de Yahgan Audiolab","datePublished":"2022-05-09T13:54:14+00:00","dateModified":"2022-05-09T13:54:20+00:00","mainEntityOfPage":{"@id":"https:\/\/dev.antudigital.cl\/sites\/vc\/entrevista-jorge-rodriguez-fundador-de-yahgan-audiolab\/"},"wordCount":723,"commentCount":0,"image":{"@id":"https:\/\/dev.antudigital.cl\/sites\/vc\/entrevista-jorge-rodriguez-fundador-de-yahgan-audiolab\/#primaryimage"},"thumbnailUrl":"https:\/\/dev.antudigital.cl\/sites\/vc\/wp-content\/uploads\/2022\/05\/Captura-de-Pantalla-2022-05-09-a-las-09.49.51.png","articleSection":["Noticia"],"inLanguage":"es","potentialAction":[{"@type":"CommentAction","name":"Comment","target":["https:\/\/dev.antudigital.cl\/sites\/vc\/entrevista-jorge-rodriguez-fundador-de-yahgan-audiolab\/#respond"]}]},{"@type":"WebPage","@id":"https:\/\/dev.antudigital.cl\/sites\/vc\/entrevista-jorge-rodriguez-fundador-de-yahgan-audiolab\/","url":"https:\/\/dev.antudigital.cl\/sites\/vc\/entrevista-jorge-rodriguez-fundador-de-yahgan-audiolab\/","name":"#Entrevista - Jorge Rodr\u00edguez, fundador de Yahgan Audiolab - Valpara\u00ed\u00adso Creativo","isPartOf":{"@id":"https:\/\/dev.antudigital.cl\/sites\/vc\/#website"},"primaryImageOfPage":{"@id":"https:\/\/dev.antudigital.cl\/sites\/vc\/entrevista-jorge-rodriguez-fundador-de-yahgan-audiolab\/#primaryimage"},"image":{"@id":"https:\/\/dev.antudigital.cl\/sites\/vc\/entrevista-jorge-rodriguez-fundador-de-yahgan-audiolab\/#primaryimage"},"thumbnailUrl":"https:\/\/dev.antudigital.cl\/sites\/vc\/wp-content\/uploads\/2022\/05\/Captura-de-Pantalla-2022-05-09-a-las-09.49.51.png","datePublished":"2022-05-09T13:54:14+00:00","dateModified":"2022-05-09T13:54:20+00:00","author":{"@id":"https:\/\/dev.antudigital.cl\/sites\/vc\/#\/schema\/person\/c2b9da8dd545e27166fc5ab232837318"},"breadcrumb":{"@id":"https:\/\/dev.antudigital.cl\/sites\/vc\/entrevista-jorge-rodriguez-fundador-de-yahgan-audiolab\/#breadcrumb"},"inLanguage":"es","potentialAction":[{"@type":"ReadAction","target":["https:\/\/dev.antudigital.cl\/sites\/vc\/entrevista-jorge-rodriguez-fundador-de-yahgan-audiolab\/"]}]},{"@type":"ImageObject","inLanguage":"es","@id":"https:\/\/dev.antudigital.cl\/sites\/vc\/entrevista-jorge-rodriguez-fundador-de-yahgan-audiolab\/#primaryimage","url":"https:\/\/dev.antudigital.cl\/sites\/vc\/wp-content\/uploads\/2022\/05\/Captura-de-Pantalla-2022-05-09-a-las-09.49.51.png","contentUrl":"https:\/\/dev.antudigital.cl\/sites\/vc\/wp-content\/uploads\/2022\/05\/Captura-de-Pantalla-2022-05-09-a-las-09.49.51.png","width":1200,"height":602},{"@type":"BreadcrumbList","@id":"https:\/\/dev.antudigital.cl\/sites\/vc\/entrevista-jorge-rodriguez-fundador-de-yahgan-audiolab\/#breadcrumb","itemListElement":[{"@type":"ListItem","position":1,"name":"Home","item":"https:\/\/dev.antudigital.cl\/sites\/vc\/"},{"@type":"ListItem","position":2,"name":"#Entrevista &#8211; Jorge Rodr\u00edguez, fundador de Yahgan Audiolab"}]},{"@type":"WebSite","@id":"https:\/\/dev.antudigital.cl\/sites\/vc\/#website","url":"https:\/\/dev.antudigital.cl\/sites\/vc\/","name":"Valpara\u00ed\u00adso Creativo","description":"","potentialAction":[{"@type":"SearchAction","target":{"@type":"EntryPoint","urlTemplate":"https:\/\/dev.antudigital.cl\/sites\/vc\/?s={search_term_string}"},"query-input":{"@type":"PropertyValueSpecification","valueRequired":true,"valueName":"search_term_string"}}],"inLanguage":"es"},{"@type":"Person","@id":"https:\/\/dev.antudigital.cl\/sites\/vc\/#\/schema\/person\/c2b9da8dd545e27166fc5ab232837318","name":"Valpara\u00edso Creativo","description":"Periodista de cultura en la Regi\u00f3n de Valpara\u00edso.","url":"https:\/\/dev.antudigital.cl\/sites\/vc\/author\/valpoadmin\/"}]}},"_links":{"self":[{"href":"https:\/\/dev.antudigital.cl\/sites\/vc\/wp-json\/wp\/v2\/posts\/10854","targetHints":{"allow":["GET"]}}],"collection":[{"href":"https:\/\/dev.antudigital.cl\/sites\/vc\/wp-json\/wp\/v2\/posts"}],"about":[{"href":"https:\/\/dev.antudigital.cl\/sites\/vc\/wp-json\/wp\/v2\/types\/post"}],"author":[{"embeddable":true,"href":"https:\/\/dev.antudigital.cl\/sites\/vc\/wp-json\/wp\/v2\/users\/1"}],"replies":[{"embeddable":true,"href":"https:\/\/dev.antudigital.cl\/sites\/vc\/wp-json\/wp\/v2\/comments?post=10854"}],"version-history":[{"count":2,"href":"https:\/\/dev.antudigital.cl\/sites\/vc\/wp-json\/wp\/v2\/posts\/10854\/revisions"}],"predecessor-version":[{"id":10862,"href":"https:\/\/dev.antudigital.cl\/sites\/vc\/wp-json\/wp\/v2\/posts\/10854\/revisions\/10862"}],"wp:featuredmedia":[{"embeddable":true,"href":"https:\/\/dev.antudigital.cl\/sites\/vc\/wp-json\/wp\/v2\/media\/10860"}],"wp:attachment":[{"href":"https:\/\/dev.antudigital.cl\/sites\/vc\/wp-json\/wp\/v2\/media?parent=10854"}],"wp:term":[{"taxonomy":"category","embeddable":true,"href":"https:\/\/dev.antudigital.cl\/sites\/vc\/wp-json\/wp\/v2\/categories?post=10854"},{"taxonomy":"post_tag","embeddable":true,"href":"https:\/\/dev.antudigital.cl\/sites\/vc\/wp-json\/wp\/v2\/tags?post=10854"}],"curies":[{"name":"wp","href":"https:\/\/api.w.org\/{rel}","templated":true}]}}