{"id":10866,"date":"2022-05-12T16:29:16","date_gmt":"2022-05-12T16:29:16","guid":{"rendered":"https:\/\/www.valparaisocreativo.cl\/?p=10866"},"modified":"2022-05-12T16:29:22","modified_gmt":"2022-05-12T16:29:22","slug":"los-marcianos-aterrizan-en-la-sala-de-teatro-del-centro-cultural-ipa","status":"publish","type":"post","link":"https:\/\/dev.antudigital.cl\/sites\/vc\/los-marcianos-aterrizan-en-la-sala-de-teatro-del-centro-cultural-ipa\/","title":{"rendered":"Los Marcianos aterrizan en la Sala de Teatro del Centro Cultural IPA"},"content":{"rendered":"\n<p>Invasi\u00f3n alien\u00edgena es lo que se espera para el\u00a0<strong>s\u00e1bado 14 de mayo<\/strong>, a las\u00a0<strong>19:00 horas<\/strong>, en el\u00a0<strong>Centro Cultural IPA<\/strong>. Y es que se presentar\u00e1 la obra \u201c<strong><em>Los Marcianos llegaron ya<\/em><\/strong>\u201d, una comedia, caracterizada por el surrealismo y lo absurdo, donde una pareja de casados conversa entre ellos mientras la sirvienta entra al juego por breves instantes, anunciando a las visitas que van llegando a contar diversas an\u00e9cdotas descabelladas, entremezclando ch\u00e1charas il\u00f3gicas e incoherentes<\/p>\n\n\n\n<p>En la misma l\u00ednea, la actriz Alejandra Jim\u00e9nez comenta que \u201cun texto as\u00ed tiene que ver con lo que se est\u00e1 viviendo a nivel nacional y mundial. Todo tiene un poco de incoherencia: una pandemia que jam\u00e1s pensamos \u00edbamos a vivir, y gente en Chile que cree que estamos volviendo a los tiempos de la UP por el paro de camioneros. Es un absurdo, y re\u00edrnos de aquello creo que nos hace bien\u201d. Esta presentaci\u00f3n es parte del proyecto para la reactivaci\u00f3n del Centro Cultural IPA, que cuenta con el financiamiento del Ministerio de las Culturas, las Artes y el Patrimonio a trav\u00e9s de su Programa de Apoyo a Organizaciones Culturales Colaboradoras.<\/p>\n\n\n\n<p>El evento se realizar\u00e1 en el Centro Cultural IPA, recinto ubicado en calle Condell #1349, en el plan de Valpara\u00edso, y su adhesi\u00f3n es gratuita. Adem\u00e1s, al ingreso de la actividad, se les solicitar\u00e1 a los asistentes su pase de movilidad, o bien un PCR con 72 horas de antelaci\u00f3n. La funci\u00f3n cuenta con cupos reducidos, por lo que la confirmaci\u00f3n de la reserva es previa al env\u00edo de datos personales al correo\u00a0<a href=\"mailto:reservas.teatro.ipa@gmail.com\" target=\"_blank\" rel=\"noreferrer noopener\">reservas.teatro.ipa@gmail.com<\/a>. Adem\u00e1s, pueden consultar la cartelera y contactarse con nosotros a trav\u00e9s de nuestra cuenta de Instagram @centrocultural.ipa.<\/p>\n\n\n\n<figure class=\"wp-block-image size-full\"><img fetchpriority=\"high\" decoding=\"async\" width=\"688\" height=\"690\" src=\"https:\/\/www.valparaisocreativo.cl\/wp-content\/uploads\/2022\/05\/Captura-de-Pantalla-2022-05-12-a-las-12.16.16.png\" alt=\"\" class=\"wp-image-10869\" srcset=\"https:\/\/dev.antudigital.cl\/sites\/vc\/wp-content\/uploads\/2022\/05\/Captura-de-Pantalla-2022-05-12-a-las-12.16.16.png 688w, https:\/\/dev.antudigital.cl\/sites\/vc\/wp-content\/uploads\/2022\/05\/Captura-de-Pantalla-2022-05-12-a-las-12.16.16-300x300.png 300w, https:\/\/dev.antudigital.cl\/sites\/vc\/wp-content\/uploads\/2022\/05\/Captura-de-Pantalla-2022-05-12-a-las-12.16.16-150x150.png 150w, https:\/\/dev.antudigital.cl\/sites\/vc\/wp-content\/uploads\/2022\/05\/Captura-de-Pantalla-2022-05-12-a-las-12.16.16-480x481.png 480w\" sizes=\"(max-width: 688px) 100vw, 688px\" \/><\/figure>\n","protected":false},"excerpt":{"rendered":"<p>Invasi\u00f3n alien\u00edgena es lo que se espera para el\u00a0s\u00e1bado 14 de mayo, a las\u00a019:00 horas, en el\u00a0Centro Cultural IPA. Y es que se presentar\u00e1 la obra \u201cLos Marcianos llegaron ya\u201d, una comedia, caracterizada por el surrealismo y lo absurdo, donde una pareja de casados conversa entre ellos mientras la sirvienta entra al juego por breves [&hellip;]<\/p>\n","protected":false},"author":1,"featured_media":10868,"comment_status":"open","ping_status":"closed","sticky":false,"template":"","format":"standard","meta":{"_acf_changed":false,"footnotes":""},"categories":[8],"tags":[],"class_list":["post-10866","post","type-post","status-publish","format-standard","has-post-thumbnail","hentry","category-noticia"],"acf":[],"yoast_head":"<!-- This site is optimized with the Yoast SEO plugin v27.1.1 - https:\/\/yoast.com\/product\/yoast-seo-wordpress\/ -->\n<title>Los Marcianos aterrizan en la Sala de Teatro del Centro Cultural IPA - Valpara\u00ed\u00adso Creativo<\/title>\n<meta name=\"robots\" content=\"index, follow, max-snippet:-1, max-image-preview:large, max-video-preview:-1\" \/>\n<link rel=\"canonical\" href=\"https:\/\/dev.antudigital.cl\/sites\/vc\/los-marcianos-aterrizan-en-la-sala-de-teatro-del-centro-cultural-ipa\/\" \/>\n<meta property=\"og:locale\" content=\"es_ES\" \/>\n<meta property=\"og:type\" content=\"article\" \/>\n<meta property=\"og:title\" content=\"Los Marcianos aterrizan en la Sala de Teatro del Centro Cultural IPA - Valpara\u00ed\u00adso Creativo\" \/>\n<meta property=\"og:description\" content=\"Invasi\u00f3n alien\u00edgena es lo que se espera para el\u00a0s\u00e1bado 14 de mayo, a las\u00a019:00 horas, en el\u00a0Centro Cultural IPA. Y es que se presentar\u00e1 la obra \u201cLos Marcianos llegaron ya\u201d, una comedia, caracterizada por el surrealismo y lo absurdo, donde una pareja de casados conversa entre ellos mientras la sirvienta entra al juego por breves [&hellip;]\" \/>\n<meta property=\"og:url\" content=\"https:\/\/dev.antudigital.cl\/sites\/vc\/los-marcianos-aterrizan-en-la-sala-de-teatro-del-centro-cultural-ipa\/\" \/>\n<meta property=\"og:site_name\" content=\"Valpara\u00ed\u00adso Creativo\" \/>\n<meta property=\"article:published_time\" content=\"2022-05-12T16:29:16+00:00\" \/>\n<meta property=\"article:modified_time\" content=\"2022-05-12T16:29:22+00:00\" \/>\n<meta property=\"og:image\" content=\"https:\/\/dev.antudigital.cl\/sites\/vc\/wp-content\/uploads\/2022\/05\/Captura-de-Pantalla-2022-05-12-a-las-12.16.06.png\" \/>\n\t<meta property=\"og:image:width\" content=\"514\" \/>\n\t<meta property=\"og:image:height\" content=\"300\" \/>\n\t<meta property=\"og:image:type\" content=\"image\/png\" \/>\n<meta name=\"author\" content=\"Valpara\u00edso Creativo\" \/>\n<meta name=\"twitter:card\" content=\"summary_large_image\" \/>\n<meta name=\"twitter:label1\" content=\"Escrito por\" \/>\n\t<meta name=\"twitter:data1\" content=\"Valpara\u00edso Creativo\" \/>\n\t<meta name=\"twitter:label2\" content=\"Tiempo de lectura\" \/>\n\t<meta name=\"twitter:data2\" content=\"2 minutos\" \/>\n<script type=\"application\/ld+json\" class=\"yoast-schema-graph\">{\"@context\":\"https:\/\/schema.org\",\"@graph\":[{\"@type\":\"Article\",\"@id\":\"https:\/\/dev.antudigital.cl\/sites\/vc\/los-marcianos-aterrizan-en-la-sala-de-teatro-del-centro-cultural-ipa\/#article\",\"isPartOf\":{\"@id\":\"https:\/\/dev.antudigital.cl\/sites\/vc\/los-marcianos-aterrizan-en-la-sala-de-teatro-del-centro-cultural-ipa\/\"},\"author\":{\"name\":\"Valpara\u00edso Creativo\",\"@id\":\"https:\/\/dev.antudigital.cl\/sites\/vc\/#\/schema\/person\/c2b9da8dd545e27166fc5ab232837318\"},\"headline\":\"Los Marcianos aterrizan en la Sala de Teatro del Centro Cultural IPA\",\"datePublished\":\"2022-05-12T16:29:16+00:00\",\"dateModified\":\"2022-05-12T16:29:22+00:00\",\"mainEntityOfPage\":{\"@id\":\"https:\/\/dev.antudigital.cl\/sites\/vc\/los-marcianos-aterrizan-en-la-sala-de-teatro-del-centro-cultural-ipa\/\"},\"wordCount\":314,\"commentCount\":0,\"image\":{\"@id\":\"https:\/\/dev.antudigital.cl\/sites\/vc\/los-marcianos-aterrizan-en-la-sala-de-teatro-del-centro-cultural-ipa\/#primaryimage\"},\"thumbnailUrl\":\"https:\/\/dev.antudigital.cl\/sites\/vc\/wp-content\/uploads\/2022\/05\/Captura-de-Pantalla-2022-05-12-a-las-12.16.06.png\",\"articleSection\":[\"Noticia\"],\"inLanguage\":\"es\",\"potentialAction\":[{\"@type\":\"CommentAction\",\"name\":\"Comment\",\"target\":[\"https:\/\/dev.antudigital.cl\/sites\/vc\/los-marcianos-aterrizan-en-la-sala-de-teatro-del-centro-cultural-ipa\/#respond\"]}]},{\"@type\":\"WebPage\",\"@id\":\"https:\/\/dev.antudigital.cl\/sites\/vc\/los-marcianos-aterrizan-en-la-sala-de-teatro-del-centro-cultural-ipa\/\",\"url\":\"https:\/\/dev.antudigital.cl\/sites\/vc\/los-marcianos-aterrizan-en-la-sala-de-teatro-del-centro-cultural-ipa\/\",\"name\":\"Los Marcianos aterrizan en la Sala de Teatro del Centro Cultural IPA - Valpara\u00ed\u00adso Creativo\",\"isPartOf\":{\"@id\":\"https:\/\/dev.antudigital.cl\/sites\/vc\/#website\"},\"primaryImageOfPage\":{\"@id\":\"https:\/\/dev.antudigital.cl\/sites\/vc\/los-marcianos-aterrizan-en-la-sala-de-teatro-del-centro-cultural-ipa\/#primaryimage\"},\"image\":{\"@id\":\"https:\/\/dev.antudigital.cl\/sites\/vc\/los-marcianos-aterrizan-en-la-sala-de-teatro-del-centro-cultural-ipa\/#primaryimage\"},\"thumbnailUrl\":\"https:\/\/dev.antudigital.cl\/sites\/vc\/wp-content\/uploads\/2022\/05\/Captura-de-Pantalla-2022-05-12-a-las-12.16.06.png\",\"datePublished\":\"2022-05-12T16:29:16+00:00\",\"dateModified\":\"2022-05-12T16:29:22+00:00\",\"author\":{\"@id\":\"https:\/\/dev.antudigital.cl\/sites\/vc\/#\/schema\/person\/c2b9da8dd545e27166fc5ab232837318\"},\"breadcrumb\":{\"@id\":\"https:\/\/dev.antudigital.cl\/sites\/vc\/los-marcianos-aterrizan-en-la-sala-de-teatro-del-centro-cultural-ipa\/#breadcrumb\"},\"inLanguage\":\"es\",\"potentialAction\":[{\"@type\":\"ReadAction\",\"target\":[\"https:\/\/dev.antudigital.cl\/sites\/vc\/los-marcianos-aterrizan-en-la-sala-de-teatro-del-centro-cultural-ipa\/\"]}]},{\"@type\":\"ImageObject\",\"inLanguage\":\"es\",\"@id\":\"https:\/\/dev.antudigital.cl\/sites\/vc\/los-marcianos-aterrizan-en-la-sala-de-teatro-del-centro-cultural-ipa\/#primaryimage\",\"url\":\"https:\/\/dev.antudigital.cl\/sites\/vc\/wp-content\/uploads\/2022\/05\/Captura-de-Pantalla-2022-05-12-a-las-12.16.06.png\",\"contentUrl\":\"https:\/\/dev.antudigital.cl\/sites\/vc\/wp-content\/uploads\/2022\/05\/Captura-de-Pantalla-2022-05-12-a-las-12.16.06.png\",\"width\":514,\"height\":300},{\"@type\":\"BreadcrumbList\",\"@id\":\"https:\/\/dev.antudigital.cl\/sites\/vc\/los-marcianos-aterrizan-en-la-sala-de-teatro-del-centro-cultural-ipa\/#breadcrumb\",\"itemListElement\":[{\"@type\":\"ListItem\",\"position\":1,\"name\":\"Home\",\"item\":\"https:\/\/dev.antudigital.cl\/sites\/vc\/\"},{\"@type\":\"ListItem\",\"position\":2,\"name\":\"Los Marcianos aterrizan en la Sala de Teatro del Centro Cultural IPA\"}]},{\"@type\":\"WebSite\",\"@id\":\"https:\/\/dev.antudigital.cl\/sites\/vc\/#website\",\"url\":\"https:\/\/dev.antudigital.cl\/sites\/vc\/\",\"name\":\"Valpara\u00ed\u00adso Creativo\",\"description\":\"\",\"potentialAction\":[{\"@type\":\"SearchAction\",\"target\":{\"@type\":\"EntryPoint\",\"urlTemplate\":\"https:\/\/dev.antudigital.cl\/sites\/vc\/?s={search_term_string}\"},\"query-input\":{\"@type\":\"PropertyValueSpecification\",\"valueRequired\":true,\"valueName\":\"search_term_string\"}}],\"inLanguage\":\"es\"},{\"@type\":\"Person\",\"@id\":\"https:\/\/dev.antudigital.cl\/sites\/vc\/#\/schema\/person\/c2b9da8dd545e27166fc5ab232837318\",\"name\":\"Valpara\u00edso Creativo\",\"description\":\"Periodista de cultura en la Regi\u00f3n de Valpara\u00edso.\",\"url\":\"https:\/\/dev.antudigital.cl\/sites\/vc\/author\/valpoadmin\/\"}]}<\/script>\n<!-- \/ Yoast SEO plugin. -->","yoast_head_json":{"title":"Los Marcianos aterrizan en la Sala de Teatro del Centro Cultural IPA - Valpara\u00ed\u00adso Creativo","robots":{"index":"index","follow":"follow","max-snippet":"max-snippet:-1","max-image-preview":"max-image-preview:large","max-video-preview":"max-video-preview:-1"},"canonical":"https:\/\/dev.antudigital.cl\/sites\/vc\/los-marcianos-aterrizan-en-la-sala-de-teatro-del-centro-cultural-ipa\/","og_locale":"es_ES","og_type":"article","og_title":"Los Marcianos aterrizan en la Sala de Teatro del Centro Cultural IPA - Valpara\u00ed\u00adso Creativo","og_description":"Invasi\u00f3n alien\u00edgena es lo que se espera para el\u00a0s\u00e1bado 14 de mayo, a las\u00a019:00 horas, en el\u00a0Centro Cultural IPA. Y es que se presentar\u00e1 la obra \u201cLos Marcianos llegaron ya\u201d, una comedia, caracterizada por el surrealismo y lo absurdo, donde una pareja de casados conversa entre ellos mientras la sirvienta entra al juego por breves [&hellip;]","og_url":"https:\/\/dev.antudigital.cl\/sites\/vc\/los-marcianos-aterrizan-en-la-sala-de-teatro-del-centro-cultural-ipa\/","og_site_name":"Valpara\u00ed\u00adso Creativo","article_published_time":"2022-05-12T16:29:16+00:00","article_modified_time":"2022-05-12T16:29:22+00:00","og_image":[{"width":514,"height":300,"url":"https:\/\/dev.antudigital.cl\/sites\/vc\/wp-content\/uploads\/2022\/05\/Captura-de-Pantalla-2022-05-12-a-las-12.16.06.png","type":"image\/png"}],"author":"Valpara\u00edso Creativo","twitter_card":"summary_large_image","twitter_misc":{"Escrito por":"Valpara\u00edso Creativo","Tiempo de lectura":"2 minutos"},"schema":{"@context":"https:\/\/schema.org","@graph":[{"@type":"Article","@id":"https:\/\/dev.antudigital.cl\/sites\/vc\/los-marcianos-aterrizan-en-la-sala-de-teatro-del-centro-cultural-ipa\/#article","isPartOf":{"@id":"https:\/\/dev.antudigital.cl\/sites\/vc\/los-marcianos-aterrizan-en-la-sala-de-teatro-del-centro-cultural-ipa\/"},"author":{"name":"Valpara\u00edso Creativo","@id":"https:\/\/dev.antudigital.cl\/sites\/vc\/#\/schema\/person\/c2b9da8dd545e27166fc5ab232837318"},"headline":"Los Marcianos aterrizan en la Sala de Teatro del Centro Cultural IPA","datePublished":"2022-05-12T16:29:16+00:00","dateModified":"2022-05-12T16:29:22+00:00","mainEntityOfPage":{"@id":"https:\/\/dev.antudigital.cl\/sites\/vc\/los-marcianos-aterrizan-en-la-sala-de-teatro-del-centro-cultural-ipa\/"},"wordCount":314,"commentCount":0,"image":{"@id":"https:\/\/dev.antudigital.cl\/sites\/vc\/los-marcianos-aterrizan-en-la-sala-de-teatro-del-centro-cultural-ipa\/#primaryimage"},"thumbnailUrl":"https:\/\/dev.antudigital.cl\/sites\/vc\/wp-content\/uploads\/2022\/05\/Captura-de-Pantalla-2022-05-12-a-las-12.16.06.png","articleSection":["Noticia"],"inLanguage":"es","potentialAction":[{"@type":"CommentAction","name":"Comment","target":["https:\/\/dev.antudigital.cl\/sites\/vc\/los-marcianos-aterrizan-en-la-sala-de-teatro-del-centro-cultural-ipa\/#respond"]}]},{"@type":"WebPage","@id":"https:\/\/dev.antudigital.cl\/sites\/vc\/los-marcianos-aterrizan-en-la-sala-de-teatro-del-centro-cultural-ipa\/","url":"https:\/\/dev.antudigital.cl\/sites\/vc\/los-marcianos-aterrizan-en-la-sala-de-teatro-del-centro-cultural-ipa\/","name":"Los Marcianos aterrizan en la Sala de Teatro del Centro Cultural IPA - Valpara\u00ed\u00adso Creativo","isPartOf":{"@id":"https:\/\/dev.antudigital.cl\/sites\/vc\/#website"},"primaryImageOfPage":{"@id":"https:\/\/dev.antudigital.cl\/sites\/vc\/los-marcianos-aterrizan-en-la-sala-de-teatro-del-centro-cultural-ipa\/#primaryimage"},"image":{"@id":"https:\/\/dev.antudigital.cl\/sites\/vc\/los-marcianos-aterrizan-en-la-sala-de-teatro-del-centro-cultural-ipa\/#primaryimage"},"thumbnailUrl":"https:\/\/dev.antudigital.cl\/sites\/vc\/wp-content\/uploads\/2022\/05\/Captura-de-Pantalla-2022-05-12-a-las-12.16.06.png","datePublished":"2022-05-12T16:29:16+00:00","dateModified":"2022-05-12T16:29:22+00:00","author":{"@id":"https:\/\/dev.antudigital.cl\/sites\/vc\/#\/schema\/person\/c2b9da8dd545e27166fc5ab232837318"},"breadcrumb":{"@id":"https:\/\/dev.antudigital.cl\/sites\/vc\/los-marcianos-aterrizan-en-la-sala-de-teatro-del-centro-cultural-ipa\/#breadcrumb"},"inLanguage":"es","potentialAction":[{"@type":"ReadAction","target":["https:\/\/dev.antudigital.cl\/sites\/vc\/los-marcianos-aterrizan-en-la-sala-de-teatro-del-centro-cultural-ipa\/"]}]},{"@type":"ImageObject","inLanguage":"es","@id":"https:\/\/dev.antudigital.cl\/sites\/vc\/los-marcianos-aterrizan-en-la-sala-de-teatro-del-centro-cultural-ipa\/#primaryimage","url":"https:\/\/dev.antudigital.cl\/sites\/vc\/wp-content\/uploads\/2022\/05\/Captura-de-Pantalla-2022-05-12-a-las-12.16.06.png","contentUrl":"https:\/\/dev.antudigital.cl\/sites\/vc\/wp-content\/uploads\/2022\/05\/Captura-de-Pantalla-2022-05-12-a-las-12.16.06.png","width":514,"height":300},{"@type":"BreadcrumbList","@id":"https:\/\/dev.antudigital.cl\/sites\/vc\/los-marcianos-aterrizan-en-la-sala-de-teatro-del-centro-cultural-ipa\/#breadcrumb","itemListElement":[{"@type":"ListItem","position":1,"name":"Home","item":"https:\/\/dev.antudigital.cl\/sites\/vc\/"},{"@type":"ListItem","position":2,"name":"Los Marcianos aterrizan en la Sala de Teatro del Centro Cultural IPA"}]},{"@type":"WebSite","@id":"https:\/\/dev.antudigital.cl\/sites\/vc\/#website","url":"https:\/\/dev.antudigital.cl\/sites\/vc\/","name":"Valpara\u00ed\u00adso Creativo","description":"","potentialAction":[{"@type":"SearchAction","target":{"@type":"EntryPoint","urlTemplate":"https:\/\/dev.antudigital.cl\/sites\/vc\/?s={search_term_string}"},"query-input":{"@type":"PropertyValueSpecification","valueRequired":true,"valueName":"search_term_string"}}],"inLanguage":"es"},{"@type":"Person","@id":"https:\/\/dev.antudigital.cl\/sites\/vc\/#\/schema\/person\/c2b9da8dd545e27166fc5ab232837318","name":"Valpara\u00edso Creativo","description":"Periodista de cultura en la Regi\u00f3n de Valpara\u00edso.","url":"https:\/\/dev.antudigital.cl\/sites\/vc\/author\/valpoadmin\/"}]}},"_links":{"self":[{"href":"https:\/\/dev.antudigital.cl\/sites\/vc\/wp-json\/wp\/v2\/posts\/10866","targetHints":{"allow":["GET"]}}],"collection":[{"href":"https:\/\/dev.antudigital.cl\/sites\/vc\/wp-json\/wp\/v2\/posts"}],"about":[{"href":"https:\/\/dev.antudigital.cl\/sites\/vc\/wp-json\/wp\/v2\/types\/post"}],"author":[{"embeddable":true,"href":"https:\/\/dev.antudigital.cl\/sites\/vc\/wp-json\/wp\/v2\/users\/1"}],"replies":[{"embeddable":true,"href":"https:\/\/dev.antudigital.cl\/sites\/vc\/wp-json\/wp\/v2\/comments?post=10866"}],"version-history":[{"count":2,"href":"https:\/\/dev.antudigital.cl\/sites\/vc\/wp-json\/wp\/v2\/posts\/10866\/revisions"}],"predecessor-version":[{"id":10870,"href":"https:\/\/dev.antudigital.cl\/sites\/vc\/wp-json\/wp\/v2\/posts\/10866\/revisions\/10870"}],"wp:featuredmedia":[{"embeddable":true,"href":"https:\/\/dev.antudigital.cl\/sites\/vc\/wp-json\/wp\/v2\/media\/10868"}],"wp:attachment":[{"href":"https:\/\/dev.antudigital.cl\/sites\/vc\/wp-json\/wp\/v2\/media?parent=10866"}],"wp:term":[{"taxonomy":"category","embeddable":true,"href":"https:\/\/dev.antudigital.cl\/sites\/vc\/wp-json\/wp\/v2\/categories?post=10866"},{"taxonomy":"post_tag","embeddable":true,"href":"https:\/\/dev.antudigital.cl\/sites\/vc\/wp-json\/wp\/v2\/tags?post=10866"}],"curies":[{"name":"wp","href":"https:\/\/api.w.org\/{rel}","templated":true}]}}