{"id":10876,"date":"2022-05-15T23:12:02","date_gmt":"2022-05-15T23:12:02","guid":{"rendered":"https:\/\/www.valparaisocreativo.cl\/?p=10876"},"modified":"2022-05-15T23:12:09","modified_gmt":"2022-05-15T23:12:09","slug":"participa-en-la-nueva-convocatoria-internacional-de-tsonami","status":"publish","type":"post","link":"https:\/\/dev.antudigital.cl\/sites\/vc\/participa-en-la-nueva-convocatoria-internacional-de-tsonami\/","title":{"rendered":"Participa en la nueva convocatoria internacional de Tsonami"},"content":{"rendered":"\n<p>Hasta el 29 de mayo artistas chilenxs y residentes en Chile pueden postular para realizar una Residencia en arte sonoro en Italia.<br><br>En colaboraci\u00f3n con el proyecto<a href=\"http:\/\/instagram.com\/laquilarealeartenatura\"> L\u2019Aquila Reale: Centro d\u2019Arte e Natura di Civitella di Licenza<\/a>, Tsonami Arte Sonoro abre una nueva convocatoria para realizar una residencia internacional y presencial de investigaci\u00f3n y co-creaci\u00f3n de un mes de duraci\u00f3n en la Civitella de Licenza (Italia), entre septiembre y noviembre 2022.<br><br>&#x25b6;\u00bfC\u00f3mo participar?<br><br>Lxs artistas interesadxs deber\u00e1n presentar proyectos de creaci\u00f3n\/investigaci\u00f3n enfocados en el sonido y la escucha que aborden interrogantes y\/o tem\u00e1ticas relacionadas con el territorio como la naturaleza, la monta\u00f1a, la arqueologia, la arquitectura, la ruralidad, los v\u00ednculos intraespecies, etc.<br><br>Adem\u00e1s, los proyectos podr\u00e1n plantearse desde la planificaci\u00f3n y creaci\u00f3n colectiva, el activismo sonoro, derivas en el territorio, memoria y organizaci\u00f3n social, problem\u00e1ticas socioambientales, feminismos y narrativas especulativas, entre otros.<br><br>&#x25b6;Sobre la postulaci\u00f3n<br><br><strong>Podr\u00e1n enviar sus propuestas hasta el domingo 29 de mayo<\/strong><br>Puedes revisar las bases aqu\u00ed \u2192 <a href=\"http:\/\/bit.ly\/3MK1UAJ\">bit.ly\/3MK1UAJ<\/a><br>Formulario de postulaci\u00f3n aqu\u00ed \u2192<a href=\"http:\/\/forms.gle\/6zebySro6gjQ2E6HA\"> forms.gle\/6zebySro6gjQ2E6HA<\/a><br><\/p>\n\n\n\n<figure class=\"wp-block-image size-full\"><img fetchpriority=\"high\" decoding=\"async\" width=\"632\" height=\"596\" src=\"https:\/\/www.valparaisocreativo.cl\/wp-content\/uploads\/2022\/05\/Captura-de-Pantalla-2022-05-15-a-las-19.09.10.png\" alt=\"\" class=\"wp-image-10877\" srcset=\"https:\/\/dev.antudigital.cl\/sites\/vc\/wp-content\/uploads\/2022\/05\/Captura-de-Pantalla-2022-05-15-a-las-19.09.10.png 632w, https:\/\/dev.antudigital.cl\/sites\/vc\/wp-content\/uploads\/2022\/05\/Captura-de-Pantalla-2022-05-15-a-las-19.09.10-300x283.png 300w, https:\/\/dev.antudigital.cl\/sites\/vc\/wp-content\/uploads\/2022\/05\/Captura-de-Pantalla-2022-05-15-a-las-19.09.10-480x453.png 480w\" sizes=\"(max-width: 632px) 100vw, 632px\" \/><\/figure>\n","protected":false},"excerpt":{"rendered":"<p>Hasta el 29 de mayo artistas chilenxs y residentes en Chile pueden postular para realizar una Residencia en arte sonoro en Italia. En colaboraci\u00f3n con el proyecto L\u2019Aquila Reale: Centro d\u2019Arte e Natura di Civitella di Licenza, Tsonami Arte Sonoro abre una nueva convocatoria para realizar una residencia internacional y presencial de investigaci\u00f3n y co-creaci\u00f3n [&hellip;]<\/p>\n","protected":false},"author":1,"featured_media":8927,"comment_status":"open","ping_status":"closed","sticky":false,"template":"","format":"standard","meta":{"_acf_changed":false,"footnotes":""},"categories":[8],"tags":[],"class_list":["post-10876","post","type-post","status-publish","format-standard","has-post-thumbnail","hentry","category-noticia"],"acf":[],"yoast_head":"<!-- This site is optimized with the Yoast SEO plugin v27.1.1 - https:\/\/yoast.com\/product\/yoast-seo-wordpress\/ -->\n<title>Participa en la nueva convocatoria internacional de Tsonami - Valpara\u00ed\u00adso Creativo<\/title>\n<meta name=\"robots\" content=\"index, follow, max-snippet:-1, max-image-preview:large, max-video-preview:-1\" \/>\n<link rel=\"canonical\" href=\"https:\/\/dev.antudigital.cl\/sites\/vc\/participa-en-la-nueva-convocatoria-internacional-de-tsonami\/\" \/>\n<meta property=\"og:locale\" content=\"es_ES\" \/>\n<meta property=\"og:type\" content=\"article\" \/>\n<meta property=\"og:title\" content=\"Participa en la nueva convocatoria internacional de Tsonami - Valpara\u00ed\u00adso Creativo\" \/>\n<meta property=\"og:description\" content=\"Hasta el 29 de mayo artistas chilenxs y residentes en Chile pueden postular para realizar una Residencia en arte sonoro en Italia. En colaboraci\u00f3n con el proyecto L\u2019Aquila Reale: Centro d\u2019Arte e Natura di Civitella di Licenza, Tsonami Arte Sonoro abre una nueva convocatoria para realizar una residencia internacional y presencial de investigaci\u00f3n y co-creaci\u00f3n [&hellip;]\" \/>\n<meta property=\"og:url\" content=\"https:\/\/dev.antudigital.cl\/sites\/vc\/participa-en-la-nueva-convocatoria-internacional-de-tsonami\/\" \/>\n<meta property=\"og:site_name\" content=\"Valpara\u00ed\u00adso Creativo\" \/>\n<meta property=\"article:published_time\" content=\"2022-05-15T23:12:02+00:00\" \/>\n<meta property=\"article:modified_time\" content=\"2022-05-15T23:12:09+00:00\" \/>\n<meta property=\"og:image\" content=\"https:\/\/dev.antudigital.cl\/sites\/vc\/wp-content\/uploads\/2020\/06\/festivaltsonami18_nelsoncampos_foto-720x480-1.jpg\" \/>\n\t<meta property=\"og:image:width\" content=\"720\" \/>\n\t<meta property=\"og:image:height\" content=\"480\" \/>\n\t<meta property=\"og:image:type\" content=\"image\/jpeg\" \/>\n<meta name=\"author\" content=\"Valpara\u00edso Creativo\" \/>\n<meta name=\"twitter:card\" content=\"summary_large_image\" \/>\n<meta name=\"twitter:label1\" content=\"Escrito por\" \/>\n\t<meta name=\"twitter:data1\" content=\"Valpara\u00edso Creativo\" \/>\n\t<meta name=\"twitter:label2\" content=\"Tiempo de lectura\" \/>\n\t<meta name=\"twitter:data2\" content=\"1 minuto\" \/>\n<script type=\"application\/ld+json\" class=\"yoast-schema-graph\">{\"@context\":\"https:\/\/schema.org\",\"@graph\":[{\"@type\":\"Article\",\"@id\":\"https:\/\/dev.antudigital.cl\/sites\/vc\/participa-en-la-nueva-convocatoria-internacional-de-tsonami\/#article\",\"isPartOf\":{\"@id\":\"https:\/\/dev.antudigital.cl\/sites\/vc\/participa-en-la-nueva-convocatoria-internacional-de-tsonami\/\"},\"author\":{\"name\":\"Valpara\u00edso Creativo\",\"@id\":\"https:\/\/dev.antudigital.cl\/sites\/vc\/#\/schema\/person\/c2b9da8dd545e27166fc5ab232837318\"},\"headline\":\"Participa en la nueva convocatoria internacional de Tsonami\",\"datePublished\":\"2022-05-15T23:12:02+00:00\",\"dateModified\":\"2022-05-15T23:12:09+00:00\",\"mainEntityOfPage\":{\"@id\":\"https:\/\/dev.antudigital.cl\/sites\/vc\/participa-en-la-nueva-convocatoria-internacional-de-tsonami\/\"},\"wordCount\":207,\"commentCount\":0,\"image\":{\"@id\":\"https:\/\/dev.antudigital.cl\/sites\/vc\/participa-en-la-nueva-convocatoria-internacional-de-tsonami\/#primaryimage\"},\"thumbnailUrl\":\"https:\/\/dev.antudigital.cl\/sites\/vc\/wp-content\/uploads\/2020\/06\/festivaltsonami18_nelsoncampos_foto-720x480-1.jpg\",\"articleSection\":[\"Noticia\"],\"inLanguage\":\"es\",\"potentialAction\":[{\"@type\":\"CommentAction\",\"name\":\"Comment\",\"target\":[\"https:\/\/dev.antudigital.cl\/sites\/vc\/participa-en-la-nueva-convocatoria-internacional-de-tsonami\/#respond\"]}]},{\"@type\":\"WebPage\",\"@id\":\"https:\/\/dev.antudigital.cl\/sites\/vc\/participa-en-la-nueva-convocatoria-internacional-de-tsonami\/\",\"url\":\"https:\/\/dev.antudigital.cl\/sites\/vc\/participa-en-la-nueva-convocatoria-internacional-de-tsonami\/\",\"name\":\"Participa en la nueva convocatoria internacional de Tsonami - Valpara\u00ed\u00adso Creativo\",\"isPartOf\":{\"@id\":\"https:\/\/dev.antudigital.cl\/sites\/vc\/#website\"},\"primaryImageOfPage\":{\"@id\":\"https:\/\/dev.antudigital.cl\/sites\/vc\/participa-en-la-nueva-convocatoria-internacional-de-tsonami\/#primaryimage\"},\"image\":{\"@id\":\"https:\/\/dev.antudigital.cl\/sites\/vc\/participa-en-la-nueva-convocatoria-internacional-de-tsonami\/#primaryimage\"},\"thumbnailUrl\":\"https:\/\/dev.antudigital.cl\/sites\/vc\/wp-content\/uploads\/2020\/06\/festivaltsonami18_nelsoncampos_foto-720x480-1.jpg\",\"datePublished\":\"2022-05-15T23:12:02+00:00\",\"dateModified\":\"2022-05-15T23:12:09+00:00\",\"author\":{\"@id\":\"https:\/\/dev.antudigital.cl\/sites\/vc\/#\/schema\/person\/c2b9da8dd545e27166fc5ab232837318\"},\"breadcrumb\":{\"@id\":\"https:\/\/dev.antudigital.cl\/sites\/vc\/participa-en-la-nueva-convocatoria-internacional-de-tsonami\/#breadcrumb\"},\"inLanguage\":\"es\",\"potentialAction\":[{\"@type\":\"ReadAction\",\"target\":[\"https:\/\/dev.antudigital.cl\/sites\/vc\/participa-en-la-nueva-convocatoria-internacional-de-tsonami\/\"]}]},{\"@type\":\"ImageObject\",\"inLanguage\":\"es\",\"@id\":\"https:\/\/dev.antudigital.cl\/sites\/vc\/participa-en-la-nueva-convocatoria-internacional-de-tsonami\/#primaryimage\",\"url\":\"https:\/\/dev.antudigital.cl\/sites\/vc\/wp-content\/uploads\/2020\/06\/festivaltsonami18_nelsoncampos_foto-720x480-1.jpg\",\"contentUrl\":\"https:\/\/dev.antudigital.cl\/sites\/vc\/wp-content\/uploads\/2020\/06\/festivaltsonami18_nelsoncampos_foto-720x480-1.jpg\",\"width\":720,\"height\":480},{\"@type\":\"BreadcrumbList\",\"@id\":\"https:\/\/dev.antudigital.cl\/sites\/vc\/participa-en-la-nueva-convocatoria-internacional-de-tsonami\/#breadcrumb\",\"itemListElement\":[{\"@type\":\"ListItem\",\"position\":1,\"name\":\"Home\",\"item\":\"https:\/\/dev.antudigital.cl\/sites\/vc\/\"},{\"@type\":\"ListItem\",\"position\":2,\"name\":\"Participa en la nueva convocatoria internacional de Tsonami\"}]},{\"@type\":\"WebSite\",\"@id\":\"https:\/\/dev.antudigital.cl\/sites\/vc\/#website\",\"url\":\"https:\/\/dev.antudigital.cl\/sites\/vc\/\",\"name\":\"Valpara\u00ed\u00adso Creativo\",\"description\":\"\",\"potentialAction\":[{\"@type\":\"SearchAction\",\"target\":{\"@type\":\"EntryPoint\",\"urlTemplate\":\"https:\/\/dev.antudigital.cl\/sites\/vc\/?s={search_term_string}\"},\"query-input\":{\"@type\":\"PropertyValueSpecification\",\"valueRequired\":true,\"valueName\":\"search_term_string\"}}],\"inLanguage\":\"es\"},{\"@type\":\"Person\",\"@id\":\"https:\/\/dev.antudigital.cl\/sites\/vc\/#\/schema\/person\/c2b9da8dd545e27166fc5ab232837318\",\"name\":\"Valpara\u00edso Creativo\",\"description\":\"Periodista de cultura en la Regi\u00f3n de Valpara\u00edso.\",\"url\":\"https:\/\/dev.antudigital.cl\/sites\/vc\/author\/valpoadmin\/\"}]}<\/script>\n<!-- \/ Yoast SEO plugin. -->","yoast_head_json":{"title":"Participa en la nueva convocatoria internacional de Tsonami - Valpara\u00ed\u00adso Creativo","robots":{"index":"index","follow":"follow","max-snippet":"max-snippet:-1","max-image-preview":"max-image-preview:large","max-video-preview":"max-video-preview:-1"},"canonical":"https:\/\/dev.antudigital.cl\/sites\/vc\/participa-en-la-nueva-convocatoria-internacional-de-tsonami\/","og_locale":"es_ES","og_type":"article","og_title":"Participa en la nueva convocatoria internacional de Tsonami - Valpara\u00ed\u00adso Creativo","og_description":"Hasta el 29 de mayo artistas chilenxs y residentes en Chile pueden postular para realizar una Residencia en arte sonoro en Italia. En colaboraci\u00f3n con el proyecto L\u2019Aquila Reale: Centro d\u2019Arte e Natura di Civitella di Licenza, Tsonami Arte Sonoro abre una nueva convocatoria para realizar una residencia internacional y presencial de investigaci\u00f3n y co-creaci\u00f3n [&hellip;]","og_url":"https:\/\/dev.antudigital.cl\/sites\/vc\/participa-en-la-nueva-convocatoria-internacional-de-tsonami\/","og_site_name":"Valpara\u00ed\u00adso Creativo","article_published_time":"2022-05-15T23:12:02+00:00","article_modified_time":"2022-05-15T23:12:09+00:00","og_image":[{"width":720,"height":480,"url":"https:\/\/dev.antudigital.cl\/sites\/vc\/wp-content\/uploads\/2020\/06\/festivaltsonami18_nelsoncampos_foto-720x480-1.jpg","type":"image\/jpeg"}],"author":"Valpara\u00edso Creativo","twitter_card":"summary_large_image","twitter_misc":{"Escrito por":"Valpara\u00edso Creativo","Tiempo de lectura":"1 minuto"},"schema":{"@context":"https:\/\/schema.org","@graph":[{"@type":"Article","@id":"https:\/\/dev.antudigital.cl\/sites\/vc\/participa-en-la-nueva-convocatoria-internacional-de-tsonami\/#article","isPartOf":{"@id":"https:\/\/dev.antudigital.cl\/sites\/vc\/participa-en-la-nueva-convocatoria-internacional-de-tsonami\/"},"author":{"name":"Valpara\u00edso Creativo","@id":"https:\/\/dev.antudigital.cl\/sites\/vc\/#\/schema\/person\/c2b9da8dd545e27166fc5ab232837318"},"headline":"Participa en la nueva convocatoria internacional de Tsonami","datePublished":"2022-05-15T23:12:02+00:00","dateModified":"2022-05-15T23:12:09+00:00","mainEntityOfPage":{"@id":"https:\/\/dev.antudigital.cl\/sites\/vc\/participa-en-la-nueva-convocatoria-internacional-de-tsonami\/"},"wordCount":207,"commentCount":0,"image":{"@id":"https:\/\/dev.antudigital.cl\/sites\/vc\/participa-en-la-nueva-convocatoria-internacional-de-tsonami\/#primaryimage"},"thumbnailUrl":"https:\/\/dev.antudigital.cl\/sites\/vc\/wp-content\/uploads\/2020\/06\/festivaltsonami18_nelsoncampos_foto-720x480-1.jpg","articleSection":["Noticia"],"inLanguage":"es","potentialAction":[{"@type":"CommentAction","name":"Comment","target":["https:\/\/dev.antudigital.cl\/sites\/vc\/participa-en-la-nueva-convocatoria-internacional-de-tsonami\/#respond"]}]},{"@type":"WebPage","@id":"https:\/\/dev.antudigital.cl\/sites\/vc\/participa-en-la-nueva-convocatoria-internacional-de-tsonami\/","url":"https:\/\/dev.antudigital.cl\/sites\/vc\/participa-en-la-nueva-convocatoria-internacional-de-tsonami\/","name":"Participa en la nueva convocatoria internacional de Tsonami - Valpara\u00ed\u00adso Creativo","isPartOf":{"@id":"https:\/\/dev.antudigital.cl\/sites\/vc\/#website"},"primaryImageOfPage":{"@id":"https:\/\/dev.antudigital.cl\/sites\/vc\/participa-en-la-nueva-convocatoria-internacional-de-tsonami\/#primaryimage"},"image":{"@id":"https:\/\/dev.antudigital.cl\/sites\/vc\/participa-en-la-nueva-convocatoria-internacional-de-tsonami\/#primaryimage"},"thumbnailUrl":"https:\/\/dev.antudigital.cl\/sites\/vc\/wp-content\/uploads\/2020\/06\/festivaltsonami18_nelsoncampos_foto-720x480-1.jpg","datePublished":"2022-05-15T23:12:02+00:00","dateModified":"2022-05-15T23:12:09+00:00","author":{"@id":"https:\/\/dev.antudigital.cl\/sites\/vc\/#\/schema\/person\/c2b9da8dd545e27166fc5ab232837318"},"breadcrumb":{"@id":"https:\/\/dev.antudigital.cl\/sites\/vc\/participa-en-la-nueva-convocatoria-internacional-de-tsonami\/#breadcrumb"},"inLanguage":"es","potentialAction":[{"@type":"ReadAction","target":["https:\/\/dev.antudigital.cl\/sites\/vc\/participa-en-la-nueva-convocatoria-internacional-de-tsonami\/"]}]},{"@type":"ImageObject","inLanguage":"es","@id":"https:\/\/dev.antudigital.cl\/sites\/vc\/participa-en-la-nueva-convocatoria-internacional-de-tsonami\/#primaryimage","url":"https:\/\/dev.antudigital.cl\/sites\/vc\/wp-content\/uploads\/2020\/06\/festivaltsonami18_nelsoncampos_foto-720x480-1.jpg","contentUrl":"https:\/\/dev.antudigital.cl\/sites\/vc\/wp-content\/uploads\/2020\/06\/festivaltsonami18_nelsoncampos_foto-720x480-1.jpg","width":720,"height":480},{"@type":"BreadcrumbList","@id":"https:\/\/dev.antudigital.cl\/sites\/vc\/participa-en-la-nueva-convocatoria-internacional-de-tsonami\/#breadcrumb","itemListElement":[{"@type":"ListItem","position":1,"name":"Home","item":"https:\/\/dev.antudigital.cl\/sites\/vc\/"},{"@type":"ListItem","position":2,"name":"Participa en la nueva convocatoria internacional de Tsonami"}]},{"@type":"WebSite","@id":"https:\/\/dev.antudigital.cl\/sites\/vc\/#website","url":"https:\/\/dev.antudigital.cl\/sites\/vc\/","name":"Valpara\u00ed\u00adso Creativo","description":"","potentialAction":[{"@type":"SearchAction","target":{"@type":"EntryPoint","urlTemplate":"https:\/\/dev.antudigital.cl\/sites\/vc\/?s={search_term_string}"},"query-input":{"@type":"PropertyValueSpecification","valueRequired":true,"valueName":"search_term_string"}}],"inLanguage":"es"},{"@type":"Person","@id":"https:\/\/dev.antudigital.cl\/sites\/vc\/#\/schema\/person\/c2b9da8dd545e27166fc5ab232837318","name":"Valpara\u00edso Creativo","description":"Periodista de cultura en la Regi\u00f3n de Valpara\u00edso.","url":"https:\/\/dev.antudigital.cl\/sites\/vc\/author\/valpoadmin\/"}]}},"_links":{"self":[{"href":"https:\/\/dev.antudigital.cl\/sites\/vc\/wp-json\/wp\/v2\/posts\/10876","targetHints":{"allow":["GET"]}}],"collection":[{"href":"https:\/\/dev.antudigital.cl\/sites\/vc\/wp-json\/wp\/v2\/posts"}],"about":[{"href":"https:\/\/dev.antudigital.cl\/sites\/vc\/wp-json\/wp\/v2\/types\/post"}],"author":[{"embeddable":true,"href":"https:\/\/dev.antudigital.cl\/sites\/vc\/wp-json\/wp\/v2\/users\/1"}],"replies":[{"embeddable":true,"href":"https:\/\/dev.antudigital.cl\/sites\/vc\/wp-json\/wp\/v2\/comments?post=10876"}],"version-history":[{"count":1,"href":"https:\/\/dev.antudigital.cl\/sites\/vc\/wp-json\/wp\/v2\/posts\/10876\/revisions"}],"predecessor-version":[{"id":10878,"href":"https:\/\/dev.antudigital.cl\/sites\/vc\/wp-json\/wp\/v2\/posts\/10876\/revisions\/10878"}],"wp:featuredmedia":[{"embeddable":true,"href":"https:\/\/dev.antudigital.cl\/sites\/vc\/wp-json\/wp\/v2\/media\/8927"}],"wp:attachment":[{"href":"https:\/\/dev.antudigital.cl\/sites\/vc\/wp-json\/wp\/v2\/media?parent=10876"}],"wp:term":[{"taxonomy":"category","embeddable":true,"href":"https:\/\/dev.antudigital.cl\/sites\/vc\/wp-json\/wp\/v2\/categories?post=10876"},{"taxonomy":"post_tag","embeddable":true,"href":"https:\/\/dev.antudigital.cl\/sites\/vc\/wp-json\/wp\/v2\/tags?post=10876"}],"curies":[{"name":"wp","href":"https:\/\/api.w.org\/{rel}","templated":true}]}}