{"id":10920,"date":"2022-05-23T15:58:27","date_gmt":"2022-05-23T15:58:27","guid":{"rendered":"https:\/\/www.valparaisocreativo.cl\/?p=10920"},"modified":"2022-05-23T15:58:34","modified_gmt":"2022-05-23T15:58:34","slug":"nina-provincia-celebra-aniversario-con-bandas-en-vivo-y-feria-de-oficios","status":"publish","type":"post","link":"https:\/\/dev.antudigital.cl\/sites\/vc\/nina-provincia-celebra-aniversario-con-bandas-en-vivo-y-feria-de-oficios\/","title":{"rendered":"Ni\u00f1a Provincia celebra aniversario con bandas en vivo y feria de oficios"},"content":{"rendered":"\n<p>Una esperada celebraci\u00f3n es la que prepara <strong><a href=\"http:\/\/instagram.com\/ninaprovincia\">Ni\u00f1a Provincia<\/a><\/strong>, en el contexto del tercer aniversario desde que se lanz\u00f3 su p\u00e1gina web.\u00a0<\/p>\n\n\n\n<p>De esta manera, el s\u00e1bado 4 de junio, desde el Espacio La Compa\u00f1\u00eda de Valpara\u00edso, el medio de comunicaci\u00f3n especializado en m\u00fasica realizar\u00e1 su primera tocata, la que contar\u00e1 con la presencia de 6 proyectos musicales, sumados a una decena de emprendimientos creativos de la regi\u00f3n.<\/p>\n\n\n\n<p>Entre las bandas invitadas, el cartel se conforma con destacados nombres de la escena regional, con <strong><a href=\"https:\/\/www.instagram.com\/travis__moreno\/\" target=\"_blank\" rel=\"noreferrer noopener\">Travis Moreno<\/a><\/strong>, <strong><a href=\"https:\/\/www.instagram.com\/rosa_moribunda\/\" target=\"_blank\" rel=\"noreferrer noopener\">Rosa Moribunda<\/a><\/strong>, <strong><a href=\"https:\/\/www.instagram.com\/siberia__siberia\/\" target=\"_blank\" rel=\"noreferrer noopener\">Siberia<\/a><\/strong>, <strong><a href=\"https:\/\/www.instagram.com\/danianeko\/\" target=\"_blank\" rel=\"noreferrer noopener\">Dania Neko<\/a><\/strong>, <strong><a href=\"https:\/\/www.instagram.com\/javielectra\/\" target=\"_blank\" rel=\"noreferrer noopener\">Javiera Electra<\/a> <\/strong>y <strong><a href=\"https:\/\/www.instagram.com\/lasaldefruta\/\" target=\"_blank\" rel=\"noreferrer noopener\">La Sal de Fruta<\/a><\/strong>, los cuales representan diversas sonoridades, que rondan entre la m\u00fasica experimental, progresiva, rap y electropop.<\/p>\n\n\n\n<p>Asimismo, entre los emprendimientos creativos, se har\u00e1n presentes la <strong>editorial independiente <a href=\"https:\/\/www.instagram.com\/corazondehueso\/\" target=\"_blank\" rel=\"noreferrer noopener\">Coraz\u00f3n de Hueso<\/a><\/strong>, el <strong>artista de figuras a mano <a href=\"https:\/\/www.instagram.com\/cosmo_crom\/\" target=\"_blank\" rel=\"noreferrer noopener\">Cosmocrom<\/a><\/strong>, la <strong>revista impresa <a href=\"https:\/\/www.instagram.com\/erraticas.cl\/\" target=\"_blank\" rel=\"noreferrer noopener\">Err\u00e1ticas<\/a><\/strong>, <strong>disqueras como <a href=\"https:\/\/www.instagram.com\/soondistro\/\" target=\"_blank\" rel=\"noreferrer noopener\">Soon Distro<\/a><\/strong>, adem\u00e1s de ilustradores locales, adem\u00e1s de otros por confirmar.<\/p>\n\n\n\n<p><strong>Tania L\u00f3pez<\/strong>, <strong>directora de Ni\u00f1a Provincia<\/strong>, explica la significancia del evento: <em>\u201cesta actividad viene a poner en escena una muestra del minucioso trabajo realizado durante estos m\u00e1s de tres a\u00f1os junto a quienes son parte de este medio, poniendo a centro los sonidos que emergen en este territorio. Para nosotras esto es un hito de celebraci\u00f3n que nace como una forma de agradecer a quienes han sido parte de este proceso colaborativo, dando cuenta de los lazos y logros que hemos forjado con quienes nos leen\u201d.<\/em><\/p>\n\n\n\n<p>Las entradas para la tocata <strong>est\u00e1n a la venta a trav\u00e9s de <\/strong><a href=\"https:\/\/www.ecopass.cl\/events\/ni%C3%B1a-provincia---3%C2%BA-aniversario\/2377\" target=\"_blank\" rel=\"noreferrer noopener\"><strong>Ecopass<\/strong><\/a><strong> y tambi\u00e9n se podr\u00e1n adquirir en puerta el mismo d\u00eda del evento, con un valor \u00fanico de $4000 pesos<\/strong>. Todo desde las 15:30 horas, en Espacio La Compa\u00f1\u00eda, ubicado en Eusebio Lillo 409, en pleno barrio Almendral, de la ciudad de Valpara\u00edso.<\/p>\n\n\n\n<p>Sigue las novedades de la tocata y m\u00e1s sobre Ni\u00f1a Provincia desde su <a href=\"https:\/\/ninaprovincia.cl\/\" target=\"_blank\" rel=\"noreferrer noopener\"><strong>sitio web oficial<\/strong><\/a>, su <a href=\"https:\/\/www.instagram.com\/ninaprovincia\/\" target=\"_blank\" rel=\"noreferrer noopener\"><strong>perfil de Instagram<\/strong><\/a> y desde su <a href=\"https:\/\/www.facebook.com\/ninaprovincia\" target=\"_blank\" rel=\"noreferrer noopener\"><strong>fanpage en Facebook<\/strong><\/a>.<\/p>\n","protected":false},"excerpt":{"rendered":"<p>Una esperada celebraci\u00f3n es la que prepara Ni\u00f1a Provincia, en el contexto del tercer aniversario desde que se lanz\u00f3 su p\u00e1gina web.\u00a0 De esta manera, el s\u00e1bado 4 de junio, desde el Espacio La Compa\u00f1\u00eda de Valpara\u00edso, el medio de comunicaci\u00f3n especializado en m\u00fasica realizar\u00e1 su primera tocata, la que contar\u00e1 con la presencia de [&hellip;]<\/p>\n","protected":false},"author":1,"featured_media":10922,"comment_status":"open","ping_status":"closed","sticky":false,"template":"","format":"standard","meta":{"_acf_changed":false,"footnotes":""},"categories":[8],"tags":[],"class_list":["post-10920","post","type-post","status-publish","format-standard","has-post-thumbnail","hentry","category-noticia"],"acf":[],"yoast_head":"<!-- This site is optimized with the Yoast SEO plugin v27.1.1 - https:\/\/yoast.com\/product\/yoast-seo-wordpress\/ -->\n<title>Ni\u00f1a Provincia celebra aniversario con bandas en vivo y feria de oficios - Valpara\u00ed\u00adso Creativo<\/title>\n<meta name=\"robots\" content=\"index, follow, max-snippet:-1, max-image-preview:large, max-video-preview:-1\" \/>\n<link rel=\"canonical\" href=\"https:\/\/dev.antudigital.cl\/sites\/vc\/nina-provincia-celebra-aniversario-con-bandas-en-vivo-y-feria-de-oficios\/\" \/>\n<meta property=\"og:locale\" content=\"es_ES\" \/>\n<meta property=\"og:type\" content=\"article\" \/>\n<meta property=\"og:title\" content=\"Ni\u00f1a Provincia celebra aniversario con bandas en vivo y feria de oficios - Valpara\u00ed\u00adso Creativo\" \/>\n<meta property=\"og:description\" content=\"Una esperada celebraci\u00f3n es la que prepara Ni\u00f1a Provincia, en el contexto del tercer aniversario desde que se lanz\u00f3 su p\u00e1gina web.\u00a0 De esta manera, el s\u00e1bado 4 de junio, desde el Espacio La Compa\u00f1\u00eda de Valpara\u00edso, el medio de comunicaci\u00f3n especializado en m\u00fasica realizar\u00e1 su primera tocata, la que contar\u00e1 con la presencia de [&hellip;]\" \/>\n<meta property=\"og:url\" content=\"https:\/\/dev.antudigital.cl\/sites\/vc\/nina-provincia-celebra-aniversario-con-bandas-en-vivo-y-feria-de-oficios\/\" \/>\n<meta property=\"og:site_name\" content=\"Valpara\u00ed\u00adso Creativo\" \/>\n<meta property=\"article:published_time\" content=\"2022-05-23T15:58:27+00:00\" \/>\n<meta property=\"article:modified_time\" content=\"2022-05-23T15:58:34+00:00\" \/>\n<meta property=\"og:image\" content=\"https:\/\/dev.antudigital.cl\/sites\/vc\/wp-content\/uploads\/2022\/05\/Portada.jpg\" \/>\n\t<meta property=\"og:image:width\" content=\"2000\" \/>\n\t<meta property=\"og:image:height\" content=\"1600\" \/>\n\t<meta property=\"og:image:type\" content=\"image\/jpeg\" \/>\n<meta name=\"author\" content=\"Valpara\u00edso Creativo\" \/>\n<meta name=\"twitter:card\" content=\"summary_large_image\" \/>\n<meta name=\"twitter:label1\" content=\"Escrito por\" \/>\n\t<meta name=\"twitter:data1\" content=\"Valpara\u00edso Creativo\" \/>\n\t<meta name=\"twitter:label2\" content=\"Tiempo de lectura\" \/>\n\t<meta name=\"twitter:data2\" content=\"2 minutos\" \/>\n<script type=\"application\/ld+json\" class=\"yoast-schema-graph\">{\"@context\":\"https:\/\/schema.org\",\"@graph\":[{\"@type\":\"Article\",\"@id\":\"https:\/\/dev.antudigital.cl\/sites\/vc\/nina-provincia-celebra-aniversario-con-bandas-en-vivo-y-feria-de-oficios\/#article\",\"isPartOf\":{\"@id\":\"https:\/\/dev.antudigital.cl\/sites\/vc\/nina-provincia-celebra-aniversario-con-bandas-en-vivo-y-feria-de-oficios\/\"},\"author\":{\"name\":\"Valpara\u00edso Creativo\",\"@id\":\"https:\/\/dev.antudigital.cl\/sites\/vc\/#\/schema\/person\/c2b9da8dd545e27166fc5ab232837318\"},\"headline\":\"Ni\u00f1a Provincia celebra aniversario con bandas en vivo y feria de oficios\",\"datePublished\":\"2022-05-23T15:58:27+00:00\",\"dateModified\":\"2022-05-23T15:58:34+00:00\",\"mainEntityOfPage\":{\"@id\":\"https:\/\/dev.antudigital.cl\/sites\/vc\/nina-provincia-celebra-aniversario-con-bandas-en-vivo-y-feria-de-oficios\/\"},\"wordCount\":355,\"commentCount\":0,\"image\":{\"@id\":\"https:\/\/dev.antudigital.cl\/sites\/vc\/nina-provincia-celebra-aniversario-con-bandas-en-vivo-y-feria-de-oficios\/#primaryimage\"},\"thumbnailUrl\":\"https:\/\/dev.antudigital.cl\/sites\/vc\/wp-content\/uploads\/2022\/05\/Portada.jpg\",\"articleSection\":[\"Noticia\"],\"inLanguage\":\"es\",\"potentialAction\":[{\"@type\":\"CommentAction\",\"name\":\"Comment\",\"target\":[\"https:\/\/dev.antudigital.cl\/sites\/vc\/nina-provincia-celebra-aniversario-con-bandas-en-vivo-y-feria-de-oficios\/#respond\"]}]},{\"@type\":\"WebPage\",\"@id\":\"https:\/\/dev.antudigital.cl\/sites\/vc\/nina-provincia-celebra-aniversario-con-bandas-en-vivo-y-feria-de-oficios\/\",\"url\":\"https:\/\/dev.antudigital.cl\/sites\/vc\/nina-provincia-celebra-aniversario-con-bandas-en-vivo-y-feria-de-oficios\/\",\"name\":\"Ni\u00f1a Provincia celebra aniversario con bandas en vivo y feria de oficios - Valpara\u00ed\u00adso Creativo\",\"isPartOf\":{\"@id\":\"https:\/\/dev.antudigital.cl\/sites\/vc\/#website\"},\"primaryImageOfPage\":{\"@id\":\"https:\/\/dev.antudigital.cl\/sites\/vc\/nina-provincia-celebra-aniversario-con-bandas-en-vivo-y-feria-de-oficios\/#primaryimage\"},\"image\":{\"@id\":\"https:\/\/dev.antudigital.cl\/sites\/vc\/nina-provincia-celebra-aniversario-con-bandas-en-vivo-y-feria-de-oficios\/#primaryimage\"},\"thumbnailUrl\":\"https:\/\/dev.antudigital.cl\/sites\/vc\/wp-content\/uploads\/2022\/05\/Portada.jpg\",\"datePublished\":\"2022-05-23T15:58:27+00:00\",\"dateModified\":\"2022-05-23T15:58:34+00:00\",\"author\":{\"@id\":\"https:\/\/dev.antudigital.cl\/sites\/vc\/#\/schema\/person\/c2b9da8dd545e27166fc5ab232837318\"},\"breadcrumb\":{\"@id\":\"https:\/\/dev.antudigital.cl\/sites\/vc\/nina-provincia-celebra-aniversario-con-bandas-en-vivo-y-feria-de-oficios\/#breadcrumb\"},\"inLanguage\":\"es\",\"potentialAction\":[{\"@type\":\"ReadAction\",\"target\":[\"https:\/\/dev.antudigital.cl\/sites\/vc\/nina-provincia-celebra-aniversario-con-bandas-en-vivo-y-feria-de-oficios\/\"]}]},{\"@type\":\"ImageObject\",\"inLanguage\":\"es\",\"@id\":\"https:\/\/dev.antudigital.cl\/sites\/vc\/nina-provincia-celebra-aniversario-con-bandas-en-vivo-y-feria-de-oficios\/#primaryimage\",\"url\":\"https:\/\/dev.antudigital.cl\/sites\/vc\/wp-content\/uploads\/2022\/05\/Portada.jpg\",\"contentUrl\":\"https:\/\/dev.antudigital.cl\/sites\/vc\/wp-content\/uploads\/2022\/05\/Portada.jpg\",\"width\":2000,\"height\":1600},{\"@type\":\"BreadcrumbList\",\"@id\":\"https:\/\/dev.antudigital.cl\/sites\/vc\/nina-provincia-celebra-aniversario-con-bandas-en-vivo-y-feria-de-oficios\/#breadcrumb\",\"itemListElement\":[{\"@type\":\"ListItem\",\"position\":1,\"name\":\"Home\",\"item\":\"https:\/\/dev.antudigital.cl\/sites\/vc\/\"},{\"@type\":\"ListItem\",\"position\":2,\"name\":\"Ni\u00f1a Provincia celebra aniversario con bandas en vivo y feria de oficios\"}]},{\"@type\":\"WebSite\",\"@id\":\"https:\/\/dev.antudigital.cl\/sites\/vc\/#website\",\"url\":\"https:\/\/dev.antudigital.cl\/sites\/vc\/\",\"name\":\"Valpara\u00ed\u00adso Creativo\",\"description\":\"\",\"potentialAction\":[{\"@type\":\"SearchAction\",\"target\":{\"@type\":\"EntryPoint\",\"urlTemplate\":\"https:\/\/dev.antudigital.cl\/sites\/vc\/?s={search_term_string}\"},\"query-input\":{\"@type\":\"PropertyValueSpecification\",\"valueRequired\":true,\"valueName\":\"search_term_string\"}}],\"inLanguage\":\"es\"},{\"@type\":\"Person\",\"@id\":\"https:\/\/dev.antudigital.cl\/sites\/vc\/#\/schema\/person\/c2b9da8dd545e27166fc5ab232837318\",\"name\":\"Valpara\u00edso Creativo\",\"description\":\"Periodista de cultura en la Regi\u00f3n de Valpara\u00edso.\",\"url\":\"https:\/\/dev.antudigital.cl\/sites\/vc\/author\/valpoadmin\/\"}]}<\/script>\n<!-- \/ Yoast SEO plugin. -->","yoast_head_json":{"title":"Ni\u00f1a Provincia celebra aniversario con bandas en vivo y feria de oficios - Valpara\u00ed\u00adso Creativo","robots":{"index":"index","follow":"follow","max-snippet":"max-snippet:-1","max-image-preview":"max-image-preview:large","max-video-preview":"max-video-preview:-1"},"canonical":"https:\/\/dev.antudigital.cl\/sites\/vc\/nina-provincia-celebra-aniversario-con-bandas-en-vivo-y-feria-de-oficios\/","og_locale":"es_ES","og_type":"article","og_title":"Ni\u00f1a Provincia celebra aniversario con bandas en vivo y feria de oficios - Valpara\u00ed\u00adso Creativo","og_description":"Una esperada celebraci\u00f3n es la que prepara Ni\u00f1a Provincia, en el contexto del tercer aniversario desde que se lanz\u00f3 su p\u00e1gina web.\u00a0 De esta manera, el s\u00e1bado 4 de junio, desde el Espacio La Compa\u00f1\u00eda de Valpara\u00edso, el medio de comunicaci\u00f3n especializado en m\u00fasica realizar\u00e1 su primera tocata, la que contar\u00e1 con la presencia de [&hellip;]","og_url":"https:\/\/dev.antudigital.cl\/sites\/vc\/nina-provincia-celebra-aniversario-con-bandas-en-vivo-y-feria-de-oficios\/","og_site_name":"Valpara\u00ed\u00adso Creativo","article_published_time":"2022-05-23T15:58:27+00:00","article_modified_time":"2022-05-23T15:58:34+00:00","og_image":[{"width":2000,"height":1600,"url":"https:\/\/dev.antudigital.cl\/sites\/vc\/wp-content\/uploads\/2022\/05\/Portada.jpg","type":"image\/jpeg"}],"author":"Valpara\u00edso Creativo","twitter_card":"summary_large_image","twitter_misc":{"Escrito por":"Valpara\u00edso Creativo","Tiempo de lectura":"2 minutos"},"schema":{"@context":"https:\/\/schema.org","@graph":[{"@type":"Article","@id":"https:\/\/dev.antudigital.cl\/sites\/vc\/nina-provincia-celebra-aniversario-con-bandas-en-vivo-y-feria-de-oficios\/#article","isPartOf":{"@id":"https:\/\/dev.antudigital.cl\/sites\/vc\/nina-provincia-celebra-aniversario-con-bandas-en-vivo-y-feria-de-oficios\/"},"author":{"name":"Valpara\u00edso Creativo","@id":"https:\/\/dev.antudigital.cl\/sites\/vc\/#\/schema\/person\/c2b9da8dd545e27166fc5ab232837318"},"headline":"Ni\u00f1a Provincia celebra aniversario con bandas en vivo y feria de oficios","datePublished":"2022-05-23T15:58:27+00:00","dateModified":"2022-05-23T15:58:34+00:00","mainEntityOfPage":{"@id":"https:\/\/dev.antudigital.cl\/sites\/vc\/nina-provincia-celebra-aniversario-con-bandas-en-vivo-y-feria-de-oficios\/"},"wordCount":355,"commentCount":0,"image":{"@id":"https:\/\/dev.antudigital.cl\/sites\/vc\/nina-provincia-celebra-aniversario-con-bandas-en-vivo-y-feria-de-oficios\/#primaryimage"},"thumbnailUrl":"https:\/\/dev.antudigital.cl\/sites\/vc\/wp-content\/uploads\/2022\/05\/Portada.jpg","articleSection":["Noticia"],"inLanguage":"es","potentialAction":[{"@type":"CommentAction","name":"Comment","target":["https:\/\/dev.antudigital.cl\/sites\/vc\/nina-provincia-celebra-aniversario-con-bandas-en-vivo-y-feria-de-oficios\/#respond"]}]},{"@type":"WebPage","@id":"https:\/\/dev.antudigital.cl\/sites\/vc\/nina-provincia-celebra-aniversario-con-bandas-en-vivo-y-feria-de-oficios\/","url":"https:\/\/dev.antudigital.cl\/sites\/vc\/nina-provincia-celebra-aniversario-con-bandas-en-vivo-y-feria-de-oficios\/","name":"Ni\u00f1a Provincia celebra aniversario con bandas en vivo y feria de oficios - Valpara\u00ed\u00adso Creativo","isPartOf":{"@id":"https:\/\/dev.antudigital.cl\/sites\/vc\/#website"},"primaryImageOfPage":{"@id":"https:\/\/dev.antudigital.cl\/sites\/vc\/nina-provincia-celebra-aniversario-con-bandas-en-vivo-y-feria-de-oficios\/#primaryimage"},"image":{"@id":"https:\/\/dev.antudigital.cl\/sites\/vc\/nina-provincia-celebra-aniversario-con-bandas-en-vivo-y-feria-de-oficios\/#primaryimage"},"thumbnailUrl":"https:\/\/dev.antudigital.cl\/sites\/vc\/wp-content\/uploads\/2022\/05\/Portada.jpg","datePublished":"2022-05-23T15:58:27+00:00","dateModified":"2022-05-23T15:58:34+00:00","author":{"@id":"https:\/\/dev.antudigital.cl\/sites\/vc\/#\/schema\/person\/c2b9da8dd545e27166fc5ab232837318"},"breadcrumb":{"@id":"https:\/\/dev.antudigital.cl\/sites\/vc\/nina-provincia-celebra-aniversario-con-bandas-en-vivo-y-feria-de-oficios\/#breadcrumb"},"inLanguage":"es","potentialAction":[{"@type":"ReadAction","target":["https:\/\/dev.antudigital.cl\/sites\/vc\/nina-provincia-celebra-aniversario-con-bandas-en-vivo-y-feria-de-oficios\/"]}]},{"@type":"ImageObject","inLanguage":"es","@id":"https:\/\/dev.antudigital.cl\/sites\/vc\/nina-provincia-celebra-aniversario-con-bandas-en-vivo-y-feria-de-oficios\/#primaryimage","url":"https:\/\/dev.antudigital.cl\/sites\/vc\/wp-content\/uploads\/2022\/05\/Portada.jpg","contentUrl":"https:\/\/dev.antudigital.cl\/sites\/vc\/wp-content\/uploads\/2022\/05\/Portada.jpg","width":2000,"height":1600},{"@type":"BreadcrumbList","@id":"https:\/\/dev.antudigital.cl\/sites\/vc\/nina-provincia-celebra-aniversario-con-bandas-en-vivo-y-feria-de-oficios\/#breadcrumb","itemListElement":[{"@type":"ListItem","position":1,"name":"Home","item":"https:\/\/dev.antudigital.cl\/sites\/vc\/"},{"@type":"ListItem","position":2,"name":"Ni\u00f1a Provincia celebra aniversario con bandas en vivo y feria de oficios"}]},{"@type":"WebSite","@id":"https:\/\/dev.antudigital.cl\/sites\/vc\/#website","url":"https:\/\/dev.antudigital.cl\/sites\/vc\/","name":"Valpara\u00ed\u00adso Creativo","description":"","potentialAction":[{"@type":"SearchAction","target":{"@type":"EntryPoint","urlTemplate":"https:\/\/dev.antudigital.cl\/sites\/vc\/?s={search_term_string}"},"query-input":{"@type":"PropertyValueSpecification","valueRequired":true,"valueName":"search_term_string"}}],"inLanguage":"es"},{"@type":"Person","@id":"https:\/\/dev.antudigital.cl\/sites\/vc\/#\/schema\/person\/c2b9da8dd545e27166fc5ab232837318","name":"Valpara\u00edso Creativo","description":"Periodista de cultura en la Regi\u00f3n de Valpara\u00edso.","url":"https:\/\/dev.antudigital.cl\/sites\/vc\/author\/valpoadmin\/"}]}},"_links":{"self":[{"href":"https:\/\/dev.antudigital.cl\/sites\/vc\/wp-json\/wp\/v2\/posts\/10920","targetHints":{"allow":["GET"]}}],"collection":[{"href":"https:\/\/dev.antudigital.cl\/sites\/vc\/wp-json\/wp\/v2\/posts"}],"about":[{"href":"https:\/\/dev.antudigital.cl\/sites\/vc\/wp-json\/wp\/v2\/types\/post"}],"author":[{"embeddable":true,"href":"https:\/\/dev.antudigital.cl\/sites\/vc\/wp-json\/wp\/v2\/users\/1"}],"replies":[{"embeddable":true,"href":"https:\/\/dev.antudigital.cl\/sites\/vc\/wp-json\/wp\/v2\/comments?post=10920"}],"version-history":[{"count":2,"href":"https:\/\/dev.antudigital.cl\/sites\/vc\/wp-json\/wp\/v2\/posts\/10920\/revisions"}],"predecessor-version":[{"id":10923,"href":"https:\/\/dev.antudigital.cl\/sites\/vc\/wp-json\/wp\/v2\/posts\/10920\/revisions\/10923"}],"wp:featuredmedia":[{"embeddable":true,"href":"https:\/\/dev.antudigital.cl\/sites\/vc\/wp-json\/wp\/v2\/media\/10922"}],"wp:attachment":[{"href":"https:\/\/dev.antudigital.cl\/sites\/vc\/wp-json\/wp\/v2\/media?parent=10920"}],"wp:term":[{"taxonomy":"category","embeddable":true,"href":"https:\/\/dev.antudigital.cl\/sites\/vc\/wp-json\/wp\/v2\/categories?post=10920"},{"taxonomy":"post_tag","embeddable":true,"href":"https:\/\/dev.antudigital.cl\/sites\/vc\/wp-json\/wp\/v2\/tags?post=10920"}],"curies":[{"name":"wp","href":"https:\/\/api.w.org\/{rel}","templated":true}]}}