{"id":10924,"date":"2022-05-23T16:03:51","date_gmt":"2022-05-23T16:03:51","guid":{"rendered":"https:\/\/www.valparaisocreativo.cl\/?p=10924"},"modified":"2022-05-23T16:03:57","modified_gmt":"2022-05-23T16:03:57","slug":"dia-de-los-patrimonios-parque-cultural-de-valparaiso-celebra-con-una-completa-programacion","status":"publish","type":"post","link":"https:\/\/dev.antudigital.cl\/sites\/vc\/dia-de-los-patrimonios-parque-cultural-de-valparaiso-celebra-con-una-completa-programacion\/","title":{"rendered":"D\u00eda de los Patrimonios: Parque Cultural de Valpara\u00edso celebra con una completa programaci\u00f3n"},"content":{"rendered":"\n<p>La tradicional celebraci\u00f3n del D\u00eda de los Patrimonios cumple 23 a\u00f1os de historia y el <strong>Parque Cultural de Valpara\u00edso<\/strong> tiene preparada una serie de actividades presenciales y virtuales, que se extender\u00e1n durante todo el fin de semana y que comprenden talleres, conversatorios, visitas guiadas y conciertos, abiertas a todo p\u00fablico y con entrada liberada.<\/p>\n\n\n\n<p>La programaci\u00f3n comienza el d\u00eda viernes 27, donde se abrir\u00e1n las puertas del Teatro para el <a href=\"https:\/\/parquecultural.cl\/events\/orquesta-patrimonio-sonoro-quilpueino\/\" target=\"_blank\" rel=\"noreferrer noopener\">Concierto Patrimonio Sonoro Quilpueino<\/a>, mientras que el fin de semana se realizar\u00e1n visitas teatralizadas por distintos sectores del Parque con destacados personajes hist\u00f3ricos de Valpara\u00edso.<\/p>\n\n\n\n<p>La cueca porte\u00f1a tambi\u00e9n tendr\u00e1 su lugar en la celebraci\u00f3n, con conversatorios, cortometrajes y el Concierto del Grupo Alambique, en el marco de la actividad denominada \u201cA 20 a\u00f1os de la Isla de la Fantas\u00eda\u201d, financiada por el Programa de fortalecimiento de la identidad Cultural Regional del Ministerio de las Culturas, las artes y el patrimonio, regi\u00f3n de Los Lagos.<\/p>\n\n\n\n<p>Las actividades en torno al D\u00eda de los Patrimonios culminan el pr\u00f3ximo martes 31 con el Webinar: \u201cDi\u00e1logos sobre gesti\u00f3n y manejo de Sitios Patrimonio Mundial\u201d, que se transmitir\u00e1 por <strong><a href=\"http:\/\/facebook.com\/parqueculturaldevalparaiso\">Facebook Live del Parque Cultural<\/a><\/strong>.<\/p>\n\n\n\n<p>Cabe destacar que el D\u00eda del Patrimonio Cultural es una celebraci\u00f3n que fue instaurada en abril de 1999 para promover el disfrute, conocimiento y reflexi\u00f3n ciudadana sobre los patrimonios en Chile.\u00a0<\/p>\n\n\n\n<p>Se esperan m\u00e1s de 600 actividades a lo largo de todo el pa\u00eds, todas inscritas en el sitio oficial <a href=\"http:\/\/www.diadelospatrimonios.cl\" target=\"_blank\" rel=\"noreferrer noopener\">www.diadelospatrimonios.cl <\/a>\u00a0<\/p>\n\n\n\n<figure class=\"wp-block-image size-full\"><img fetchpriority=\"high\" decoding=\"async\" width=\"800\" height=\"450\" src=\"https:\/\/www.valparaisocreativo.cl\/wp-content\/uploads\/2022\/05\/PCdV-panora\u0301mica.jpg\" alt=\"\" class=\"wp-image-10925\" srcset=\"https:\/\/dev.antudigital.cl\/sites\/vc\/wp-content\/uploads\/2022\/05\/PCdV-panora\u0301mica.jpg 800w, https:\/\/dev.antudigital.cl\/sites\/vc\/wp-content\/uploads\/2022\/05\/PCdV-panora\u0301mica-300x169.jpg 300w, https:\/\/dev.antudigital.cl\/sites\/vc\/wp-content\/uploads\/2022\/05\/PCdV-panora\u0301mica-768x432.jpg 768w, https:\/\/dev.antudigital.cl\/sites\/vc\/wp-content\/uploads\/2022\/05\/PCdV-panora\u0301mica-480x270.jpg 480w\" sizes=\"(max-width: 800px) 100vw, 800px\" \/><\/figure>\n\n\n\n<p><strong>Aqu\u00ed te dejamos la programaci\u00f3n completa del PCdV:<\/strong><\/p>\n\n\n\n<p><strong>Viernes 27 de mayo:<\/strong><\/p>\n\n\n\n<ul class=\"wp-block-list\"><li><strong>18:30 hrs:<\/strong> Concierto Patrimonio Sonoro Quilpueino. Teatro del Parque con entrada liberada, por orden de llegada (Se requiere Pase de Movilidad).<\/li><\/ul>\n\n\n\n<p><strong>S\u00e1bado 28 de mayo:<\/strong><\/p>\n\n\n\n<ul class=\"wp-block-list\"><li><strong>10:00 hrs.<\/strong> Feria de Artes y Oficios. Frontis del Edificio de Difusi\u00f3n.<\/li><\/ul>\n\n\n\n<ul class=\"wp-block-list\"><li><strong>14:30 hrs.<\/strong> Visita teatralizada: \u201c\u00a1Libertad para Orellana!\u201d (ambientada en la huelga portuaria de 1903). Varios lugares (previa inscripci\u00f3n al correo <a href=\"mailto:patrimonio@pcdv.cl\" target=\"_blank\" rel=\"noreferrer noopener\">patrimonio@pcdv.cl<\/a>).&nbsp;<\/li><\/ul>\n\n\n\n<ul class=\"wp-block-list\"><li><strong>15:00 hrs.<\/strong> Conversatorio \u201cCreaci\u00f3n de Nuevas Melod\u00edas para Nuevas Cuecas. Sala de Lectura PCdV.<\/li><\/ul>\n\n\n\n<ul class=\"wp-block-list\"><li><strong>16:30 hrs.<\/strong> Lanzamiento de Cortometraje: \u201cDesde el cerro vengo llegando: La Quinta de Los N\u00fa\u00f1ez\u201d. Teatro del Parque.<\/li><\/ul>\n\n\n\n<ul class=\"wp-block-list\"><li><strong>18:30 hrs.<\/strong> Visita teatralizada: \u201c\u00c9mile Dubois\u201d. Varios lugares. &nbsp;(previa inscripci\u00f3n al correo <a href=\"mailto:patrimonio@pcdv.cl\" target=\"_blank\" rel=\"noreferrer noopener\">patrimonio@pcdv.cl<\/a>).&nbsp;<\/li><\/ul>\n\n\n\n<p><strong>Domingo 29 de mayo:<\/strong><\/p>\n\n\n\n<ul class=\"wp-block-list\"><li><strong>10:00 hrs.<\/strong> Lanzamiento de Cortometraje: \u201cDesde el cerro vengo llegando: La Quinta de Los N\u00fa\u00f1ez\u201d. Estreno simult\u00e1neo en redes sociales de PCdV y Upla TV.<\/li><\/ul>\n\n\n\n<ul class=\"wp-block-list\"><li><strong>11:30 hrs.<\/strong> Escuela de Artes y Oficios de Valpara\u00edso: \u201cTaller Demostrativo de Adobe Patrimonial\u201d. Salas 5 y 6, Edificio de Transmisi\u00f3n (previa inscripci\u00f3n al correo <a href=\"mailto:patrimonio@pcdv.cl\" target=\"_blank\" rel=\"noreferrer noopener\">patrimonio@pcdv.cl<\/a>).<\/li><\/ul>\n\n\n\n<ul class=\"wp-block-list\"><li><strong>14:30 hrs.<\/strong> Visita teatralizada: \u201c\u00a1Libertad para Orellana!\u201d (ambientada en la huelga portuaria de 1903). Varios lugares (previa inscripci\u00f3n al correo <a href=\"mailto:patrimonio@pcdv.cl\" target=\"_blank\" rel=\"noreferrer noopener\">patrimonio@pcdv.cl<\/a>).&nbsp;<\/li><\/ul>\n\n\n\n<ul class=\"wp-block-list\"><li><strong>16:00 hrs.<\/strong> Concierto Grupo Alambique \u201cA 20 a\u00f1os de la Isla de la Fantas\u00eda\u201d. Teatro PCdV.<\/li><\/ul>\n\n\n\n<ul class=\"wp-block-list\"><li><strong>17:30 hrs.<\/strong> Visita teatralizada: \u201c\u00c9mile Dubois\u201d. Varios lugares (previa inscripci\u00f3n al correo <a href=\"mailto:patrimonio@pcdv.cl\" target=\"_blank\" rel=\"noreferrer noopener\">patrimonio@pcdv.cl<\/a>).<\/li><\/ul>\n\n\n\n<p><strong>Martes 31 de mayo:<\/strong><\/p>\n\n\n\n<ul class=\"wp-block-list\"><li><strong>11:00 hrs.<\/strong> Webinar: \u201cDi\u00e1logos sobre gesti\u00f3n y manejo de Sitios Patrimonio Mundial\u201d. Facebook Live del Parque.<\/li><\/ul>\n\n\n\n<p>M\u00e1s detalles de nuestra programaci\u00f3n en <a href=\"http:\/\/www.parquecultural.cl\" target=\"_blank\" rel=\"noreferrer noopener\">www.parquecultural.cl<\/a>&nbsp;<\/p>\n","protected":false},"excerpt":{"rendered":"<p>La tradicional celebraci\u00f3n del D\u00eda de los Patrimonios cumple 23 a\u00f1os de historia y el Parque Cultural de Valpara\u00edso tiene preparada una serie de actividades presenciales y virtuales, que se extender\u00e1n durante todo el fin de semana y que comprenden talleres, conversatorios, visitas guiadas y conciertos, abiertas a todo p\u00fablico y con entrada liberada. La [&hellip;]<\/p>\n","protected":false},"author":1,"featured_media":10926,"comment_status":"open","ping_status":"closed","sticky":false,"template":"","format":"standard","meta":{"_acf_changed":false,"footnotes":""},"categories":[8],"tags":[7,229,10],"class_list":["post-10924","post","type-post","status-publish","format-standard","has-post-thumbnail","hentry","category-noticia","tag-industria-creativa","tag-patrimonio","tag-valparaiso"],"acf":[],"yoast_head":"<!-- This site is optimized with the Yoast SEO plugin v27.1.1 - https:\/\/yoast.com\/product\/yoast-seo-wordpress\/ -->\n<title>D\u00eda de los Patrimonios: Parque Cultural de Valpara\u00edso celebra con una completa programaci\u00f3n - Valpara\u00ed\u00adso Creativo<\/title>\n<meta name=\"robots\" content=\"index, follow, max-snippet:-1, max-image-preview:large, max-video-preview:-1\" \/>\n<link rel=\"canonical\" href=\"https:\/\/dev.antudigital.cl\/sites\/vc\/dia-de-los-patrimonios-parque-cultural-de-valparaiso-celebra-con-una-completa-programacion\/\" \/>\n<meta property=\"og:locale\" content=\"es_ES\" \/>\n<meta property=\"og:type\" content=\"article\" \/>\n<meta property=\"og:title\" content=\"D\u00eda de los Patrimonios: Parque Cultural de Valpara\u00edso celebra con una completa programaci\u00f3n - Valpara\u00ed\u00adso Creativo\" \/>\n<meta property=\"og:description\" content=\"La tradicional celebraci\u00f3n del D\u00eda de los Patrimonios cumple 23 a\u00f1os de historia y el Parque Cultural de Valpara\u00edso tiene preparada una serie de actividades presenciales y virtuales, que se extender\u00e1n durante todo el fin de semana y que comprenden talleres, conversatorios, visitas guiadas y conciertos, abiertas a todo p\u00fablico y con entrada liberada. La [&hellip;]\" \/>\n<meta property=\"og:url\" content=\"https:\/\/dev.antudigital.cl\/sites\/vc\/dia-de-los-patrimonios-parque-cultural-de-valparaiso-celebra-con-una-completa-programacion\/\" \/>\n<meta property=\"og:site_name\" content=\"Valpara\u00ed\u00adso Creativo\" \/>\n<meta property=\"article:published_time\" content=\"2022-05-23T16:03:51+00:00\" \/>\n<meta property=\"article:modified_time\" content=\"2022-05-23T16:03:57+00:00\" \/>\n<meta property=\"og:image\" content=\"https:\/\/dev.antudigital.cl\/sites\/vc\/wp-content\/uploads\/2022\/05\/di\u0301a-de-los-patrimonios-Mincap.png\" \/>\n\t<meta property=\"og:image:width\" content=\"1920\" \/>\n\t<meta property=\"og:image:height\" content=\"1080\" \/>\n\t<meta property=\"og:image:type\" content=\"image\/png\" \/>\n<meta name=\"author\" content=\"Valpara\u00edso Creativo\" \/>\n<meta name=\"twitter:card\" content=\"summary_large_image\" \/>\n<meta name=\"twitter:label1\" content=\"Escrito por\" \/>\n\t<meta name=\"twitter:data1\" content=\"Valpara\u00edso Creativo\" \/>\n\t<meta name=\"twitter:label2\" content=\"Tiempo de lectura\" \/>\n\t<meta name=\"twitter:data2\" content=\"3 minutos\" \/>\n<script type=\"application\/ld+json\" class=\"yoast-schema-graph\">{\"@context\":\"https:\/\/schema.org\",\"@graph\":[{\"@type\":\"Article\",\"@id\":\"https:\/\/dev.antudigital.cl\/sites\/vc\/dia-de-los-patrimonios-parque-cultural-de-valparaiso-celebra-con-una-completa-programacion\/#article\",\"isPartOf\":{\"@id\":\"https:\/\/dev.antudigital.cl\/sites\/vc\/dia-de-los-patrimonios-parque-cultural-de-valparaiso-celebra-con-una-completa-programacion\/\"},\"author\":{\"name\":\"Valpara\u00edso Creativo\",\"@id\":\"https:\/\/dev.antudigital.cl\/sites\/vc\/#\/schema\/person\/c2b9da8dd545e27166fc5ab232837318\"},\"headline\":\"D\u00eda de los Patrimonios: Parque Cultural de Valpara\u00edso celebra con una completa programaci\u00f3n\",\"datePublished\":\"2022-05-23T16:03:51+00:00\",\"dateModified\":\"2022-05-23T16:03:57+00:00\",\"mainEntityOfPage\":{\"@id\":\"https:\/\/dev.antudigital.cl\/sites\/vc\/dia-de-los-patrimonios-parque-cultural-de-valparaiso-celebra-con-una-completa-programacion\/\"},\"wordCount\":544,\"commentCount\":0,\"image\":{\"@id\":\"https:\/\/dev.antudigital.cl\/sites\/vc\/dia-de-los-patrimonios-parque-cultural-de-valparaiso-celebra-con-una-completa-programacion\/#primaryimage\"},\"thumbnailUrl\":\"https:\/\/dev.antudigital.cl\/sites\/vc\/wp-content\/uploads\/2022\/05\/di\u0301a-de-los-patrimonios-Mincap.png\",\"keywords\":[\"industria creativa\",\"patrimonio\",\"valpara\u00edso\"],\"articleSection\":[\"Noticia\"],\"inLanguage\":\"es\",\"potentialAction\":[{\"@type\":\"CommentAction\",\"name\":\"Comment\",\"target\":[\"https:\/\/dev.antudigital.cl\/sites\/vc\/dia-de-los-patrimonios-parque-cultural-de-valparaiso-celebra-con-una-completa-programacion\/#respond\"]}]},{\"@type\":\"WebPage\",\"@id\":\"https:\/\/dev.antudigital.cl\/sites\/vc\/dia-de-los-patrimonios-parque-cultural-de-valparaiso-celebra-con-una-completa-programacion\/\",\"url\":\"https:\/\/dev.antudigital.cl\/sites\/vc\/dia-de-los-patrimonios-parque-cultural-de-valparaiso-celebra-con-una-completa-programacion\/\",\"name\":\"D\u00eda de los Patrimonios: Parque Cultural de Valpara\u00edso celebra con una completa programaci\u00f3n - Valpara\u00ed\u00adso Creativo\",\"isPartOf\":{\"@id\":\"https:\/\/dev.antudigital.cl\/sites\/vc\/#website\"},\"primaryImageOfPage\":{\"@id\":\"https:\/\/dev.antudigital.cl\/sites\/vc\/dia-de-los-patrimonios-parque-cultural-de-valparaiso-celebra-con-una-completa-programacion\/#primaryimage\"},\"image\":{\"@id\":\"https:\/\/dev.antudigital.cl\/sites\/vc\/dia-de-los-patrimonios-parque-cultural-de-valparaiso-celebra-con-una-completa-programacion\/#primaryimage\"},\"thumbnailUrl\":\"https:\/\/dev.antudigital.cl\/sites\/vc\/wp-content\/uploads\/2022\/05\/di\u0301a-de-los-patrimonios-Mincap.png\",\"datePublished\":\"2022-05-23T16:03:51+00:00\",\"dateModified\":\"2022-05-23T16:03:57+00:00\",\"author\":{\"@id\":\"https:\/\/dev.antudigital.cl\/sites\/vc\/#\/schema\/person\/c2b9da8dd545e27166fc5ab232837318\"},\"breadcrumb\":{\"@id\":\"https:\/\/dev.antudigital.cl\/sites\/vc\/dia-de-los-patrimonios-parque-cultural-de-valparaiso-celebra-con-una-completa-programacion\/#breadcrumb\"},\"inLanguage\":\"es\",\"potentialAction\":[{\"@type\":\"ReadAction\",\"target\":[\"https:\/\/dev.antudigital.cl\/sites\/vc\/dia-de-los-patrimonios-parque-cultural-de-valparaiso-celebra-con-una-completa-programacion\/\"]}]},{\"@type\":\"ImageObject\",\"inLanguage\":\"es\",\"@id\":\"https:\/\/dev.antudigital.cl\/sites\/vc\/dia-de-los-patrimonios-parque-cultural-de-valparaiso-celebra-con-una-completa-programacion\/#primaryimage\",\"url\":\"https:\/\/dev.antudigital.cl\/sites\/vc\/wp-content\/uploads\/2022\/05\/di\u0301a-de-los-patrimonios-Mincap.png\",\"contentUrl\":\"https:\/\/dev.antudigital.cl\/sites\/vc\/wp-content\/uploads\/2022\/05\/di\u0301a-de-los-patrimonios-Mincap.png\",\"width\":1920,\"height\":1080},{\"@type\":\"BreadcrumbList\",\"@id\":\"https:\/\/dev.antudigital.cl\/sites\/vc\/dia-de-los-patrimonios-parque-cultural-de-valparaiso-celebra-con-una-completa-programacion\/#breadcrumb\",\"itemListElement\":[{\"@type\":\"ListItem\",\"position\":1,\"name\":\"Home\",\"item\":\"https:\/\/dev.antudigital.cl\/sites\/vc\/\"},{\"@type\":\"ListItem\",\"position\":2,\"name\":\"D\u00eda de los Patrimonios: Parque Cultural de Valpara\u00edso celebra con una completa programaci\u00f3n\"}]},{\"@type\":\"WebSite\",\"@id\":\"https:\/\/dev.antudigital.cl\/sites\/vc\/#website\",\"url\":\"https:\/\/dev.antudigital.cl\/sites\/vc\/\",\"name\":\"Valpara\u00ed\u00adso Creativo\",\"description\":\"\",\"potentialAction\":[{\"@type\":\"SearchAction\",\"target\":{\"@type\":\"EntryPoint\",\"urlTemplate\":\"https:\/\/dev.antudigital.cl\/sites\/vc\/?s={search_term_string}\"},\"query-input\":{\"@type\":\"PropertyValueSpecification\",\"valueRequired\":true,\"valueName\":\"search_term_string\"}}],\"inLanguage\":\"es\"},{\"@type\":\"Person\",\"@id\":\"https:\/\/dev.antudigital.cl\/sites\/vc\/#\/schema\/person\/c2b9da8dd545e27166fc5ab232837318\",\"name\":\"Valpara\u00edso Creativo\",\"description\":\"Periodista de cultura en la Regi\u00f3n de Valpara\u00edso.\",\"url\":\"https:\/\/dev.antudigital.cl\/sites\/vc\/author\/valpoadmin\/\"}]}<\/script>\n<!-- \/ Yoast SEO plugin. -->","yoast_head_json":{"title":"D\u00eda de los Patrimonios: Parque Cultural de Valpara\u00edso celebra con una completa programaci\u00f3n - Valpara\u00ed\u00adso Creativo","robots":{"index":"index","follow":"follow","max-snippet":"max-snippet:-1","max-image-preview":"max-image-preview:large","max-video-preview":"max-video-preview:-1"},"canonical":"https:\/\/dev.antudigital.cl\/sites\/vc\/dia-de-los-patrimonios-parque-cultural-de-valparaiso-celebra-con-una-completa-programacion\/","og_locale":"es_ES","og_type":"article","og_title":"D\u00eda de los Patrimonios: Parque Cultural de Valpara\u00edso celebra con una completa programaci\u00f3n - Valpara\u00ed\u00adso Creativo","og_description":"La tradicional celebraci\u00f3n del D\u00eda de los Patrimonios cumple 23 a\u00f1os de historia y el Parque Cultural de Valpara\u00edso tiene preparada una serie de actividades presenciales y virtuales, que se extender\u00e1n durante todo el fin de semana y que comprenden talleres, conversatorios, visitas guiadas y conciertos, abiertas a todo p\u00fablico y con entrada liberada. La [&hellip;]","og_url":"https:\/\/dev.antudigital.cl\/sites\/vc\/dia-de-los-patrimonios-parque-cultural-de-valparaiso-celebra-con-una-completa-programacion\/","og_site_name":"Valpara\u00ed\u00adso Creativo","article_published_time":"2022-05-23T16:03:51+00:00","article_modified_time":"2022-05-23T16:03:57+00:00","og_image":[{"width":1920,"height":1080,"url":"https:\/\/dev.antudigital.cl\/sites\/vc\/wp-content\/uploads\/2022\/05\/di\u0301a-de-los-patrimonios-Mincap.png","type":"image\/png"}],"author":"Valpara\u00edso Creativo","twitter_card":"summary_large_image","twitter_misc":{"Escrito por":"Valpara\u00edso Creativo","Tiempo de lectura":"3 minutos"},"schema":{"@context":"https:\/\/schema.org","@graph":[{"@type":"Article","@id":"https:\/\/dev.antudigital.cl\/sites\/vc\/dia-de-los-patrimonios-parque-cultural-de-valparaiso-celebra-con-una-completa-programacion\/#article","isPartOf":{"@id":"https:\/\/dev.antudigital.cl\/sites\/vc\/dia-de-los-patrimonios-parque-cultural-de-valparaiso-celebra-con-una-completa-programacion\/"},"author":{"name":"Valpara\u00edso Creativo","@id":"https:\/\/dev.antudigital.cl\/sites\/vc\/#\/schema\/person\/c2b9da8dd545e27166fc5ab232837318"},"headline":"D\u00eda de los Patrimonios: Parque Cultural de Valpara\u00edso celebra con una completa programaci\u00f3n","datePublished":"2022-05-23T16:03:51+00:00","dateModified":"2022-05-23T16:03:57+00:00","mainEntityOfPage":{"@id":"https:\/\/dev.antudigital.cl\/sites\/vc\/dia-de-los-patrimonios-parque-cultural-de-valparaiso-celebra-con-una-completa-programacion\/"},"wordCount":544,"commentCount":0,"image":{"@id":"https:\/\/dev.antudigital.cl\/sites\/vc\/dia-de-los-patrimonios-parque-cultural-de-valparaiso-celebra-con-una-completa-programacion\/#primaryimage"},"thumbnailUrl":"https:\/\/dev.antudigital.cl\/sites\/vc\/wp-content\/uploads\/2022\/05\/di\u0301a-de-los-patrimonios-Mincap.png","keywords":["industria creativa","patrimonio","valpara\u00edso"],"articleSection":["Noticia"],"inLanguage":"es","potentialAction":[{"@type":"CommentAction","name":"Comment","target":["https:\/\/dev.antudigital.cl\/sites\/vc\/dia-de-los-patrimonios-parque-cultural-de-valparaiso-celebra-con-una-completa-programacion\/#respond"]}]},{"@type":"WebPage","@id":"https:\/\/dev.antudigital.cl\/sites\/vc\/dia-de-los-patrimonios-parque-cultural-de-valparaiso-celebra-con-una-completa-programacion\/","url":"https:\/\/dev.antudigital.cl\/sites\/vc\/dia-de-los-patrimonios-parque-cultural-de-valparaiso-celebra-con-una-completa-programacion\/","name":"D\u00eda de los Patrimonios: Parque Cultural de Valpara\u00edso celebra con una completa programaci\u00f3n - Valpara\u00ed\u00adso Creativo","isPartOf":{"@id":"https:\/\/dev.antudigital.cl\/sites\/vc\/#website"},"primaryImageOfPage":{"@id":"https:\/\/dev.antudigital.cl\/sites\/vc\/dia-de-los-patrimonios-parque-cultural-de-valparaiso-celebra-con-una-completa-programacion\/#primaryimage"},"image":{"@id":"https:\/\/dev.antudigital.cl\/sites\/vc\/dia-de-los-patrimonios-parque-cultural-de-valparaiso-celebra-con-una-completa-programacion\/#primaryimage"},"thumbnailUrl":"https:\/\/dev.antudigital.cl\/sites\/vc\/wp-content\/uploads\/2022\/05\/di\u0301a-de-los-patrimonios-Mincap.png","datePublished":"2022-05-23T16:03:51+00:00","dateModified":"2022-05-23T16:03:57+00:00","author":{"@id":"https:\/\/dev.antudigital.cl\/sites\/vc\/#\/schema\/person\/c2b9da8dd545e27166fc5ab232837318"},"breadcrumb":{"@id":"https:\/\/dev.antudigital.cl\/sites\/vc\/dia-de-los-patrimonios-parque-cultural-de-valparaiso-celebra-con-una-completa-programacion\/#breadcrumb"},"inLanguage":"es","potentialAction":[{"@type":"ReadAction","target":["https:\/\/dev.antudigital.cl\/sites\/vc\/dia-de-los-patrimonios-parque-cultural-de-valparaiso-celebra-con-una-completa-programacion\/"]}]},{"@type":"ImageObject","inLanguage":"es","@id":"https:\/\/dev.antudigital.cl\/sites\/vc\/dia-de-los-patrimonios-parque-cultural-de-valparaiso-celebra-con-una-completa-programacion\/#primaryimage","url":"https:\/\/dev.antudigital.cl\/sites\/vc\/wp-content\/uploads\/2022\/05\/di\u0301a-de-los-patrimonios-Mincap.png","contentUrl":"https:\/\/dev.antudigital.cl\/sites\/vc\/wp-content\/uploads\/2022\/05\/di\u0301a-de-los-patrimonios-Mincap.png","width":1920,"height":1080},{"@type":"BreadcrumbList","@id":"https:\/\/dev.antudigital.cl\/sites\/vc\/dia-de-los-patrimonios-parque-cultural-de-valparaiso-celebra-con-una-completa-programacion\/#breadcrumb","itemListElement":[{"@type":"ListItem","position":1,"name":"Home","item":"https:\/\/dev.antudigital.cl\/sites\/vc\/"},{"@type":"ListItem","position":2,"name":"D\u00eda de los Patrimonios: Parque Cultural de Valpara\u00edso celebra con una completa programaci\u00f3n"}]},{"@type":"WebSite","@id":"https:\/\/dev.antudigital.cl\/sites\/vc\/#website","url":"https:\/\/dev.antudigital.cl\/sites\/vc\/","name":"Valpara\u00ed\u00adso Creativo","description":"","potentialAction":[{"@type":"SearchAction","target":{"@type":"EntryPoint","urlTemplate":"https:\/\/dev.antudigital.cl\/sites\/vc\/?s={search_term_string}"},"query-input":{"@type":"PropertyValueSpecification","valueRequired":true,"valueName":"search_term_string"}}],"inLanguage":"es"},{"@type":"Person","@id":"https:\/\/dev.antudigital.cl\/sites\/vc\/#\/schema\/person\/c2b9da8dd545e27166fc5ab232837318","name":"Valpara\u00edso Creativo","description":"Periodista de cultura en la Regi\u00f3n de Valpara\u00edso.","url":"https:\/\/dev.antudigital.cl\/sites\/vc\/author\/valpoadmin\/"}]}},"_links":{"self":[{"href":"https:\/\/dev.antudigital.cl\/sites\/vc\/wp-json\/wp\/v2\/posts\/10924","targetHints":{"allow":["GET"]}}],"collection":[{"href":"https:\/\/dev.antudigital.cl\/sites\/vc\/wp-json\/wp\/v2\/posts"}],"about":[{"href":"https:\/\/dev.antudigital.cl\/sites\/vc\/wp-json\/wp\/v2\/types\/post"}],"author":[{"embeddable":true,"href":"https:\/\/dev.antudigital.cl\/sites\/vc\/wp-json\/wp\/v2\/users\/1"}],"replies":[{"embeddable":true,"href":"https:\/\/dev.antudigital.cl\/sites\/vc\/wp-json\/wp\/v2\/comments?post=10924"}],"version-history":[{"count":1,"href":"https:\/\/dev.antudigital.cl\/sites\/vc\/wp-json\/wp\/v2\/posts\/10924\/revisions"}],"predecessor-version":[{"id":10927,"href":"https:\/\/dev.antudigital.cl\/sites\/vc\/wp-json\/wp\/v2\/posts\/10924\/revisions\/10927"}],"wp:featuredmedia":[{"embeddable":true,"href":"https:\/\/dev.antudigital.cl\/sites\/vc\/wp-json\/wp\/v2\/media\/10926"}],"wp:attachment":[{"href":"https:\/\/dev.antudigital.cl\/sites\/vc\/wp-json\/wp\/v2\/media?parent=10924"}],"wp:term":[{"taxonomy":"category","embeddable":true,"href":"https:\/\/dev.antudigital.cl\/sites\/vc\/wp-json\/wp\/v2\/categories?post=10924"},{"taxonomy":"post_tag","embeddable":true,"href":"https:\/\/dev.antudigital.cl\/sites\/vc\/wp-json\/wp\/v2\/tags?post=10924"}],"curies":[{"name":"wp","href":"https:\/\/api.w.org\/{rel}","templated":true}]}}