{"id":10928,"date":"2022-05-23T16:12:31","date_gmt":"2022-05-23T16:12:31","guid":{"rendered":"https:\/\/www.valparaisocreativo.cl\/?p=10928"},"modified":"2022-05-23T16:12:44","modified_gmt":"2022-05-23T16:12:44","slug":"orquesta-sonidos-de-luz-integrada-por-jovenes-ciegos-presentara-un-variado-repertorio-en-el-teatro-parque-de-valparaiso","status":"publish","type":"post","link":"https:\/\/dev.antudigital.cl\/sites\/vc\/orquesta-sonidos-de-luz-integrada-por-jovenes-ciegos-presentara-un-variado-repertorio-en-el-teatro-parque-de-valparaiso\/","title":{"rendered":"Orquesta Sonidos de Luz, integrada por j\u00f3venes ciegos,\u00a0 presentar\u00e1 un variado repertorio en el Teatro Parque de Valpara\u00edso"},"content":{"rendered":"\n<p>Con m\u00e1s de 40 conciertos desde el 2020, de los cuales 25 fueron online, el mi\u00e9rcoles <strong>25 de mayo se presentar\u00e1 en el Teatro Parque la<\/strong> <strong>Orquesta Sonidos de Luz, que pertenece a Fundaci\u00f3n Luz y que integran j\u00f3venes ciegos o de baja visi\u00f3n<\/strong>.<\/p>\n\n\n\n<p>El evento, programado para las 18:30 horas y organizado por Parque Cultural Valpara\u00edso, marcar\u00e1 la segunda presentaci\u00f3n de la orquesta en el marco de su gira nacional, que se inici\u00f3 el 4 de abril en Puerto Montt.<\/p>\n\n\n\n<p>Para el encuentro, la agrupaci\u00f3n, formada por ex alumnos del Colegio Santa Luc\u00eda, tambi\u00e9n perteneciente a Fundaci\u00f3n Luz, tiene previsto repasar un variado repertorio de estilos musicales, como jazz, reggae, bossa nova y m\u00fasica popular, que se encuentran compilados en su disco \u201cM\u00fasica para tus ojos\u201d que grabaron en el 2019 con nueve covers y una canci\u00f3n propia, \u201cBlues para Luciano\u00bb.<\/p>\n\n\n\n<p>\u201cPara nosotros es muy importante dar a conocer nuestra m\u00fasica en regiones y contribuir al desarrollo inclusivo de la sociedad. Esperamos que la gente nos acompa\u00f1e y pueda disfrutar de nuestros temas. Hemos ensayado bastante y estamos con muchas ganas de entregar toda nuestra energ\u00eda en el escenario, y que el p\u00fablico vibre y lo pase muy bien\u201d, <strong>se\u00f1ala Crist\u00f3bal Rojas Basso, director de la Orquesta Sonidos de Luz<\/strong>, quien en el 2020 gan\u00f3 el Global Teacher Prize de M\u00fasica y el a\u00f1o pasado fue seleccionado entre los 50 mejores profesores del mundo.<\/p>\n\n\n\n<p>Por su parte, <strong>la directora ejecutiva del Parque Cultural de Valpara\u00edso, N\u00e9lida Pozo<\/strong>, indic\u00f3 que para este espacio \u201cque <\/p>\n\n\n\n<figure class=\"wp-block-image size-large\"><img fetchpriority=\"high\" decoding=\"async\" width=\"1024\" height=\"1024\" src=\"https:\/\/www.valparaisocreativo.cl\/wp-content\/uploads\/2022\/05\/SonidosDeLuz_IG_A1-1024x1024.jpg\" alt=\"\" class=\"wp-image-10930\" srcset=\"https:\/\/dev.antudigital.cl\/sites\/vc\/wp-content\/uploads\/2022\/05\/SonidosDeLuz_IG_A1-1024x1024.jpg 1024w, https:\/\/dev.antudigital.cl\/sites\/vc\/wp-content\/uploads\/2022\/05\/SonidosDeLuz_IG_A1-300x300.jpg 300w, https:\/\/dev.antudigital.cl\/sites\/vc\/wp-content\/uploads\/2022\/05\/SonidosDeLuz_IG_A1-150x150.jpg 150w, https:\/\/dev.antudigital.cl\/sites\/vc\/wp-content\/uploads\/2022\/05\/SonidosDeLuz_IG_A1-768x768.jpg 768w, https:\/\/dev.antudigital.cl\/sites\/vc\/wp-content\/uploads\/2022\/05\/SonidosDeLuz_IG_A1-1080x1080.jpg 1080w, https:\/\/dev.antudigital.cl\/sites\/vc\/wp-content\/uploads\/2022\/05\/SonidosDeLuz_IG_A1-980x980.jpg 980w, https:\/\/dev.antudigital.cl\/sites\/vc\/wp-content\/uploads\/2022\/05\/SonidosDeLuz_IG_A1-480x480.jpg 480w, https:\/\/dev.antudigital.cl\/sites\/vc\/wp-content\/uploads\/2022\/05\/SonidosDeLuz_IG_A1.jpg 1201w\" sizes=\"(max-width: 1024px) 100vw, 1024px\" \/><\/figure>\n\n\n\n<p><\/p>\n\n\n\n<p><\/p>\n\n\n\n<p><\/p>\n","protected":false},"excerpt":{"rendered":"<p>Con m\u00e1s de 40 conciertos desde el 2020, de los cuales 25 fueron online, el mi\u00e9rcoles 25 de mayo se presentar\u00e1 en el Teatro Parque la Orquesta Sonidos de Luz, que pertenece a Fundaci\u00f3n Luz y que integran j\u00f3venes ciegos o de baja visi\u00f3n. El evento, programado para las 18:30 horas y organizado por Parque [&hellip;]<\/p>\n","protected":false},"author":1,"featured_media":10929,"comment_status":"open","ping_status":"closed","sticky":false,"template":"","format":"standard","meta":{"_acf_changed":false,"footnotes":""},"categories":[8],"tags":[10],"class_list":["post-10928","post","type-post","status-publish","format-standard","has-post-thumbnail","hentry","category-noticia","tag-valparaiso"],"acf":[],"yoast_head":"<!-- This site is optimized with the Yoast SEO plugin v27.1.1 - https:\/\/yoast.com\/product\/yoast-seo-wordpress\/ -->\n<title>Orquesta Sonidos de Luz, integrada por j\u00f3venes ciegos,\u00a0 presentar\u00e1 un variado repertorio en el Teatro Parque de Valpara\u00edso - Valpara\u00ed\u00adso Creativo<\/title>\n<meta name=\"robots\" content=\"index, follow, max-snippet:-1, max-image-preview:large, max-video-preview:-1\" \/>\n<link rel=\"canonical\" href=\"https:\/\/dev.antudigital.cl\/sites\/vc\/orquesta-sonidos-de-luz-integrada-por-jovenes-ciegos-presentara-un-variado-repertorio-en-el-teatro-parque-de-valparaiso\/\" \/>\n<meta property=\"og:locale\" content=\"es_ES\" \/>\n<meta property=\"og:type\" content=\"article\" \/>\n<meta property=\"og:title\" content=\"Orquesta Sonidos de Luz, integrada por j\u00f3venes ciegos,\u00a0 presentar\u00e1 un variado repertorio en el Teatro Parque de Valpara\u00edso - Valpara\u00ed\u00adso Creativo\" \/>\n<meta property=\"og:description\" content=\"Con m\u00e1s de 40 conciertos desde el 2020, de los cuales 25 fueron online, el mi\u00e9rcoles 25 de mayo se presentar\u00e1 en el Teatro Parque la Orquesta Sonidos de Luz, que pertenece a Fundaci\u00f3n Luz y que integran j\u00f3venes ciegos o de baja visi\u00f3n. El evento, programado para las 18:30 horas y organizado por Parque [&hellip;]\" \/>\n<meta property=\"og:url\" content=\"https:\/\/dev.antudigital.cl\/sites\/vc\/orquesta-sonidos-de-luz-integrada-por-jovenes-ciegos-presentara-un-variado-repertorio-en-el-teatro-parque-de-valparaiso\/\" \/>\n<meta property=\"og:site_name\" content=\"Valpara\u00ed\u00adso Creativo\" \/>\n<meta property=\"article:published_time\" content=\"2022-05-23T16:12:31+00:00\" \/>\n<meta property=\"article:modified_time\" content=\"2022-05-23T16:12:44+00:00\" \/>\n<meta property=\"og:image\" content=\"https:\/\/dev.antudigital.cl\/sites\/vc\/wp-content\/uploads\/2022\/05\/Orquesta-Sonidos-de-Luz-2-2-1024x684.jpg\" \/>\n\t<meta property=\"og:image:width\" content=\"1024\" \/>\n\t<meta property=\"og:image:height\" content=\"684\" \/>\n\t<meta property=\"og:image:type\" content=\"image\/jpeg\" \/>\n<meta name=\"author\" content=\"Valpara\u00edso Creativo\" \/>\n<meta name=\"twitter:card\" content=\"summary_large_image\" \/>\n<meta name=\"twitter:label1\" content=\"Escrito por\" \/>\n\t<meta name=\"twitter:data1\" content=\"Valpara\u00edso Creativo\" \/>\n\t<meta name=\"twitter:label2\" content=\"Tiempo de lectura\" \/>\n\t<meta name=\"twitter:data2\" content=\"2 minutos\" \/>\n<script type=\"application\/ld+json\" class=\"yoast-schema-graph\">{\"@context\":\"https:\/\/schema.org\",\"@graph\":[{\"@type\":\"Article\",\"@id\":\"https:\/\/dev.antudigital.cl\/sites\/vc\/orquesta-sonidos-de-luz-integrada-por-jovenes-ciegos-presentara-un-variado-repertorio-en-el-teatro-parque-de-valparaiso\/#article\",\"isPartOf\":{\"@id\":\"https:\/\/dev.antudigital.cl\/sites\/vc\/orquesta-sonidos-de-luz-integrada-por-jovenes-ciegos-presentara-un-variado-repertorio-en-el-teatro-parque-de-valparaiso\/\"},\"author\":{\"name\":\"Valpara\u00edso Creativo\",\"@id\":\"https:\/\/dev.antudigital.cl\/sites\/vc\/#\/schema\/person\/c2b9da8dd545e27166fc5ab232837318\"},\"headline\":\"Orquesta Sonidos de Luz, integrada por j\u00f3venes ciegos,\u00a0 presentar\u00e1 un variado repertorio en el Teatro Parque de Valpara\u00edso\",\"datePublished\":\"2022-05-23T16:12:31+00:00\",\"dateModified\":\"2022-05-23T16:12:44+00:00\",\"mainEntityOfPage\":{\"@id\":\"https:\/\/dev.antudigital.cl\/sites\/vc\/orquesta-sonidos-de-luz-integrada-por-jovenes-ciegos-presentara-un-variado-repertorio-en-el-teatro-parque-de-valparaiso\/\"},\"wordCount\":289,\"commentCount\":0,\"image\":{\"@id\":\"https:\/\/dev.antudigital.cl\/sites\/vc\/orquesta-sonidos-de-luz-integrada-por-jovenes-ciegos-presentara-un-variado-repertorio-en-el-teatro-parque-de-valparaiso\/#primaryimage\"},\"thumbnailUrl\":\"https:\/\/dev.antudigital.cl\/sites\/vc\/wp-content\/uploads\/2022\/05\/Orquesta-Sonidos-de-Luz-2-2.jpg\",\"keywords\":[\"valpara\u00edso\"],\"articleSection\":[\"Noticia\"],\"inLanguage\":\"es\",\"potentialAction\":[{\"@type\":\"CommentAction\",\"name\":\"Comment\",\"target\":[\"https:\/\/dev.antudigital.cl\/sites\/vc\/orquesta-sonidos-de-luz-integrada-por-jovenes-ciegos-presentara-un-variado-repertorio-en-el-teatro-parque-de-valparaiso\/#respond\"]}]},{\"@type\":\"WebPage\",\"@id\":\"https:\/\/dev.antudigital.cl\/sites\/vc\/orquesta-sonidos-de-luz-integrada-por-jovenes-ciegos-presentara-un-variado-repertorio-en-el-teatro-parque-de-valparaiso\/\",\"url\":\"https:\/\/dev.antudigital.cl\/sites\/vc\/orquesta-sonidos-de-luz-integrada-por-jovenes-ciegos-presentara-un-variado-repertorio-en-el-teatro-parque-de-valparaiso\/\",\"name\":\"Orquesta Sonidos de Luz, integrada por j\u00f3venes ciegos,\u00a0 presentar\u00e1 un variado repertorio en el Teatro Parque de Valpara\u00edso - Valpara\u00ed\u00adso Creativo\",\"isPartOf\":{\"@id\":\"https:\/\/dev.antudigital.cl\/sites\/vc\/#website\"},\"primaryImageOfPage\":{\"@id\":\"https:\/\/dev.antudigital.cl\/sites\/vc\/orquesta-sonidos-de-luz-integrada-por-jovenes-ciegos-presentara-un-variado-repertorio-en-el-teatro-parque-de-valparaiso\/#primaryimage\"},\"image\":{\"@id\":\"https:\/\/dev.antudigital.cl\/sites\/vc\/orquesta-sonidos-de-luz-integrada-por-jovenes-ciegos-presentara-un-variado-repertorio-en-el-teatro-parque-de-valparaiso\/#primaryimage\"},\"thumbnailUrl\":\"https:\/\/dev.antudigital.cl\/sites\/vc\/wp-content\/uploads\/2022\/05\/Orquesta-Sonidos-de-Luz-2-2.jpg\",\"datePublished\":\"2022-05-23T16:12:31+00:00\",\"dateModified\":\"2022-05-23T16:12:44+00:00\",\"author\":{\"@id\":\"https:\/\/dev.antudigital.cl\/sites\/vc\/#\/schema\/person\/c2b9da8dd545e27166fc5ab232837318\"},\"breadcrumb\":{\"@id\":\"https:\/\/dev.antudigital.cl\/sites\/vc\/orquesta-sonidos-de-luz-integrada-por-jovenes-ciegos-presentara-un-variado-repertorio-en-el-teatro-parque-de-valparaiso\/#breadcrumb\"},\"inLanguage\":\"es\",\"potentialAction\":[{\"@type\":\"ReadAction\",\"target\":[\"https:\/\/dev.antudigital.cl\/sites\/vc\/orquesta-sonidos-de-luz-integrada-por-jovenes-ciegos-presentara-un-variado-repertorio-en-el-teatro-parque-de-valparaiso\/\"]}]},{\"@type\":\"ImageObject\",\"inLanguage\":\"es\",\"@id\":\"https:\/\/dev.antudigital.cl\/sites\/vc\/orquesta-sonidos-de-luz-integrada-por-jovenes-ciegos-presentara-un-variado-repertorio-en-el-teatro-parque-de-valparaiso\/#primaryimage\",\"url\":\"https:\/\/dev.antudigital.cl\/sites\/vc\/wp-content\/uploads\/2022\/05\/Orquesta-Sonidos-de-Luz-2-2.jpg\",\"contentUrl\":\"https:\/\/dev.antudigital.cl\/sites\/vc\/wp-content\/uploads\/2022\/05\/Orquesta-Sonidos-de-Luz-2-2.jpg\",\"width\":2500,\"height\":1669},{\"@type\":\"BreadcrumbList\",\"@id\":\"https:\/\/dev.antudigital.cl\/sites\/vc\/orquesta-sonidos-de-luz-integrada-por-jovenes-ciegos-presentara-un-variado-repertorio-en-el-teatro-parque-de-valparaiso\/#breadcrumb\",\"itemListElement\":[{\"@type\":\"ListItem\",\"position\":1,\"name\":\"Home\",\"item\":\"https:\/\/dev.antudigital.cl\/sites\/vc\/\"},{\"@type\":\"ListItem\",\"position\":2,\"name\":\"Orquesta Sonidos de Luz, integrada por j\u00f3venes ciegos,\u00a0 presentar\u00e1 un variado repertorio en el Teatro Parque de Valpara\u00edso\"}]},{\"@type\":\"WebSite\",\"@id\":\"https:\/\/dev.antudigital.cl\/sites\/vc\/#website\",\"url\":\"https:\/\/dev.antudigital.cl\/sites\/vc\/\",\"name\":\"Valpara\u00ed\u00adso Creativo\",\"description\":\"\",\"potentialAction\":[{\"@type\":\"SearchAction\",\"target\":{\"@type\":\"EntryPoint\",\"urlTemplate\":\"https:\/\/dev.antudigital.cl\/sites\/vc\/?s={search_term_string}\"},\"query-input\":{\"@type\":\"PropertyValueSpecification\",\"valueRequired\":true,\"valueName\":\"search_term_string\"}}],\"inLanguage\":\"es\"},{\"@type\":\"Person\",\"@id\":\"https:\/\/dev.antudigital.cl\/sites\/vc\/#\/schema\/person\/c2b9da8dd545e27166fc5ab232837318\",\"name\":\"Valpara\u00edso Creativo\",\"description\":\"Periodista de cultura en la Regi\u00f3n de Valpara\u00edso.\",\"url\":\"https:\/\/dev.antudigital.cl\/sites\/vc\/author\/valpoadmin\/\"}]}<\/script>\n<!-- \/ Yoast SEO plugin. -->","yoast_head_json":{"title":"Orquesta Sonidos de Luz, integrada por j\u00f3venes ciegos,\u00a0 presentar\u00e1 un variado repertorio en el Teatro Parque de Valpara\u00edso - Valpara\u00ed\u00adso Creativo","robots":{"index":"index","follow":"follow","max-snippet":"max-snippet:-1","max-image-preview":"max-image-preview:large","max-video-preview":"max-video-preview:-1"},"canonical":"https:\/\/dev.antudigital.cl\/sites\/vc\/orquesta-sonidos-de-luz-integrada-por-jovenes-ciegos-presentara-un-variado-repertorio-en-el-teatro-parque-de-valparaiso\/","og_locale":"es_ES","og_type":"article","og_title":"Orquesta Sonidos de Luz, integrada por j\u00f3venes ciegos,\u00a0 presentar\u00e1 un variado repertorio en el Teatro Parque de Valpara\u00edso - Valpara\u00ed\u00adso Creativo","og_description":"Con m\u00e1s de 40 conciertos desde el 2020, de los cuales 25 fueron online, el mi\u00e9rcoles 25 de mayo se presentar\u00e1 en el Teatro Parque la Orquesta Sonidos de Luz, que pertenece a Fundaci\u00f3n Luz y que integran j\u00f3venes ciegos o de baja visi\u00f3n. El evento, programado para las 18:30 horas y organizado por Parque [&hellip;]","og_url":"https:\/\/dev.antudigital.cl\/sites\/vc\/orquesta-sonidos-de-luz-integrada-por-jovenes-ciegos-presentara-un-variado-repertorio-en-el-teatro-parque-de-valparaiso\/","og_site_name":"Valpara\u00ed\u00adso Creativo","article_published_time":"2022-05-23T16:12:31+00:00","article_modified_time":"2022-05-23T16:12:44+00:00","og_image":[{"width":1024,"height":684,"url":"https:\/\/dev.antudigital.cl\/sites\/vc\/wp-content\/uploads\/2022\/05\/Orquesta-Sonidos-de-Luz-2-2-1024x684.jpg","type":"image\/jpeg"}],"author":"Valpara\u00edso Creativo","twitter_card":"summary_large_image","twitter_misc":{"Escrito por":"Valpara\u00edso Creativo","Tiempo de lectura":"2 minutos"},"schema":{"@context":"https:\/\/schema.org","@graph":[{"@type":"Article","@id":"https:\/\/dev.antudigital.cl\/sites\/vc\/orquesta-sonidos-de-luz-integrada-por-jovenes-ciegos-presentara-un-variado-repertorio-en-el-teatro-parque-de-valparaiso\/#article","isPartOf":{"@id":"https:\/\/dev.antudigital.cl\/sites\/vc\/orquesta-sonidos-de-luz-integrada-por-jovenes-ciegos-presentara-un-variado-repertorio-en-el-teatro-parque-de-valparaiso\/"},"author":{"name":"Valpara\u00edso Creativo","@id":"https:\/\/dev.antudigital.cl\/sites\/vc\/#\/schema\/person\/c2b9da8dd545e27166fc5ab232837318"},"headline":"Orquesta Sonidos de Luz, integrada por j\u00f3venes ciegos,\u00a0 presentar\u00e1 un variado repertorio en el Teatro Parque de Valpara\u00edso","datePublished":"2022-05-23T16:12:31+00:00","dateModified":"2022-05-23T16:12:44+00:00","mainEntityOfPage":{"@id":"https:\/\/dev.antudigital.cl\/sites\/vc\/orquesta-sonidos-de-luz-integrada-por-jovenes-ciegos-presentara-un-variado-repertorio-en-el-teatro-parque-de-valparaiso\/"},"wordCount":289,"commentCount":0,"image":{"@id":"https:\/\/dev.antudigital.cl\/sites\/vc\/orquesta-sonidos-de-luz-integrada-por-jovenes-ciegos-presentara-un-variado-repertorio-en-el-teatro-parque-de-valparaiso\/#primaryimage"},"thumbnailUrl":"https:\/\/dev.antudigital.cl\/sites\/vc\/wp-content\/uploads\/2022\/05\/Orquesta-Sonidos-de-Luz-2-2.jpg","keywords":["valpara\u00edso"],"articleSection":["Noticia"],"inLanguage":"es","potentialAction":[{"@type":"CommentAction","name":"Comment","target":["https:\/\/dev.antudigital.cl\/sites\/vc\/orquesta-sonidos-de-luz-integrada-por-jovenes-ciegos-presentara-un-variado-repertorio-en-el-teatro-parque-de-valparaiso\/#respond"]}]},{"@type":"WebPage","@id":"https:\/\/dev.antudigital.cl\/sites\/vc\/orquesta-sonidos-de-luz-integrada-por-jovenes-ciegos-presentara-un-variado-repertorio-en-el-teatro-parque-de-valparaiso\/","url":"https:\/\/dev.antudigital.cl\/sites\/vc\/orquesta-sonidos-de-luz-integrada-por-jovenes-ciegos-presentara-un-variado-repertorio-en-el-teatro-parque-de-valparaiso\/","name":"Orquesta Sonidos de Luz, integrada por j\u00f3venes ciegos,\u00a0 presentar\u00e1 un variado repertorio en el Teatro Parque de Valpara\u00edso - Valpara\u00ed\u00adso Creativo","isPartOf":{"@id":"https:\/\/dev.antudigital.cl\/sites\/vc\/#website"},"primaryImageOfPage":{"@id":"https:\/\/dev.antudigital.cl\/sites\/vc\/orquesta-sonidos-de-luz-integrada-por-jovenes-ciegos-presentara-un-variado-repertorio-en-el-teatro-parque-de-valparaiso\/#primaryimage"},"image":{"@id":"https:\/\/dev.antudigital.cl\/sites\/vc\/orquesta-sonidos-de-luz-integrada-por-jovenes-ciegos-presentara-un-variado-repertorio-en-el-teatro-parque-de-valparaiso\/#primaryimage"},"thumbnailUrl":"https:\/\/dev.antudigital.cl\/sites\/vc\/wp-content\/uploads\/2022\/05\/Orquesta-Sonidos-de-Luz-2-2.jpg","datePublished":"2022-05-23T16:12:31+00:00","dateModified":"2022-05-23T16:12:44+00:00","author":{"@id":"https:\/\/dev.antudigital.cl\/sites\/vc\/#\/schema\/person\/c2b9da8dd545e27166fc5ab232837318"},"breadcrumb":{"@id":"https:\/\/dev.antudigital.cl\/sites\/vc\/orquesta-sonidos-de-luz-integrada-por-jovenes-ciegos-presentara-un-variado-repertorio-en-el-teatro-parque-de-valparaiso\/#breadcrumb"},"inLanguage":"es","potentialAction":[{"@type":"ReadAction","target":["https:\/\/dev.antudigital.cl\/sites\/vc\/orquesta-sonidos-de-luz-integrada-por-jovenes-ciegos-presentara-un-variado-repertorio-en-el-teatro-parque-de-valparaiso\/"]}]},{"@type":"ImageObject","inLanguage":"es","@id":"https:\/\/dev.antudigital.cl\/sites\/vc\/orquesta-sonidos-de-luz-integrada-por-jovenes-ciegos-presentara-un-variado-repertorio-en-el-teatro-parque-de-valparaiso\/#primaryimage","url":"https:\/\/dev.antudigital.cl\/sites\/vc\/wp-content\/uploads\/2022\/05\/Orquesta-Sonidos-de-Luz-2-2.jpg","contentUrl":"https:\/\/dev.antudigital.cl\/sites\/vc\/wp-content\/uploads\/2022\/05\/Orquesta-Sonidos-de-Luz-2-2.jpg","width":2500,"height":1669},{"@type":"BreadcrumbList","@id":"https:\/\/dev.antudigital.cl\/sites\/vc\/orquesta-sonidos-de-luz-integrada-por-jovenes-ciegos-presentara-un-variado-repertorio-en-el-teatro-parque-de-valparaiso\/#breadcrumb","itemListElement":[{"@type":"ListItem","position":1,"name":"Home","item":"https:\/\/dev.antudigital.cl\/sites\/vc\/"},{"@type":"ListItem","position":2,"name":"Orquesta Sonidos de Luz, integrada por j\u00f3venes ciegos,\u00a0 presentar\u00e1 un variado repertorio en el Teatro Parque de Valpara\u00edso"}]},{"@type":"WebSite","@id":"https:\/\/dev.antudigital.cl\/sites\/vc\/#website","url":"https:\/\/dev.antudigital.cl\/sites\/vc\/","name":"Valpara\u00ed\u00adso Creativo","description":"","potentialAction":[{"@type":"SearchAction","target":{"@type":"EntryPoint","urlTemplate":"https:\/\/dev.antudigital.cl\/sites\/vc\/?s={search_term_string}"},"query-input":{"@type":"PropertyValueSpecification","valueRequired":true,"valueName":"search_term_string"}}],"inLanguage":"es"},{"@type":"Person","@id":"https:\/\/dev.antudigital.cl\/sites\/vc\/#\/schema\/person\/c2b9da8dd545e27166fc5ab232837318","name":"Valpara\u00edso Creativo","description":"Periodista de cultura en la Regi\u00f3n de Valpara\u00edso.","url":"https:\/\/dev.antudigital.cl\/sites\/vc\/author\/valpoadmin\/"}]}},"_links":{"self":[{"href":"https:\/\/dev.antudigital.cl\/sites\/vc\/wp-json\/wp\/v2\/posts\/10928","targetHints":{"allow":["GET"]}}],"collection":[{"href":"https:\/\/dev.antudigital.cl\/sites\/vc\/wp-json\/wp\/v2\/posts"}],"about":[{"href":"https:\/\/dev.antudigital.cl\/sites\/vc\/wp-json\/wp\/v2\/types\/post"}],"author":[{"embeddable":true,"href":"https:\/\/dev.antudigital.cl\/sites\/vc\/wp-json\/wp\/v2\/users\/1"}],"replies":[{"embeddable":true,"href":"https:\/\/dev.antudigital.cl\/sites\/vc\/wp-json\/wp\/v2\/comments?post=10928"}],"version-history":[{"count":1,"href":"https:\/\/dev.antudigital.cl\/sites\/vc\/wp-json\/wp\/v2\/posts\/10928\/revisions"}],"predecessor-version":[{"id":10931,"href":"https:\/\/dev.antudigital.cl\/sites\/vc\/wp-json\/wp\/v2\/posts\/10928\/revisions\/10931"}],"wp:featuredmedia":[{"embeddable":true,"href":"https:\/\/dev.antudigital.cl\/sites\/vc\/wp-json\/wp\/v2\/media\/10929"}],"wp:attachment":[{"href":"https:\/\/dev.antudigital.cl\/sites\/vc\/wp-json\/wp\/v2\/media?parent=10928"}],"wp:term":[{"taxonomy":"category","embeddable":true,"href":"https:\/\/dev.antudigital.cl\/sites\/vc\/wp-json\/wp\/v2\/categories?post=10928"},{"taxonomy":"post_tag","embeddable":true,"href":"https:\/\/dev.antudigital.cl\/sites\/vc\/wp-json\/wp\/v2\/tags?post=10928"}],"curies":[{"name":"wp","href":"https:\/\/api.w.org\/{rel}","templated":true}]}}