{"id":10947,"date":"2022-05-23T17:16:19","date_gmt":"2022-05-23T17:16:19","guid":{"rendered":"https:\/\/www.valparaisocreativo.cl\/?p=10947"},"modified":"2022-05-23T17:16:31","modified_gmt":"2022-05-23T17:16:31","slug":"te-invitamos-al-lanzamiento-del-mapeo-exportador-industrias-culturales-y-creativas-en-chile","status":"publish","type":"post","link":"https:\/\/dev.antudigital.cl\/sites\/vc\/te-invitamos-al-lanzamiento-del-mapeo-exportador-industrias-culturales-y-creativas-en-chile\/","title":{"rendered":"Te invitamos al Lanzamiento del Mapeo Exportador Industrias Culturales y Creativas en Chile"},"content":{"rendered":"\n<p>La <strong>Direcci\u00f3n General de Promoci\u00f3n de exportaciones ProChile<\/strong> tienen el agrado de invitarlos al lanzamiento virtual del \u00ab<strong>Mapeo exportador de las industrias culturales y creativas en Chile<\/strong>\u00bb en el que se presentar\u00e1n los resultados y conclusiones del estudio, los que contribuir\u00e1n a mejorar y fortalecer la visi\u00f3n estrat\u00e9gica de los sectores priorizados, con el fin de trazar los rumbos futuros en materias de exportaci\u00f3n, mercados internacionales y el fortalecimiento de nuestra imagen pa\u00eds.<\/p>\n\n\n\n<p>Inscr\u00edbete en el <a href=\"https:\/\/publiccl1.fidelizador.com\/prochile\/public\/campaign\/browser\/D7B357G620B7F72H10FC4BJD7B3575365F455D8AC7C72B4\"><strong>siguiente link<\/strong><\/a><\/p>\n","protected":false},"excerpt":{"rendered":"<p>La Direcci\u00f3n General de Promoci\u00f3n de exportaciones ProChile tienen el agrado de invitarlos al lanzamiento virtual del \u00abMapeo exportador de las industrias culturales y creativas en Chile\u00bb en el que se presentar\u00e1n los resultados y conclusiones del estudio, los que contribuir\u00e1n a mejorar y fortalecer la visi\u00f3n estrat\u00e9gica de los sectores priorizados, con el fin [&hellip;]<\/p>\n","protected":false},"author":1,"featured_media":10948,"comment_status":"open","ping_status":"closed","sticky":false,"template":"","format":"standard","meta":{"_acf_changed":false,"footnotes":""},"categories":[8],"tags":[],"class_list":["post-10947","post","type-post","status-publish","format-standard","has-post-thumbnail","hentry","category-noticia"],"acf":[],"yoast_head":"<!-- This site is optimized with the Yoast SEO plugin v27.1.1 - https:\/\/yoast.com\/product\/yoast-seo-wordpress\/ -->\n<title>Te invitamos al Lanzamiento del Mapeo Exportador Industrias Culturales y Creativas en Chile - Valpara\u00ed\u00adso Creativo<\/title>\n<meta name=\"robots\" content=\"index, follow, max-snippet:-1, max-image-preview:large, max-video-preview:-1\" \/>\n<link rel=\"canonical\" href=\"https:\/\/dev.antudigital.cl\/sites\/vc\/te-invitamos-al-lanzamiento-del-mapeo-exportador-industrias-culturales-y-creativas-en-chile\/\" \/>\n<meta property=\"og:locale\" content=\"es_ES\" \/>\n<meta property=\"og:type\" content=\"article\" \/>\n<meta property=\"og:title\" content=\"Te invitamos al Lanzamiento del Mapeo Exportador Industrias Culturales y Creativas en Chile - Valpara\u00ed\u00adso Creativo\" \/>\n<meta property=\"og:description\" content=\"La Direcci\u00f3n General de Promoci\u00f3n de exportaciones ProChile tienen el agrado de invitarlos al lanzamiento virtual del \u00abMapeo exportador de las industrias culturales y creativas en Chile\u00bb en el que se presentar\u00e1n los resultados y conclusiones del estudio, los que contribuir\u00e1n a mejorar y fortalecer la visi\u00f3n estrat\u00e9gica de los sectores priorizados, con el fin [&hellip;]\" \/>\n<meta property=\"og:url\" content=\"https:\/\/dev.antudigital.cl\/sites\/vc\/te-invitamos-al-lanzamiento-del-mapeo-exportador-industrias-culturales-y-creativas-en-chile\/\" \/>\n<meta property=\"og:site_name\" content=\"Valpara\u00ed\u00adso Creativo\" \/>\n<meta property=\"article:published_time\" content=\"2022-05-23T17:16:19+00:00\" \/>\n<meta property=\"article:modified_time\" content=\"2022-05-23T17:16:31+00:00\" \/>\n<meta property=\"og:image\" content=\"https:\/\/dev.antudigital.cl\/sites\/vc\/wp-content\/uploads\/2022\/05\/portada-22.jpg\" \/>\n\t<meta property=\"og:image:width\" content=\"1500\" \/>\n\t<meta property=\"og:image:height\" content=\"500\" \/>\n\t<meta property=\"og:image:type\" content=\"image\/jpeg\" \/>\n<meta name=\"author\" content=\"Valpara\u00edso Creativo\" \/>\n<meta name=\"twitter:card\" content=\"summary_large_image\" \/>\n<meta name=\"twitter:label1\" content=\"Escrito por\" \/>\n\t<meta name=\"twitter:data1\" content=\"Valpara\u00edso Creativo\" \/>\n\t<meta name=\"twitter:label2\" content=\"Tiempo de lectura\" \/>\n\t<meta name=\"twitter:data2\" content=\"1 minuto\" \/>\n<script type=\"application\/ld+json\" class=\"yoast-schema-graph\">{\"@context\":\"https:\/\/schema.org\",\"@graph\":[{\"@type\":\"Article\",\"@id\":\"https:\/\/dev.antudigital.cl\/sites\/vc\/te-invitamos-al-lanzamiento-del-mapeo-exportador-industrias-culturales-y-creativas-en-chile\/#article\",\"isPartOf\":{\"@id\":\"https:\/\/dev.antudigital.cl\/sites\/vc\/te-invitamos-al-lanzamiento-del-mapeo-exportador-industrias-culturales-y-creativas-en-chile\/\"},\"author\":{\"name\":\"Valpara\u00edso Creativo\",\"@id\":\"https:\/\/dev.antudigital.cl\/sites\/vc\/#\/schema\/person\/c2b9da8dd545e27166fc5ab232837318\"},\"headline\":\"Te invitamos al Lanzamiento del Mapeo Exportador Industrias Culturales y Creativas en Chile\",\"datePublished\":\"2022-05-23T17:16:19+00:00\",\"dateModified\":\"2022-05-23T17:16:31+00:00\",\"mainEntityOfPage\":{\"@id\":\"https:\/\/dev.antudigital.cl\/sites\/vc\/te-invitamos-al-lanzamiento-del-mapeo-exportador-industrias-culturales-y-creativas-en-chile\/\"},\"wordCount\":100,\"commentCount\":0,\"image\":{\"@id\":\"https:\/\/dev.antudigital.cl\/sites\/vc\/te-invitamos-al-lanzamiento-del-mapeo-exportador-industrias-culturales-y-creativas-en-chile\/#primaryimage\"},\"thumbnailUrl\":\"https:\/\/dev.antudigital.cl\/sites\/vc\/wp-content\/uploads\/2022\/05\/portada-22.jpg\",\"articleSection\":[\"Noticia\"],\"inLanguage\":\"es\",\"potentialAction\":[{\"@type\":\"CommentAction\",\"name\":\"Comment\",\"target\":[\"https:\/\/dev.antudigital.cl\/sites\/vc\/te-invitamos-al-lanzamiento-del-mapeo-exportador-industrias-culturales-y-creativas-en-chile\/#respond\"]}]},{\"@type\":\"WebPage\",\"@id\":\"https:\/\/dev.antudigital.cl\/sites\/vc\/te-invitamos-al-lanzamiento-del-mapeo-exportador-industrias-culturales-y-creativas-en-chile\/\",\"url\":\"https:\/\/dev.antudigital.cl\/sites\/vc\/te-invitamos-al-lanzamiento-del-mapeo-exportador-industrias-culturales-y-creativas-en-chile\/\",\"name\":\"Te invitamos al Lanzamiento del Mapeo Exportador Industrias Culturales y Creativas en Chile - Valpara\u00ed\u00adso Creativo\",\"isPartOf\":{\"@id\":\"https:\/\/dev.antudigital.cl\/sites\/vc\/#website\"},\"primaryImageOfPage\":{\"@id\":\"https:\/\/dev.antudigital.cl\/sites\/vc\/te-invitamos-al-lanzamiento-del-mapeo-exportador-industrias-culturales-y-creativas-en-chile\/#primaryimage\"},\"image\":{\"@id\":\"https:\/\/dev.antudigital.cl\/sites\/vc\/te-invitamos-al-lanzamiento-del-mapeo-exportador-industrias-culturales-y-creativas-en-chile\/#primaryimage\"},\"thumbnailUrl\":\"https:\/\/dev.antudigital.cl\/sites\/vc\/wp-content\/uploads\/2022\/05\/portada-22.jpg\",\"datePublished\":\"2022-05-23T17:16:19+00:00\",\"dateModified\":\"2022-05-23T17:16:31+00:00\",\"author\":{\"@id\":\"https:\/\/dev.antudigital.cl\/sites\/vc\/#\/schema\/person\/c2b9da8dd545e27166fc5ab232837318\"},\"breadcrumb\":{\"@id\":\"https:\/\/dev.antudigital.cl\/sites\/vc\/te-invitamos-al-lanzamiento-del-mapeo-exportador-industrias-culturales-y-creativas-en-chile\/#breadcrumb\"},\"inLanguage\":\"es\",\"potentialAction\":[{\"@type\":\"ReadAction\",\"target\":[\"https:\/\/dev.antudigital.cl\/sites\/vc\/te-invitamos-al-lanzamiento-del-mapeo-exportador-industrias-culturales-y-creativas-en-chile\/\"]}]},{\"@type\":\"ImageObject\",\"inLanguage\":\"es\",\"@id\":\"https:\/\/dev.antudigital.cl\/sites\/vc\/te-invitamos-al-lanzamiento-del-mapeo-exportador-industrias-culturales-y-creativas-en-chile\/#primaryimage\",\"url\":\"https:\/\/dev.antudigital.cl\/sites\/vc\/wp-content\/uploads\/2022\/05\/portada-22.jpg\",\"contentUrl\":\"https:\/\/dev.antudigital.cl\/sites\/vc\/wp-content\/uploads\/2022\/05\/portada-22.jpg\",\"width\":1500,\"height\":500},{\"@type\":\"BreadcrumbList\",\"@id\":\"https:\/\/dev.antudigital.cl\/sites\/vc\/te-invitamos-al-lanzamiento-del-mapeo-exportador-industrias-culturales-y-creativas-en-chile\/#breadcrumb\",\"itemListElement\":[{\"@type\":\"ListItem\",\"position\":1,\"name\":\"Home\",\"item\":\"https:\/\/dev.antudigital.cl\/sites\/vc\/\"},{\"@type\":\"ListItem\",\"position\":2,\"name\":\"Te invitamos al Lanzamiento del Mapeo Exportador Industrias Culturales y Creativas en Chile\"}]},{\"@type\":\"WebSite\",\"@id\":\"https:\/\/dev.antudigital.cl\/sites\/vc\/#website\",\"url\":\"https:\/\/dev.antudigital.cl\/sites\/vc\/\",\"name\":\"Valpara\u00ed\u00adso Creativo\",\"description\":\"\",\"potentialAction\":[{\"@type\":\"SearchAction\",\"target\":{\"@type\":\"EntryPoint\",\"urlTemplate\":\"https:\/\/dev.antudigital.cl\/sites\/vc\/?s={search_term_string}\"},\"query-input\":{\"@type\":\"PropertyValueSpecification\",\"valueRequired\":true,\"valueName\":\"search_term_string\"}}],\"inLanguage\":\"es\"},{\"@type\":\"Person\",\"@id\":\"https:\/\/dev.antudigital.cl\/sites\/vc\/#\/schema\/person\/c2b9da8dd545e27166fc5ab232837318\",\"name\":\"Valpara\u00edso Creativo\",\"description\":\"Periodista de cultura en la Regi\u00f3n de Valpara\u00edso.\",\"url\":\"https:\/\/dev.antudigital.cl\/sites\/vc\/author\/valpoadmin\/\"}]}<\/script>\n<!-- \/ Yoast SEO plugin. -->","yoast_head_json":{"title":"Te invitamos al Lanzamiento del Mapeo Exportador Industrias Culturales y Creativas en Chile - Valpara\u00ed\u00adso Creativo","robots":{"index":"index","follow":"follow","max-snippet":"max-snippet:-1","max-image-preview":"max-image-preview:large","max-video-preview":"max-video-preview:-1"},"canonical":"https:\/\/dev.antudigital.cl\/sites\/vc\/te-invitamos-al-lanzamiento-del-mapeo-exportador-industrias-culturales-y-creativas-en-chile\/","og_locale":"es_ES","og_type":"article","og_title":"Te invitamos al Lanzamiento del Mapeo Exportador Industrias Culturales y Creativas en Chile - Valpara\u00ed\u00adso Creativo","og_description":"La Direcci\u00f3n General de Promoci\u00f3n de exportaciones ProChile tienen el agrado de invitarlos al lanzamiento virtual del \u00abMapeo exportador de las industrias culturales y creativas en Chile\u00bb en el que se presentar\u00e1n los resultados y conclusiones del estudio, los que contribuir\u00e1n a mejorar y fortalecer la visi\u00f3n estrat\u00e9gica de los sectores priorizados, con el fin [&hellip;]","og_url":"https:\/\/dev.antudigital.cl\/sites\/vc\/te-invitamos-al-lanzamiento-del-mapeo-exportador-industrias-culturales-y-creativas-en-chile\/","og_site_name":"Valpara\u00ed\u00adso Creativo","article_published_time":"2022-05-23T17:16:19+00:00","article_modified_time":"2022-05-23T17:16:31+00:00","og_image":[{"width":1500,"height":500,"url":"https:\/\/dev.antudigital.cl\/sites\/vc\/wp-content\/uploads\/2022\/05\/portada-22.jpg","type":"image\/jpeg"}],"author":"Valpara\u00edso Creativo","twitter_card":"summary_large_image","twitter_misc":{"Escrito por":"Valpara\u00edso Creativo","Tiempo de lectura":"1 minuto"},"schema":{"@context":"https:\/\/schema.org","@graph":[{"@type":"Article","@id":"https:\/\/dev.antudigital.cl\/sites\/vc\/te-invitamos-al-lanzamiento-del-mapeo-exportador-industrias-culturales-y-creativas-en-chile\/#article","isPartOf":{"@id":"https:\/\/dev.antudigital.cl\/sites\/vc\/te-invitamos-al-lanzamiento-del-mapeo-exportador-industrias-culturales-y-creativas-en-chile\/"},"author":{"name":"Valpara\u00edso Creativo","@id":"https:\/\/dev.antudigital.cl\/sites\/vc\/#\/schema\/person\/c2b9da8dd545e27166fc5ab232837318"},"headline":"Te invitamos al Lanzamiento del Mapeo Exportador Industrias Culturales y Creativas en Chile","datePublished":"2022-05-23T17:16:19+00:00","dateModified":"2022-05-23T17:16:31+00:00","mainEntityOfPage":{"@id":"https:\/\/dev.antudigital.cl\/sites\/vc\/te-invitamos-al-lanzamiento-del-mapeo-exportador-industrias-culturales-y-creativas-en-chile\/"},"wordCount":100,"commentCount":0,"image":{"@id":"https:\/\/dev.antudigital.cl\/sites\/vc\/te-invitamos-al-lanzamiento-del-mapeo-exportador-industrias-culturales-y-creativas-en-chile\/#primaryimage"},"thumbnailUrl":"https:\/\/dev.antudigital.cl\/sites\/vc\/wp-content\/uploads\/2022\/05\/portada-22.jpg","articleSection":["Noticia"],"inLanguage":"es","potentialAction":[{"@type":"CommentAction","name":"Comment","target":["https:\/\/dev.antudigital.cl\/sites\/vc\/te-invitamos-al-lanzamiento-del-mapeo-exportador-industrias-culturales-y-creativas-en-chile\/#respond"]}]},{"@type":"WebPage","@id":"https:\/\/dev.antudigital.cl\/sites\/vc\/te-invitamos-al-lanzamiento-del-mapeo-exportador-industrias-culturales-y-creativas-en-chile\/","url":"https:\/\/dev.antudigital.cl\/sites\/vc\/te-invitamos-al-lanzamiento-del-mapeo-exportador-industrias-culturales-y-creativas-en-chile\/","name":"Te invitamos al Lanzamiento del Mapeo Exportador Industrias Culturales y Creativas en Chile - Valpara\u00ed\u00adso Creativo","isPartOf":{"@id":"https:\/\/dev.antudigital.cl\/sites\/vc\/#website"},"primaryImageOfPage":{"@id":"https:\/\/dev.antudigital.cl\/sites\/vc\/te-invitamos-al-lanzamiento-del-mapeo-exportador-industrias-culturales-y-creativas-en-chile\/#primaryimage"},"image":{"@id":"https:\/\/dev.antudigital.cl\/sites\/vc\/te-invitamos-al-lanzamiento-del-mapeo-exportador-industrias-culturales-y-creativas-en-chile\/#primaryimage"},"thumbnailUrl":"https:\/\/dev.antudigital.cl\/sites\/vc\/wp-content\/uploads\/2022\/05\/portada-22.jpg","datePublished":"2022-05-23T17:16:19+00:00","dateModified":"2022-05-23T17:16:31+00:00","author":{"@id":"https:\/\/dev.antudigital.cl\/sites\/vc\/#\/schema\/person\/c2b9da8dd545e27166fc5ab232837318"},"breadcrumb":{"@id":"https:\/\/dev.antudigital.cl\/sites\/vc\/te-invitamos-al-lanzamiento-del-mapeo-exportador-industrias-culturales-y-creativas-en-chile\/#breadcrumb"},"inLanguage":"es","potentialAction":[{"@type":"ReadAction","target":["https:\/\/dev.antudigital.cl\/sites\/vc\/te-invitamos-al-lanzamiento-del-mapeo-exportador-industrias-culturales-y-creativas-en-chile\/"]}]},{"@type":"ImageObject","inLanguage":"es","@id":"https:\/\/dev.antudigital.cl\/sites\/vc\/te-invitamos-al-lanzamiento-del-mapeo-exportador-industrias-culturales-y-creativas-en-chile\/#primaryimage","url":"https:\/\/dev.antudigital.cl\/sites\/vc\/wp-content\/uploads\/2022\/05\/portada-22.jpg","contentUrl":"https:\/\/dev.antudigital.cl\/sites\/vc\/wp-content\/uploads\/2022\/05\/portada-22.jpg","width":1500,"height":500},{"@type":"BreadcrumbList","@id":"https:\/\/dev.antudigital.cl\/sites\/vc\/te-invitamos-al-lanzamiento-del-mapeo-exportador-industrias-culturales-y-creativas-en-chile\/#breadcrumb","itemListElement":[{"@type":"ListItem","position":1,"name":"Home","item":"https:\/\/dev.antudigital.cl\/sites\/vc\/"},{"@type":"ListItem","position":2,"name":"Te invitamos al Lanzamiento del Mapeo Exportador Industrias Culturales y Creativas en Chile"}]},{"@type":"WebSite","@id":"https:\/\/dev.antudigital.cl\/sites\/vc\/#website","url":"https:\/\/dev.antudigital.cl\/sites\/vc\/","name":"Valpara\u00ed\u00adso Creativo","description":"","potentialAction":[{"@type":"SearchAction","target":{"@type":"EntryPoint","urlTemplate":"https:\/\/dev.antudigital.cl\/sites\/vc\/?s={search_term_string}"},"query-input":{"@type":"PropertyValueSpecification","valueRequired":true,"valueName":"search_term_string"}}],"inLanguage":"es"},{"@type":"Person","@id":"https:\/\/dev.antudigital.cl\/sites\/vc\/#\/schema\/person\/c2b9da8dd545e27166fc5ab232837318","name":"Valpara\u00edso Creativo","description":"Periodista de cultura en la Regi\u00f3n de Valpara\u00edso.","url":"https:\/\/dev.antudigital.cl\/sites\/vc\/author\/valpoadmin\/"}]}},"_links":{"self":[{"href":"https:\/\/dev.antudigital.cl\/sites\/vc\/wp-json\/wp\/v2\/posts\/10947","targetHints":{"allow":["GET"]}}],"collection":[{"href":"https:\/\/dev.antudigital.cl\/sites\/vc\/wp-json\/wp\/v2\/posts"}],"about":[{"href":"https:\/\/dev.antudigital.cl\/sites\/vc\/wp-json\/wp\/v2\/types\/post"}],"author":[{"embeddable":true,"href":"https:\/\/dev.antudigital.cl\/sites\/vc\/wp-json\/wp\/v2\/users\/1"}],"replies":[{"embeddable":true,"href":"https:\/\/dev.antudigital.cl\/sites\/vc\/wp-json\/wp\/v2\/comments?post=10947"}],"version-history":[{"count":1,"href":"https:\/\/dev.antudigital.cl\/sites\/vc\/wp-json\/wp\/v2\/posts\/10947\/revisions"}],"predecessor-version":[{"id":10949,"href":"https:\/\/dev.antudigital.cl\/sites\/vc\/wp-json\/wp\/v2\/posts\/10947\/revisions\/10949"}],"wp:featuredmedia":[{"embeddable":true,"href":"https:\/\/dev.antudigital.cl\/sites\/vc\/wp-json\/wp\/v2\/media\/10948"}],"wp:attachment":[{"href":"https:\/\/dev.antudigital.cl\/sites\/vc\/wp-json\/wp\/v2\/media?parent=10947"}],"wp:term":[{"taxonomy":"category","embeddable":true,"href":"https:\/\/dev.antudigital.cl\/sites\/vc\/wp-json\/wp\/v2\/categories?post=10947"},{"taxonomy":"post_tag","embeddable":true,"href":"https:\/\/dev.antudigital.cl\/sites\/vc\/wp-json\/wp\/v2\/tags?post=10947"}],"curies":[{"name":"wp","href":"https:\/\/api.w.org\/{rel}","templated":true}]}}