{"id":10955,"date":"2022-05-23T18:02:58","date_gmt":"2022-05-23T18:02:58","guid":{"rendered":"https:\/\/www.valparaisocreativo.cl\/?p=10955"},"modified":"2022-05-23T22:18:37","modified_gmt":"2022-05-23T22:18:37","slug":"narrar-a-traves-de-la-lana","status":"publish","type":"post","link":"https:\/\/dev.antudigital.cl\/sites\/vc\/narrar-a-traves-de-la-lana\/","title":{"rendered":"Narrar a trav\u00e9s de la lana"},"content":{"rendered":"\n<p>El reci\u00e9n pasado domingo 22 fue el Primer Encuentro de la Red Colaborativa de Oficios de la Lana, que reuni\u00f3 distintos oficios, materiales y disciplinas en Limache.\u00a0<\/p>\n\n\n\n<p>La instancia tuvo por objetivo adem\u00e1s lanzar el sitio web <a href=\"http:\/\/www.redcolaborativadelalana.cl\"><em>www.redcolaborativadelalana.cl<\/em><\/a> <em>que contiene un catastro de cultoras y cultores dedicados al ciclo creativo y productivo de la lana en la Reserva de la Biosfera La Campana Pe\u00f1uelas.<\/em><\/p>\n\n\n\n<p>Conversamos con <a href=\"http:\/\/instagram.com\/nixsidiana\">Tamara Cort\u00e9z<\/a>, quien es parte de <strong>A\u00daNA, Tierra diversa<\/strong>, colectivo que se dedica a&nbsp; potenciar las artes, los oficios y el desarrollo de manufacturas con materiales naturales, y que a trav\u00e9s del proyecto <strong>Red Colaborativa de la Lana<\/strong> busca dar valor a esta labor ancestral para fortalecer los v\u00ednculos y la identidad local.&nbsp;<\/p>\n\n\n\n<figure class=\"wp-block-image size-large\"><img fetchpriority=\"high\" decoding=\"async\" width=\"1024\" height=\"684\" src=\"https:\/\/www.valparaisocreativo.cl\/wp-content\/uploads\/2022\/05\/ten\u0303ido-2-1024x684.jpg\" alt=\"\" class=\"wp-image-10957\" srcset=\"https:\/\/dev.antudigital.cl\/sites\/vc\/wp-content\/uploads\/2022\/05\/ten\u0303ido-2-1024x684.jpg 1024w, https:\/\/dev.antudigital.cl\/sites\/vc\/wp-content\/uploads\/2022\/05\/ten\u0303ido-2-300x200.jpg 300w, https:\/\/dev.antudigital.cl\/sites\/vc\/wp-content\/uploads\/2022\/05\/ten\u0303ido-2-768x513.jpg 768w, https:\/\/dev.antudigital.cl\/sites\/vc\/wp-content\/uploads\/2022\/05\/ten\u0303ido-2-1536x1025.jpg 1536w, https:\/\/dev.antudigital.cl\/sites\/vc\/wp-content\/uploads\/2022\/05\/ten\u0303ido-2-2048x1367.jpg 2048w, https:\/\/dev.antudigital.cl\/sites\/vc\/wp-content\/uploads\/2022\/05\/ten\u0303ido-2-1080x721.jpg 1080w, https:\/\/dev.antudigital.cl\/sites\/vc\/wp-content\/uploads\/2022\/05\/ten\u0303ido-2-1280x855.jpg 1280w, https:\/\/dev.antudigital.cl\/sites\/vc\/wp-content\/uploads\/2022\/05\/ten\u0303ido-2-980x654.jpg 980w, https:\/\/dev.antudigital.cl\/sites\/vc\/wp-content\/uploads\/2022\/05\/ten\u0303ido-2-480x320.jpg 480w\" sizes=\"(max-width: 1024px) 100vw, 1024px\" \/><\/figure>\n\n\n\n<p>Tamara vive en Valpara\u00edso y desarrolla su trabajo en torno a \u201cla gr\u00e1fica, la pintura y el tatuaje, que son haceres tempranos de mi trabajo. A esto le sumo la exploraci\u00f3n en lana e hilos, que se ha ido presentando y que me da un gran campo de opciones para experimentar. En eso hago bordado y figurillas en fieltro agujado, basado en un imaginario que tengo\u201d.<\/p>\n\n\n\n<p><strong>Tamara, \u00bfquienes son parte de A\u00daNA y c\u00f3mo surge esta red?<\/strong><\/p>\n\n\n\n<p>-A\u00daNA Tierra diversa est\u00e1 compuesto por 8 mujeres que habitan en este territorio, desde Valpara\u00edso, Limache y Quebrada Alvarado. Venimos de diversas artes y oficios y nos une el valor por la visibilizaci\u00f3n de la identidad cultural de este territorio. Entonces buscamos proyectos que muestren este v\u00ednculo entre la naturaleza y cultura. Potenciando las artes, los oficios, la investigaci\u00f3n y el desarrollo de manufacturas como materiales naturales.&nbsp;<\/p>\n\n\n\n<p>El proyecto espec\u00edfico de la red colaborativa de la lana que somos 5 integrantes de las 8 del colectivo. Surge entre nosotras la b\u00fasqueda de fortalecer la econom\u00eda local que se genera en torno al patrimonio textil. Propiciamos revalorizar y vincular las pr\u00e1cticas artesanales que son parte del ciclo productivo y creativo de la lana, como el tejido, te\u00f1ido, y a las personas que son quienes mantienen estos saberes en el territorio.<\/p>\n\n\n\n<figure class=\"wp-block-image size-large\"><img decoding=\"async\" width=\"1024\" height=\"684\" src=\"https:\/\/www.valparaisocreativo.cl\/wp-content\/uploads\/2022\/05\/ovillos-2-1024x684.jpg\" alt=\"\" class=\"wp-image-10958\" srcset=\"https:\/\/dev.antudigital.cl\/sites\/vc\/wp-content\/uploads\/2022\/05\/ovillos-2-1024x684.jpg 1024w, https:\/\/dev.antudigital.cl\/sites\/vc\/wp-content\/uploads\/2022\/05\/ovillos-2-300x200.jpg 300w, https:\/\/dev.antudigital.cl\/sites\/vc\/wp-content\/uploads\/2022\/05\/ovillos-2-768x513.jpg 768w, https:\/\/dev.antudigital.cl\/sites\/vc\/wp-content\/uploads\/2022\/05\/ovillos-2-1536x1025.jpg 1536w, https:\/\/dev.antudigital.cl\/sites\/vc\/wp-content\/uploads\/2022\/05\/ovillos-2-2048x1367.jpg 2048w, https:\/\/dev.antudigital.cl\/sites\/vc\/wp-content\/uploads\/2022\/05\/ovillos-2-1080x721.jpg 1080w, https:\/\/dev.antudigital.cl\/sites\/vc\/wp-content\/uploads\/2022\/05\/ovillos-2-1280x855.jpg 1280w, https:\/\/dev.antudigital.cl\/sites\/vc\/wp-content\/uploads\/2022\/05\/ovillos-2-980x654.jpg 980w, https:\/\/dev.antudigital.cl\/sites\/vc\/wp-content\/uploads\/2022\/05\/ovillos-2-480x320.jpg 480w\" sizes=\"(max-width: 1024px) 100vw, 1024px\" \/><\/figure>\n\n\n\n<p><strong>\u00bfC\u00f3mo fue surgiendo este encuentro y qu\u00e9 significa para ustedes esta instancia?<\/strong><\/p>\n\n\n\n<p>Este encuentro propicia la reuni\u00f3n crianceros, tejedoras, y quienes trabajen en turismo por ejemplo. Hay m\u00fasica y performance y cubre la necesidad de un espacio para vincularnos desde el oficio textil. Algo que propicie el conocernos y darnos cuenta que compartimos el lugar en que vivimos y el goce por el oficio desde diversas miradas. Hablar de fortalecer una econom\u00eda local en torno a la lana.<\/p>\n\n\n\n<p>Para eso tenemos tres conversatorios en torno al lanzamiento de <a href=\"http:\/\/www.redcolaborativadelalana.cl\">www.redcolaborativadelalana.cl<\/a>, en la misma p\u00e1gina habr\u00e1 un insumo sobre el proceso que se vivi\u00f3 colectivamente y hay un montaje demostrativo de nuestra experiencia con las tejedoras semilla, con quienes compartimos este viaje y valoramos y visibilizar el trabajo que involucra hacer una prenda&nbsp;<\/p>\n\n\n\n<p>El encuentro en el fondo es una invitaci\u00f3n para quienes trabajen con lana en el territorio. aunque tejan con otros materiales. La idea es asociarnos para abrir sus posibilidades.&nbsp;<\/p>\n\n\n\n<figure class=\"wp-block-image size-large\"><img decoding=\"async\" width=\"681\" height=\"1024\" src=\"https:\/\/www.valparaisocreativo.cl\/wp-content\/uploads\/2022\/05\/ovillos-681x1024.jpg\" alt=\"\" class=\"wp-image-10959\" srcset=\"https:\/\/dev.antudigital.cl\/sites\/vc\/wp-content\/uploads\/2022\/05\/ovillos-681x1024.jpg 681w, https:\/\/dev.antudigital.cl\/sites\/vc\/wp-content\/uploads\/2022\/05\/ovillos-200x300.jpg 200w, https:\/\/dev.antudigital.cl\/sites\/vc\/wp-content\/uploads\/2022\/05\/ovillos-scaled.jpg 1702w\" sizes=\"(max-width: 681px) 100vw, 681px\" \/><\/figure>\n\n\n\n<p><strong>\u00bfPor qu\u00e9 poner este oficio particularmente en realce? \u00bfQu\u00e9 lo ha caracterizado en sus vidas que las llev\u00f3 a este punto?<\/strong><\/p>\n\n\n\n<p>-A nombre del colectivo, hablo desde las importancias que nos conforman. La importancia del tejido la vemos desde el oficio y su materialidad, tiene relaci\u00f3n con la activaci\u00f3n de un tejido social entre mujeres, cultoras, para la creaci\u00f3n de memoria, regeneraci\u00f3n y cuidado de la vida. El tejido nos invita a conectarnos con el lenguaje de las abuelas, las ancestras. abre el hablar sobre una forma de hacer y dialogar con un tiempo diferente, un tiempo pausado, que es el que requieren los oficios. Todo es una trama de relaciones que vincula cosas profundas, como la red misma de la vida, el tejido nos abre la percepci\u00f3n de una trama y que esta se puede manifestar de maneras m\u00e1s amplias.<\/p>\n\n\n\n<p><\/p>\n\n\n\n<p>M\u00e1s informaci\u00f3n en <a href=\"https:\/\/redcolaborativadelalana.cl\/\">https:\/\/redcolaborativadelalana.cl\/<\/a><\/p>\n","protected":false},"excerpt":{"rendered":"<p>El reci\u00e9n pasado domingo 22 fue el Primer Encuentro de la Red Colaborativa de Oficios de la Lana, que reuni\u00f3 distintos oficios, materiales y disciplinas en Limache.\u00a0 La instancia tuvo por objetivo adem\u00e1s lanzar el sitio web www.redcolaborativadelalana.cl que contiene un catastro de cultoras y cultores dedicados al ciclo creativo y productivo de la lana [&hellip;]<\/p>\n","protected":false},"author":1,"featured_media":10956,"comment_status":"open","ping_status":"closed","sticky":false,"template":"","format":"standard","meta":{"_acf_changed":false,"footnotes":""},"categories":[8],"tags":[10],"class_list":["post-10955","post","type-post","status-publish","format-standard","has-post-thumbnail","hentry","category-noticia","tag-valparaiso"],"acf":[],"yoast_head":"<!-- This site is optimized with the Yoast SEO plugin v27.1.1 - https:\/\/yoast.com\/product\/yoast-seo-wordpress\/ -->\n<title>Narrar a trav\u00e9s de la lana - Valpara\u00ed\u00adso Creativo<\/title>\n<meta name=\"robots\" content=\"index, follow, max-snippet:-1, max-image-preview:large, max-video-preview:-1\" \/>\n<link rel=\"canonical\" href=\"https:\/\/dev.antudigital.cl\/sites\/vc\/narrar-a-traves-de-la-lana\/\" \/>\n<meta property=\"og:locale\" content=\"es_ES\" \/>\n<meta property=\"og:type\" content=\"article\" \/>\n<meta property=\"og:title\" content=\"Narrar a trav\u00e9s de la lana - Valpara\u00ed\u00adso Creativo\" \/>\n<meta property=\"og:description\" content=\"El reci\u00e9n pasado domingo 22 fue el Primer Encuentro de la Red Colaborativa de Oficios de la Lana, que reuni\u00f3 distintos oficios, materiales y disciplinas en Limache.\u00a0 La instancia tuvo por objetivo adem\u00e1s lanzar el sitio web www.redcolaborativadelalana.cl que contiene un catastro de cultoras y cultores dedicados al ciclo creativo y productivo de la lana [&hellip;]\" \/>\n<meta property=\"og:url\" content=\"https:\/\/dev.antudigital.cl\/sites\/vc\/narrar-a-traves-de-la-lana\/\" \/>\n<meta property=\"og:site_name\" content=\"Valpara\u00ed\u00adso Creativo\" \/>\n<meta property=\"article:published_time\" content=\"2022-05-23T18:02:58+00:00\" \/>\n<meta property=\"article:modified_time\" content=\"2022-05-23T22:18:37+00:00\" \/>\n<meta property=\"og:image\" content=\"https:\/\/dev.antudigital.cl\/sites\/vc\/wp-content\/uploads\/2022\/05\/Captura-de-Pantalla-2022-05-23-a-las-13.39.10.png\" \/>\n\t<meta property=\"og:image:width\" content=\"628\" \/>\n\t<meta property=\"og:image:height\" content=\"423\" \/>\n\t<meta property=\"og:image:type\" content=\"image\/png\" \/>\n<meta name=\"author\" content=\"Valpara\u00edso Creativo\" \/>\n<meta name=\"twitter:card\" content=\"summary_large_image\" \/>\n<meta name=\"twitter:label1\" content=\"Escrito por\" \/>\n\t<meta name=\"twitter:data1\" content=\"Valpara\u00edso Creativo\" \/>\n\t<meta name=\"twitter:label2\" content=\"Tiempo de lectura\" \/>\n\t<meta name=\"twitter:data2\" content=\"4 minutos\" \/>\n<script type=\"application\/ld+json\" class=\"yoast-schema-graph\">{\"@context\":\"https:\/\/schema.org\",\"@graph\":[{\"@type\":\"Article\",\"@id\":\"https:\/\/dev.antudigital.cl\/sites\/vc\/narrar-a-traves-de-la-lana\/#article\",\"isPartOf\":{\"@id\":\"https:\/\/dev.antudigital.cl\/sites\/vc\/narrar-a-traves-de-la-lana\/\"},\"author\":{\"name\":\"Valpara\u00edso Creativo\",\"@id\":\"https:\/\/dev.antudigital.cl\/sites\/vc\/#\/schema\/person\/c2b9da8dd545e27166fc5ab232837318\"},\"headline\":\"Narrar a trav\u00e9s de la lana\",\"datePublished\":\"2022-05-23T18:02:58+00:00\",\"dateModified\":\"2022-05-23T22:18:37+00:00\",\"mainEntityOfPage\":{\"@id\":\"https:\/\/dev.antudigital.cl\/sites\/vc\/narrar-a-traves-de-la-lana\/\"},\"wordCount\":690,\"commentCount\":0,\"image\":{\"@id\":\"https:\/\/dev.antudigital.cl\/sites\/vc\/narrar-a-traves-de-la-lana\/#primaryimage\"},\"thumbnailUrl\":\"https:\/\/dev.antudigital.cl\/sites\/vc\/wp-content\/uploads\/2022\/05\/Captura-de-Pantalla-2022-05-23-a-las-13.39.10.png\",\"keywords\":[\"valpara\u00edso\"],\"articleSection\":[\"Noticia\"],\"inLanguage\":\"es\",\"potentialAction\":[{\"@type\":\"CommentAction\",\"name\":\"Comment\",\"target\":[\"https:\/\/dev.antudigital.cl\/sites\/vc\/narrar-a-traves-de-la-lana\/#respond\"]}]},{\"@type\":\"WebPage\",\"@id\":\"https:\/\/dev.antudigital.cl\/sites\/vc\/narrar-a-traves-de-la-lana\/\",\"url\":\"https:\/\/dev.antudigital.cl\/sites\/vc\/narrar-a-traves-de-la-lana\/\",\"name\":\"Narrar a trav\u00e9s de la lana - Valpara\u00ed\u00adso Creativo\",\"isPartOf\":{\"@id\":\"https:\/\/dev.antudigital.cl\/sites\/vc\/#website\"},\"primaryImageOfPage\":{\"@id\":\"https:\/\/dev.antudigital.cl\/sites\/vc\/narrar-a-traves-de-la-lana\/#primaryimage\"},\"image\":{\"@id\":\"https:\/\/dev.antudigital.cl\/sites\/vc\/narrar-a-traves-de-la-lana\/#primaryimage\"},\"thumbnailUrl\":\"https:\/\/dev.antudigital.cl\/sites\/vc\/wp-content\/uploads\/2022\/05\/Captura-de-Pantalla-2022-05-23-a-las-13.39.10.png\",\"datePublished\":\"2022-05-23T18:02:58+00:00\",\"dateModified\":\"2022-05-23T22:18:37+00:00\",\"author\":{\"@id\":\"https:\/\/dev.antudigital.cl\/sites\/vc\/#\/schema\/person\/c2b9da8dd545e27166fc5ab232837318\"},\"breadcrumb\":{\"@id\":\"https:\/\/dev.antudigital.cl\/sites\/vc\/narrar-a-traves-de-la-lana\/#breadcrumb\"},\"inLanguage\":\"es\",\"potentialAction\":[{\"@type\":\"ReadAction\",\"target\":[\"https:\/\/dev.antudigital.cl\/sites\/vc\/narrar-a-traves-de-la-lana\/\"]}]},{\"@type\":\"ImageObject\",\"inLanguage\":\"es\",\"@id\":\"https:\/\/dev.antudigital.cl\/sites\/vc\/narrar-a-traves-de-la-lana\/#primaryimage\",\"url\":\"https:\/\/dev.antudigital.cl\/sites\/vc\/wp-content\/uploads\/2022\/05\/Captura-de-Pantalla-2022-05-23-a-las-13.39.10.png\",\"contentUrl\":\"https:\/\/dev.antudigital.cl\/sites\/vc\/wp-content\/uploads\/2022\/05\/Captura-de-Pantalla-2022-05-23-a-las-13.39.10.png\",\"width\":628,\"height\":423},{\"@type\":\"BreadcrumbList\",\"@id\":\"https:\/\/dev.antudigital.cl\/sites\/vc\/narrar-a-traves-de-la-lana\/#breadcrumb\",\"itemListElement\":[{\"@type\":\"ListItem\",\"position\":1,\"name\":\"Home\",\"item\":\"https:\/\/dev.antudigital.cl\/sites\/vc\/\"},{\"@type\":\"ListItem\",\"position\":2,\"name\":\"Narrar a trav\u00e9s de la lana\"}]},{\"@type\":\"WebSite\",\"@id\":\"https:\/\/dev.antudigital.cl\/sites\/vc\/#website\",\"url\":\"https:\/\/dev.antudigital.cl\/sites\/vc\/\",\"name\":\"Valpara\u00ed\u00adso Creativo\",\"description\":\"\",\"potentialAction\":[{\"@type\":\"SearchAction\",\"target\":{\"@type\":\"EntryPoint\",\"urlTemplate\":\"https:\/\/dev.antudigital.cl\/sites\/vc\/?s={search_term_string}\"},\"query-input\":{\"@type\":\"PropertyValueSpecification\",\"valueRequired\":true,\"valueName\":\"search_term_string\"}}],\"inLanguage\":\"es\"},{\"@type\":\"Person\",\"@id\":\"https:\/\/dev.antudigital.cl\/sites\/vc\/#\/schema\/person\/c2b9da8dd545e27166fc5ab232837318\",\"name\":\"Valpara\u00edso Creativo\",\"description\":\"Periodista de cultura en la Regi\u00f3n de Valpara\u00edso.\",\"url\":\"https:\/\/dev.antudigital.cl\/sites\/vc\/author\/valpoadmin\/\"}]}<\/script>\n<!-- \/ Yoast SEO plugin. -->","yoast_head_json":{"title":"Narrar a trav\u00e9s de la lana - Valpara\u00ed\u00adso Creativo","robots":{"index":"index","follow":"follow","max-snippet":"max-snippet:-1","max-image-preview":"max-image-preview:large","max-video-preview":"max-video-preview:-1"},"canonical":"https:\/\/dev.antudigital.cl\/sites\/vc\/narrar-a-traves-de-la-lana\/","og_locale":"es_ES","og_type":"article","og_title":"Narrar a trav\u00e9s de la lana - Valpara\u00ed\u00adso Creativo","og_description":"El reci\u00e9n pasado domingo 22 fue el Primer Encuentro de la Red Colaborativa de Oficios de la Lana, que reuni\u00f3 distintos oficios, materiales y disciplinas en Limache.\u00a0 La instancia tuvo por objetivo adem\u00e1s lanzar el sitio web www.redcolaborativadelalana.cl que contiene un catastro de cultoras y cultores dedicados al ciclo creativo y productivo de la lana [&hellip;]","og_url":"https:\/\/dev.antudigital.cl\/sites\/vc\/narrar-a-traves-de-la-lana\/","og_site_name":"Valpara\u00ed\u00adso Creativo","article_published_time":"2022-05-23T18:02:58+00:00","article_modified_time":"2022-05-23T22:18:37+00:00","og_image":[{"width":628,"height":423,"url":"https:\/\/dev.antudigital.cl\/sites\/vc\/wp-content\/uploads\/2022\/05\/Captura-de-Pantalla-2022-05-23-a-las-13.39.10.png","type":"image\/png"}],"author":"Valpara\u00edso Creativo","twitter_card":"summary_large_image","twitter_misc":{"Escrito por":"Valpara\u00edso Creativo","Tiempo de lectura":"4 minutos"},"schema":{"@context":"https:\/\/schema.org","@graph":[{"@type":"Article","@id":"https:\/\/dev.antudigital.cl\/sites\/vc\/narrar-a-traves-de-la-lana\/#article","isPartOf":{"@id":"https:\/\/dev.antudigital.cl\/sites\/vc\/narrar-a-traves-de-la-lana\/"},"author":{"name":"Valpara\u00edso Creativo","@id":"https:\/\/dev.antudigital.cl\/sites\/vc\/#\/schema\/person\/c2b9da8dd545e27166fc5ab232837318"},"headline":"Narrar a trav\u00e9s de la lana","datePublished":"2022-05-23T18:02:58+00:00","dateModified":"2022-05-23T22:18:37+00:00","mainEntityOfPage":{"@id":"https:\/\/dev.antudigital.cl\/sites\/vc\/narrar-a-traves-de-la-lana\/"},"wordCount":690,"commentCount":0,"image":{"@id":"https:\/\/dev.antudigital.cl\/sites\/vc\/narrar-a-traves-de-la-lana\/#primaryimage"},"thumbnailUrl":"https:\/\/dev.antudigital.cl\/sites\/vc\/wp-content\/uploads\/2022\/05\/Captura-de-Pantalla-2022-05-23-a-las-13.39.10.png","keywords":["valpara\u00edso"],"articleSection":["Noticia"],"inLanguage":"es","potentialAction":[{"@type":"CommentAction","name":"Comment","target":["https:\/\/dev.antudigital.cl\/sites\/vc\/narrar-a-traves-de-la-lana\/#respond"]}]},{"@type":"WebPage","@id":"https:\/\/dev.antudigital.cl\/sites\/vc\/narrar-a-traves-de-la-lana\/","url":"https:\/\/dev.antudigital.cl\/sites\/vc\/narrar-a-traves-de-la-lana\/","name":"Narrar a trav\u00e9s de la lana - Valpara\u00ed\u00adso Creativo","isPartOf":{"@id":"https:\/\/dev.antudigital.cl\/sites\/vc\/#website"},"primaryImageOfPage":{"@id":"https:\/\/dev.antudigital.cl\/sites\/vc\/narrar-a-traves-de-la-lana\/#primaryimage"},"image":{"@id":"https:\/\/dev.antudigital.cl\/sites\/vc\/narrar-a-traves-de-la-lana\/#primaryimage"},"thumbnailUrl":"https:\/\/dev.antudigital.cl\/sites\/vc\/wp-content\/uploads\/2022\/05\/Captura-de-Pantalla-2022-05-23-a-las-13.39.10.png","datePublished":"2022-05-23T18:02:58+00:00","dateModified":"2022-05-23T22:18:37+00:00","author":{"@id":"https:\/\/dev.antudigital.cl\/sites\/vc\/#\/schema\/person\/c2b9da8dd545e27166fc5ab232837318"},"breadcrumb":{"@id":"https:\/\/dev.antudigital.cl\/sites\/vc\/narrar-a-traves-de-la-lana\/#breadcrumb"},"inLanguage":"es","potentialAction":[{"@type":"ReadAction","target":["https:\/\/dev.antudigital.cl\/sites\/vc\/narrar-a-traves-de-la-lana\/"]}]},{"@type":"ImageObject","inLanguage":"es","@id":"https:\/\/dev.antudigital.cl\/sites\/vc\/narrar-a-traves-de-la-lana\/#primaryimage","url":"https:\/\/dev.antudigital.cl\/sites\/vc\/wp-content\/uploads\/2022\/05\/Captura-de-Pantalla-2022-05-23-a-las-13.39.10.png","contentUrl":"https:\/\/dev.antudigital.cl\/sites\/vc\/wp-content\/uploads\/2022\/05\/Captura-de-Pantalla-2022-05-23-a-las-13.39.10.png","width":628,"height":423},{"@type":"BreadcrumbList","@id":"https:\/\/dev.antudigital.cl\/sites\/vc\/narrar-a-traves-de-la-lana\/#breadcrumb","itemListElement":[{"@type":"ListItem","position":1,"name":"Home","item":"https:\/\/dev.antudigital.cl\/sites\/vc\/"},{"@type":"ListItem","position":2,"name":"Narrar a trav\u00e9s de la lana"}]},{"@type":"WebSite","@id":"https:\/\/dev.antudigital.cl\/sites\/vc\/#website","url":"https:\/\/dev.antudigital.cl\/sites\/vc\/","name":"Valpara\u00ed\u00adso Creativo","description":"","potentialAction":[{"@type":"SearchAction","target":{"@type":"EntryPoint","urlTemplate":"https:\/\/dev.antudigital.cl\/sites\/vc\/?s={search_term_string}"},"query-input":{"@type":"PropertyValueSpecification","valueRequired":true,"valueName":"search_term_string"}}],"inLanguage":"es"},{"@type":"Person","@id":"https:\/\/dev.antudigital.cl\/sites\/vc\/#\/schema\/person\/c2b9da8dd545e27166fc5ab232837318","name":"Valpara\u00edso Creativo","description":"Periodista de cultura en la Regi\u00f3n de Valpara\u00edso.","url":"https:\/\/dev.antudigital.cl\/sites\/vc\/author\/valpoadmin\/"}]}},"_links":{"self":[{"href":"https:\/\/dev.antudigital.cl\/sites\/vc\/wp-json\/wp\/v2\/posts\/10955","targetHints":{"allow":["GET"]}}],"collection":[{"href":"https:\/\/dev.antudigital.cl\/sites\/vc\/wp-json\/wp\/v2\/posts"}],"about":[{"href":"https:\/\/dev.antudigital.cl\/sites\/vc\/wp-json\/wp\/v2\/types\/post"}],"author":[{"embeddable":true,"href":"https:\/\/dev.antudigital.cl\/sites\/vc\/wp-json\/wp\/v2\/users\/1"}],"replies":[{"embeddable":true,"href":"https:\/\/dev.antudigital.cl\/sites\/vc\/wp-json\/wp\/v2\/comments?post=10955"}],"version-history":[{"count":5,"href":"https:\/\/dev.antudigital.cl\/sites\/vc\/wp-json\/wp\/v2\/posts\/10955\/revisions"}],"predecessor-version":[{"id":10977,"href":"https:\/\/dev.antudigital.cl\/sites\/vc\/wp-json\/wp\/v2\/posts\/10955\/revisions\/10977"}],"wp:featuredmedia":[{"embeddable":true,"href":"https:\/\/dev.antudigital.cl\/sites\/vc\/wp-json\/wp\/v2\/media\/10956"}],"wp:attachment":[{"href":"https:\/\/dev.antudigital.cl\/sites\/vc\/wp-json\/wp\/v2\/media?parent=10955"}],"wp:term":[{"taxonomy":"category","embeddable":true,"href":"https:\/\/dev.antudigital.cl\/sites\/vc\/wp-json\/wp\/v2\/categories?post=10955"},{"taxonomy":"post_tag","embeddable":true,"href":"https:\/\/dev.antudigital.cl\/sites\/vc\/wp-json\/wp\/v2\/tags?post=10955"}],"curies":[{"name":"wp","href":"https:\/\/api.w.org\/{rel}","templated":true}]}}