{"id":11025,"date":"2022-06-06T15:50:53","date_gmt":"2022-06-06T15:50:53","guid":{"rendered":"https:\/\/www.valparaisocreativo.cl\/?p=11025"},"modified":"2022-06-06T22:37:41","modified_gmt":"2022-06-06T22:37:41","slug":"placenta-nuevo-estreno-de-artes-escenicas-en-el-parque-cultural-de-valparaiso","status":"publish","type":"post","link":"https:\/\/dev.antudigital.cl\/sites\/vc\/placenta-nuevo-estreno-de-artes-escenicas-en-el-parque-cultural-de-valparaiso\/","title":{"rendered":"\u00abPlacenta\u00bb, nuevo estreno de artes esc\u00e9nicas en el Parque Cultural de Valpara\u00edso"},"content":{"rendered":"\n<p>El 9 y 10 de junio en el Parque Cultural de Valpara\u00edso (ex &#8211; C\u00e1rcel) se estrenar\u00e1 \u00abPlacenta\u00bb, espect\u00e1culo de circo contempor\u00e1neo que fusiona t\u00e9cnicas del circo y la danza como lenguajes trascendentales del cuerpo para abordar de manera reflexiva la tem\u00e1tica del despertar femenino.<\/p>\n\n\n\n<p>Esta obra es una invitaci\u00f3n a reflexionar en torno a la naturaleza y este despertar junto a los comportamientos provenientes del instinto femenino, los que han sido reprimidos y domesticados por la sociedad contempor\u00e1nea.&nbsp;<\/p>\n\n\n\n<blockquote class=\"wp-block-quote is-layout-flow wp-block-quote-is-layout-flow\"><p><strong>PLACENTA<\/strong>, en palabras de sus integrantes, \u00abes un viaje inici\u00e1tico hacia las memorias y profundidades de dos mujeres colapsadas y deformadas por la tortuosa imagen impuesta por el sistema, que buscan reconectar con su fuente. Dos mujeres que se escoltan y reflejan como aliadas en este arduo proceso de transmutaci\u00f3n y reivindicaci\u00f3n hacia el autodescubrimiento, aceptaci\u00f3n, muerte y renacimiento; pariendo de esta forma a la <em>mujer salvaje<\/em> que habita en ellas, volviendo al origen\u00bb.<\/p><\/blockquote>\n\n\n\n<p>No te olvides: 9 y 10 de junio a las 19:00hrs el el Teatro del pcdv.<\/p>\n\n\n\n<p><\/p>\n\n\n\n<p>_____________________________________________________________________________<\/p>\n\n\n\n<p><strong>FICHA ART\u00cdSTICA<\/strong><br>Directora Sonia Araus<br>Artistas circenses y creadoras del proyecto: Gabriela Parker Serrano y Carla Cepeda Cort\u00e9s<br>Compositor y m\u00fasico: Alvaro Pacheco Bascu\u00f1\u00e1n:<br>Dise\u00f1adora integral: Carola Sandoval Goubet:<br>Maestra de Actuaci\u00f3n: Paula Z\u00fa\u00f1iga Y\u00e1\u00f1ez:<br>Asistente en Coreograf\u00eda: Elena Lucas Acero:<br>Asistente t\u00e9cnico en Acrobacia: Exequiel Silva Leon:<br>T\u00e9cnica en iluminaci\u00f3n: Constanza Figueroa Verdejo:<br>Construcci\u00f3n escenogr\u00e1fica: Taller el litre<br>Dise\u00f1o y fotos: Nathaly Arancibia Vergara:<br>Tejido: Margarita Pichincura \u00c1lvarez<br>T\u00e9cnico de montaje: Agust\u00edn Collins<br>Confecci\u00f3n de Vestuarios: Mayra Olivares Huerta y Jos\u00e9 Vergara Tapia<\/p>\n","protected":false},"excerpt":{"rendered":"<p>El 9 y 10 de junio en el Parque Cultural de Valpara\u00edso (ex &#8211; C\u00e1rcel) se estrenar\u00e1 \u00abPlacenta\u00bb, espect\u00e1culo de circo contempor\u00e1neo que fusiona t\u00e9cnicas del circo y la danza como lenguajes trascendentales del cuerpo para abordar de manera reflexiva la tem\u00e1tica del despertar femenino. Esta obra es una invitaci\u00f3n a reflexionar en torno a [&hellip;]<\/p>\n","protected":false},"author":1,"featured_media":11026,"comment_status":"open","ping_status":"closed","sticky":false,"template":"","format":"standard","meta":{"_acf_changed":false,"footnotes":""},"categories":[8],"tags":[],"class_list":["post-11025","post","type-post","status-publish","format-standard","has-post-thumbnail","hentry","category-noticia"],"acf":[],"yoast_head":"<!-- This site is optimized with the Yoast SEO plugin v27.1.1 - https:\/\/yoast.com\/product\/yoast-seo-wordpress\/ -->\n<title>&quot;Placenta&quot;, nuevo estreno de artes esc\u00e9nicas en el Parque Cultural de Valpara\u00edso - Valpara\u00ed\u00adso Creativo<\/title>\n<meta name=\"robots\" content=\"index, follow, max-snippet:-1, max-image-preview:large, max-video-preview:-1\" \/>\n<link rel=\"canonical\" href=\"https:\/\/dev.antudigital.cl\/sites\/vc\/placenta-nuevo-estreno-de-artes-escenicas-en-el-parque-cultural-de-valparaiso\/\" \/>\n<meta property=\"og:locale\" content=\"es_ES\" \/>\n<meta property=\"og:type\" content=\"article\" \/>\n<meta property=\"og:title\" content=\"&quot;Placenta&quot;, nuevo estreno de artes esc\u00e9nicas en el Parque Cultural de Valpara\u00edso - Valpara\u00ed\u00adso Creativo\" \/>\n<meta property=\"og:description\" content=\"El 9 y 10 de junio en el Parque Cultural de Valpara\u00edso (ex &#8211; C\u00e1rcel) se estrenar\u00e1 \u00abPlacenta\u00bb, espect\u00e1culo de circo contempor\u00e1neo que fusiona t\u00e9cnicas del circo y la danza como lenguajes trascendentales del cuerpo para abordar de manera reflexiva la tem\u00e1tica del despertar femenino. Esta obra es una invitaci\u00f3n a reflexionar en torno a [&hellip;]\" \/>\n<meta property=\"og:url\" content=\"https:\/\/dev.antudigital.cl\/sites\/vc\/placenta-nuevo-estreno-de-artes-escenicas-en-el-parque-cultural-de-valparaiso\/\" \/>\n<meta property=\"og:site_name\" content=\"Valpara\u00ed\u00adso Creativo\" \/>\n<meta property=\"article:published_time\" content=\"2022-06-06T15:50:53+00:00\" \/>\n<meta property=\"article:modified_time\" content=\"2022-06-06T22:37:41+00:00\" \/>\n<meta property=\"og:image\" content=\"https:\/\/dev.antudigital.cl\/sites\/vc\/wp-content\/uploads\/2022\/06\/Placenta_IG-01-100.jpg\" \/>\n\t<meta property=\"og:image:width\" content=\"1201\" \/>\n\t<meta property=\"og:image:height\" content=\"1201\" \/>\n\t<meta property=\"og:image:type\" content=\"image\/jpeg\" \/>\n<meta name=\"author\" content=\"Valpara\u00edso Creativo\" \/>\n<meta name=\"twitter:card\" content=\"summary_large_image\" \/>\n<meta name=\"twitter:label1\" content=\"Escrito por\" \/>\n\t<meta name=\"twitter:data1\" content=\"Valpara\u00edso Creativo\" \/>\n\t<meta name=\"twitter:label2\" content=\"Tiempo de lectura\" \/>\n\t<meta name=\"twitter:data2\" content=\"2 minutos\" \/>\n<script type=\"application\/ld+json\" class=\"yoast-schema-graph\">{\"@context\":\"https:\/\/schema.org\",\"@graph\":[{\"@type\":\"Article\",\"@id\":\"https:\/\/dev.antudigital.cl\/sites\/vc\/placenta-nuevo-estreno-de-artes-escenicas-en-el-parque-cultural-de-valparaiso\/#article\",\"isPartOf\":{\"@id\":\"https:\/\/dev.antudigital.cl\/sites\/vc\/placenta-nuevo-estreno-de-artes-escenicas-en-el-parque-cultural-de-valparaiso\/\"},\"author\":{\"name\":\"Valpara\u00edso Creativo\",\"@id\":\"https:\/\/dev.antudigital.cl\/sites\/vc\/#\/schema\/person\/c2b9da8dd545e27166fc5ab232837318\"},\"headline\":\"\u00abPlacenta\u00bb, nuevo estreno de artes esc\u00e9nicas en el Parque Cultural de Valpara\u00edso\",\"datePublished\":\"2022-06-06T15:50:53+00:00\",\"dateModified\":\"2022-06-06T22:37:41+00:00\",\"mainEntityOfPage\":{\"@id\":\"https:\/\/dev.antudigital.cl\/sites\/vc\/placenta-nuevo-estreno-de-artes-escenicas-en-el-parque-cultural-de-valparaiso\/\"},\"wordCount\":289,\"commentCount\":0,\"image\":{\"@id\":\"https:\/\/dev.antudigital.cl\/sites\/vc\/placenta-nuevo-estreno-de-artes-escenicas-en-el-parque-cultural-de-valparaiso\/#primaryimage\"},\"thumbnailUrl\":\"https:\/\/dev.antudigital.cl\/sites\/vc\/wp-content\/uploads\/2022\/06\/Placenta_IG-01-100.jpg\",\"articleSection\":[\"Noticia\"],\"inLanguage\":\"es\",\"potentialAction\":[{\"@type\":\"CommentAction\",\"name\":\"Comment\",\"target\":[\"https:\/\/dev.antudigital.cl\/sites\/vc\/placenta-nuevo-estreno-de-artes-escenicas-en-el-parque-cultural-de-valparaiso\/#respond\"]}]},{\"@type\":\"WebPage\",\"@id\":\"https:\/\/dev.antudigital.cl\/sites\/vc\/placenta-nuevo-estreno-de-artes-escenicas-en-el-parque-cultural-de-valparaiso\/\",\"url\":\"https:\/\/dev.antudigital.cl\/sites\/vc\/placenta-nuevo-estreno-de-artes-escenicas-en-el-parque-cultural-de-valparaiso\/\",\"name\":\"\\\"Placenta\\\", nuevo estreno de artes esc\u00e9nicas en el Parque Cultural de Valpara\u00edso - Valpara\u00ed\u00adso Creativo\",\"isPartOf\":{\"@id\":\"https:\/\/dev.antudigital.cl\/sites\/vc\/#website\"},\"primaryImageOfPage\":{\"@id\":\"https:\/\/dev.antudigital.cl\/sites\/vc\/placenta-nuevo-estreno-de-artes-escenicas-en-el-parque-cultural-de-valparaiso\/#primaryimage\"},\"image\":{\"@id\":\"https:\/\/dev.antudigital.cl\/sites\/vc\/placenta-nuevo-estreno-de-artes-escenicas-en-el-parque-cultural-de-valparaiso\/#primaryimage\"},\"thumbnailUrl\":\"https:\/\/dev.antudigital.cl\/sites\/vc\/wp-content\/uploads\/2022\/06\/Placenta_IG-01-100.jpg\",\"datePublished\":\"2022-06-06T15:50:53+00:00\",\"dateModified\":\"2022-06-06T22:37:41+00:00\",\"author\":{\"@id\":\"https:\/\/dev.antudigital.cl\/sites\/vc\/#\/schema\/person\/c2b9da8dd545e27166fc5ab232837318\"},\"breadcrumb\":{\"@id\":\"https:\/\/dev.antudigital.cl\/sites\/vc\/placenta-nuevo-estreno-de-artes-escenicas-en-el-parque-cultural-de-valparaiso\/#breadcrumb\"},\"inLanguage\":\"es\",\"potentialAction\":[{\"@type\":\"ReadAction\",\"target\":[\"https:\/\/dev.antudigital.cl\/sites\/vc\/placenta-nuevo-estreno-de-artes-escenicas-en-el-parque-cultural-de-valparaiso\/\"]}]},{\"@type\":\"ImageObject\",\"inLanguage\":\"es\",\"@id\":\"https:\/\/dev.antudigital.cl\/sites\/vc\/placenta-nuevo-estreno-de-artes-escenicas-en-el-parque-cultural-de-valparaiso\/#primaryimage\",\"url\":\"https:\/\/dev.antudigital.cl\/sites\/vc\/wp-content\/uploads\/2022\/06\/Placenta_IG-01-100.jpg\",\"contentUrl\":\"https:\/\/dev.antudigital.cl\/sites\/vc\/wp-content\/uploads\/2022\/06\/Placenta_IG-01-100.jpg\",\"width\":1201,\"height\":1201},{\"@type\":\"BreadcrumbList\",\"@id\":\"https:\/\/dev.antudigital.cl\/sites\/vc\/placenta-nuevo-estreno-de-artes-escenicas-en-el-parque-cultural-de-valparaiso\/#breadcrumb\",\"itemListElement\":[{\"@type\":\"ListItem\",\"position\":1,\"name\":\"Home\",\"item\":\"https:\/\/dev.antudigital.cl\/sites\/vc\/\"},{\"@type\":\"ListItem\",\"position\":2,\"name\":\"\u00abPlacenta\u00bb, nuevo estreno de artes esc\u00e9nicas en el Parque Cultural de Valpara\u00edso\"}]},{\"@type\":\"WebSite\",\"@id\":\"https:\/\/dev.antudigital.cl\/sites\/vc\/#website\",\"url\":\"https:\/\/dev.antudigital.cl\/sites\/vc\/\",\"name\":\"Valpara\u00ed\u00adso Creativo\",\"description\":\"\",\"potentialAction\":[{\"@type\":\"SearchAction\",\"target\":{\"@type\":\"EntryPoint\",\"urlTemplate\":\"https:\/\/dev.antudigital.cl\/sites\/vc\/?s={search_term_string}\"},\"query-input\":{\"@type\":\"PropertyValueSpecification\",\"valueRequired\":true,\"valueName\":\"search_term_string\"}}],\"inLanguage\":\"es\"},{\"@type\":\"Person\",\"@id\":\"https:\/\/dev.antudigital.cl\/sites\/vc\/#\/schema\/person\/c2b9da8dd545e27166fc5ab232837318\",\"name\":\"Valpara\u00edso Creativo\",\"description\":\"Periodista de cultura en la Regi\u00f3n de Valpara\u00edso.\",\"url\":\"https:\/\/dev.antudigital.cl\/sites\/vc\/author\/valpoadmin\/\"}]}<\/script>\n<!-- \/ Yoast SEO plugin. -->","yoast_head_json":{"title":"\"Placenta\", nuevo estreno de artes esc\u00e9nicas en el Parque Cultural de Valpara\u00edso - Valpara\u00ed\u00adso Creativo","robots":{"index":"index","follow":"follow","max-snippet":"max-snippet:-1","max-image-preview":"max-image-preview:large","max-video-preview":"max-video-preview:-1"},"canonical":"https:\/\/dev.antudigital.cl\/sites\/vc\/placenta-nuevo-estreno-de-artes-escenicas-en-el-parque-cultural-de-valparaiso\/","og_locale":"es_ES","og_type":"article","og_title":"\"Placenta\", nuevo estreno de artes esc\u00e9nicas en el Parque Cultural de Valpara\u00edso - Valpara\u00ed\u00adso Creativo","og_description":"El 9 y 10 de junio en el Parque Cultural de Valpara\u00edso (ex &#8211; C\u00e1rcel) se estrenar\u00e1 \u00abPlacenta\u00bb, espect\u00e1culo de circo contempor\u00e1neo que fusiona t\u00e9cnicas del circo y la danza como lenguajes trascendentales del cuerpo para abordar de manera reflexiva la tem\u00e1tica del despertar femenino. Esta obra es una invitaci\u00f3n a reflexionar en torno a [&hellip;]","og_url":"https:\/\/dev.antudigital.cl\/sites\/vc\/placenta-nuevo-estreno-de-artes-escenicas-en-el-parque-cultural-de-valparaiso\/","og_site_name":"Valpara\u00ed\u00adso Creativo","article_published_time":"2022-06-06T15:50:53+00:00","article_modified_time":"2022-06-06T22:37:41+00:00","og_image":[{"width":1201,"height":1201,"url":"https:\/\/dev.antudigital.cl\/sites\/vc\/wp-content\/uploads\/2022\/06\/Placenta_IG-01-100.jpg","type":"image\/jpeg"}],"author":"Valpara\u00edso Creativo","twitter_card":"summary_large_image","twitter_misc":{"Escrito por":"Valpara\u00edso Creativo","Tiempo de lectura":"2 minutos"},"schema":{"@context":"https:\/\/schema.org","@graph":[{"@type":"Article","@id":"https:\/\/dev.antudigital.cl\/sites\/vc\/placenta-nuevo-estreno-de-artes-escenicas-en-el-parque-cultural-de-valparaiso\/#article","isPartOf":{"@id":"https:\/\/dev.antudigital.cl\/sites\/vc\/placenta-nuevo-estreno-de-artes-escenicas-en-el-parque-cultural-de-valparaiso\/"},"author":{"name":"Valpara\u00edso Creativo","@id":"https:\/\/dev.antudigital.cl\/sites\/vc\/#\/schema\/person\/c2b9da8dd545e27166fc5ab232837318"},"headline":"\u00abPlacenta\u00bb, nuevo estreno de artes esc\u00e9nicas en el Parque Cultural de Valpara\u00edso","datePublished":"2022-06-06T15:50:53+00:00","dateModified":"2022-06-06T22:37:41+00:00","mainEntityOfPage":{"@id":"https:\/\/dev.antudigital.cl\/sites\/vc\/placenta-nuevo-estreno-de-artes-escenicas-en-el-parque-cultural-de-valparaiso\/"},"wordCount":289,"commentCount":0,"image":{"@id":"https:\/\/dev.antudigital.cl\/sites\/vc\/placenta-nuevo-estreno-de-artes-escenicas-en-el-parque-cultural-de-valparaiso\/#primaryimage"},"thumbnailUrl":"https:\/\/dev.antudigital.cl\/sites\/vc\/wp-content\/uploads\/2022\/06\/Placenta_IG-01-100.jpg","articleSection":["Noticia"],"inLanguage":"es","potentialAction":[{"@type":"CommentAction","name":"Comment","target":["https:\/\/dev.antudigital.cl\/sites\/vc\/placenta-nuevo-estreno-de-artes-escenicas-en-el-parque-cultural-de-valparaiso\/#respond"]}]},{"@type":"WebPage","@id":"https:\/\/dev.antudigital.cl\/sites\/vc\/placenta-nuevo-estreno-de-artes-escenicas-en-el-parque-cultural-de-valparaiso\/","url":"https:\/\/dev.antudigital.cl\/sites\/vc\/placenta-nuevo-estreno-de-artes-escenicas-en-el-parque-cultural-de-valparaiso\/","name":"\"Placenta\", nuevo estreno de artes esc\u00e9nicas en el Parque Cultural de Valpara\u00edso - Valpara\u00ed\u00adso Creativo","isPartOf":{"@id":"https:\/\/dev.antudigital.cl\/sites\/vc\/#website"},"primaryImageOfPage":{"@id":"https:\/\/dev.antudigital.cl\/sites\/vc\/placenta-nuevo-estreno-de-artes-escenicas-en-el-parque-cultural-de-valparaiso\/#primaryimage"},"image":{"@id":"https:\/\/dev.antudigital.cl\/sites\/vc\/placenta-nuevo-estreno-de-artes-escenicas-en-el-parque-cultural-de-valparaiso\/#primaryimage"},"thumbnailUrl":"https:\/\/dev.antudigital.cl\/sites\/vc\/wp-content\/uploads\/2022\/06\/Placenta_IG-01-100.jpg","datePublished":"2022-06-06T15:50:53+00:00","dateModified":"2022-06-06T22:37:41+00:00","author":{"@id":"https:\/\/dev.antudigital.cl\/sites\/vc\/#\/schema\/person\/c2b9da8dd545e27166fc5ab232837318"},"breadcrumb":{"@id":"https:\/\/dev.antudigital.cl\/sites\/vc\/placenta-nuevo-estreno-de-artes-escenicas-en-el-parque-cultural-de-valparaiso\/#breadcrumb"},"inLanguage":"es","potentialAction":[{"@type":"ReadAction","target":["https:\/\/dev.antudigital.cl\/sites\/vc\/placenta-nuevo-estreno-de-artes-escenicas-en-el-parque-cultural-de-valparaiso\/"]}]},{"@type":"ImageObject","inLanguage":"es","@id":"https:\/\/dev.antudigital.cl\/sites\/vc\/placenta-nuevo-estreno-de-artes-escenicas-en-el-parque-cultural-de-valparaiso\/#primaryimage","url":"https:\/\/dev.antudigital.cl\/sites\/vc\/wp-content\/uploads\/2022\/06\/Placenta_IG-01-100.jpg","contentUrl":"https:\/\/dev.antudigital.cl\/sites\/vc\/wp-content\/uploads\/2022\/06\/Placenta_IG-01-100.jpg","width":1201,"height":1201},{"@type":"BreadcrumbList","@id":"https:\/\/dev.antudigital.cl\/sites\/vc\/placenta-nuevo-estreno-de-artes-escenicas-en-el-parque-cultural-de-valparaiso\/#breadcrumb","itemListElement":[{"@type":"ListItem","position":1,"name":"Home","item":"https:\/\/dev.antudigital.cl\/sites\/vc\/"},{"@type":"ListItem","position":2,"name":"\u00abPlacenta\u00bb, nuevo estreno de artes esc\u00e9nicas en el Parque Cultural de Valpara\u00edso"}]},{"@type":"WebSite","@id":"https:\/\/dev.antudigital.cl\/sites\/vc\/#website","url":"https:\/\/dev.antudigital.cl\/sites\/vc\/","name":"Valpara\u00ed\u00adso Creativo","description":"","potentialAction":[{"@type":"SearchAction","target":{"@type":"EntryPoint","urlTemplate":"https:\/\/dev.antudigital.cl\/sites\/vc\/?s={search_term_string}"},"query-input":{"@type":"PropertyValueSpecification","valueRequired":true,"valueName":"search_term_string"}}],"inLanguage":"es"},{"@type":"Person","@id":"https:\/\/dev.antudigital.cl\/sites\/vc\/#\/schema\/person\/c2b9da8dd545e27166fc5ab232837318","name":"Valpara\u00edso Creativo","description":"Periodista de cultura en la Regi\u00f3n de Valpara\u00edso.","url":"https:\/\/dev.antudigital.cl\/sites\/vc\/author\/valpoadmin\/"}]}},"_links":{"self":[{"href":"https:\/\/dev.antudigital.cl\/sites\/vc\/wp-json\/wp\/v2\/posts\/11025","targetHints":{"allow":["GET"]}}],"collection":[{"href":"https:\/\/dev.antudigital.cl\/sites\/vc\/wp-json\/wp\/v2\/posts"}],"about":[{"href":"https:\/\/dev.antudigital.cl\/sites\/vc\/wp-json\/wp\/v2\/types\/post"}],"author":[{"embeddable":true,"href":"https:\/\/dev.antudigital.cl\/sites\/vc\/wp-json\/wp\/v2\/users\/1"}],"replies":[{"embeddable":true,"href":"https:\/\/dev.antudigital.cl\/sites\/vc\/wp-json\/wp\/v2\/comments?post=11025"}],"version-history":[{"count":2,"href":"https:\/\/dev.antudigital.cl\/sites\/vc\/wp-json\/wp\/v2\/posts\/11025\/revisions"}],"predecessor-version":[{"id":11051,"href":"https:\/\/dev.antudigital.cl\/sites\/vc\/wp-json\/wp\/v2\/posts\/11025\/revisions\/11051"}],"wp:featuredmedia":[{"embeddable":true,"href":"https:\/\/dev.antudigital.cl\/sites\/vc\/wp-json\/wp\/v2\/media\/11026"}],"wp:attachment":[{"href":"https:\/\/dev.antudigital.cl\/sites\/vc\/wp-json\/wp\/v2\/media?parent=11025"}],"wp:term":[{"taxonomy":"category","embeddable":true,"href":"https:\/\/dev.antudigital.cl\/sites\/vc\/wp-json\/wp\/v2\/categories?post=11025"},{"taxonomy":"post_tag","embeddable":true,"href":"https:\/\/dev.antudigital.cl\/sites\/vc\/wp-json\/wp\/v2\/tags?post=11025"}],"curies":[{"name":"wp","href":"https:\/\/api.w.org\/{rel}","templated":true}]}}