{"id":11028,"date":"2022-06-06T16:11:10","date_gmt":"2022-06-06T16:11:10","guid":{"rendered":"https:\/\/www.valparaisocreativo.cl\/?p=11028"},"modified":"2022-06-06T16:11:17","modified_gmt":"2022-06-06T16:11:17","slug":"inscribete-en-los-talleres-virtuales-de-perro-sur","status":"publish","type":"post","link":"https:\/\/dev.antudigital.cl\/sites\/vc\/inscribete-en-los-talleres-virtuales-de-perro-sur\/","title":{"rendered":"Inscr\u00edbete en los talleres virtuales de Perro Sur"},"content":{"rendered":"\n<p><em>C<\/em>omo parte del proyecto titulado \u201cEntrelazar: Talleres desde PerroSur\u201d, los miembros del colectivo de arte, dise\u00f1o y oficios gr\u00e1ficos Taller PerroSur invita a la comunidad a ser parte de la presentaci\u00f3n este <strong>viernes 10 de junio a las 18.30hrs<\/strong>, del cierre de actividades de desarrollo de su proyecto con una muestra fotogr\u00e1fica que relata la historia de cocreaci\u00f3n de esta iniciativa del a\u00f1o 2022 y el lanzamiento oficial de su plataforma virtual de talleres, con los cuales espera llegar a mucho mayor p\u00fablico interesado en las artes y oficios gr\u00e1ficos.<\/p>\n\n\n\n<p>Esta iniciativa cont\u00f3 con el apoyo del Fondo Nacional de Desarrollo Cultural y las Artes 2021 y tuvo como foco el acercamiento a la comunidad en general del conocimiento en arte, dise\u00f1o y oficios gr\u00e1ficos. Es por ello se realiz\u00f3 un estudio sociol\u00f3gico de los intereses y realidades locales sobre materias de cultura y educaci\u00f3n, se impartieron de forma gratuita talleres presenciales en diversos lugares del sector, se realizaron transmisiones via streaming de talleres para el p\u00fablico en las redes sociales y se desarroll\u00f3 una plataforma que permite ir subiendo contenido de talleres que quedar\u00e1n disponibles para ser realizados por cualquier persona que les interese. Incluir\u00e1 actividades l\u00fadicas virtuales para ni\u00f1os, c\u00e1psulas de video con los cursos realizados por sus propios talleristas, descarga de documentos de referencia, entre muchas otras cualidades.<\/p>\n\n\n\n<p>En una primera oferta de talleres abiertos a la comunidad y de forma gratuita, podr\u00e1n tomar talleres de encuadernaci\u00f3n, preparaci\u00f3n de pigmentos para pintura, astronom\u00eda y arte, taller de ideaci\u00f3n para dise\u00f1o, taller de acuarela y otros que se ir\u00e1n sumando a medida se vaya creando m\u00e1s contenido.<\/p>\n\n\n\n<p>La actividad contar\u00e1 con un discurso inaugural de la muestra, una breve exposici\u00f3n del manejo de la plataforma, el relato de sus creadores y un ameno encuentro con la comunidad, muchos de los cuales ya han participado de anteriores actividades realizadas con el Taller Perrosur.<\/p>\n\n\n\n<p>Quedan todos invitados a conocer m\u00e1s de esta y otras actividades del Taller PerroSur en las redes sociales o en nuestro pronto inaugural sitio web <a href=\"http:\/\/www.tallerperrosur.cl\" target=\"_blank\" rel=\"noreferrer noopener\">www.tallerperrosur.cl<\/a>.<\/p>\n\n\n\n<p>Para m\u00e1s informaci\u00f3n, pueden escribir al correo <a href=\"mailto:perrosurvalparaiso@gmail.com\" target=\"_blank\" rel=\"noreferrer noopener\">perrosurvalparaiso@gmail.com<\/a><\/p>\n\n\n\n<p><\/p>\n\n\n\n<p><\/p>\n","protected":false},"excerpt":{"rendered":"<p>Como parte del proyecto titulado \u201cEntrelazar: Talleres desde PerroSur\u201d, los miembros del colectivo de arte, dise\u00f1o y oficios gr\u00e1ficos Taller PerroSur invita a la comunidad a ser parte de la presentaci\u00f3n este viernes 10 de junio a las 18.30hrs, del cierre de actividades de desarrollo de su proyecto con una muestra fotogr\u00e1fica que relata la [&hellip;]<\/p>\n","protected":false},"author":1,"featured_media":11029,"comment_status":"open","ping_status":"closed","sticky":false,"template":"","format":"standard","meta":{"_acf_changed":false,"footnotes":""},"categories":[8],"tags":[],"class_list":["post-11028","post","type-post","status-publish","format-standard","has-post-thumbnail","hentry","category-noticia"],"acf":[],"yoast_head":"<!-- This site is optimized with the Yoast SEO plugin v27.1.1 - https:\/\/yoast.com\/product\/yoast-seo-wordpress\/ -->\n<title>Inscr\u00edbete en los talleres virtuales de Perro Sur - Valpara\u00ed\u00adso Creativo<\/title>\n<meta name=\"robots\" content=\"index, follow, max-snippet:-1, max-image-preview:large, max-video-preview:-1\" \/>\n<link rel=\"canonical\" href=\"https:\/\/dev.antudigital.cl\/sites\/vc\/inscribete-en-los-talleres-virtuales-de-perro-sur\/\" \/>\n<meta property=\"og:locale\" content=\"es_ES\" \/>\n<meta property=\"og:type\" content=\"article\" \/>\n<meta property=\"og:title\" content=\"Inscr\u00edbete en los talleres virtuales de Perro Sur - Valpara\u00ed\u00adso Creativo\" \/>\n<meta property=\"og:description\" content=\"Como parte del proyecto titulado \u201cEntrelazar: Talleres desde PerroSur\u201d, los miembros del colectivo de arte, dise\u00f1o y oficios gr\u00e1ficos Taller PerroSur invita a la comunidad a ser parte de la presentaci\u00f3n este viernes 10 de junio a las 18.30hrs, del cierre de actividades de desarrollo de su proyecto con una muestra fotogr\u00e1fica que relata la [&hellip;]\" \/>\n<meta property=\"og:url\" content=\"https:\/\/dev.antudigital.cl\/sites\/vc\/inscribete-en-los-talleres-virtuales-de-perro-sur\/\" \/>\n<meta property=\"og:site_name\" content=\"Valpara\u00ed\u00adso Creativo\" \/>\n<meta property=\"article:published_time\" content=\"2022-06-06T16:11:10+00:00\" \/>\n<meta property=\"article:modified_time\" content=\"2022-06-06T16:11:17+00:00\" \/>\n<meta property=\"og:image\" content=\"https:\/\/dev.antudigital.cl\/sites\/vc\/wp-content\/uploads\/2022\/06\/WhatsApp-Image-2022-06-03-at-9.17.09-AM.jpeg\" \/>\n\t<meta property=\"og:image:width\" content=\"1280\" \/>\n\t<meta property=\"og:image:height\" content=\"1280\" \/>\n\t<meta property=\"og:image:type\" content=\"image\/jpeg\" \/>\n<meta name=\"author\" content=\"Valpara\u00edso Creativo\" \/>\n<meta name=\"twitter:card\" content=\"summary_large_image\" \/>\n<meta name=\"twitter:label1\" content=\"Escrito por\" \/>\n\t<meta name=\"twitter:data1\" content=\"Valpara\u00edso Creativo\" \/>\n\t<meta name=\"twitter:label2\" content=\"Tiempo de lectura\" \/>\n\t<meta name=\"twitter:data2\" content=\"2 minutos\" \/>\n<script type=\"application\/ld+json\" class=\"yoast-schema-graph\">{\"@context\":\"https:\/\/schema.org\",\"@graph\":[{\"@type\":\"Article\",\"@id\":\"https:\/\/dev.antudigital.cl\/sites\/vc\/inscribete-en-los-talleres-virtuales-de-perro-sur\/#article\",\"isPartOf\":{\"@id\":\"https:\/\/dev.antudigital.cl\/sites\/vc\/inscribete-en-los-talleres-virtuales-de-perro-sur\/\"},\"author\":{\"name\":\"Valpara\u00edso Creativo\",\"@id\":\"https:\/\/dev.antudigital.cl\/sites\/vc\/#\/schema\/person\/c2b9da8dd545e27166fc5ab232837318\"},\"headline\":\"Inscr\u00edbete en los talleres virtuales de Perro Sur\",\"datePublished\":\"2022-06-06T16:11:10+00:00\",\"dateModified\":\"2022-06-06T16:11:17+00:00\",\"mainEntityOfPage\":{\"@id\":\"https:\/\/dev.antudigital.cl\/sites\/vc\/inscribete-en-los-talleres-virtuales-de-perro-sur\/\"},\"wordCount\":387,\"commentCount\":0,\"image\":{\"@id\":\"https:\/\/dev.antudigital.cl\/sites\/vc\/inscribete-en-los-talleres-virtuales-de-perro-sur\/#primaryimage\"},\"thumbnailUrl\":\"https:\/\/dev.antudigital.cl\/sites\/vc\/wp-content\/uploads\/2022\/06\/WhatsApp-Image-2022-06-03-at-9.17.09-AM.jpeg\",\"articleSection\":[\"Noticia\"],\"inLanguage\":\"es\",\"potentialAction\":[{\"@type\":\"CommentAction\",\"name\":\"Comment\",\"target\":[\"https:\/\/dev.antudigital.cl\/sites\/vc\/inscribete-en-los-talleres-virtuales-de-perro-sur\/#respond\"]}]},{\"@type\":\"WebPage\",\"@id\":\"https:\/\/dev.antudigital.cl\/sites\/vc\/inscribete-en-los-talleres-virtuales-de-perro-sur\/\",\"url\":\"https:\/\/dev.antudigital.cl\/sites\/vc\/inscribete-en-los-talleres-virtuales-de-perro-sur\/\",\"name\":\"Inscr\u00edbete en los talleres virtuales de Perro Sur - Valpara\u00ed\u00adso Creativo\",\"isPartOf\":{\"@id\":\"https:\/\/dev.antudigital.cl\/sites\/vc\/#website\"},\"primaryImageOfPage\":{\"@id\":\"https:\/\/dev.antudigital.cl\/sites\/vc\/inscribete-en-los-talleres-virtuales-de-perro-sur\/#primaryimage\"},\"image\":{\"@id\":\"https:\/\/dev.antudigital.cl\/sites\/vc\/inscribete-en-los-talleres-virtuales-de-perro-sur\/#primaryimage\"},\"thumbnailUrl\":\"https:\/\/dev.antudigital.cl\/sites\/vc\/wp-content\/uploads\/2022\/06\/WhatsApp-Image-2022-06-03-at-9.17.09-AM.jpeg\",\"datePublished\":\"2022-06-06T16:11:10+00:00\",\"dateModified\":\"2022-06-06T16:11:17+00:00\",\"author\":{\"@id\":\"https:\/\/dev.antudigital.cl\/sites\/vc\/#\/schema\/person\/c2b9da8dd545e27166fc5ab232837318\"},\"breadcrumb\":{\"@id\":\"https:\/\/dev.antudigital.cl\/sites\/vc\/inscribete-en-los-talleres-virtuales-de-perro-sur\/#breadcrumb\"},\"inLanguage\":\"es\",\"potentialAction\":[{\"@type\":\"ReadAction\",\"target\":[\"https:\/\/dev.antudigital.cl\/sites\/vc\/inscribete-en-los-talleres-virtuales-de-perro-sur\/\"]}]},{\"@type\":\"ImageObject\",\"inLanguage\":\"es\",\"@id\":\"https:\/\/dev.antudigital.cl\/sites\/vc\/inscribete-en-los-talleres-virtuales-de-perro-sur\/#primaryimage\",\"url\":\"https:\/\/dev.antudigital.cl\/sites\/vc\/wp-content\/uploads\/2022\/06\/WhatsApp-Image-2022-06-03-at-9.17.09-AM.jpeg\",\"contentUrl\":\"https:\/\/dev.antudigital.cl\/sites\/vc\/wp-content\/uploads\/2022\/06\/WhatsApp-Image-2022-06-03-at-9.17.09-AM.jpeg\",\"width\":1280,\"height\":1280},{\"@type\":\"BreadcrumbList\",\"@id\":\"https:\/\/dev.antudigital.cl\/sites\/vc\/inscribete-en-los-talleres-virtuales-de-perro-sur\/#breadcrumb\",\"itemListElement\":[{\"@type\":\"ListItem\",\"position\":1,\"name\":\"Home\",\"item\":\"https:\/\/dev.antudigital.cl\/sites\/vc\/\"},{\"@type\":\"ListItem\",\"position\":2,\"name\":\"Inscr\u00edbete en los talleres virtuales de Perro Sur\"}]},{\"@type\":\"WebSite\",\"@id\":\"https:\/\/dev.antudigital.cl\/sites\/vc\/#website\",\"url\":\"https:\/\/dev.antudigital.cl\/sites\/vc\/\",\"name\":\"Valpara\u00ed\u00adso Creativo\",\"description\":\"\",\"potentialAction\":[{\"@type\":\"SearchAction\",\"target\":{\"@type\":\"EntryPoint\",\"urlTemplate\":\"https:\/\/dev.antudigital.cl\/sites\/vc\/?s={search_term_string}\"},\"query-input\":{\"@type\":\"PropertyValueSpecification\",\"valueRequired\":true,\"valueName\":\"search_term_string\"}}],\"inLanguage\":\"es\"},{\"@type\":\"Person\",\"@id\":\"https:\/\/dev.antudigital.cl\/sites\/vc\/#\/schema\/person\/c2b9da8dd545e27166fc5ab232837318\",\"name\":\"Valpara\u00edso Creativo\",\"description\":\"Periodista de cultura en la Regi\u00f3n de Valpara\u00edso.\",\"url\":\"https:\/\/dev.antudigital.cl\/sites\/vc\/author\/valpoadmin\/\"}]}<\/script>\n<!-- \/ Yoast SEO plugin. -->","yoast_head_json":{"title":"Inscr\u00edbete en los talleres virtuales de Perro Sur - Valpara\u00ed\u00adso Creativo","robots":{"index":"index","follow":"follow","max-snippet":"max-snippet:-1","max-image-preview":"max-image-preview:large","max-video-preview":"max-video-preview:-1"},"canonical":"https:\/\/dev.antudigital.cl\/sites\/vc\/inscribete-en-los-talleres-virtuales-de-perro-sur\/","og_locale":"es_ES","og_type":"article","og_title":"Inscr\u00edbete en los talleres virtuales de Perro Sur - Valpara\u00ed\u00adso Creativo","og_description":"Como parte del proyecto titulado \u201cEntrelazar: Talleres desde PerroSur\u201d, los miembros del colectivo de arte, dise\u00f1o y oficios gr\u00e1ficos Taller PerroSur invita a la comunidad a ser parte de la presentaci\u00f3n este viernes 10 de junio a las 18.30hrs, del cierre de actividades de desarrollo de su proyecto con una muestra fotogr\u00e1fica que relata la [&hellip;]","og_url":"https:\/\/dev.antudigital.cl\/sites\/vc\/inscribete-en-los-talleres-virtuales-de-perro-sur\/","og_site_name":"Valpara\u00ed\u00adso Creativo","article_published_time":"2022-06-06T16:11:10+00:00","article_modified_time":"2022-06-06T16:11:17+00:00","og_image":[{"width":1280,"height":1280,"url":"https:\/\/dev.antudigital.cl\/sites\/vc\/wp-content\/uploads\/2022\/06\/WhatsApp-Image-2022-06-03-at-9.17.09-AM.jpeg","type":"image\/jpeg"}],"author":"Valpara\u00edso Creativo","twitter_card":"summary_large_image","twitter_misc":{"Escrito por":"Valpara\u00edso Creativo","Tiempo de lectura":"2 minutos"},"schema":{"@context":"https:\/\/schema.org","@graph":[{"@type":"Article","@id":"https:\/\/dev.antudigital.cl\/sites\/vc\/inscribete-en-los-talleres-virtuales-de-perro-sur\/#article","isPartOf":{"@id":"https:\/\/dev.antudigital.cl\/sites\/vc\/inscribete-en-los-talleres-virtuales-de-perro-sur\/"},"author":{"name":"Valpara\u00edso Creativo","@id":"https:\/\/dev.antudigital.cl\/sites\/vc\/#\/schema\/person\/c2b9da8dd545e27166fc5ab232837318"},"headline":"Inscr\u00edbete en los talleres virtuales de Perro Sur","datePublished":"2022-06-06T16:11:10+00:00","dateModified":"2022-06-06T16:11:17+00:00","mainEntityOfPage":{"@id":"https:\/\/dev.antudigital.cl\/sites\/vc\/inscribete-en-los-talleres-virtuales-de-perro-sur\/"},"wordCount":387,"commentCount":0,"image":{"@id":"https:\/\/dev.antudigital.cl\/sites\/vc\/inscribete-en-los-talleres-virtuales-de-perro-sur\/#primaryimage"},"thumbnailUrl":"https:\/\/dev.antudigital.cl\/sites\/vc\/wp-content\/uploads\/2022\/06\/WhatsApp-Image-2022-06-03-at-9.17.09-AM.jpeg","articleSection":["Noticia"],"inLanguage":"es","potentialAction":[{"@type":"CommentAction","name":"Comment","target":["https:\/\/dev.antudigital.cl\/sites\/vc\/inscribete-en-los-talleres-virtuales-de-perro-sur\/#respond"]}]},{"@type":"WebPage","@id":"https:\/\/dev.antudigital.cl\/sites\/vc\/inscribete-en-los-talleres-virtuales-de-perro-sur\/","url":"https:\/\/dev.antudigital.cl\/sites\/vc\/inscribete-en-los-talleres-virtuales-de-perro-sur\/","name":"Inscr\u00edbete en los talleres virtuales de Perro Sur - Valpara\u00ed\u00adso Creativo","isPartOf":{"@id":"https:\/\/dev.antudigital.cl\/sites\/vc\/#website"},"primaryImageOfPage":{"@id":"https:\/\/dev.antudigital.cl\/sites\/vc\/inscribete-en-los-talleres-virtuales-de-perro-sur\/#primaryimage"},"image":{"@id":"https:\/\/dev.antudigital.cl\/sites\/vc\/inscribete-en-los-talleres-virtuales-de-perro-sur\/#primaryimage"},"thumbnailUrl":"https:\/\/dev.antudigital.cl\/sites\/vc\/wp-content\/uploads\/2022\/06\/WhatsApp-Image-2022-06-03-at-9.17.09-AM.jpeg","datePublished":"2022-06-06T16:11:10+00:00","dateModified":"2022-06-06T16:11:17+00:00","author":{"@id":"https:\/\/dev.antudigital.cl\/sites\/vc\/#\/schema\/person\/c2b9da8dd545e27166fc5ab232837318"},"breadcrumb":{"@id":"https:\/\/dev.antudigital.cl\/sites\/vc\/inscribete-en-los-talleres-virtuales-de-perro-sur\/#breadcrumb"},"inLanguage":"es","potentialAction":[{"@type":"ReadAction","target":["https:\/\/dev.antudigital.cl\/sites\/vc\/inscribete-en-los-talleres-virtuales-de-perro-sur\/"]}]},{"@type":"ImageObject","inLanguage":"es","@id":"https:\/\/dev.antudigital.cl\/sites\/vc\/inscribete-en-los-talleres-virtuales-de-perro-sur\/#primaryimage","url":"https:\/\/dev.antudigital.cl\/sites\/vc\/wp-content\/uploads\/2022\/06\/WhatsApp-Image-2022-06-03-at-9.17.09-AM.jpeg","contentUrl":"https:\/\/dev.antudigital.cl\/sites\/vc\/wp-content\/uploads\/2022\/06\/WhatsApp-Image-2022-06-03-at-9.17.09-AM.jpeg","width":1280,"height":1280},{"@type":"BreadcrumbList","@id":"https:\/\/dev.antudigital.cl\/sites\/vc\/inscribete-en-los-talleres-virtuales-de-perro-sur\/#breadcrumb","itemListElement":[{"@type":"ListItem","position":1,"name":"Home","item":"https:\/\/dev.antudigital.cl\/sites\/vc\/"},{"@type":"ListItem","position":2,"name":"Inscr\u00edbete en los talleres virtuales de Perro Sur"}]},{"@type":"WebSite","@id":"https:\/\/dev.antudigital.cl\/sites\/vc\/#website","url":"https:\/\/dev.antudigital.cl\/sites\/vc\/","name":"Valpara\u00ed\u00adso Creativo","description":"","potentialAction":[{"@type":"SearchAction","target":{"@type":"EntryPoint","urlTemplate":"https:\/\/dev.antudigital.cl\/sites\/vc\/?s={search_term_string}"},"query-input":{"@type":"PropertyValueSpecification","valueRequired":true,"valueName":"search_term_string"}}],"inLanguage":"es"},{"@type":"Person","@id":"https:\/\/dev.antudigital.cl\/sites\/vc\/#\/schema\/person\/c2b9da8dd545e27166fc5ab232837318","name":"Valpara\u00edso Creativo","description":"Periodista de cultura en la Regi\u00f3n de Valpara\u00edso.","url":"https:\/\/dev.antudigital.cl\/sites\/vc\/author\/valpoadmin\/"}]}},"_links":{"self":[{"href":"https:\/\/dev.antudigital.cl\/sites\/vc\/wp-json\/wp\/v2\/posts\/11028","targetHints":{"allow":["GET"]}}],"collection":[{"href":"https:\/\/dev.antudigital.cl\/sites\/vc\/wp-json\/wp\/v2\/posts"}],"about":[{"href":"https:\/\/dev.antudigital.cl\/sites\/vc\/wp-json\/wp\/v2\/types\/post"}],"author":[{"embeddable":true,"href":"https:\/\/dev.antudigital.cl\/sites\/vc\/wp-json\/wp\/v2\/users\/1"}],"replies":[{"embeddable":true,"href":"https:\/\/dev.antudigital.cl\/sites\/vc\/wp-json\/wp\/v2\/comments?post=11028"}],"version-history":[{"count":1,"href":"https:\/\/dev.antudigital.cl\/sites\/vc\/wp-json\/wp\/v2\/posts\/11028\/revisions"}],"predecessor-version":[{"id":11030,"href":"https:\/\/dev.antudigital.cl\/sites\/vc\/wp-json\/wp\/v2\/posts\/11028\/revisions\/11030"}],"wp:featuredmedia":[{"embeddable":true,"href":"https:\/\/dev.antudigital.cl\/sites\/vc\/wp-json\/wp\/v2\/media\/11029"}],"wp:attachment":[{"href":"https:\/\/dev.antudigital.cl\/sites\/vc\/wp-json\/wp\/v2\/media?parent=11028"}],"wp:term":[{"taxonomy":"category","embeddable":true,"href":"https:\/\/dev.antudigital.cl\/sites\/vc\/wp-json\/wp\/v2\/categories?post=11028"},{"taxonomy":"post_tag","embeddable":true,"href":"https:\/\/dev.antudigital.cl\/sites\/vc\/wp-json\/wp\/v2\/tags?post=11028"}],"curies":[{"name":"wp","href":"https:\/\/api.w.org\/{rel}","templated":true}]}}