{"id":11035,"date":"2022-06-06T16:25:40","date_gmt":"2022-06-06T16:25:40","guid":{"rendered":"https:\/\/www.valparaisocreativo.cl\/?p=11035"},"modified":"2022-06-06T16:25:46","modified_gmt":"2022-06-06T16:25:46","slug":"ya-puedes-postular-al-fondo-de-fomento-al-arte-en-educacion-2022","status":"publish","type":"post","link":"https:\/\/dev.antudigital.cl\/sites\/vc\/ya-puedes-postular-al-fondo-de-fomento-al-arte-en-educacion-2022\/","title":{"rendered":"Ya puedes postular al Fondo de Fomento al Arte en Educaci\u00f3n 2022"},"content":{"rendered":"\n<p>El Fondo de Fomento al Arte en la Educaci\u00f3n (FAE) tiene por objetivo el financiamiento total o parcial, dependiendo de la l\u00ednea y modalidad a la que postules, de proyectos que contribuyan al fortalecimiento de procesos de formaci\u00f3n art\u00edstica y programas de educaci\u00f3n en artes, de ni\u00f1os, ni\u00f1as y adolescentes (NNA) en edad escolar, impartidos por instituciones educativas o culturales, a trav\u00e9s de programas de educaci\u00f3n formal y no formal.<\/p>\n\n\n\n<h2 class=\"wp-block-heading\"><strong>L\u00edneas de concurso<\/strong><\/h2>\n\n\n\n<p><strong>L\u00ednea 1:<\/strong> Formaci\u00f3n art\u00edstica especializada en la ense\u00f1anza formal o regular en establecimientos educacionales con RBD (Rol base de datos). En esta l\u00ednea podr\u00e1n presentar proyectos:<\/p>\n\n\n\n<ul class=\"wp-block-list\"><li><strong>Escuelas y liceos art\u00edsticos del sistema escolar formal:<\/strong> subvencionados por el Estado, con Rol Base de Datos, que cuentan con el reconocimiento de establecimientos que imparten educaci\u00f3n art\u00edstica especializada, establecidos seg\u00fan la <a href=\"https:\/\/www.fondosdecultura.cl\/wp-content\/uploads\/2020\/09\/Resolucion-Exenta-4534-del-28-de-agosto-del-2018-Mineduc.pdf\">Resoluci\u00f3n Exenta N\u00b0 4534 del 28 de agosto del 2018, del MINEDUC<\/a><a href=\"https:\/\/docreader.readspeaker.com\/docreader\/?cid=bzyas&amp;lang=es_us&amp;url=https%3A%2F%2Fwww.fondosdecultura.cl%2Fwp-content%2Fuploads%2F2020%2F09%2FResolucion-Exenta-4534-del-28-de-agosto-del-2018-Mineduc.pdf\" target=\"_blank\" rel=\"noreferrer noopener\"><\/a>. El listado se encuentra disponible <a href=\"https:\/\/www.fondosdecultura.cl\/fondos\/fondo-fae\/preguntas-fondo-fae\/\">aqu\u00ed<\/a>.<\/li><li><strong>Otras Escuelas y Liceos del sistema escolar formal:<\/strong> Escuelas y liceos del sistema escolar formal, subvencionados por el Estado, con Rol Base de Datos, que teniendo las caracter\u00edsticas de establecimientos que imparten educaci\u00f3n art\u00edstica especializada, NO cuentan con el reconocimiento formal de \u201cart\u00edsticas\u201d establecido en la <a href=\"https:\/\/www.fondosdecultura.cl\/wp-content\/uploads\/2020\/09\/Resolucion-Exenta-4534-del-28-de-agosto-del-2018-Mineduc.pdf\">Resoluci\u00f3n Exenta N\u00b0 4534 del 28 de agosto del 2018, del MINEDUC<\/a><a href=\"https:\/\/docreader.readspeaker.com\/docreader\/?cid=bzyas&amp;lang=es_us&amp;url=https%3A%2F%2Fwww.fondosdecultura.cl%2Fwp-content%2Fuploads%2F2020%2F09%2FResolucion-Exenta-4534-del-28-de-agosto-del-2018-Mineduc.pdf\" target=\"_blank\" rel=\"noreferrer noopener\"><\/a>, aunque evidencian su condici\u00f3n de tales al acreditar que cumplen con el perfil descrito en las bases.<\/li><\/ul>\n\n\n\n<p><strong>L\u00ednea 2:<\/strong> Formaci\u00f3n art\u00edstica especializada para ni\u00f1os, ni\u00f1as y adolescentes en edad escolar del sistema de ense\u00f1anza no formal: En esta l\u00ednea podr\u00e1n presentar proyectos instituciones y organismos no escolares, sin fines de lucro, cuya misi\u00f3n sea la formaci\u00f3n art\u00edstica especializada de NNA en edad escolar, y que, por ende, desarrollan procesos sistem\u00e1ticos de formaci\u00f3n en este \u00e1mbito (por ejemplo: academias, conservatorios, escuelas de arte y cultura, escuelas de teatro, danza, m\u00fasica, pl\u00e1stica, circo, etc.)<\/p>\n\n\n\n<p><strong>L\u00ednea 3: <\/strong>Educaci\u00f3n y Mediaci\u00f3n Art\u00edstica implementada por Espacios Culturales: En esta l\u00ednea podr\u00e1n presentar proyectos instituciones y organismos de creaci\u00f3n, producci\u00f3n y\/o difusi\u00f3n de las artes y culturas, que desarrollan procesos sistem\u00e1ticos de educaci\u00f3n o mediaci\u00f3n art\u00edstica con NNA o con establecimientos educacionales que reciben subvenci\u00f3n del Estado incluidos jardines infantiles.<\/p>\n\n\n\n<p>Estas instituciones y organizaciones art\u00edsticas y culturales (centros culturales, teatros, museos, galer\u00edas de arte, cines, festivales, bienales y ferias de arte, etc.), son sin fines de lucro y deben contar con una trayectoria de a lo menos dos (2) a\u00f1os continuos (a partir del a\u00f1o 2015), en el desarrollo de procesos sistem\u00e1ticos de educaci\u00f3n, formaci\u00f3n o mediaci\u00f3n art\u00edstica destinados a ni\u00f1os, ni\u00f1as y adolescentes, o en colaboraci\u00f3n con establecimientos educacionales.<\/p>\n\n\n\n<p><\/p>\n\n\n\n<p><strong>Revisa las bases y postula <a href=\"https:\/\/www.fondosdecultura.cl\/convocatoria-fondo-de-fomento-al-arte-en-la-educacion\/\">aqu\u00ed<\/a><\/strong><\/p>\n","protected":false},"excerpt":{"rendered":"<p>El Fondo de Fomento al Arte en la Educaci\u00f3n (FAE) tiene por objetivo el financiamiento total o parcial, dependiendo de la l\u00ednea y modalidad a la que postules, de proyectos que contribuyan al fortalecimiento de procesos de formaci\u00f3n art\u00edstica y programas de educaci\u00f3n en artes, de ni\u00f1os, ni\u00f1as y adolescentes (NNA) en edad escolar, impartidos [&hellip;]<\/p>\n","protected":false},"author":1,"featured_media":11037,"comment_status":"open","ping_status":"closed","sticky":false,"template":"","format":"standard","meta":{"_acf_changed":false,"footnotes":""},"categories":[8],"tags":[],"class_list":["post-11035","post","type-post","status-publish","format-standard","has-post-thumbnail","hentry","category-noticia"],"acf":[],"yoast_head":"<!-- This site is optimized with the Yoast SEO plugin v27.1.1 - https:\/\/yoast.com\/product\/yoast-seo-wordpress\/ -->\n<title>Ya puedes postular al Fondo de Fomento al Arte en Educaci\u00f3n 2022 - Valpara\u00ed\u00adso Creativo<\/title>\n<meta name=\"robots\" content=\"index, follow, max-snippet:-1, max-image-preview:large, max-video-preview:-1\" \/>\n<link rel=\"canonical\" href=\"https:\/\/dev.antudigital.cl\/sites\/vc\/ya-puedes-postular-al-fondo-de-fomento-al-arte-en-educacion-2022\/\" \/>\n<meta property=\"og:locale\" content=\"es_ES\" \/>\n<meta property=\"og:type\" content=\"article\" \/>\n<meta property=\"og:title\" content=\"Ya puedes postular al Fondo de Fomento al Arte en Educaci\u00f3n 2022 - Valpara\u00ed\u00adso Creativo\" \/>\n<meta property=\"og:description\" content=\"El Fondo de Fomento al Arte en la Educaci\u00f3n (FAE) tiene por objetivo el financiamiento total o parcial, dependiendo de la l\u00ednea y modalidad a la que postules, de proyectos que contribuyan al fortalecimiento de procesos de formaci\u00f3n art\u00edstica y programas de educaci\u00f3n en artes, de ni\u00f1os, ni\u00f1as y adolescentes (NNA) en edad escolar, impartidos [&hellip;]\" \/>\n<meta property=\"og:url\" content=\"https:\/\/dev.antudigital.cl\/sites\/vc\/ya-puedes-postular-al-fondo-de-fomento-al-arte-en-educacion-2022\/\" \/>\n<meta property=\"og:site_name\" content=\"Valpara\u00ed\u00adso Creativo\" \/>\n<meta property=\"article:published_time\" content=\"2022-06-06T16:25:40+00:00\" \/>\n<meta property=\"article:modified_time\" content=\"2022-06-06T16:25:46+00:00\" \/>\n<meta property=\"og:image\" content=\"https:\/\/dev.antudigital.cl\/sites\/vc\/wp-content\/uploads\/2022\/06\/Captura-de-Pantalla-2022-06-06-a-las-12.24.46.png\" \/>\n\t<meta property=\"og:image:width\" content=\"627\" \/>\n\t<meta property=\"og:image:height\" content=\"579\" \/>\n\t<meta property=\"og:image:type\" content=\"image\/png\" \/>\n<meta name=\"author\" content=\"Valpara\u00edso Creativo\" \/>\n<meta name=\"twitter:card\" content=\"summary_large_image\" \/>\n<meta name=\"twitter:label1\" content=\"Escrito por\" \/>\n\t<meta name=\"twitter:data1\" content=\"Valpara\u00edso Creativo\" \/>\n\t<meta name=\"twitter:label2\" content=\"Tiempo de lectura\" \/>\n\t<meta name=\"twitter:data2\" content=\"2 minutos\" \/>\n<script type=\"application\/ld+json\" class=\"yoast-schema-graph\">{\"@context\":\"https:\/\/schema.org\",\"@graph\":[{\"@type\":\"Article\",\"@id\":\"https:\/\/dev.antudigital.cl\/sites\/vc\/ya-puedes-postular-al-fondo-de-fomento-al-arte-en-educacion-2022\/#article\",\"isPartOf\":{\"@id\":\"https:\/\/dev.antudigital.cl\/sites\/vc\/ya-puedes-postular-al-fondo-de-fomento-al-arte-en-educacion-2022\/\"},\"author\":{\"name\":\"Valpara\u00edso Creativo\",\"@id\":\"https:\/\/dev.antudigital.cl\/sites\/vc\/#\/schema\/person\/c2b9da8dd545e27166fc5ab232837318\"},\"headline\":\"Ya puedes postular al Fondo de Fomento al Arte en Educaci\u00f3n 2022\",\"datePublished\":\"2022-06-06T16:25:40+00:00\",\"dateModified\":\"2022-06-06T16:25:46+00:00\",\"mainEntityOfPage\":{\"@id\":\"https:\/\/dev.antudigital.cl\/sites\/vc\/ya-puedes-postular-al-fondo-de-fomento-al-arte-en-educacion-2022\/\"},\"wordCount\":497,\"commentCount\":0,\"image\":{\"@id\":\"https:\/\/dev.antudigital.cl\/sites\/vc\/ya-puedes-postular-al-fondo-de-fomento-al-arte-en-educacion-2022\/#primaryimage\"},\"thumbnailUrl\":\"https:\/\/dev.antudigital.cl\/sites\/vc\/wp-content\/uploads\/2022\/06\/Captura-de-Pantalla-2022-06-06-a-las-12.24.46.png\",\"articleSection\":[\"Noticia\"],\"inLanguage\":\"es\",\"potentialAction\":[{\"@type\":\"CommentAction\",\"name\":\"Comment\",\"target\":[\"https:\/\/dev.antudigital.cl\/sites\/vc\/ya-puedes-postular-al-fondo-de-fomento-al-arte-en-educacion-2022\/#respond\"]}]},{\"@type\":\"WebPage\",\"@id\":\"https:\/\/dev.antudigital.cl\/sites\/vc\/ya-puedes-postular-al-fondo-de-fomento-al-arte-en-educacion-2022\/\",\"url\":\"https:\/\/dev.antudigital.cl\/sites\/vc\/ya-puedes-postular-al-fondo-de-fomento-al-arte-en-educacion-2022\/\",\"name\":\"Ya puedes postular al Fondo de Fomento al Arte en Educaci\u00f3n 2022 - Valpara\u00ed\u00adso Creativo\",\"isPartOf\":{\"@id\":\"https:\/\/dev.antudigital.cl\/sites\/vc\/#website\"},\"primaryImageOfPage\":{\"@id\":\"https:\/\/dev.antudigital.cl\/sites\/vc\/ya-puedes-postular-al-fondo-de-fomento-al-arte-en-educacion-2022\/#primaryimage\"},\"image\":{\"@id\":\"https:\/\/dev.antudigital.cl\/sites\/vc\/ya-puedes-postular-al-fondo-de-fomento-al-arte-en-educacion-2022\/#primaryimage\"},\"thumbnailUrl\":\"https:\/\/dev.antudigital.cl\/sites\/vc\/wp-content\/uploads\/2022\/06\/Captura-de-Pantalla-2022-06-06-a-las-12.24.46.png\",\"datePublished\":\"2022-06-06T16:25:40+00:00\",\"dateModified\":\"2022-06-06T16:25:46+00:00\",\"author\":{\"@id\":\"https:\/\/dev.antudigital.cl\/sites\/vc\/#\/schema\/person\/c2b9da8dd545e27166fc5ab232837318\"},\"breadcrumb\":{\"@id\":\"https:\/\/dev.antudigital.cl\/sites\/vc\/ya-puedes-postular-al-fondo-de-fomento-al-arte-en-educacion-2022\/#breadcrumb\"},\"inLanguage\":\"es\",\"potentialAction\":[{\"@type\":\"ReadAction\",\"target\":[\"https:\/\/dev.antudigital.cl\/sites\/vc\/ya-puedes-postular-al-fondo-de-fomento-al-arte-en-educacion-2022\/\"]}]},{\"@type\":\"ImageObject\",\"inLanguage\":\"es\",\"@id\":\"https:\/\/dev.antudigital.cl\/sites\/vc\/ya-puedes-postular-al-fondo-de-fomento-al-arte-en-educacion-2022\/#primaryimage\",\"url\":\"https:\/\/dev.antudigital.cl\/sites\/vc\/wp-content\/uploads\/2022\/06\/Captura-de-Pantalla-2022-06-06-a-las-12.24.46.png\",\"contentUrl\":\"https:\/\/dev.antudigital.cl\/sites\/vc\/wp-content\/uploads\/2022\/06\/Captura-de-Pantalla-2022-06-06-a-las-12.24.46.png\",\"width\":627,\"height\":579},{\"@type\":\"BreadcrumbList\",\"@id\":\"https:\/\/dev.antudigital.cl\/sites\/vc\/ya-puedes-postular-al-fondo-de-fomento-al-arte-en-educacion-2022\/#breadcrumb\",\"itemListElement\":[{\"@type\":\"ListItem\",\"position\":1,\"name\":\"Home\",\"item\":\"https:\/\/dev.antudigital.cl\/sites\/vc\/\"},{\"@type\":\"ListItem\",\"position\":2,\"name\":\"Ya puedes postular al Fondo de Fomento al Arte en Educaci\u00f3n 2022\"}]},{\"@type\":\"WebSite\",\"@id\":\"https:\/\/dev.antudigital.cl\/sites\/vc\/#website\",\"url\":\"https:\/\/dev.antudigital.cl\/sites\/vc\/\",\"name\":\"Valpara\u00ed\u00adso Creativo\",\"description\":\"\",\"potentialAction\":[{\"@type\":\"SearchAction\",\"target\":{\"@type\":\"EntryPoint\",\"urlTemplate\":\"https:\/\/dev.antudigital.cl\/sites\/vc\/?s={search_term_string}\"},\"query-input\":{\"@type\":\"PropertyValueSpecification\",\"valueRequired\":true,\"valueName\":\"search_term_string\"}}],\"inLanguage\":\"es\"},{\"@type\":\"Person\",\"@id\":\"https:\/\/dev.antudigital.cl\/sites\/vc\/#\/schema\/person\/c2b9da8dd545e27166fc5ab232837318\",\"name\":\"Valpara\u00edso Creativo\",\"description\":\"Periodista de cultura en la Regi\u00f3n de Valpara\u00edso.\",\"url\":\"https:\/\/dev.antudigital.cl\/sites\/vc\/author\/valpoadmin\/\"}]}<\/script>\n<!-- \/ Yoast SEO plugin. -->","yoast_head_json":{"title":"Ya puedes postular al Fondo de Fomento al Arte en Educaci\u00f3n 2022 - Valpara\u00ed\u00adso Creativo","robots":{"index":"index","follow":"follow","max-snippet":"max-snippet:-1","max-image-preview":"max-image-preview:large","max-video-preview":"max-video-preview:-1"},"canonical":"https:\/\/dev.antudigital.cl\/sites\/vc\/ya-puedes-postular-al-fondo-de-fomento-al-arte-en-educacion-2022\/","og_locale":"es_ES","og_type":"article","og_title":"Ya puedes postular al Fondo de Fomento al Arte en Educaci\u00f3n 2022 - Valpara\u00ed\u00adso Creativo","og_description":"El Fondo de Fomento al Arte en la Educaci\u00f3n (FAE) tiene por objetivo el financiamiento total o parcial, dependiendo de la l\u00ednea y modalidad a la que postules, de proyectos que contribuyan al fortalecimiento de procesos de formaci\u00f3n art\u00edstica y programas de educaci\u00f3n en artes, de ni\u00f1os, ni\u00f1as y adolescentes (NNA) en edad escolar, impartidos [&hellip;]","og_url":"https:\/\/dev.antudigital.cl\/sites\/vc\/ya-puedes-postular-al-fondo-de-fomento-al-arte-en-educacion-2022\/","og_site_name":"Valpara\u00ed\u00adso Creativo","article_published_time":"2022-06-06T16:25:40+00:00","article_modified_time":"2022-06-06T16:25:46+00:00","og_image":[{"width":627,"height":579,"url":"https:\/\/dev.antudigital.cl\/sites\/vc\/wp-content\/uploads\/2022\/06\/Captura-de-Pantalla-2022-06-06-a-las-12.24.46.png","type":"image\/png"}],"author":"Valpara\u00edso Creativo","twitter_card":"summary_large_image","twitter_misc":{"Escrito por":"Valpara\u00edso Creativo","Tiempo de lectura":"2 minutos"},"schema":{"@context":"https:\/\/schema.org","@graph":[{"@type":"Article","@id":"https:\/\/dev.antudigital.cl\/sites\/vc\/ya-puedes-postular-al-fondo-de-fomento-al-arte-en-educacion-2022\/#article","isPartOf":{"@id":"https:\/\/dev.antudigital.cl\/sites\/vc\/ya-puedes-postular-al-fondo-de-fomento-al-arte-en-educacion-2022\/"},"author":{"name":"Valpara\u00edso Creativo","@id":"https:\/\/dev.antudigital.cl\/sites\/vc\/#\/schema\/person\/c2b9da8dd545e27166fc5ab232837318"},"headline":"Ya puedes postular al Fondo de Fomento al Arte en Educaci\u00f3n 2022","datePublished":"2022-06-06T16:25:40+00:00","dateModified":"2022-06-06T16:25:46+00:00","mainEntityOfPage":{"@id":"https:\/\/dev.antudigital.cl\/sites\/vc\/ya-puedes-postular-al-fondo-de-fomento-al-arte-en-educacion-2022\/"},"wordCount":497,"commentCount":0,"image":{"@id":"https:\/\/dev.antudigital.cl\/sites\/vc\/ya-puedes-postular-al-fondo-de-fomento-al-arte-en-educacion-2022\/#primaryimage"},"thumbnailUrl":"https:\/\/dev.antudigital.cl\/sites\/vc\/wp-content\/uploads\/2022\/06\/Captura-de-Pantalla-2022-06-06-a-las-12.24.46.png","articleSection":["Noticia"],"inLanguage":"es","potentialAction":[{"@type":"CommentAction","name":"Comment","target":["https:\/\/dev.antudigital.cl\/sites\/vc\/ya-puedes-postular-al-fondo-de-fomento-al-arte-en-educacion-2022\/#respond"]}]},{"@type":"WebPage","@id":"https:\/\/dev.antudigital.cl\/sites\/vc\/ya-puedes-postular-al-fondo-de-fomento-al-arte-en-educacion-2022\/","url":"https:\/\/dev.antudigital.cl\/sites\/vc\/ya-puedes-postular-al-fondo-de-fomento-al-arte-en-educacion-2022\/","name":"Ya puedes postular al Fondo de Fomento al Arte en Educaci\u00f3n 2022 - Valpara\u00ed\u00adso Creativo","isPartOf":{"@id":"https:\/\/dev.antudigital.cl\/sites\/vc\/#website"},"primaryImageOfPage":{"@id":"https:\/\/dev.antudigital.cl\/sites\/vc\/ya-puedes-postular-al-fondo-de-fomento-al-arte-en-educacion-2022\/#primaryimage"},"image":{"@id":"https:\/\/dev.antudigital.cl\/sites\/vc\/ya-puedes-postular-al-fondo-de-fomento-al-arte-en-educacion-2022\/#primaryimage"},"thumbnailUrl":"https:\/\/dev.antudigital.cl\/sites\/vc\/wp-content\/uploads\/2022\/06\/Captura-de-Pantalla-2022-06-06-a-las-12.24.46.png","datePublished":"2022-06-06T16:25:40+00:00","dateModified":"2022-06-06T16:25:46+00:00","author":{"@id":"https:\/\/dev.antudigital.cl\/sites\/vc\/#\/schema\/person\/c2b9da8dd545e27166fc5ab232837318"},"breadcrumb":{"@id":"https:\/\/dev.antudigital.cl\/sites\/vc\/ya-puedes-postular-al-fondo-de-fomento-al-arte-en-educacion-2022\/#breadcrumb"},"inLanguage":"es","potentialAction":[{"@type":"ReadAction","target":["https:\/\/dev.antudigital.cl\/sites\/vc\/ya-puedes-postular-al-fondo-de-fomento-al-arte-en-educacion-2022\/"]}]},{"@type":"ImageObject","inLanguage":"es","@id":"https:\/\/dev.antudigital.cl\/sites\/vc\/ya-puedes-postular-al-fondo-de-fomento-al-arte-en-educacion-2022\/#primaryimage","url":"https:\/\/dev.antudigital.cl\/sites\/vc\/wp-content\/uploads\/2022\/06\/Captura-de-Pantalla-2022-06-06-a-las-12.24.46.png","contentUrl":"https:\/\/dev.antudigital.cl\/sites\/vc\/wp-content\/uploads\/2022\/06\/Captura-de-Pantalla-2022-06-06-a-las-12.24.46.png","width":627,"height":579},{"@type":"BreadcrumbList","@id":"https:\/\/dev.antudigital.cl\/sites\/vc\/ya-puedes-postular-al-fondo-de-fomento-al-arte-en-educacion-2022\/#breadcrumb","itemListElement":[{"@type":"ListItem","position":1,"name":"Home","item":"https:\/\/dev.antudigital.cl\/sites\/vc\/"},{"@type":"ListItem","position":2,"name":"Ya puedes postular al Fondo de Fomento al Arte en Educaci\u00f3n 2022"}]},{"@type":"WebSite","@id":"https:\/\/dev.antudigital.cl\/sites\/vc\/#website","url":"https:\/\/dev.antudigital.cl\/sites\/vc\/","name":"Valpara\u00ed\u00adso Creativo","description":"","potentialAction":[{"@type":"SearchAction","target":{"@type":"EntryPoint","urlTemplate":"https:\/\/dev.antudigital.cl\/sites\/vc\/?s={search_term_string}"},"query-input":{"@type":"PropertyValueSpecification","valueRequired":true,"valueName":"search_term_string"}}],"inLanguage":"es"},{"@type":"Person","@id":"https:\/\/dev.antudigital.cl\/sites\/vc\/#\/schema\/person\/c2b9da8dd545e27166fc5ab232837318","name":"Valpara\u00edso Creativo","description":"Periodista de cultura en la Regi\u00f3n de Valpara\u00edso.","url":"https:\/\/dev.antudigital.cl\/sites\/vc\/author\/valpoadmin\/"}]}},"_links":{"self":[{"href":"https:\/\/dev.antudigital.cl\/sites\/vc\/wp-json\/wp\/v2\/posts\/11035","targetHints":{"allow":["GET"]}}],"collection":[{"href":"https:\/\/dev.antudigital.cl\/sites\/vc\/wp-json\/wp\/v2\/posts"}],"about":[{"href":"https:\/\/dev.antudigital.cl\/sites\/vc\/wp-json\/wp\/v2\/types\/post"}],"author":[{"embeddable":true,"href":"https:\/\/dev.antudigital.cl\/sites\/vc\/wp-json\/wp\/v2\/users\/1"}],"replies":[{"embeddable":true,"href":"https:\/\/dev.antudigital.cl\/sites\/vc\/wp-json\/wp\/v2\/comments?post=11035"}],"version-history":[{"count":2,"href":"https:\/\/dev.antudigital.cl\/sites\/vc\/wp-json\/wp\/v2\/posts\/11035\/revisions"}],"predecessor-version":[{"id":11038,"href":"https:\/\/dev.antudigital.cl\/sites\/vc\/wp-json\/wp\/v2\/posts\/11035\/revisions\/11038"}],"wp:featuredmedia":[{"embeddable":true,"href":"https:\/\/dev.antudigital.cl\/sites\/vc\/wp-json\/wp\/v2\/media\/11037"}],"wp:attachment":[{"href":"https:\/\/dev.antudigital.cl\/sites\/vc\/wp-json\/wp\/v2\/media?parent=11035"}],"wp:term":[{"taxonomy":"category","embeddable":true,"href":"https:\/\/dev.antudigital.cl\/sites\/vc\/wp-json\/wp\/v2\/categories?post=11035"},{"taxonomy":"post_tag","embeddable":true,"href":"https:\/\/dev.antudigital.cl\/sites\/vc\/wp-json\/wp\/v2\/tags?post=11035"}],"curies":[{"name":"wp","href":"https:\/\/api.w.org\/{rel}","templated":true}]}}