{"id":11130,"date":"2022-06-20T14:26:23","date_gmt":"2022-06-20T14:26:23","guid":{"rendered":"https:\/\/www.valparaisocreativo.cl\/?p=11130"},"modified":"2022-06-20T14:26:34","modified_gmt":"2022-06-20T14:26:34","slug":"ultima-funcion-novedad-de-la-editorial-portena-kindberg-el-cine-los-gatos-y-la-vida","status":"publish","type":"post","link":"https:\/\/dev.antudigital.cl\/sites\/vc\/ultima-funcion-novedad-de-la-editorial-portena-kindberg-el-cine-los-gatos-y-la-vida\/","title":{"rendered":"\u00ab\u00daltima funci\u00f3n\u00bb, novedad de la editorial porte\u00f1a Kindberg: El cine, los gatos y la vida"},"content":{"rendered":"\n<p>A\u00f1o 2020, primeros d\u00edas de pandemia. Miedo, confinamiento mundial y mucha incertidumbre. En ese contexto de terror global y encerrado en su casa de Buenos Aires, <strong>Andr\u00e9s Nazarala<\/strong> (Valpara\u00edso, 1976) se sent\u00f3 a escribir sin tener una idea muy clara de a d\u00f3nde quer\u00eda llegar. El resultado fue <em>\u00daltima funci\u00f3n<\/em>, una novela que no tiene nada que ver con el coronavirus y que ahora por fin ve la luz en la editorial porte\u00f1a Kindberg.<\/p>\n\n\n\n<p>Tras sufrir un desmayo y ser internado en el hospital, el protagonista, Aldo Romero, cr\u00edtico de cine de sesenta y dos a\u00f1os que detesta a su gremio, repasa sus recuerdos y sus cintas m\u00e1s queridas mientras asiste a su propio declive. Asediado por la inminencia del final, sus pensamientos saltan de los sue\u00f1os truncados a las citas literarias, de las ganas de fumar a la sombra del padre muerto, en \u201cun mundo tramado por el inagotable archivo de curiosidades que el autor superpone con refinada gracia y paciente obsesi\u00f3n\u201d, seg\u00fan Catalina Porzio.<\/p>\n\n\n\n<p>Entre los lugares comunes que le ha entregado el cine, parte confesando Romero, tendido en su cama de hospital, el que m\u00e1s le interesa es \u201cese mito que asegura que, al final del t\u00fanel, en una sala que supongo que tiene una sola butaca, veremos pasar nuestra vida como si fuese una pel\u00edcula. Esa es la obra cinematogr\u00e1fica que siempre quise analizar\u201d. En efecto, en <em>\u00daltima funci\u00f3n<\/em> se van desgranando pasajes de una vida en apariencia deslucida, siempre salpicados con los placeres y enconos que ha producido \u2013el lector se da cuenta de ello de inmediato\u2013 una sobreexposici\u00f3n a la pantalla. Como afirma el escritor Gonzalo Meier, se trata de \u201cuna novela lis\u00e9rgica sobre el amor a las pel\u00edculas y el miedo a la vida\u201d.<\/p>\n\n\n\n<figure class=\"wp-block-image size-full\"><img fetchpriority=\"high\" decoding=\"async\" width=\"960\" height=\"960\" src=\"https:\/\/www.valparaisocreativo.cl\/wp-content\/uploads\/2022\/06\/Andres-Nazarala-2.jpg\" alt=\"\" class=\"wp-image-11132\" srcset=\"https:\/\/dev.antudigital.cl\/sites\/vc\/wp-content\/uploads\/2022\/06\/Andres-Nazarala-2.jpg 960w, https:\/\/dev.antudigital.cl\/sites\/vc\/wp-content\/uploads\/2022\/06\/Andres-Nazarala-2-300x300.jpg 300w, https:\/\/dev.antudigital.cl\/sites\/vc\/wp-content\/uploads\/2022\/06\/Andres-Nazarala-2-150x150.jpg 150w, https:\/\/dev.antudigital.cl\/sites\/vc\/wp-content\/uploads\/2022\/06\/Andres-Nazarala-2-768x768.jpg 768w, https:\/\/dev.antudigital.cl\/sites\/vc\/wp-content\/uploads\/2022\/06\/Andres-Nazarala-2-480x480.jpg 480w\" sizes=\"(max-width: 960px) 100vw, 960px\" \/><\/figure>\n\n\n\n<p>\u201c\u2013\u00bfCu\u00e1l es tu mayor deseo como cin\u00e9filo? \u2013Morir en una sala de cine\u201d, cita que pertenece a la pel\u00edcula <em>Brigitte et Brigitte<\/em>, es la declaraci\u00f3n de intenciones con que se abre el libro. Y es que mientras Romero se debate entre el hast\u00edo y la enfermedad, en medio de las visitas de los tres \u00faltimos seres vivos que se acuerdan de \u00e9l (adem\u00e1s de su gato <em>Guido<\/em>) y las distintas fases de la enfermedad por las que atraviesa, el cine es el hilo conductor que pega todo, la br\u00fajula que gu\u00eda la vida de este antih\u00e9roe.<\/p>\n\n\n\n<p>Novela reflexiva, c\u00f3mica y exquisitamente cin\u00e9fila, con detalles como un cameo de Ricardo Dar\u00edn en el papel de personaje secundario (aunque de importancia no menor) o un final ag\u00f3nico y \u00e9pico como en la <em>Odisea<\/em>, <em>\u00daltima funci\u00f3n<\/em> es un conmovedor (y divertido) canto al poder sanador del cine.<\/p>\n\n\n\n<p><strong>Presentaci\u00f3n del libro<\/strong><\/p>\n\n\n\n<p><em>\u00daltima funci\u00f3n<\/em> es la segunda obra de Andr\u00e9s Nazarala, quien ya en 2019 public\u00f3 <em>Hotel Tandil<\/em> (Hueders). Cr\u00edtico de cine y jurado en numerosos festivales internacionales, como Toronto, Mosc\u00fa, Mar del Plata o Seattle, entre otros, en 2009 film\u00f3 la pel\u00edcula <em>Debut<\/em> y en 2021 gan\u00f3 un fondo audiovisual para rodar su segundo largometraje, <em>Los a\u00f1os salvajes<\/em>.&nbsp;<\/p>\n\n\n\n<p><strong>La presentaci\u00f3n de <em>\u00daltima funci\u00f3n<\/em> se realizar\u00e1 el pr\u00f3ximo jueves 23 de junio a las 19:00 horas en el nuevo Flamingo Rose de Valpara\u00edso (Salvador Donoso 1498). Junto a Andr\u00e9s Nazarala estar\u00e1n el escritor Marcelo Mellado y la editora de Kindberg, Arantxa Mart\u00ednez. En la actividad se proyectar\u00e1n pasajes de algunas de las pel\u00edculas que se citan en el libro y habr\u00e1 un vino de honor. La entrada es gratuita.\u00a0<\/strong><\/p>\n\n\n\n<figure class=\"wp-block-pullquote\"><blockquote><p>Si deseas saber m\u00e1s, ingresa a la <a href=\"https:\/\/kindberg.cl\/\">web oficial de Kindberg<\/a>.<\/p><\/blockquote><\/figure>\n","protected":false},"excerpt":{"rendered":"<p>A\u00f1o 2020, primeros d\u00edas de pandemia. Miedo, confinamiento mundial y mucha incertidumbre. En ese contexto de terror global y encerrado en su casa de Buenos Aires, Andr\u00e9s Nazarala (Valpara\u00edso, 1976) se sent\u00f3 a escribir sin tener una idea muy clara de a d\u00f3nde quer\u00eda llegar. El resultado fue \u00daltima funci\u00f3n, una novela que no tiene [&hellip;]<\/p>\n","protected":false},"author":1,"featured_media":11131,"comment_status":"open","ping_status":"closed","sticky":false,"template":"","format":"standard","meta":{"_acf_changed":false,"footnotes":""},"categories":[8],"tags":[66,237,176,10],"class_list":["post-11130","post","type-post","status-publish","format-standard","has-post-thumbnail","hentry","category-noticia","tag-lanzamiento","tag-libros","tag-literatura","tag-valparaiso"],"acf":[],"yoast_head":"<!-- This site is optimized with the Yoast SEO plugin v27.1.1 - https:\/\/yoast.com\/product\/yoast-seo-wordpress\/ -->\n<title>&quot;\u00daltima funci\u00f3n&quot;, novedad de la editorial porte\u00f1a Kindberg: El cine, los gatos y la vida - Valpara\u00ed\u00adso Creativo<\/title>\n<meta name=\"robots\" content=\"index, follow, max-snippet:-1, max-image-preview:large, max-video-preview:-1\" \/>\n<link rel=\"canonical\" href=\"https:\/\/dev.antudigital.cl\/sites\/vc\/ultima-funcion-novedad-de-la-editorial-portena-kindberg-el-cine-los-gatos-y-la-vida\/\" \/>\n<meta property=\"og:locale\" content=\"es_ES\" \/>\n<meta property=\"og:type\" content=\"article\" \/>\n<meta property=\"og:title\" content=\"&quot;\u00daltima funci\u00f3n&quot;, novedad de la editorial porte\u00f1a Kindberg: El cine, los gatos y la vida - Valpara\u00ed\u00adso Creativo\" \/>\n<meta property=\"og:description\" content=\"A\u00f1o 2020, primeros d\u00edas de pandemia. Miedo, confinamiento mundial y mucha incertidumbre. En ese contexto de terror global y encerrado en su casa de Buenos Aires, Andr\u00e9s Nazarala (Valpara\u00edso, 1976) se sent\u00f3 a escribir sin tener una idea muy clara de a d\u00f3nde quer\u00eda llegar. El resultado fue \u00daltima funci\u00f3n, una novela que no tiene [&hellip;]\" \/>\n<meta property=\"og:url\" content=\"https:\/\/dev.antudigital.cl\/sites\/vc\/ultima-funcion-novedad-de-la-editorial-portena-kindberg-el-cine-los-gatos-y-la-vida\/\" \/>\n<meta property=\"og:site_name\" content=\"Valpara\u00ed\u00adso Creativo\" \/>\n<meta property=\"article:published_time\" content=\"2022-06-20T14:26:23+00:00\" \/>\n<meta property=\"article:modified_time\" content=\"2022-06-20T14:26:34+00:00\" \/>\n<meta property=\"og:image\" content=\"https:\/\/dev.antudigital.cl\/sites\/vc\/wp-content\/uploads\/2022\/06\/LANZAMIENTO-NAZARALA-1.jpg\" \/>\n\t<meta property=\"og:image:width\" content=\"1640\" \/>\n\t<meta property=\"og:image:height\" content=\"924\" \/>\n\t<meta property=\"og:image:type\" content=\"image\/jpeg\" \/>\n<meta name=\"author\" content=\"Valpara\u00edso Creativo\" \/>\n<meta name=\"twitter:card\" content=\"summary_large_image\" \/>\n<meta name=\"twitter:label1\" content=\"Escrito por\" \/>\n\t<meta name=\"twitter:data1\" content=\"Valpara\u00edso Creativo\" \/>\n\t<meta name=\"twitter:label2\" content=\"Tiempo de lectura\" \/>\n\t<meta name=\"twitter:data2\" content=\"3 minutos\" \/>\n<script type=\"application\/ld+json\" class=\"yoast-schema-graph\">{\"@context\":\"https:\/\/schema.org\",\"@graph\":[{\"@type\":\"Article\",\"@id\":\"https:\/\/dev.antudigital.cl\/sites\/vc\/ultima-funcion-novedad-de-la-editorial-portena-kindberg-el-cine-los-gatos-y-la-vida\/#article\",\"isPartOf\":{\"@id\":\"https:\/\/dev.antudigital.cl\/sites\/vc\/ultima-funcion-novedad-de-la-editorial-portena-kindberg-el-cine-los-gatos-y-la-vida\/\"},\"author\":{\"name\":\"Valpara\u00edso Creativo\",\"@id\":\"https:\/\/dev.antudigital.cl\/sites\/vc\/#\/schema\/person\/c2b9da8dd545e27166fc5ab232837318\"},\"headline\":\"\u00ab\u00daltima funci\u00f3n\u00bb, novedad de la editorial porte\u00f1a Kindberg: El cine, los gatos y la vida\",\"datePublished\":\"2022-06-20T14:26:23+00:00\",\"dateModified\":\"2022-06-20T14:26:34+00:00\",\"mainEntityOfPage\":{\"@id\":\"https:\/\/dev.antudigital.cl\/sites\/vc\/ultima-funcion-novedad-de-la-editorial-portena-kindberg-el-cine-los-gatos-y-la-vida\/\"},\"wordCount\":638,\"commentCount\":0,\"image\":{\"@id\":\"https:\/\/dev.antudigital.cl\/sites\/vc\/ultima-funcion-novedad-de-la-editorial-portena-kindberg-el-cine-los-gatos-y-la-vida\/#primaryimage\"},\"thumbnailUrl\":\"https:\/\/dev.antudigital.cl\/sites\/vc\/wp-content\/uploads\/2022\/06\/LANZAMIENTO-NAZARALA-1.jpg\",\"keywords\":[\"Lanzamiento\",\"libros\",\"Literatura\",\"valpara\u00edso\"],\"articleSection\":[\"Noticia\"],\"inLanguage\":\"es\",\"potentialAction\":[{\"@type\":\"CommentAction\",\"name\":\"Comment\",\"target\":[\"https:\/\/dev.antudigital.cl\/sites\/vc\/ultima-funcion-novedad-de-la-editorial-portena-kindberg-el-cine-los-gatos-y-la-vida\/#respond\"]}]},{\"@type\":\"WebPage\",\"@id\":\"https:\/\/dev.antudigital.cl\/sites\/vc\/ultima-funcion-novedad-de-la-editorial-portena-kindberg-el-cine-los-gatos-y-la-vida\/\",\"url\":\"https:\/\/dev.antudigital.cl\/sites\/vc\/ultima-funcion-novedad-de-la-editorial-portena-kindberg-el-cine-los-gatos-y-la-vida\/\",\"name\":\"\\\"\u00daltima funci\u00f3n\\\", novedad de la editorial porte\u00f1a Kindberg: El cine, los gatos y la vida - Valpara\u00ed\u00adso Creativo\",\"isPartOf\":{\"@id\":\"https:\/\/dev.antudigital.cl\/sites\/vc\/#website\"},\"primaryImageOfPage\":{\"@id\":\"https:\/\/dev.antudigital.cl\/sites\/vc\/ultima-funcion-novedad-de-la-editorial-portena-kindberg-el-cine-los-gatos-y-la-vida\/#primaryimage\"},\"image\":{\"@id\":\"https:\/\/dev.antudigital.cl\/sites\/vc\/ultima-funcion-novedad-de-la-editorial-portena-kindberg-el-cine-los-gatos-y-la-vida\/#primaryimage\"},\"thumbnailUrl\":\"https:\/\/dev.antudigital.cl\/sites\/vc\/wp-content\/uploads\/2022\/06\/LANZAMIENTO-NAZARALA-1.jpg\",\"datePublished\":\"2022-06-20T14:26:23+00:00\",\"dateModified\":\"2022-06-20T14:26:34+00:00\",\"author\":{\"@id\":\"https:\/\/dev.antudigital.cl\/sites\/vc\/#\/schema\/person\/c2b9da8dd545e27166fc5ab232837318\"},\"breadcrumb\":{\"@id\":\"https:\/\/dev.antudigital.cl\/sites\/vc\/ultima-funcion-novedad-de-la-editorial-portena-kindberg-el-cine-los-gatos-y-la-vida\/#breadcrumb\"},\"inLanguage\":\"es\",\"potentialAction\":[{\"@type\":\"ReadAction\",\"target\":[\"https:\/\/dev.antudigital.cl\/sites\/vc\/ultima-funcion-novedad-de-la-editorial-portena-kindberg-el-cine-los-gatos-y-la-vida\/\"]}]},{\"@type\":\"ImageObject\",\"inLanguage\":\"es\",\"@id\":\"https:\/\/dev.antudigital.cl\/sites\/vc\/ultima-funcion-novedad-de-la-editorial-portena-kindberg-el-cine-los-gatos-y-la-vida\/#primaryimage\",\"url\":\"https:\/\/dev.antudigital.cl\/sites\/vc\/wp-content\/uploads\/2022\/06\/LANZAMIENTO-NAZARALA-1.jpg\",\"contentUrl\":\"https:\/\/dev.antudigital.cl\/sites\/vc\/wp-content\/uploads\/2022\/06\/LANZAMIENTO-NAZARALA-1.jpg\",\"width\":1640,\"height\":924},{\"@type\":\"BreadcrumbList\",\"@id\":\"https:\/\/dev.antudigital.cl\/sites\/vc\/ultima-funcion-novedad-de-la-editorial-portena-kindberg-el-cine-los-gatos-y-la-vida\/#breadcrumb\",\"itemListElement\":[{\"@type\":\"ListItem\",\"position\":1,\"name\":\"Home\",\"item\":\"https:\/\/dev.antudigital.cl\/sites\/vc\/\"},{\"@type\":\"ListItem\",\"position\":2,\"name\":\"\u00ab\u00daltima funci\u00f3n\u00bb, novedad de la editorial porte\u00f1a Kindberg: El cine, los gatos y la vida\"}]},{\"@type\":\"WebSite\",\"@id\":\"https:\/\/dev.antudigital.cl\/sites\/vc\/#website\",\"url\":\"https:\/\/dev.antudigital.cl\/sites\/vc\/\",\"name\":\"Valpara\u00ed\u00adso Creativo\",\"description\":\"\",\"potentialAction\":[{\"@type\":\"SearchAction\",\"target\":{\"@type\":\"EntryPoint\",\"urlTemplate\":\"https:\/\/dev.antudigital.cl\/sites\/vc\/?s={search_term_string}\"},\"query-input\":{\"@type\":\"PropertyValueSpecification\",\"valueRequired\":true,\"valueName\":\"search_term_string\"}}],\"inLanguage\":\"es\"},{\"@type\":\"Person\",\"@id\":\"https:\/\/dev.antudigital.cl\/sites\/vc\/#\/schema\/person\/c2b9da8dd545e27166fc5ab232837318\",\"name\":\"Valpara\u00edso Creativo\",\"description\":\"Periodista de cultura en la Regi\u00f3n de Valpara\u00edso.\",\"url\":\"https:\/\/dev.antudigital.cl\/sites\/vc\/author\/valpoadmin\/\"}]}<\/script>\n<!-- \/ Yoast SEO plugin. -->","yoast_head_json":{"title":"\"\u00daltima funci\u00f3n\", novedad de la editorial porte\u00f1a Kindberg: El cine, los gatos y la vida - Valpara\u00ed\u00adso Creativo","robots":{"index":"index","follow":"follow","max-snippet":"max-snippet:-1","max-image-preview":"max-image-preview:large","max-video-preview":"max-video-preview:-1"},"canonical":"https:\/\/dev.antudigital.cl\/sites\/vc\/ultima-funcion-novedad-de-la-editorial-portena-kindberg-el-cine-los-gatos-y-la-vida\/","og_locale":"es_ES","og_type":"article","og_title":"\"\u00daltima funci\u00f3n\", novedad de la editorial porte\u00f1a Kindberg: El cine, los gatos y la vida - Valpara\u00ed\u00adso Creativo","og_description":"A\u00f1o 2020, primeros d\u00edas de pandemia. Miedo, confinamiento mundial y mucha incertidumbre. En ese contexto de terror global y encerrado en su casa de Buenos Aires, Andr\u00e9s Nazarala (Valpara\u00edso, 1976) se sent\u00f3 a escribir sin tener una idea muy clara de a d\u00f3nde quer\u00eda llegar. El resultado fue \u00daltima funci\u00f3n, una novela que no tiene [&hellip;]","og_url":"https:\/\/dev.antudigital.cl\/sites\/vc\/ultima-funcion-novedad-de-la-editorial-portena-kindberg-el-cine-los-gatos-y-la-vida\/","og_site_name":"Valpara\u00ed\u00adso Creativo","article_published_time":"2022-06-20T14:26:23+00:00","article_modified_time":"2022-06-20T14:26:34+00:00","og_image":[{"width":1640,"height":924,"url":"https:\/\/dev.antudigital.cl\/sites\/vc\/wp-content\/uploads\/2022\/06\/LANZAMIENTO-NAZARALA-1.jpg","type":"image\/jpeg"}],"author":"Valpara\u00edso Creativo","twitter_card":"summary_large_image","twitter_misc":{"Escrito por":"Valpara\u00edso Creativo","Tiempo de lectura":"3 minutos"},"schema":{"@context":"https:\/\/schema.org","@graph":[{"@type":"Article","@id":"https:\/\/dev.antudigital.cl\/sites\/vc\/ultima-funcion-novedad-de-la-editorial-portena-kindberg-el-cine-los-gatos-y-la-vida\/#article","isPartOf":{"@id":"https:\/\/dev.antudigital.cl\/sites\/vc\/ultima-funcion-novedad-de-la-editorial-portena-kindberg-el-cine-los-gatos-y-la-vida\/"},"author":{"name":"Valpara\u00edso Creativo","@id":"https:\/\/dev.antudigital.cl\/sites\/vc\/#\/schema\/person\/c2b9da8dd545e27166fc5ab232837318"},"headline":"\u00ab\u00daltima funci\u00f3n\u00bb, novedad de la editorial porte\u00f1a Kindberg: El cine, los gatos y la vida","datePublished":"2022-06-20T14:26:23+00:00","dateModified":"2022-06-20T14:26:34+00:00","mainEntityOfPage":{"@id":"https:\/\/dev.antudigital.cl\/sites\/vc\/ultima-funcion-novedad-de-la-editorial-portena-kindberg-el-cine-los-gatos-y-la-vida\/"},"wordCount":638,"commentCount":0,"image":{"@id":"https:\/\/dev.antudigital.cl\/sites\/vc\/ultima-funcion-novedad-de-la-editorial-portena-kindberg-el-cine-los-gatos-y-la-vida\/#primaryimage"},"thumbnailUrl":"https:\/\/dev.antudigital.cl\/sites\/vc\/wp-content\/uploads\/2022\/06\/LANZAMIENTO-NAZARALA-1.jpg","keywords":["Lanzamiento","libros","Literatura","valpara\u00edso"],"articleSection":["Noticia"],"inLanguage":"es","potentialAction":[{"@type":"CommentAction","name":"Comment","target":["https:\/\/dev.antudigital.cl\/sites\/vc\/ultima-funcion-novedad-de-la-editorial-portena-kindberg-el-cine-los-gatos-y-la-vida\/#respond"]}]},{"@type":"WebPage","@id":"https:\/\/dev.antudigital.cl\/sites\/vc\/ultima-funcion-novedad-de-la-editorial-portena-kindberg-el-cine-los-gatos-y-la-vida\/","url":"https:\/\/dev.antudigital.cl\/sites\/vc\/ultima-funcion-novedad-de-la-editorial-portena-kindberg-el-cine-los-gatos-y-la-vida\/","name":"\"\u00daltima funci\u00f3n\", novedad de la editorial porte\u00f1a Kindberg: El cine, los gatos y la vida - Valpara\u00ed\u00adso Creativo","isPartOf":{"@id":"https:\/\/dev.antudigital.cl\/sites\/vc\/#website"},"primaryImageOfPage":{"@id":"https:\/\/dev.antudigital.cl\/sites\/vc\/ultima-funcion-novedad-de-la-editorial-portena-kindberg-el-cine-los-gatos-y-la-vida\/#primaryimage"},"image":{"@id":"https:\/\/dev.antudigital.cl\/sites\/vc\/ultima-funcion-novedad-de-la-editorial-portena-kindberg-el-cine-los-gatos-y-la-vida\/#primaryimage"},"thumbnailUrl":"https:\/\/dev.antudigital.cl\/sites\/vc\/wp-content\/uploads\/2022\/06\/LANZAMIENTO-NAZARALA-1.jpg","datePublished":"2022-06-20T14:26:23+00:00","dateModified":"2022-06-20T14:26:34+00:00","author":{"@id":"https:\/\/dev.antudigital.cl\/sites\/vc\/#\/schema\/person\/c2b9da8dd545e27166fc5ab232837318"},"breadcrumb":{"@id":"https:\/\/dev.antudigital.cl\/sites\/vc\/ultima-funcion-novedad-de-la-editorial-portena-kindberg-el-cine-los-gatos-y-la-vida\/#breadcrumb"},"inLanguage":"es","potentialAction":[{"@type":"ReadAction","target":["https:\/\/dev.antudigital.cl\/sites\/vc\/ultima-funcion-novedad-de-la-editorial-portena-kindberg-el-cine-los-gatos-y-la-vida\/"]}]},{"@type":"ImageObject","inLanguage":"es","@id":"https:\/\/dev.antudigital.cl\/sites\/vc\/ultima-funcion-novedad-de-la-editorial-portena-kindberg-el-cine-los-gatos-y-la-vida\/#primaryimage","url":"https:\/\/dev.antudigital.cl\/sites\/vc\/wp-content\/uploads\/2022\/06\/LANZAMIENTO-NAZARALA-1.jpg","contentUrl":"https:\/\/dev.antudigital.cl\/sites\/vc\/wp-content\/uploads\/2022\/06\/LANZAMIENTO-NAZARALA-1.jpg","width":1640,"height":924},{"@type":"BreadcrumbList","@id":"https:\/\/dev.antudigital.cl\/sites\/vc\/ultima-funcion-novedad-de-la-editorial-portena-kindberg-el-cine-los-gatos-y-la-vida\/#breadcrumb","itemListElement":[{"@type":"ListItem","position":1,"name":"Home","item":"https:\/\/dev.antudigital.cl\/sites\/vc\/"},{"@type":"ListItem","position":2,"name":"\u00ab\u00daltima funci\u00f3n\u00bb, novedad de la editorial porte\u00f1a Kindberg: El cine, los gatos y la vida"}]},{"@type":"WebSite","@id":"https:\/\/dev.antudigital.cl\/sites\/vc\/#website","url":"https:\/\/dev.antudigital.cl\/sites\/vc\/","name":"Valpara\u00ed\u00adso Creativo","description":"","potentialAction":[{"@type":"SearchAction","target":{"@type":"EntryPoint","urlTemplate":"https:\/\/dev.antudigital.cl\/sites\/vc\/?s={search_term_string}"},"query-input":{"@type":"PropertyValueSpecification","valueRequired":true,"valueName":"search_term_string"}}],"inLanguage":"es"},{"@type":"Person","@id":"https:\/\/dev.antudigital.cl\/sites\/vc\/#\/schema\/person\/c2b9da8dd545e27166fc5ab232837318","name":"Valpara\u00edso Creativo","description":"Periodista de cultura en la Regi\u00f3n de Valpara\u00edso.","url":"https:\/\/dev.antudigital.cl\/sites\/vc\/author\/valpoadmin\/"}]}},"_links":{"self":[{"href":"https:\/\/dev.antudigital.cl\/sites\/vc\/wp-json\/wp\/v2\/posts\/11130","targetHints":{"allow":["GET"]}}],"collection":[{"href":"https:\/\/dev.antudigital.cl\/sites\/vc\/wp-json\/wp\/v2\/posts"}],"about":[{"href":"https:\/\/dev.antudigital.cl\/sites\/vc\/wp-json\/wp\/v2\/types\/post"}],"author":[{"embeddable":true,"href":"https:\/\/dev.antudigital.cl\/sites\/vc\/wp-json\/wp\/v2\/users\/1"}],"replies":[{"embeddable":true,"href":"https:\/\/dev.antudigital.cl\/sites\/vc\/wp-json\/wp\/v2\/comments?post=11130"}],"version-history":[{"count":1,"href":"https:\/\/dev.antudigital.cl\/sites\/vc\/wp-json\/wp\/v2\/posts\/11130\/revisions"}],"predecessor-version":[{"id":11133,"href":"https:\/\/dev.antudigital.cl\/sites\/vc\/wp-json\/wp\/v2\/posts\/11130\/revisions\/11133"}],"wp:featuredmedia":[{"embeddable":true,"href":"https:\/\/dev.antudigital.cl\/sites\/vc\/wp-json\/wp\/v2\/media\/11131"}],"wp:attachment":[{"href":"https:\/\/dev.antudigital.cl\/sites\/vc\/wp-json\/wp\/v2\/media?parent=11130"}],"wp:term":[{"taxonomy":"category","embeddable":true,"href":"https:\/\/dev.antudigital.cl\/sites\/vc\/wp-json\/wp\/v2\/categories?post=11130"},{"taxonomy":"post_tag","embeddable":true,"href":"https:\/\/dev.antudigital.cl\/sites\/vc\/wp-json\/wp\/v2\/tags?post=11130"}],"curies":[{"name":"wp","href":"https:\/\/api.w.org\/{rel}","templated":true}]}}