{"id":11134,"date":"2022-06-20T14:47:49","date_gmt":"2022-06-20T14:47:49","guid":{"rendered":"https:\/\/www.valparaisocreativo.cl\/?p=11134"},"modified":"2022-06-20T14:48:00","modified_gmt":"2022-06-20T14:48:00","slug":"por-primera-vez-valparaiso-sera-sede-de-mediamorfosis-el-festival-de-nuevos-medios-mas-influyente-de-latinoamerica","status":"publish","type":"post","link":"https:\/\/dev.antudigital.cl\/sites\/vc\/por-primera-vez-valparaiso-sera-sede-de-mediamorfosis-el-festival-de-nuevos-medios-mas-influyente-de-latinoamerica\/","title":{"rendered":"Por primera vez Valpara\u00edso ser\u00e1 sede de\u00a0Mediamorfosis, el Festival de Nuevos Medios m\u00e1s influyente de Latinoam\u00e9rica \u00a0"},"content":{"rendered":"\n<p>La regi\u00f3n albergar\u00e1 la 24\u00aa versi\u00f3n de <strong>Mediamorfosis<\/strong>, el\u00a0 Festival Latinoamericano de Nuevos Medios, que reunir\u00e1 a m\u00e1s de 10 expositores\u00a0 internacionales en el Parque Cultural de Valpara\u00edso entre el<strong> 5 y el 10 de julio<\/strong>, e invita a\u00a0 conocer qu\u00e9 es el metaverso, experimentar las experiencias inmersivas en su sala de\u00a0 Realidad Virtual, descubrir las plataformas de NFT y el futuro de los podcasts, en un evento\u00a0 abierto y gratuito.\u00a0<\/p>\n\n\n\n<p><br>La iniciativa contar\u00e1 con conferencias, paneles, y\u00a0 encuentros de industria para potenciar las nuevas narrativas inmersivas, fomentando el uso\u00a0 de tecnolog\u00edas y generando v\u00ednculos entre artistas, productores, inversionistas y los\u00a0 principales festivales del mundo.\u00a0\u00a0<\/p>\n\n\n\n<figure class=\"wp-block-image size-full\"><img fetchpriority=\"high\" decoding=\"async\" width=\"1000\" height=\"530\" src=\"https:\/\/www.valparaisocreativo.cl\/wp-content\/uploads\/2022\/06\/Tilt-Brush-2.png\" alt=\"\" class=\"wp-image-11137\" srcset=\"https:\/\/dev.antudigital.cl\/sites\/vc\/wp-content\/uploads\/2022\/06\/Tilt-Brush-2.png 1000w, https:\/\/dev.antudigital.cl\/sites\/vc\/wp-content\/uploads\/2022\/06\/Tilt-Brush-2-300x159.png 300w, https:\/\/dev.antudigital.cl\/sites\/vc\/wp-content\/uploads\/2022\/06\/Tilt-Brush-2-768x407.png 768w, https:\/\/dev.antudigital.cl\/sites\/vc\/wp-content\/uploads\/2022\/06\/Tilt-Brush-2-980x519.png 980w, https:\/\/dev.antudigital.cl\/sites\/vc\/wp-content\/uploads\/2022\/06\/Tilt-Brush-2-480x254.png 480w\" sizes=\"(max-width: 1000px) 100vw, 1000px\" \/><\/figure>\n\n\n\n<p><br>Damian Kirzner, creador y director general de Mediamorfosis, quien tambi\u00e9n dar\u00e1 una\u00a0 charla durante el evento, explica que ser\u00e1 una oportunidad imperdible para conocer los\u00a0 grandes cambios que est\u00e1 experimentando la industria creativa. En este sentido destac\u00f3\u00a0 que la elecci\u00f3n de Valpara\u00edso para esta versi\u00f3n no es casual.<\/p>\n\n\n\n<blockquote class=\"wp-block-quote is-layout-flow wp-block-quote-is-layout-flow\"><p> \u201cValpara\u00edso es la segunda\u00a0 ciudad universitaria m\u00e1s importante de Chile, con un capital intelectual, cultural y\u00a0 patrimonial importante, siendo esto un aspecto muy relevante para instalar el Festival aqu\u00ed\u00a0 y retornar a la presencialidad para compartir c\u00f3mo las nuevas tecnolog\u00edas cambian los\u00a0 medios y las formas de crear. Latinoam\u00e9rica est\u00e1 posicionada de manera incre\u00edble en este\u00a0 \u00e1mbito. Nuestros creadores hoy est\u00e1n narrando y siendo l\u00edderes en la industria global\u00a0 contando sus historias. Nuestros contenidos han ganado los festivales m\u00e1s importantes del\u00a0 mundo. Y queremos compartir todo eso en esta versi\u00f3n con el puerto como tel\u00f3n de fondo\u201d.\u00a0<\/p><\/blockquote>\n\n\n\n<p><br>Un atractivo especial de esta edici\u00f3n ser\u00e1 la disposici\u00f3n de una <strong>sala de Realidad Virtual gratuita <\/strong>en la que se podr\u00e1n experimentar, en toda su dimensi\u00f3n, algunas de las mejores\u00a0 producciones inmersivas desarrolladas en el \u00faltimo tiempo, entre ellas:<\/p>\n\n\n\n<ul class=\"wp-block-list\"><li>Paper Birds. Destacada experiencia de realidad virtual recientemente premiada\u00a0 en el festival SXSW (South by Southwest), que llega por primera vez a Chile.\u00a0\u00a0<\/li><\/ul>\n\n\n\n<ul class=\"wp-block-list\"><li>(Hi)Story Of Painting. Contenido educativo en realidad virtual que explora la\u00a0 extraordinaria historia de una de las artistas barrocas m\u00e1s c\u00e9lebres de la actualidad:\u00a0 Artemisia Gentileschi. Creado por la franco \/inglesa Gaelle M\u00f6urre, fue reconocido\u00a0 y galardonado internacionalmente. En esta oportunidad, se estrenar\u00e1 la versi\u00f3n\u00a0 doblada al castellano por la destacada cantante y compositora chilena, Francisca\u00a0 Valenzuela.\u00a0<\/li><\/ul>\n\n\n\n<ul class=\"wp-block-list\"><li>Plastisapiens. Por primera vez en Latinoam\u00e9rica, se podr\u00e1 disfrutar esta experiencia\u00a0 meditativa de realidad virtual producida por la National Film Bard Of Canada y\u00a0 recientemente estrenada en el festival de Tribeca.\u00a0<\/li><\/ul>\n\n\n\n<ul class=\"wp-block-list\"><li>Tilt Brush. Aplicaci\u00f3n que permite pintar en realidad virtual entre uno o varios usuarios\u00a0 generando una creaci\u00f3n colaborativa en 3D.\u00a0<\/li><\/ul>\n\n\n\n<figure class=\"wp-block-image size-large\"><img decoding=\"async\" width=\"768\" height=\"1024\" src=\"https:\/\/www.valparaisocreativo.cl\/wp-content\/uploads\/2022\/06\/Sala-VR-1-768x1024.jpeg\" alt=\"\" class=\"wp-image-11139\" srcset=\"https:\/\/dev.antudigital.cl\/sites\/vc\/wp-content\/uploads\/2022\/06\/Sala-VR-1-768x1024.jpeg 768w, https:\/\/dev.antudigital.cl\/sites\/vc\/wp-content\/uploads\/2022\/06\/Sala-VR-1-225x300.jpeg 225w, https:\/\/dev.antudigital.cl\/sites\/vc\/wp-content\/uploads\/2022\/06\/Sala-VR-1-1152x1536.jpeg 1152w, https:\/\/dev.antudigital.cl\/sites\/vc\/wp-content\/uploads\/2022\/06\/Sala-VR-1-1080x1440.jpeg 1080w, https:\/\/dev.antudigital.cl\/sites\/vc\/wp-content\/uploads\/2022\/06\/Sala-VR-1-980x1307.jpeg 980w, https:\/\/dev.antudigital.cl\/sites\/vc\/wp-content\/uploads\/2022\/06\/Sala-VR-1-480x640.jpeg 480w, https:\/\/dev.antudigital.cl\/sites\/vc\/wp-content\/uploads\/2022\/06\/Sala-VR-1.jpeg 1200w\" sizes=\"(max-width: 768px) 100vw, 768px\" \/><\/figure>\n\n\n\n<p><br><strong>Potencial para la educaci\u00f3n\u00a0<\/strong><br>Uno de los aspectos importantes de esta versi\u00f3n ser\u00e1 una nueva l\u00ednea de trabajo enfocada\u00a0 en el p\u00fablico escolar y la comunidad educativa: Mediamorfosis Educa, programa que\u00a0 busca aportar en el uso de nuevas tecnolog\u00edas en procesos de aprendizaje, fomentando\u00a0 habilidades socio emocionales y el acercamiento a nuevas disciplinas por parte de\u00a0 profesores y estudiantes.\u00a0<\/p>\n\n\n\n<blockquote class=\"wp-block-quote is-layout-flow wp-block-quote-is-layout-flow\"><p>\u201cEste a\u00f1o, el Festival lanza su secci\u00f3n Mediamorfosis Educa gracias al apoyo obtenido por\u00a0 Fundaci\u00f3n Mustakis, cuyo principal objetivo es incorporar tecnolog\u00edas inmersivas en\u00a0 procesos y contextos de aprendizaje. El proyecto considera la participaci\u00f3n de estudiantes\u00a0 en sala de realidad virtual con contenidos especiales para p\u00fablico escolar, conferencia\u00a0 introductoria para la comunidad educativa y un laboratorio pr\u00e1ctico para los alumnos\u201d,\u00a0<br>\u00a0<\/p><cite>explica Antonia Valenzuela, socia de Mediamorfosis Chile 2022.<\/cite><\/blockquote>\n\n\n\n<p><br><strong>Conferencias de primer nivel\u00a0<\/strong><br>Con el lema <strong>\u201cNarrando nuestras historias en tiempos de metaverso\u201d<\/strong>, Mediamorfosis 2022\u00a0 traer\u00e1 a Valpara\u00edso a principales referentes internacionales, en el desarrollo de narrativas\u00a0 inmersivas y uso de tecnolog\u00edas XR.\u00a0<br>Connie Ansaldi (Argentina, Fundadora de Carnaval Art, galer\u00eda de arte virtual que monetiza\u00a0 con NFTs), John Paul Marin (Australiano, especialista en instalaciones para museos y el uso\u00a0 educativo de las tecnolog\u00edas), Gaelle M\u00f6urre (Franco\/inglesa, Directora y realizadora de\u00a0 una serie de historia del arte para j\u00f3venes en realidad virtual), Sara Bozanic (Eslovena,\u00a0 especialista en medios, con foco en casos de estigmatizaci\u00f3n y educaci\u00f3n), Louis Richard\u00a0 Tremblay (Canadiense, productor ejecutivo del Estudio de producci\u00f3n de interactivos,\u00a0 programa franc\u00e9s de la National Film Board of Canada), Hern\u00e1n Casciari (Argentino,\u00a0 creador de editorial Orsai, escritor y productor de cine), Juan I\u00f1aki Vicente (VP Paramount\u00a0 South Latam, GM Chile &amp; CEO of Chilevisi\u00f3n), y Dami\u00e1n Turkieh (Argentino, una de las\u00a0 personalidades m\u00e1s importantes del XR latinoamericano) son algunos de los expositores\u00a0 internacionales que participar\u00e1n de esta edici\u00f3n.\u00a0<\/p>\n\n\n\n<figure class=\"wp-block-embed is-type-video is-provider-youtube wp-block-embed-youtube wp-embed-aspect-16-9 wp-has-aspect-ratio\"><div class=\"wp-block-embed__wrapper\">\n<iframe title=\"Mediamorfosis 2022 :: 5 al 10 de Julio - Parque Cultural de Valpara\u00edso\" width=\"800\" height=\"450\" src=\"https:\/\/www.youtube.com\/embed\/hEWE2pVh1XA?feature=oembed\" frameborder=\"0\" allow=\"accelerometer; autoplay; clipboard-write; encrypted-media; gyroscope; picture-in-picture; web-share\" referrerpolicy=\"strict-origin-when-cross-origin\" allowfullscreen><\/iframe>\n<\/div><\/figure>\n\n\n\n<p><br>\u00a0<br><strong>Asistencia gratuita\u00a0<\/strong><br>Creado por Dami\u00e1n Kirzner, Mediamorfosis ha celebrado 23 ediciones en 11 ciudades\u00a0 diferentes en Argentina, Brasil, Colombia, Uruguay, M\u00e9xico, Per\u00fa, Ecuador, Bolivia y Chile.\u00a0<br><\/p>\n\n\n\n<figure class=\"wp-block-pullquote\"><blockquote><p>La asistencia es gratuita y abierta a todo p\u00fablico previa inscripci\u00f3n en\u00a0 www.mediamorfosis.net\u00a0<br>\u00a0<\/p><\/blockquote><\/figure>\n","protected":false},"excerpt":{"rendered":"<p>La regi\u00f3n albergar\u00e1 la 24\u00aa versi\u00f3n de Mediamorfosis, el\u00a0 Festival Latinoamericano de Nuevos Medios, que reunir\u00e1 a m\u00e1s de 10 expositores\u00a0 internacionales en el Parque Cultural de Valpara\u00edso entre el 5 y el 10 de julio, e invita a\u00a0 conocer qu\u00e9 es el metaverso, experimentar las experiencias inmersivas en su sala de\u00a0 Realidad Virtual, descubrir [&hellip;]<\/p>\n","protected":false},"author":1,"featured_media":11136,"comment_status":"open","ping_status":"closed","sticky":false,"template":"","format":"standard","meta":{"_acf_changed":false,"footnotes":""},"categories":[8],"tags":[240,239,10,238,241],"class_list":["post-11134","post","type-post","status-publish","format-standard","has-post-thumbnail","hentry","category-noticia","tag-realidad-virtual","tag-rv","tag-valparaiso","tag-vr","tag-xr"],"acf":[],"yoast_head":"<!-- This site is optimized with the Yoast SEO plugin v27.1.1 - https:\/\/yoast.com\/product\/yoast-seo-wordpress\/ -->\n<title>Por primera vez Valpara\u00edso ser\u00e1 sede de\u00a0Mediamorfosis, el Festival de Nuevos Medios m\u00e1s influyente de Latinoam\u00e9rica \u00a0 - Valpara\u00ed\u00adso Creativo<\/title>\n<meta name=\"robots\" content=\"index, follow, max-snippet:-1, max-image-preview:large, max-video-preview:-1\" \/>\n<link rel=\"canonical\" href=\"https:\/\/dev.antudigital.cl\/sites\/vc\/por-primera-vez-valparaiso-sera-sede-de-mediamorfosis-el-festival-de-nuevos-medios-mas-influyente-de-latinoamerica\/\" \/>\n<meta property=\"og:locale\" content=\"es_ES\" \/>\n<meta property=\"og:type\" content=\"article\" \/>\n<meta property=\"og:title\" content=\"Por primera vez Valpara\u00edso ser\u00e1 sede de\u00a0Mediamorfosis, el Festival de Nuevos Medios m\u00e1s influyente de Latinoam\u00e9rica \u00a0 - Valpara\u00ed\u00adso Creativo\" \/>\n<meta property=\"og:description\" content=\"La regi\u00f3n albergar\u00e1 la 24\u00aa versi\u00f3n de Mediamorfosis, el\u00a0 Festival Latinoamericano de Nuevos Medios, que reunir\u00e1 a m\u00e1s de 10 expositores\u00a0 internacionales en el Parque Cultural de Valpara\u00edso entre el 5 y el 10 de julio, e invita a\u00a0 conocer qu\u00e9 es el metaverso, experimentar las experiencias inmersivas en su sala de\u00a0 Realidad Virtual, descubrir [&hellip;]\" \/>\n<meta property=\"og:url\" content=\"https:\/\/dev.antudigital.cl\/sites\/vc\/por-primera-vez-valparaiso-sera-sede-de-mediamorfosis-el-festival-de-nuevos-medios-mas-influyente-de-latinoamerica\/\" \/>\n<meta property=\"og:site_name\" content=\"Valpara\u00ed\u00adso Creativo\" \/>\n<meta property=\"article:published_time\" content=\"2022-06-20T14:47:49+00:00\" \/>\n<meta property=\"article:modified_time\" content=\"2022-06-20T14:48:00+00:00\" \/>\n<meta property=\"og:image\" content=\"https:\/\/dev.antudigital.cl\/sites\/vc\/wp-content\/uploads\/2022\/06\/Tilt-Brush-1.jpg\" \/>\n\t<meta property=\"og:image:width\" content=\"1600\" \/>\n\t<meta property=\"og:image:height\" content=\"900\" \/>\n\t<meta property=\"og:image:type\" content=\"image\/jpeg\" \/>\n<meta name=\"author\" content=\"Valpara\u00edso Creativo\" \/>\n<meta name=\"twitter:card\" content=\"summary_large_image\" \/>\n<meta name=\"twitter:label1\" content=\"Escrito por\" \/>\n\t<meta name=\"twitter:data1\" content=\"Valpara\u00edso Creativo\" \/>\n\t<meta name=\"twitter:label2\" content=\"Tiempo de lectura\" \/>\n\t<meta name=\"twitter:data2\" content=\"4 minutos\" \/>\n<script type=\"application\/ld+json\" class=\"yoast-schema-graph\">{\"@context\":\"https:\/\/schema.org\",\"@graph\":[{\"@type\":\"Article\",\"@id\":\"https:\/\/dev.antudigital.cl\/sites\/vc\/por-primera-vez-valparaiso-sera-sede-de-mediamorfosis-el-festival-de-nuevos-medios-mas-influyente-de-latinoamerica\/#article\",\"isPartOf\":{\"@id\":\"https:\/\/dev.antudigital.cl\/sites\/vc\/por-primera-vez-valparaiso-sera-sede-de-mediamorfosis-el-festival-de-nuevos-medios-mas-influyente-de-latinoamerica\/\"},\"author\":{\"name\":\"Valpara\u00edso Creativo\",\"@id\":\"https:\/\/dev.antudigital.cl\/sites\/vc\/#\/schema\/person\/c2b9da8dd545e27166fc5ab232837318\"},\"headline\":\"Por primera vez Valpara\u00edso ser\u00e1 sede de\u00a0Mediamorfosis, el Festival de Nuevos Medios m\u00e1s influyente de Latinoam\u00e9rica \u00a0\",\"datePublished\":\"2022-06-20T14:47:49+00:00\",\"dateModified\":\"2022-06-20T14:48:00+00:00\",\"mainEntityOfPage\":{\"@id\":\"https:\/\/dev.antudigital.cl\/sites\/vc\/por-primera-vez-valparaiso-sera-sede-de-mediamorfosis-el-festival-de-nuevos-medios-mas-influyente-de-latinoamerica\/\"},\"wordCount\":843,\"commentCount\":0,\"image\":{\"@id\":\"https:\/\/dev.antudigital.cl\/sites\/vc\/por-primera-vez-valparaiso-sera-sede-de-mediamorfosis-el-festival-de-nuevos-medios-mas-influyente-de-latinoamerica\/#primaryimage\"},\"thumbnailUrl\":\"https:\/\/dev.antudigital.cl\/sites\/vc\/wp-content\/uploads\/2022\/06\/Tilt-Brush-1.jpg\",\"keywords\":[\"Realidad virtual\",\"RV\",\"valpara\u00edso\",\"VR\",\"XR\"],\"articleSection\":[\"Noticia\"],\"inLanguage\":\"es\",\"potentialAction\":[{\"@type\":\"CommentAction\",\"name\":\"Comment\",\"target\":[\"https:\/\/dev.antudigital.cl\/sites\/vc\/por-primera-vez-valparaiso-sera-sede-de-mediamorfosis-el-festival-de-nuevos-medios-mas-influyente-de-latinoamerica\/#respond\"]}]},{\"@type\":\"WebPage\",\"@id\":\"https:\/\/dev.antudigital.cl\/sites\/vc\/por-primera-vez-valparaiso-sera-sede-de-mediamorfosis-el-festival-de-nuevos-medios-mas-influyente-de-latinoamerica\/\",\"url\":\"https:\/\/dev.antudigital.cl\/sites\/vc\/por-primera-vez-valparaiso-sera-sede-de-mediamorfosis-el-festival-de-nuevos-medios-mas-influyente-de-latinoamerica\/\",\"name\":\"Por primera vez Valpara\u00edso ser\u00e1 sede de\u00a0Mediamorfosis, el Festival de Nuevos Medios m\u00e1s influyente de Latinoam\u00e9rica \u00a0 - Valpara\u00ed\u00adso Creativo\",\"isPartOf\":{\"@id\":\"https:\/\/dev.antudigital.cl\/sites\/vc\/#website\"},\"primaryImageOfPage\":{\"@id\":\"https:\/\/dev.antudigital.cl\/sites\/vc\/por-primera-vez-valparaiso-sera-sede-de-mediamorfosis-el-festival-de-nuevos-medios-mas-influyente-de-latinoamerica\/#primaryimage\"},\"image\":{\"@id\":\"https:\/\/dev.antudigital.cl\/sites\/vc\/por-primera-vez-valparaiso-sera-sede-de-mediamorfosis-el-festival-de-nuevos-medios-mas-influyente-de-latinoamerica\/#primaryimage\"},\"thumbnailUrl\":\"https:\/\/dev.antudigital.cl\/sites\/vc\/wp-content\/uploads\/2022\/06\/Tilt-Brush-1.jpg\",\"datePublished\":\"2022-06-20T14:47:49+00:00\",\"dateModified\":\"2022-06-20T14:48:00+00:00\",\"author\":{\"@id\":\"https:\/\/dev.antudigital.cl\/sites\/vc\/#\/schema\/person\/c2b9da8dd545e27166fc5ab232837318\"},\"breadcrumb\":{\"@id\":\"https:\/\/dev.antudigital.cl\/sites\/vc\/por-primera-vez-valparaiso-sera-sede-de-mediamorfosis-el-festival-de-nuevos-medios-mas-influyente-de-latinoamerica\/#breadcrumb\"},\"inLanguage\":\"es\",\"potentialAction\":[{\"@type\":\"ReadAction\",\"target\":[\"https:\/\/dev.antudigital.cl\/sites\/vc\/por-primera-vez-valparaiso-sera-sede-de-mediamorfosis-el-festival-de-nuevos-medios-mas-influyente-de-latinoamerica\/\"]}]},{\"@type\":\"ImageObject\",\"inLanguage\":\"es\",\"@id\":\"https:\/\/dev.antudigital.cl\/sites\/vc\/por-primera-vez-valparaiso-sera-sede-de-mediamorfosis-el-festival-de-nuevos-medios-mas-influyente-de-latinoamerica\/#primaryimage\",\"url\":\"https:\/\/dev.antudigital.cl\/sites\/vc\/wp-content\/uploads\/2022\/06\/Tilt-Brush-1.jpg\",\"contentUrl\":\"https:\/\/dev.antudigital.cl\/sites\/vc\/wp-content\/uploads\/2022\/06\/Tilt-Brush-1.jpg\",\"width\":1600,\"height\":900},{\"@type\":\"BreadcrumbList\",\"@id\":\"https:\/\/dev.antudigital.cl\/sites\/vc\/por-primera-vez-valparaiso-sera-sede-de-mediamorfosis-el-festival-de-nuevos-medios-mas-influyente-de-latinoamerica\/#breadcrumb\",\"itemListElement\":[{\"@type\":\"ListItem\",\"position\":1,\"name\":\"Home\",\"item\":\"https:\/\/dev.antudigital.cl\/sites\/vc\/\"},{\"@type\":\"ListItem\",\"position\":2,\"name\":\"Por primera vez Valpara\u00edso ser\u00e1 sede de\u00a0Mediamorfosis, el Festival de Nuevos Medios m\u00e1s influyente de Latinoam\u00e9rica \u00a0\"}]},{\"@type\":\"WebSite\",\"@id\":\"https:\/\/dev.antudigital.cl\/sites\/vc\/#website\",\"url\":\"https:\/\/dev.antudigital.cl\/sites\/vc\/\",\"name\":\"Valpara\u00ed\u00adso Creativo\",\"description\":\"\",\"potentialAction\":[{\"@type\":\"SearchAction\",\"target\":{\"@type\":\"EntryPoint\",\"urlTemplate\":\"https:\/\/dev.antudigital.cl\/sites\/vc\/?s={search_term_string}\"},\"query-input\":{\"@type\":\"PropertyValueSpecification\",\"valueRequired\":true,\"valueName\":\"search_term_string\"}}],\"inLanguage\":\"es\"},{\"@type\":\"Person\",\"@id\":\"https:\/\/dev.antudigital.cl\/sites\/vc\/#\/schema\/person\/c2b9da8dd545e27166fc5ab232837318\",\"name\":\"Valpara\u00edso Creativo\",\"description\":\"Periodista de cultura en la Regi\u00f3n de Valpara\u00edso.\",\"url\":\"https:\/\/dev.antudigital.cl\/sites\/vc\/author\/valpoadmin\/\"}]}<\/script>\n<!-- \/ Yoast SEO plugin. -->","yoast_head_json":{"title":"Por primera vez Valpara\u00edso ser\u00e1 sede de\u00a0Mediamorfosis, el Festival de Nuevos Medios m\u00e1s influyente de Latinoam\u00e9rica \u00a0 - Valpara\u00ed\u00adso Creativo","robots":{"index":"index","follow":"follow","max-snippet":"max-snippet:-1","max-image-preview":"max-image-preview:large","max-video-preview":"max-video-preview:-1"},"canonical":"https:\/\/dev.antudigital.cl\/sites\/vc\/por-primera-vez-valparaiso-sera-sede-de-mediamorfosis-el-festival-de-nuevos-medios-mas-influyente-de-latinoamerica\/","og_locale":"es_ES","og_type":"article","og_title":"Por primera vez Valpara\u00edso ser\u00e1 sede de\u00a0Mediamorfosis, el Festival de Nuevos Medios m\u00e1s influyente de Latinoam\u00e9rica \u00a0 - Valpara\u00ed\u00adso Creativo","og_description":"La regi\u00f3n albergar\u00e1 la 24\u00aa versi\u00f3n de Mediamorfosis, el\u00a0 Festival Latinoamericano de Nuevos Medios, que reunir\u00e1 a m\u00e1s de 10 expositores\u00a0 internacionales en el Parque Cultural de Valpara\u00edso entre el 5 y el 10 de julio, e invita a\u00a0 conocer qu\u00e9 es el metaverso, experimentar las experiencias inmersivas en su sala de\u00a0 Realidad Virtual, descubrir [&hellip;]","og_url":"https:\/\/dev.antudigital.cl\/sites\/vc\/por-primera-vez-valparaiso-sera-sede-de-mediamorfosis-el-festival-de-nuevos-medios-mas-influyente-de-latinoamerica\/","og_site_name":"Valpara\u00ed\u00adso Creativo","article_published_time":"2022-06-20T14:47:49+00:00","article_modified_time":"2022-06-20T14:48:00+00:00","og_image":[{"width":1600,"height":900,"url":"https:\/\/dev.antudigital.cl\/sites\/vc\/wp-content\/uploads\/2022\/06\/Tilt-Brush-1.jpg","type":"image\/jpeg"}],"author":"Valpara\u00edso Creativo","twitter_card":"summary_large_image","twitter_misc":{"Escrito por":"Valpara\u00edso Creativo","Tiempo de lectura":"4 minutos"},"schema":{"@context":"https:\/\/schema.org","@graph":[{"@type":"Article","@id":"https:\/\/dev.antudigital.cl\/sites\/vc\/por-primera-vez-valparaiso-sera-sede-de-mediamorfosis-el-festival-de-nuevos-medios-mas-influyente-de-latinoamerica\/#article","isPartOf":{"@id":"https:\/\/dev.antudigital.cl\/sites\/vc\/por-primera-vez-valparaiso-sera-sede-de-mediamorfosis-el-festival-de-nuevos-medios-mas-influyente-de-latinoamerica\/"},"author":{"name":"Valpara\u00edso Creativo","@id":"https:\/\/dev.antudigital.cl\/sites\/vc\/#\/schema\/person\/c2b9da8dd545e27166fc5ab232837318"},"headline":"Por primera vez Valpara\u00edso ser\u00e1 sede de\u00a0Mediamorfosis, el Festival de Nuevos Medios m\u00e1s influyente de Latinoam\u00e9rica \u00a0","datePublished":"2022-06-20T14:47:49+00:00","dateModified":"2022-06-20T14:48:00+00:00","mainEntityOfPage":{"@id":"https:\/\/dev.antudigital.cl\/sites\/vc\/por-primera-vez-valparaiso-sera-sede-de-mediamorfosis-el-festival-de-nuevos-medios-mas-influyente-de-latinoamerica\/"},"wordCount":843,"commentCount":0,"image":{"@id":"https:\/\/dev.antudigital.cl\/sites\/vc\/por-primera-vez-valparaiso-sera-sede-de-mediamorfosis-el-festival-de-nuevos-medios-mas-influyente-de-latinoamerica\/#primaryimage"},"thumbnailUrl":"https:\/\/dev.antudigital.cl\/sites\/vc\/wp-content\/uploads\/2022\/06\/Tilt-Brush-1.jpg","keywords":["Realidad virtual","RV","valpara\u00edso","VR","XR"],"articleSection":["Noticia"],"inLanguage":"es","potentialAction":[{"@type":"CommentAction","name":"Comment","target":["https:\/\/dev.antudigital.cl\/sites\/vc\/por-primera-vez-valparaiso-sera-sede-de-mediamorfosis-el-festival-de-nuevos-medios-mas-influyente-de-latinoamerica\/#respond"]}]},{"@type":"WebPage","@id":"https:\/\/dev.antudigital.cl\/sites\/vc\/por-primera-vez-valparaiso-sera-sede-de-mediamorfosis-el-festival-de-nuevos-medios-mas-influyente-de-latinoamerica\/","url":"https:\/\/dev.antudigital.cl\/sites\/vc\/por-primera-vez-valparaiso-sera-sede-de-mediamorfosis-el-festival-de-nuevos-medios-mas-influyente-de-latinoamerica\/","name":"Por primera vez Valpara\u00edso ser\u00e1 sede de\u00a0Mediamorfosis, el Festival de Nuevos Medios m\u00e1s influyente de Latinoam\u00e9rica \u00a0 - Valpara\u00ed\u00adso Creativo","isPartOf":{"@id":"https:\/\/dev.antudigital.cl\/sites\/vc\/#website"},"primaryImageOfPage":{"@id":"https:\/\/dev.antudigital.cl\/sites\/vc\/por-primera-vez-valparaiso-sera-sede-de-mediamorfosis-el-festival-de-nuevos-medios-mas-influyente-de-latinoamerica\/#primaryimage"},"image":{"@id":"https:\/\/dev.antudigital.cl\/sites\/vc\/por-primera-vez-valparaiso-sera-sede-de-mediamorfosis-el-festival-de-nuevos-medios-mas-influyente-de-latinoamerica\/#primaryimage"},"thumbnailUrl":"https:\/\/dev.antudigital.cl\/sites\/vc\/wp-content\/uploads\/2022\/06\/Tilt-Brush-1.jpg","datePublished":"2022-06-20T14:47:49+00:00","dateModified":"2022-06-20T14:48:00+00:00","author":{"@id":"https:\/\/dev.antudigital.cl\/sites\/vc\/#\/schema\/person\/c2b9da8dd545e27166fc5ab232837318"},"breadcrumb":{"@id":"https:\/\/dev.antudigital.cl\/sites\/vc\/por-primera-vez-valparaiso-sera-sede-de-mediamorfosis-el-festival-de-nuevos-medios-mas-influyente-de-latinoamerica\/#breadcrumb"},"inLanguage":"es","potentialAction":[{"@type":"ReadAction","target":["https:\/\/dev.antudigital.cl\/sites\/vc\/por-primera-vez-valparaiso-sera-sede-de-mediamorfosis-el-festival-de-nuevos-medios-mas-influyente-de-latinoamerica\/"]}]},{"@type":"ImageObject","inLanguage":"es","@id":"https:\/\/dev.antudigital.cl\/sites\/vc\/por-primera-vez-valparaiso-sera-sede-de-mediamorfosis-el-festival-de-nuevos-medios-mas-influyente-de-latinoamerica\/#primaryimage","url":"https:\/\/dev.antudigital.cl\/sites\/vc\/wp-content\/uploads\/2022\/06\/Tilt-Brush-1.jpg","contentUrl":"https:\/\/dev.antudigital.cl\/sites\/vc\/wp-content\/uploads\/2022\/06\/Tilt-Brush-1.jpg","width":1600,"height":900},{"@type":"BreadcrumbList","@id":"https:\/\/dev.antudigital.cl\/sites\/vc\/por-primera-vez-valparaiso-sera-sede-de-mediamorfosis-el-festival-de-nuevos-medios-mas-influyente-de-latinoamerica\/#breadcrumb","itemListElement":[{"@type":"ListItem","position":1,"name":"Home","item":"https:\/\/dev.antudigital.cl\/sites\/vc\/"},{"@type":"ListItem","position":2,"name":"Por primera vez Valpara\u00edso ser\u00e1 sede de\u00a0Mediamorfosis, el Festival de Nuevos Medios m\u00e1s influyente de Latinoam\u00e9rica \u00a0"}]},{"@type":"WebSite","@id":"https:\/\/dev.antudigital.cl\/sites\/vc\/#website","url":"https:\/\/dev.antudigital.cl\/sites\/vc\/","name":"Valpara\u00ed\u00adso Creativo","description":"","potentialAction":[{"@type":"SearchAction","target":{"@type":"EntryPoint","urlTemplate":"https:\/\/dev.antudigital.cl\/sites\/vc\/?s={search_term_string}"},"query-input":{"@type":"PropertyValueSpecification","valueRequired":true,"valueName":"search_term_string"}}],"inLanguage":"es"},{"@type":"Person","@id":"https:\/\/dev.antudigital.cl\/sites\/vc\/#\/schema\/person\/c2b9da8dd545e27166fc5ab232837318","name":"Valpara\u00edso Creativo","description":"Periodista de cultura en la Regi\u00f3n de Valpara\u00edso.","url":"https:\/\/dev.antudigital.cl\/sites\/vc\/author\/valpoadmin\/"}]}},"_links":{"self":[{"href":"https:\/\/dev.antudigital.cl\/sites\/vc\/wp-json\/wp\/v2\/posts\/11134","targetHints":{"allow":["GET"]}}],"collection":[{"href":"https:\/\/dev.antudigital.cl\/sites\/vc\/wp-json\/wp\/v2\/posts"}],"about":[{"href":"https:\/\/dev.antudigital.cl\/sites\/vc\/wp-json\/wp\/v2\/types\/post"}],"author":[{"embeddable":true,"href":"https:\/\/dev.antudigital.cl\/sites\/vc\/wp-json\/wp\/v2\/users\/1"}],"replies":[{"embeddable":true,"href":"https:\/\/dev.antudigital.cl\/sites\/vc\/wp-json\/wp\/v2\/comments?post=11134"}],"version-history":[{"count":3,"href":"https:\/\/dev.antudigital.cl\/sites\/vc\/wp-json\/wp\/v2\/posts\/11134\/revisions"}],"predecessor-version":[{"id":11140,"href":"https:\/\/dev.antudigital.cl\/sites\/vc\/wp-json\/wp\/v2\/posts\/11134\/revisions\/11140"}],"wp:featuredmedia":[{"embeddable":true,"href":"https:\/\/dev.antudigital.cl\/sites\/vc\/wp-json\/wp\/v2\/media\/11136"}],"wp:attachment":[{"href":"https:\/\/dev.antudigital.cl\/sites\/vc\/wp-json\/wp\/v2\/media?parent=11134"}],"wp:term":[{"taxonomy":"category","embeddable":true,"href":"https:\/\/dev.antudigital.cl\/sites\/vc\/wp-json\/wp\/v2\/categories?post=11134"},{"taxonomy":"post_tag","embeddable":true,"href":"https:\/\/dev.antudigital.cl\/sites\/vc\/wp-json\/wp\/v2\/tags?post=11134"}],"curies":[{"name":"wp","href":"https:\/\/api.w.org\/{rel}","templated":true}]}}