{"id":11148,"date":"2022-06-20T15:40:06","date_gmt":"2022-06-20T15:40:06","guid":{"rendered":"https:\/\/www.valparaisocreativo.cl\/?p=11148"},"modified":"2022-06-20T15:40:12","modified_gmt":"2022-06-20T15:40:12","slug":"exposicion-aborda-problematicas-nacionales-a-traves-de-instalaciones-y-esculturas-en-el-parque-cultural-de-valparaiso","status":"publish","type":"post","link":"https:\/\/dev.antudigital.cl\/sites\/vc\/exposicion-aborda-problematicas-nacionales-a-traves-de-instalaciones-y-esculturas-en-el-parque-cultural-de-valparaiso\/","title":{"rendered":"Exposici\u00f3n aborda problem\u00e1ticas nacionales a trav\u00e9s de instalaciones y esculturas en el Parque Cultural de Valpara\u00edso"},"content":{"rendered":"\n<p><strong>\u201cNublado Variando a Parcial\u201d<\/strong> es el nombre de la exposici\u00f3n del artista visual y m\u00fasico <strong>Gabriel Holzapfel<\/strong>, que re\u00fane una serie de obras de mediano, peque\u00f1o y gran formato, en su mayor\u00eda de corte conceptual y realizadas especialmente para la muestra.<\/p>\n\n\n\n<p>En ellas el artista aborda una visi\u00f3n panor\u00e1mica de la coyuntura nacional desde una perspectiva cr\u00edtica e ir\u00f3nica, utilizando el lenguaje y la poes\u00eda visual para hablar sobre ciertas problem\u00e1ticas actuales a trav\u00e9s de objetos cotidianos.<\/p>\n\n\n\n<p>El acceso a la vivienda, el encierro, la nueva constituci\u00f3n, la contaminaci\u00f3n de las zonas de sacrificio, la crisis h\u00eddrica \u2013 por nombrar algunos t\u00f3picos presentes \u2013 son problematizados a trav\u00e9s instalaciones, esculturas y obras de pared que abarcar\u00e1n la Sala de Artes Visuales del <a href=\"https:\/\/www.facebook.com\/parqueculturaldevalparaiso\">Parque Cultural<\/a> en un recorrido variado en formatos y soportes.<\/p>\n\n\n\n<figure class=\"wp-block-image size-large\"><img fetchpriority=\"high\" decoding=\"async\" width=\"1024\" height=\"1024\" src=\"https:\/\/www.valparaisocreativo.cl\/wp-content\/uploads\/2022\/06\/288002677_3192620120992727_4992436356269233385_n-1024x1024.jpg\" alt=\"\" class=\"wp-image-11151\" srcset=\"https:\/\/dev.antudigital.cl\/sites\/vc\/wp-content\/uploads\/2022\/06\/288002677_3192620120992727_4992436356269233385_n-1024x1024.jpg 1024w, https:\/\/dev.antudigital.cl\/sites\/vc\/wp-content\/uploads\/2022\/06\/288002677_3192620120992727_4992436356269233385_n-300x300.jpg 300w, https:\/\/dev.antudigital.cl\/sites\/vc\/wp-content\/uploads\/2022\/06\/288002677_3192620120992727_4992436356269233385_n-150x150.jpg 150w, https:\/\/dev.antudigital.cl\/sites\/vc\/wp-content\/uploads\/2022\/06\/288002677_3192620120992727_4992436356269233385_n-768x768.jpg 768w, https:\/\/dev.antudigital.cl\/sites\/vc\/wp-content\/uploads\/2022\/06\/288002677_3192620120992727_4992436356269233385_n-1080x1080.jpg 1080w, https:\/\/dev.antudigital.cl\/sites\/vc\/wp-content\/uploads\/2022\/06\/288002677_3192620120992727_4992436356269233385_n-980x980.jpg 980w, https:\/\/dev.antudigital.cl\/sites\/vc\/wp-content\/uploads\/2022\/06\/288002677_3192620120992727_4992436356269233385_n-480x480.jpg 480w, https:\/\/dev.antudigital.cl\/sites\/vc\/wp-content\/uploads\/2022\/06\/288002677_3192620120992727_4992436356269233385_n.jpg 1201w\" sizes=\"(max-width: 1024px) 100vw, 1024px\" \/><\/figure>\n\n\n\n<p>El artista, distinguido con el Premio especial para Regiones del Concurso MAVI Arte Joven 2020 y Premio Nacional Arte Joven 2021 de la Universidad de Valpara\u00edso, ha trabajado en este proyecto &#8211; financiado por el Fondo Nacional de Desarrollo Cultural y las Artes Convocatoria 2021 del Ministerio &#8211; durante un a\u00f1o en su taller en Espacio Warhola.&nbsp;<\/p>\n\n\n\n<p>\u201c<em>Pienso en el arte como un amplificador del lenguaje y las comunicaciones, como un lugar de encuentro o un punto de comuni\u00f3n. En ese sentido me interesa hacer eco de las cosas que pasan a nuestro alrededor, de los procesos sociales, los fen\u00f3menos culturales y la historia reciente<\/em>\u201d, se\u00f1ala Gabriel.<\/p>\n\n\n\n<p><strong>La inauguraci\u00f3n oficial se realizar\u00e1 el s\u00e1bado 25 de junio a las 12:30 horas y estar\u00e1 abierta hasta el 14 de agosto. Los horarios para visitar la exposici\u00f3n son de martes a domingo de 10:00 a 13:00 y de 16:30 a 18:30 hrs.<\/strong><br><\/p>\n\n\n\n<figure class=\"wp-block-image size-large\"><img decoding=\"async\" width=\"1024\" height=\"576\" src=\"https:\/\/www.valparaisocreativo.cl\/wp-content\/uploads\/2022\/06\/Los-365-di\u0301as-de-la-semana-1024x576.jpg\" alt=\"\" class=\"wp-image-11149\" srcset=\"https:\/\/dev.antudigital.cl\/sites\/vc\/wp-content\/uploads\/2022\/06\/Los-365-di\u0301as-de-la-semana-1024x576.jpg 1024w, https:\/\/dev.antudigital.cl\/sites\/vc\/wp-content\/uploads\/2022\/06\/Los-365-di\u0301as-de-la-semana-300x169.jpg 300w, https:\/\/dev.antudigital.cl\/sites\/vc\/wp-content\/uploads\/2022\/06\/Los-365-di\u0301as-de-la-semana-768x432.jpg 768w, https:\/\/dev.antudigital.cl\/sites\/vc\/wp-content\/uploads\/2022\/06\/Los-365-di\u0301as-de-la-semana-1536x864.jpg 1536w, https:\/\/dev.antudigital.cl\/sites\/vc\/wp-content\/uploads\/2022\/06\/Los-365-di\u0301as-de-la-semana-1080x608.jpg 1080w, https:\/\/dev.antudigital.cl\/sites\/vc\/wp-content\/uploads\/2022\/06\/Los-365-di\u0301as-de-la-semana-1280x720.jpg 1280w, https:\/\/dev.antudigital.cl\/sites\/vc\/wp-content\/uploads\/2022\/06\/Los-365-di\u0301as-de-la-semana-980x551.jpg 980w, https:\/\/dev.antudigital.cl\/sites\/vc\/wp-content\/uploads\/2022\/06\/Los-365-di\u0301as-de-la-semana-480x270.jpg 480w, https:\/\/dev.antudigital.cl\/sites\/vc\/wp-content\/uploads\/2022\/06\/Los-365-di\u0301as-de-la-semana.jpg 1920w\" sizes=\"(max-width: 1024px) 100vw, 1024px\" \/><\/figure>\n\n\n\n<p><strong>Sobre el artista<\/strong><\/p>\n\n\n\n<p>Gabriel Holzapfel Mancini (Puerto Montt, 1988) es artista visual y baterista (Adelaida, Camila Moreno). Estudi\u00f3 Licenciatura en Arte y un Diplomado en Fotograf\u00eda An\u00e1logo-Digital. Actualmente vive y trabaja en Valpara\u00edso. Su obra est\u00e1 atravesada por un agudo uso del lenguaje y mantiene un fuerte v\u00ednculo po\u00e9tico con perspectiva cr\u00edtica, marcado por el humor y la iron\u00eda. A la fecha, Holzapfel ha expuesto en los principales espacios de exhibici\u00f3n chilenos adem\u00e1s de pa\u00edses como Espa\u00f1a, Estados Unidos e Italia.<\/p>\n","protected":false},"excerpt":{"rendered":"<p>\u201cNublado Variando a Parcial\u201d es el nombre de la exposici\u00f3n del artista visual y m\u00fasico Gabriel Holzapfel, que re\u00fane una serie de obras de mediano, peque\u00f1o y gran formato, en su mayor\u00eda de corte conceptual y realizadas especialmente para la muestra. En ellas el artista aborda una visi\u00f3n panor\u00e1mica de la coyuntura nacional desde una [&hellip;]<\/p>\n","protected":false},"author":1,"featured_media":11150,"comment_status":"open","ping_status":"closed","sticky":false,"template":"","format":"standard","meta":{"_acf_changed":false,"footnotes":""},"categories":[8],"tags":[75,10],"class_list":["post-11148","post","type-post","status-publish","format-standard","has-post-thumbnail","hentry","category-noticia","tag-artes-visuales","tag-valparaiso"],"acf":[],"yoast_head":"<!-- This site is optimized with the Yoast SEO plugin v27.1.1 - https:\/\/yoast.com\/product\/yoast-seo-wordpress\/ -->\n<title>Exposici\u00f3n aborda problem\u00e1ticas nacionales a trav\u00e9s de instalaciones y esculturas en el Parque Cultural de Valpara\u00edso - Valpara\u00ed\u00adso Creativo<\/title>\n<meta name=\"robots\" content=\"index, follow, max-snippet:-1, max-image-preview:large, max-video-preview:-1\" \/>\n<link rel=\"canonical\" href=\"https:\/\/dev.antudigital.cl\/sites\/vc\/exposicion-aborda-problematicas-nacionales-a-traves-de-instalaciones-y-esculturas-en-el-parque-cultural-de-valparaiso\/\" \/>\n<meta property=\"og:locale\" content=\"es_ES\" \/>\n<meta property=\"og:type\" content=\"article\" \/>\n<meta property=\"og:title\" content=\"Exposici\u00f3n aborda problem\u00e1ticas nacionales a trav\u00e9s de instalaciones y esculturas en el Parque Cultural de Valpara\u00edso - Valpara\u00ed\u00adso Creativo\" \/>\n<meta property=\"og:description\" content=\"\u201cNublado Variando a Parcial\u201d es el nombre de la exposici\u00f3n del artista visual y m\u00fasico Gabriel Holzapfel, que re\u00fane una serie de obras de mediano, peque\u00f1o y gran formato, en su mayor\u00eda de corte conceptual y realizadas especialmente para la muestra. En ellas el artista aborda una visi\u00f3n panor\u00e1mica de la coyuntura nacional desde una [&hellip;]\" \/>\n<meta property=\"og:url\" content=\"https:\/\/dev.antudigital.cl\/sites\/vc\/exposicion-aborda-problematicas-nacionales-a-traves-de-instalaciones-y-esculturas-en-el-parque-cultural-de-valparaiso\/\" \/>\n<meta property=\"og:site_name\" content=\"Valpara\u00ed\u00adso Creativo\" \/>\n<meta property=\"article:published_time\" content=\"2022-06-20T15:40:06+00:00\" \/>\n<meta property=\"article:modified_time\" content=\"2022-06-20T15:40:12+00:00\" \/>\n<meta property=\"og:image\" content=\"https:\/\/dev.antudigital.cl\/sites\/vc\/wp-content\/uploads\/2022\/06\/Educacio\u0301n-Superior.jpeg\" \/>\n\t<meta property=\"og:image:width\" content=\"1616\" \/>\n\t<meta property=\"og:image:height\" content=\"1080\" \/>\n\t<meta property=\"og:image:type\" content=\"image\/jpeg\" \/>\n<meta name=\"author\" content=\"Valpara\u00edso Creativo\" \/>\n<meta name=\"twitter:card\" content=\"summary_large_image\" \/>\n<meta name=\"twitter:label1\" content=\"Escrito por\" \/>\n\t<meta name=\"twitter:data1\" content=\"Valpara\u00edso Creativo\" \/>\n\t<meta name=\"twitter:label2\" content=\"Tiempo de lectura\" \/>\n\t<meta name=\"twitter:data2\" content=\"3 minutos\" \/>\n<script type=\"application\/ld+json\" class=\"yoast-schema-graph\">{\"@context\":\"https:\/\/schema.org\",\"@graph\":[{\"@type\":\"Article\",\"@id\":\"https:\/\/dev.antudigital.cl\/sites\/vc\/exposicion-aborda-problematicas-nacionales-a-traves-de-instalaciones-y-esculturas-en-el-parque-cultural-de-valparaiso\/#article\",\"isPartOf\":{\"@id\":\"https:\/\/dev.antudigital.cl\/sites\/vc\/exposicion-aborda-problematicas-nacionales-a-traves-de-instalaciones-y-esculturas-en-el-parque-cultural-de-valparaiso\/\"},\"author\":{\"name\":\"Valpara\u00edso Creativo\",\"@id\":\"https:\/\/dev.antudigital.cl\/sites\/vc\/#\/schema\/person\/c2b9da8dd545e27166fc5ab232837318\"},\"headline\":\"Exposici\u00f3n aborda problem\u00e1ticas nacionales a trav\u00e9s de instalaciones y esculturas en el Parque Cultural de Valpara\u00edso\",\"datePublished\":\"2022-06-20T15:40:06+00:00\",\"dateModified\":\"2022-06-20T15:40:12+00:00\",\"mainEntityOfPage\":{\"@id\":\"https:\/\/dev.antudigital.cl\/sites\/vc\/exposicion-aborda-problematicas-nacionales-a-traves-de-instalaciones-y-esculturas-en-el-parque-cultural-de-valparaiso\/\"},\"wordCount\":408,\"commentCount\":0,\"image\":{\"@id\":\"https:\/\/dev.antudigital.cl\/sites\/vc\/exposicion-aborda-problematicas-nacionales-a-traves-de-instalaciones-y-esculturas-en-el-parque-cultural-de-valparaiso\/#primaryimage\"},\"thumbnailUrl\":\"https:\/\/dev.antudigital.cl\/sites\/vc\/wp-content\/uploads\/2022\/06\/Educacio\u0301n-Superior.jpeg\",\"keywords\":[\"Artes Visuales\",\"valpara\u00edso\"],\"articleSection\":[\"Noticia\"],\"inLanguage\":\"es\",\"potentialAction\":[{\"@type\":\"CommentAction\",\"name\":\"Comment\",\"target\":[\"https:\/\/dev.antudigital.cl\/sites\/vc\/exposicion-aborda-problematicas-nacionales-a-traves-de-instalaciones-y-esculturas-en-el-parque-cultural-de-valparaiso\/#respond\"]}]},{\"@type\":\"WebPage\",\"@id\":\"https:\/\/dev.antudigital.cl\/sites\/vc\/exposicion-aborda-problematicas-nacionales-a-traves-de-instalaciones-y-esculturas-en-el-parque-cultural-de-valparaiso\/\",\"url\":\"https:\/\/dev.antudigital.cl\/sites\/vc\/exposicion-aborda-problematicas-nacionales-a-traves-de-instalaciones-y-esculturas-en-el-parque-cultural-de-valparaiso\/\",\"name\":\"Exposici\u00f3n aborda problem\u00e1ticas nacionales a trav\u00e9s de instalaciones y esculturas en el Parque Cultural de Valpara\u00edso - Valpara\u00ed\u00adso Creativo\",\"isPartOf\":{\"@id\":\"https:\/\/dev.antudigital.cl\/sites\/vc\/#website\"},\"primaryImageOfPage\":{\"@id\":\"https:\/\/dev.antudigital.cl\/sites\/vc\/exposicion-aborda-problematicas-nacionales-a-traves-de-instalaciones-y-esculturas-en-el-parque-cultural-de-valparaiso\/#primaryimage\"},\"image\":{\"@id\":\"https:\/\/dev.antudigital.cl\/sites\/vc\/exposicion-aborda-problematicas-nacionales-a-traves-de-instalaciones-y-esculturas-en-el-parque-cultural-de-valparaiso\/#primaryimage\"},\"thumbnailUrl\":\"https:\/\/dev.antudigital.cl\/sites\/vc\/wp-content\/uploads\/2022\/06\/Educacio\u0301n-Superior.jpeg\",\"datePublished\":\"2022-06-20T15:40:06+00:00\",\"dateModified\":\"2022-06-20T15:40:12+00:00\",\"author\":{\"@id\":\"https:\/\/dev.antudigital.cl\/sites\/vc\/#\/schema\/person\/c2b9da8dd545e27166fc5ab232837318\"},\"breadcrumb\":{\"@id\":\"https:\/\/dev.antudigital.cl\/sites\/vc\/exposicion-aborda-problematicas-nacionales-a-traves-de-instalaciones-y-esculturas-en-el-parque-cultural-de-valparaiso\/#breadcrumb\"},\"inLanguage\":\"es\",\"potentialAction\":[{\"@type\":\"ReadAction\",\"target\":[\"https:\/\/dev.antudigital.cl\/sites\/vc\/exposicion-aborda-problematicas-nacionales-a-traves-de-instalaciones-y-esculturas-en-el-parque-cultural-de-valparaiso\/\"]}]},{\"@type\":\"ImageObject\",\"inLanguage\":\"es\",\"@id\":\"https:\/\/dev.antudigital.cl\/sites\/vc\/exposicion-aborda-problematicas-nacionales-a-traves-de-instalaciones-y-esculturas-en-el-parque-cultural-de-valparaiso\/#primaryimage\",\"url\":\"https:\/\/dev.antudigital.cl\/sites\/vc\/wp-content\/uploads\/2022\/06\/Educacio\u0301n-Superior.jpeg\",\"contentUrl\":\"https:\/\/dev.antudigital.cl\/sites\/vc\/wp-content\/uploads\/2022\/06\/Educacio\u0301n-Superior.jpeg\",\"width\":1616,\"height\":1080},{\"@type\":\"BreadcrumbList\",\"@id\":\"https:\/\/dev.antudigital.cl\/sites\/vc\/exposicion-aborda-problematicas-nacionales-a-traves-de-instalaciones-y-esculturas-en-el-parque-cultural-de-valparaiso\/#breadcrumb\",\"itemListElement\":[{\"@type\":\"ListItem\",\"position\":1,\"name\":\"Home\",\"item\":\"https:\/\/dev.antudigital.cl\/sites\/vc\/\"},{\"@type\":\"ListItem\",\"position\":2,\"name\":\"Exposici\u00f3n aborda problem\u00e1ticas nacionales a trav\u00e9s de instalaciones y esculturas en el Parque Cultural de Valpara\u00edso\"}]},{\"@type\":\"WebSite\",\"@id\":\"https:\/\/dev.antudigital.cl\/sites\/vc\/#website\",\"url\":\"https:\/\/dev.antudigital.cl\/sites\/vc\/\",\"name\":\"Valpara\u00ed\u00adso Creativo\",\"description\":\"\",\"potentialAction\":[{\"@type\":\"SearchAction\",\"target\":{\"@type\":\"EntryPoint\",\"urlTemplate\":\"https:\/\/dev.antudigital.cl\/sites\/vc\/?s={search_term_string}\"},\"query-input\":{\"@type\":\"PropertyValueSpecification\",\"valueRequired\":true,\"valueName\":\"search_term_string\"}}],\"inLanguage\":\"es\"},{\"@type\":\"Person\",\"@id\":\"https:\/\/dev.antudigital.cl\/sites\/vc\/#\/schema\/person\/c2b9da8dd545e27166fc5ab232837318\",\"name\":\"Valpara\u00edso Creativo\",\"description\":\"Periodista de cultura en la Regi\u00f3n de Valpara\u00edso.\",\"url\":\"https:\/\/dev.antudigital.cl\/sites\/vc\/author\/valpoadmin\/\"}]}<\/script>\n<!-- \/ Yoast SEO plugin. -->","yoast_head_json":{"title":"Exposici\u00f3n aborda problem\u00e1ticas nacionales a trav\u00e9s de instalaciones y esculturas en el Parque Cultural de Valpara\u00edso - Valpara\u00ed\u00adso Creativo","robots":{"index":"index","follow":"follow","max-snippet":"max-snippet:-1","max-image-preview":"max-image-preview:large","max-video-preview":"max-video-preview:-1"},"canonical":"https:\/\/dev.antudigital.cl\/sites\/vc\/exposicion-aborda-problematicas-nacionales-a-traves-de-instalaciones-y-esculturas-en-el-parque-cultural-de-valparaiso\/","og_locale":"es_ES","og_type":"article","og_title":"Exposici\u00f3n aborda problem\u00e1ticas nacionales a trav\u00e9s de instalaciones y esculturas en el Parque Cultural de Valpara\u00edso - Valpara\u00ed\u00adso Creativo","og_description":"\u201cNublado Variando a Parcial\u201d es el nombre de la exposici\u00f3n del artista visual y m\u00fasico Gabriel Holzapfel, que re\u00fane una serie de obras de mediano, peque\u00f1o y gran formato, en su mayor\u00eda de corte conceptual y realizadas especialmente para la muestra. En ellas el artista aborda una visi\u00f3n panor\u00e1mica de la coyuntura nacional desde una [&hellip;]","og_url":"https:\/\/dev.antudigital.cl\/sites\/vc\/exposicion-aborda-problematicas-nacionales-a-traves-de-instalaciones-y-esculturas-en-el-parque-cultural-de-valparaiso\/","og_site_name":"Valpara\u00ed\u00adso Creativo","article_published_time":"2022-06-20T15:40:06+00:00","article_modified_time":"2022-06-20T15:40:12+00:00","og_image":[{"width":1616,"height":1080,"url":"https:\/\/dev.antudigital.cl\/sites\/vc\/wp-content\/uploads\/2022\/06\/Educacio\u0301n-Superior.jpeg","type":"image\/jpeg"}],"author":"Valpara\u00edso Creativo","twitter_card":"summary_large_image","twitter_misc":{"Escrito por":"Valpara\u00edso Creativo","Tiempo de lectura":"3 minutos"},"schema":{"@context":"https:\/\/schema.org","@graph":[{"@type":"Article","@id":"https:\/\/dev.antudigital.cl\/sites\/vc\/exposicion-aborda-problematicas-nacionales-a-traves-de-instalaciones-y-esculturas-en-el-parque-cultural-de-valparaiso\/#article","isPartOf":{"@id":"https:\/\/dev.antudigital.cl\/sites\/vc\/exposicion-aborda-problematicas-nacionales-a-traves-de-instalaciones-y-esculturas-en-el-parque-cultural-de-valparaiso\/"},"author":{"name":"Valpara\u00edso Creativo","@id":"https:\/\/dev.antudigital.cl\/sites\/vc\/#\/schema\/person\/c2b9da8dd545e27166fc5ab232837318"},"headline":"Exposici\u00f3n aborda problem\u00e1ticas nacionales a trav\u00e9s de instalaciones y esculturas en el Parque Cultural de Valpara\u00edso","datePublished":"2022-06-20T15:40:06+00:00","dateModified":"2022-06-20T15:40:12+00:00","mainEntityOfPage":{"@id":"https:\/\/dev.antudigital.cl\/sites\/vc\/exposicion-aborda-problematicas-nacionales-a-traves-de-instalaciones-y-esculturas-en-el-parque-cultural-de-valparaiso\/"},"wordCount":408,"commentCount":0,"image":{"@id":"https:\/\/dev.antudigital.cl\/sites\/vc\/exposicion-aborda-problematicas-nacionales-a-traves-de-instalaciones-y-esculturas-en-el-parque-cultural-de-valparaiso\/#primaryimage"},"thumbnailUrl":"https:\/\/dev.antudigital.cl\/sites\/vc\/wp-content\/uploads\/2022\/06\/Educacio\u0301n-Superior.jpeg","keywords":["Artes Visuales","valpara\u00edso"],"articleSection":["Noticia"],"inLanguage":"es","potentialAction":[{"@type":"CommentAction","name":"Comment","target":["https:\/\/dev.antudigital.cl\/sites\/vc\/exposicion-aborda-problematicas-nacionales-a-traves-de-instalaciones-y-esculturas-en-el-parque-cultural-de-valparaiso\/#respond"]}]},{"@type":"WebPage","@id":"https:\/\/dev.antudigital.cl\/sites\/vc\/exposicion-aborda-problematicas-nacionales-a-traves-de-instalaciones-y-esculturas-en-el-parque-cultural-de-valparaiso\/","url":"https:\/\/dev.antudigital.cl\/sites\/vc\/exposicion-aborda-problematicas-nacionales-a-traves-de-instalaciones-y-esculturas-en-el-parque-cultural-de-valparaiso\/","name":"Exposici\u00f3n aborda problem\u00e1ticas nacionales a trav\u00e9s de instalaciones y esculturas en el Parque Cultural de Valpara\u00edso - Valpara\u00ed\u00adso Creativo","isPartOf":{"@id":"https:\/\/dev.antudigital.cl\/sites\/vc\/#website"},"primaryImageOfPage":{"@id":"https:\/\/dev.antudigital.cl\/sites\/vc\/exposicion-aborda-problematicas-nacionales-a-traves-de-instalaciones-y-esculturas-en-el-parque-cultural-de-valparaiso\/#primaryimage"},"image":{"@id":"https:\/\/dev.antudigital.cl\/sites\/vc\/exposicion-aborda-problematicas-nacionales-a-traves-de-instalaciones-y-esculturas-en-el-parque-cultural-de-valparaiso\/#primaryimage"},"thumbnailUrl":"https:\/\/dev.antudigital.cl\/sites\/vc\/wp-content\/uploads\/2022\/06\/Educacio\u0301n-Superior.jpeg","datePublished":"2022-06-20T15:40:06+00:00","dateModified":"2022-06-20T15:40:12+00:00","author":{"@id":"https:\/\/dev.antudigital.cl\/sites\/vc\/#\/schema\/person\/c2b9da8dd545e27166fc5ab232837318"},"breadcrumb":{"@id":"https:\/\/dev.antudigital.cl\/sites\/vc\/exposicion-aborda-problematicas-nacionales-a-traves-de-instalaciones-y-esculturas-en-el-parque-cultural-de-valparaiso\/#breadcrumb"},"inLanguage":"es","potentialAction":[{"@type":"ReadAction","target":["https:\/\/dev.antudigital.cl\/sites\/vc\/exposicion-aborda-problematicas-nacionales-a-traves-de-instalaciones-y-esculturas-en-el-parque-cultural-de-valparaiso\/"]}]},{"@type":"ImageObject","inLanguage":"es","@id":"https:\/\/dev.antudigital.cl\/sites\/vc\/exposicion-aborda-problematicas-nacionales-a-traves-de-instalaciones-y-esculturas-en-el-parque-cultural-de-valparaiso\/#primaryimage","url":"https:\/\/dev.antudigital.cl\/sites\/vc\/wp-content\/uploads\/2022\/06\/Educacio\u0301n-Superior.jpeg","contentUrl":"https:\/\/dev.antudigital.cl\/sites\/vc\/wp-content\/uploads\/2022\/06\/Educacio\u0301n-Superior.jpeg","width":1616,"height":1080},{"@type":"BreadcrumbList","@id":"https:\/\/dev.antudigital.cl\/sites\/vc\/exposicion-aborda-problematicas-nacionales-a-traves-de-instalaciones-y-esculturas-en-el-parque-cultural-de-valparaiso\/#breadcrumb","itemListElement":[{"@type":"ListItem","position":1,"name":"Home","item":"https:\/\/dev.antudigital.cl\/sites\/vc\/"},{"@type":"ListItem","position":2,"name":"Exposici\u00f3n aborda problem\u00e1ticas nacionales a trav\u00e9s de instalaciones y esculturas en el Parque Cultural de Valpara\u00edso"}]},{"@type":"WebSite","@id":"https:\/\/dev.antudigital.cl\/sites\/vc\/#website","url":"https:\/\/dev.antudigital.cl\/sites\/vc\/","name":"Valpara\u00ed\u00adso Creativo","description":"","potentialAction":[{"@type":"SearchAction","target":{"@type":"EntryPoint","urlTemplate":"https:\/\/dev.antudigital.cl\/sites\/vc\/?s={search_term_string}"},"query-input":{"@type":"PropertyValueSpecification","valueRequired":true,"valueName":"search_term_string"}}],"inLanguage":"es"},{"@type":"Person","@id":"https:\/\/dev.antudigital.cl\/sites\/vc\/#\/schema\/person\/c2b9da8dd545e27166fc5ab232837318","name":"Valpara\u00edso Creativo","description":"Periodista de cultura en la Regi\u00f3n de Valpara\u00edso.","url":"https:\/\/dev.antudigital.cl\/sites\/vc\/author\/valpoadmin\/"}]}},"_links":{"self":[{"href":"https:\/\/dev.antudigital.cl\/sites\/vc\/wp-json\/wp\/v2\/posts\/11148","targetHints":{"allow":["GET"]}}],"collection":[{"href":"https:\/\/dev.antudigital.cl\/sites\/vc\/wp-json\/wp\/v2\/posts"}],"about":[{"href":"https:\/\/dev.antudigital.cl\/sites\/vc\/wp-json\/wp\/v2\/types\/post"}],"author":[{"embeddable":true,"href":"https:\/\/dev.antudigital.cl\/sites\/vc\/wp-json\/wp\/v2\/users\/1"}],"replies":[{"embeddable":true,"href":"https:\/\/dev.antudigital.cl\/sites\/vc\/wp-json\/wp\/v2\/comments?post=11148"}],"version-history":[{"count":1,"href":"https:\/\/dev.antudigital.cl\/sites\/vc\/wp-json\/wp\/v2\/posts\/11148\/revisions"}],"predecessor-version":[{"id":11152,"href":"https:\/\/dev.antudigital.cl\/sites\/vc\/wp-json\/wp\/v2\/posts\/11148\/revisions\/11152"}],"wp:featuredmedia":[{"embeddable":true,"href":"https:\/\/dev.antudigital.cl\/sites\/vc\/wp-json\/wp\/v2\/media\/11150"}],"wp:attachment":[{"href":"https:\/\/dev.antudigital.cl\/sites\/vc\/wp-json\/wp\/v2\/media?parent=11148"}],"wp:term":[{"taxonomy":"category","embeddable":true,"href":"https:\/\/dev.antudigital.cl\/sites\/vc\/wp-json\/wp\/v2\/categories?post=11148"},{"taxonomy":"post_tag","embeddable":true,"href":"https:\/\/dev.antudigital.cl\/sites\/vc\/wp-json\/wp\/v2\/tags?post=11148"}],"curies":[{"name":"wp","href":"https:\/\/api.w.org\/{rel}","templated":true}]}}