{"id":11153,"date":"2022-06-20T15:48:59","date_gmt":"2022-06-20T15:48:59","guid":{"rendered":"https:\/\/www.valparaisocreativo.cl\/?p=11153"},"modified":"2022-06-20T15:49:43","modified_gmt":"2022-06-20T15:49:43","slug":"producciones-ex-centricas-la-exposicion-de-arte-que-visibiliza-la-realidad-de-los-chilenos-no-santiaguinos","status":"publish","type":"post","link":"https:\/\/dev.antudigital.cl\/sites\/vc\/producciones-ex-centricas-la-exposicion-de-arte-que-visibiliza-la-realidad-de-los-chilenos-no-santiaguinos\/","title":{"rendered":"Producciones Ex \u2013 C\u00e9ntricas: La exposici\u00f3n de arte que visibiliza la realidad de los \u201cchilenos no santiaguinos\u201d"},"content":{"rendered":"\n<ul class=\"wp-block-list\"><li>La muestra de la colectiva <strong>Interprovincial de Artistas I.De.A <\/strong>se inaugur\u00f3 el pasado viernes 10 de junio en la Galer\u00eda Municipal de Arte de Valpara\u00edso.<\/li><li>El montaje es un recorrido a trav\u00e9s de distintas disciplinas art\u00edsticas que dejan de manifiesto problem\u00e1ticas que afectan a la provincia como la contaminaci\u00f3n, sequ\u00eda, el urbanismo descontrolado y la inequidad.<\/li><\/ul>\n\n\n\n<p>La provincia es el n\u00facleo, y desde ah\u00ed se construye un mapa en el que cada artista visual de esta agrupaci\u00f3n aporta una visi\u00f3n cr\u00edtica, honesta y desenfadada que refleja la provincia y su precarizaci\u00f3n. Una mirada a trav\u00e9s de la pintura, gr\u00e1fica, fotograf\u00eda, escultura, lo sonoro y la video instalaci\u00f3n que pone en evidencia las zonas de sacrificio ambiental; el urbanismo absurdo; el monocultivo y la sequ\u00eda; el feminicidio y las dificultades de la mujer en la sociedad y el deterioro del patrimonio, entre otras realidades.\u00a0\u00a0\u00a0<\/p>\n\n\n\n<figure class=\"wp-block-image size-large\"><img fetchpriority=\"high\" decoding=\"async\" width=\"1024\" height=\"684\" src=\"https:\/\/www.valparaisocreativo.cl\/wp-content\/uploads\/2022\/06\/Producciones-Ex-Ce\u0301ntricas-1-1024x684.jpg\" alt=\"\" class=\"wp-image-11154\" srcset=\"https:\/\/dev.antudigital.cl\/sites\/vc\/wp-content\/uploads\/2022\/06\/Producciones-Ex-Ce\u0301ntricas-1-1024x684.jpg 1024w, https:\/\/dev.antudigital.cl\/sites\/vc\/wp-content\/uploads\/2022\/06\/Producciones-Ex-Ce\u0301ntricas-1-300x200.jpg 300w, https:\/\/dev.antudigital.cl\/sites\/vc\/wp-content\/uploads\/2022\/06\/Producciones-Ex-Ce\u0301ntricas-1-768x513.jpg 768w, https:\/\/dev.antudigital.cl\/sites\/vc\/wp-content\/uploads\/2022\/06\/Producciones-Ex-Ce\u0301ntricas-1-1536x1026.jpg 1536w, https:\/\/dev.antudigital.cl\/sites\/vc\/wp-content\/uploads\/2022\/06\/Producciones-Ex-Ce\u0301ntricas-1-2048x1367.jpg 2048w, https:\/\/dev.antudigital.cl\/sites\/vc\/wp-content\/uploads\/2022\/06\/Producciones-Ex-Ce\u0301ntricas-1-1080x721.jpg 1080w, https:\/\/dev.antudigital.cl\/sites\/vc\/wp-content\/uploads\/2022\/06\/Producciones-Ex-Ce\u0301ntricas-1-1280x855.jpg 1280w, https:\/\/dev.antudigital.cl\/sites\/vc\/wp-content\/uploads\/2022\/06\/Producciones-Ex-Ce\u0301ntricas-1-980x654.jpg 980w, https:\/\/dev.antudigital.cl\/sites\/vc\/wp-content\/uploads\/2022\/06\/Producciones-Ex-Ce\u0301ntricas-1-480x320.jpg 480w\" sizes=\"(max-width: 1024px) 100vw, 1024px\" \/><\/figure>\n\n\n\n<p>El artista visual y miembro de I.De.A, Felipe Rojas Segura, explica que la&nbsp; exposici\u00f3n se plantea como una cartograf\u00eda abierta. \u201cCada artista presenta una especie de estaci\u00f3n de contenido en la que se tocan distintas tem\u00e1ticas que, en general y lamentablemente, son naturales de la provincia. En ese sentido, las obras se articulan entre s\u00ed por su discursividad, po\u00e9tica y simbolismo, dando as\u00ed el significado aglutinante de la muestra\u201d, comenta.&nbsp;<\/p>\n\n\n\n<figure class=\"wp-block-pullquote\"><blockquote><p><strong>La muestra estar\u00e1 abierta al p\u00fablico hasta el 5 de agosto en la Galer\u00eda Municipal de Arte de Valpara\u00edso, ubicada en calle Condell 1550. Se puede visitar de lunes a viernes de 10:30 a 16:00 horas.\u00a0<\/strong><\/p><\/blockquote><\/figure>\n\n\n\n<p>La exposici\u00f3n busca \u201cmostrar un mensaje claro, pero no pesimista; graficar con crudeza y justicia los cotidianos, sin caer en el arbitrio de la caricatura; hacer part\u00edcipes a los espectadores de esta experiencia est\u00e9tico-pol\u00edtica\u201d. As\u00ed lo manifiesta el texto curatorial del montaje, escrito por Rojas Segura, quien aclara que el arte siempre debe dejar un espacio para que el p\u00fablico reflexione e interprete a su antojo, pero s\u00ed existe un pie forzado en este recorrido: visibilizar la mayor cantidad de problem\u00e1ticas y situaciones que nos afectan como provincia.<\/p>\n\n\n\n<figure class=\"wp-block-image size-large\"><img decoding=\"async\" width=\"1024\" height=\"683\" src=\"https:\/\/www.valparaisocreativo.cl\/wp-content\/uploads\/2022\/06\/Producciones-Ex-Ce\u0301ntricas-3-1024x683.jpg\" alt=\"\" class=\"wp-image-11155\" srcset=\"https:\/\/dev.antudigital.cl\/sites\/vc\/wp-content\/uploads\/2022\/06\/Producciones-Ex-Ce\u0301ntricas-3-1024x683.jpg 1024w, https:\/\/dev.antudigital.cl\/sites\/vc\/wp-content\/uploads\/2022\/06\/Producciones-Ex-Ce\u0301ntricas-3-300x200.jpg 300w, https:\/\/dev.antudigital.cl\/sites\/vc\/wp-content\/uploads\/2022\/06\/Producciones-Ex-Ce\u0301ntricas-3-768x512.jpg 768w, https:\/\/dev.antudigital.cl\/sites\/vc\/wp-content\/uploads\/2022\/06\/Producciones-Ex-Ce\u0301ntricas-3-1536x1024.jpg 1536w, https:\/\/dev.antudigital.cl\/sites\/vc\/wp-content\/uploads\/2022\/06\/Producciones-Ex-Ce\u0301ntricas-3-2048x1365.jpg 2048w, https:\/\/dev.antudigital.cl\/sites\/vc\/wp-content\/uploads\/2022\/06\/Producciones-Ex-Ce\u0301ntricas-3-1080x720.jpg 1080w, https:\/\/dev.antudigital.cl\/sites\/vc\/wp-content\/uploads\/2022\/06\/Producciones-Ex-Ce\u0301ntricas-3-1280x854.jpg 1280w, https:\/\/dev.antudigital.cl\/sites\/vc\/wp-content\/uploads\/2022\/06\/Producciones-Ex-Ce\u0301ntricas-3-980x653.jpg 980w, https:\/\/dev.antudigital.cl\/sites\/vc\/wp-content\/uploads\/2022\/06\/Producciones-Ex-Ce\u0301ntricas-3-480x320.jpg 480w\" sizes=\"(max-width: 1024px) 100vw, 1024px\" \/><\/figure>\n\n\n\n<p>La colectiva I.De.A ya suma 4 exposiciones en distintas comunas de la regi\u00f3n de Valpara\u00edso. Est\u00e1 conformada por 10 artistas y se autodefine como un grupo heterog\u00e9neo que se gesta en la provincia, por y para la provincia. \u201cSurgi\u00f3 de manera bien org\u00e1nica y se ha desarrollado bajo esa misma l\u00f3gica: no es una colectiva quieta, est\u00e1tica en su formaci\u00f3n, sino que siempre hay un flujo tanto de ideas como de artistas\u201d, menciona el artista visual.&nbsp;&nbsp;<\/p>\n\n\n\n<p>\u201cProducciones Ex \u2013 C\u00e9ntricas: La Provincia como N\u00facleo\u201d se presenta como un punto de encuentro de lo social, pol\u00edtico y cultural que nos invita a viajar por la realidad de los \u201cchilenos no santiaguinos\u201d. Un montaje a cargo de Celeste N\u00fa\u00f1ez Bascu\u00f1\u00e1n, Jos\u00e9 Piraino, Carolina Gallardo, Teresa N\u00fa\u00f1ez Valdivieso, Marcos Fisurados, Constanz Cruz, Felipe Rojas Segura, Nemesio Orellana y Yessica Tauc\u00e1n que se realiza en memoria y homenaje a Macarena Nazarala.<\/p>\n","protected":false},"excerpt":{"rendered":"<p>La muestra de la colectiva Interprovincial de Artistas I.De.A se inaugur\u00f3 el pasado viernes 10 de junio en la Galer\u00eda Municipal de Arte de Valpara\u00edso. El montaje es un recorrido a trav\u00e9s de distintas disciplinas art\u00edsticas que dejan de manifiesto problem\u00e1ticas que afectan a la provincia como la contaminaci\u00f3n, sequ\u00eda, el urbanismo descontrolado y la [&hellip;]<\/p>\n","protected":false},"author":1,"featured_media":11157,"comment_status":"open","ping_status":"closed","sticky":false,"template":"","format":"standard","meta":{"_acf_changed":false,"footnotes":""},"categories":[8],"tags":[75,10],"class_list":["post-11153","post","type-post","status-publish","format-standard","has-post-thumbnail","hentry","category-noticia","tag-artes-visuales","tag-valparaiso"],"acf":[],"yoast_head":"<!-- This site is optimized with the Yoast SEO plugin v27.1.1 - https:\/\/yoast.com\/product\/yoast-seo-wordpress\/ -->\n<title>Producciones Ex \u2013 C\u00e9ntricas: La exposici\u00f3n de arte que visibiliza la realidad de los \u201cchilenos no santiaguinos\u201d - Valpara\u00ed\u00adso Creativo<\/title>\n<meta name=\"robots\" content=\"index, follow, max-snippet:-1, max-image-preview:large, max-video-preview:-1\" \/>\n<link rel=\"canonical\" href=\"https:\/\/dev.antudigital.cl\/sites\/vc\/producciones-ex-centricas-la-exposicion-de-arte-que-visibiliza-la-realidad-de-los-chilenos-no-santiaguinos\/\" \/>\n<meta property=\"og:locale\" content=\"es_ES\" \/>\n<meta property=\"og:type\" content=\"article\" \/>\n<meta property=\"og:title\" content=\"Producciones Ex \u2013 C\u00e9ntricas: La exposici\u00f3n de arte que visibiliza la realidad de los \u201cchilenos no santiaguinos\u201d - Valpara\u00ed\u00adso Creativo\" \/>\n<meta property=\"og:description\" content=\"La muestra de la colectiva Interprovincial de Artistas I.De.A se inaugur\u00f3 el pasado viernes 10 de junio en la Galer\u00eda Municipal de Arte de Valpara\u00edso. El montaje es un recorrido a trav\u00e9s de distintas disciplinas art\u00edsticas que dejan de manifiesto problem\u00e1ticas que afectan a la provincia como la contaminaci\u00f3n, sequ\u00eda, el urbanismo descontrolado y la [&hellip;]\" \/>\n<meta property=\"og:url\" content=\"https:\/\/dev.antudigital.cl\/sites\/vc\/producciones-ex-centricas-la-exposicion-de-arte-que-visibiliza-la-realidad-de-los-chilenos-no-santiaguinos\/\" \/>\n<meta property=\"og:site_name\" content=\"Valpara\u00ed\u00adso Creativo\" \/>\n<meta property=\"article:published_time\" content=\"2022-06-20T15:48:59+00:00\" \/>\n<meta property=\"article:modified_time\" content=\"2022-06-20T15:49:43+00:00\" \/>\n<meta property=\"og:image\" content=\"https:\/\/dev.antudigital.cl\/sites\/vc\/wp-content\/uploads\/2022\/06\/Producciones-Ex-Ce\u0301ntricas-4-scaled.jpg\" \/>\n\t<meta property=\"og:image:width\" content=\"2560\" \/>\n\t<meta property=\"og:image:height\" content=\"1709\" \/>\n\t<meta property=\"og:image:type\" content=\"image\/jpeg\" \/>\n<meta name=\"author\" content=\"Valpara\u00edso Creativo\" \/>\n<meta name=\"twitter:card\" content=\"summary_large_image\" \/>\n<meta name=\"twitter:label1\" content=\"Escrito por\" \/>\n\t<meta name=\"twitter:data1\" content=\"Valpara\u00edso Creativo\" \/>\n\t<meta name=\"twitter:label2\" content=\"Tiempo de lectura\" \/>\n\t<meta name=\"twitter:data2\" content=\"3 minutos\" \/>\n<script type=\"application\/ld+json\" class=\"yoast-schema-graph\">{\"@context\":\"https:\/\/schema.org\",\"@graph\":[{\"@type\":\"Article\",\"@id\":\"https:\/\/dev.antudigital.cl\/sites\/vc\/producciones-ex-centricas-la-exposicion-de-arte-que-visibiliza-la-realidad-de-los-chilenos-no-santiaguinos\/#article\",\"isPartOf\":{\"@id\":\"https:\/\/dev.antudigital.cl\/sites\/vc\/producciones-ex-centricas-la-exposicion-de-arte-que-visibiliza-la-realidad-de-los-chilenos-no-santiaguinos\/\"},\"author\":{\"name\":\"Valpara\u00edso Creativo\",\"@id\":\"https:\/\/dev.antudigital.cl\/sites\/vc\/#\/schema\/person\/c2b9da8dd545e27166fc5ab232837318\"},\"headline\":\"Producciones Ex \u2013 C\u00e9ntricas: La exposici\u00f3n de arte que visibiliza la realidad de los \u201cchilenos no santiaguinos\u201d\",\"datePublished\":\"2022-06-20T15:48:59+00:00\",\"dateModified\":\"2022-06-20T15:49:43+00:00\",\"mainEntityOfPage\":{\"@id\":\"https:\/\/dev.antudigital.cl\/sites\/vc\/producciones-ex-centricas-la-exposicion-de-arte-que-visibiliza-la-realidad-de-los-chilenos-no-santiaguinos\/\"},\"wordCount\":549,\"commentCount\":0,\"image\":{\"@id\":\"https:\/\/dev.antudigital.cl\/sites\/vc\/producciones-ex-centricas-la-exposicion-de-arte-que-visibiliza-la-realidad-de-los-chilenos-no-santiaguinos\/#primaryimage\"},\"thumbnailUrl\":\"https:\/\/dev.antudigital.cl\/sites\/vc\/wp-content\/uploads\/2022\/06\/Producciones-Ex-Ce\u0301ntricas-4-scaled.jpg\",\"keywords\":[\"Artes Visuales\",\"valpara\u00edso\"],\"articleSection\":[\"Noticia\"],\"inLanguage\":\"es\",\"potentialAction\":[{\"@type\":\"CommentAction\",\"name\":\"Comment\",\"target\":[\"https:\/\/dev.antudigital.cl\/sites\/vc\/producciones-ex-centricas-la-exposicion-de-arte-que-visibiliza-la-realidad-de-los-chilenos-no-santiaguinos\/#respond\"]}]},{\"@type\":\"WebPage\",\"@id\":\"https:\/\/dev.antudigital.cl\/sites\/vc\/producciones-ex-centricas-la-exposicion-de-arte-que-visibiliza-la-realidad-de-los-chilenos-no-santiaguinos\/\",\"url\":\"https:\/\/dev.antudigital.cl\/sites\/vc\/producciones-ex-centricas-la-exposicion-de-arte-que-visibiliza-la-realidad-de-los-chilenos-no-santiaguinos\/\",\"name\":\"Producciones Ex \u2013 C\u00e9ntricas: La exposici\u00f3n de arte que visibiliza la realidad de los \u201cchilenos no santiaguinos\u201d - Valpara\u00ed\u00adso Creativo\",\"isPartOf\":{\"@id\":\"https:\/\/dev.antudigital.cl\/sites\/vc\/#website\"},\"primaryImageOfPage\":{\"@id\":\"https:\/\/dev.antudigital.cl\/sites\/vc\/producciones-ex-centricas-la-exposicion-de-arte-que-visibiliza-la-realidad-de-los-chilenos-no-santiaguinos\/#primaryimage\"},\"image\":{\"@id\":\"https:\/\/dev.antudigital.cl\/sites\/vc\/producciones-ex-centricas-la-exposicion-de-arte-que-visibiliza-la-realidad-de-los-chilenos-no-santiaguinos\/#primaryimage\"},\"thumbnailUrl\":\"https:\/\/dev.antudigital.cl\/sites\/vc\/wp-content\/uploads\/2022\/06\/Producciones-Ex-Ce\u0301ntricas-4-scaled.jpg\",\"datePublished\":\"2022-06-20T15:48:59+00:00\",\"dateModified\":\"2022-06-20T15:49:43+00:00\",\"author\":{\"@id\":\"https:\/\/dev.antudigital.cl\/sites\/vc\/#\/schema\/person\/c2b9da8dd545e27166fc5ab232837318\"},\"breadcrumb\":{\"@id\":\"https:\/\/dev.antudigital.cl\/sites\/vc\/producciones-ex-centricas-la-exposicion-de-arte-que-visibiliza-la-realidad-de-los-chilenos-no-santiaguinos\/#breadcrumb\"},\"inLanguage\":\"es\",\"potentialAction\":[{\"@type\":\"ReadAction\",\"target\":[\"https:\/\/dev.antudigital.cl\/sites\/vc\/producciones-ex-centricas-la-exposicion-de-arte-que-visibiliza-la-realidad-de-los-chilenos-no-santiaguinos\/\"]}]},{\"@type\":\"ImageObject\",\"inLanguage\":\"es\",\"@id\":\"https:\/\/dev.antudigital.cl\/sites\/vc\/producciones-ex-centricas-la-exposicion-de-arte-que-visibiliza-la-realidad-de-los-chilenos-no-santiaguinos\/#primaryimage\",\"url\":\"https:\/\/dev.antudigital.cl\/sites\/vc\/wp-content\/uploads\/2022\/06\/Producciones-Ex-Ce\u0301ntricas-4-scaled.jpg\",\"contentUrl\":\"https:\/\/dev.antudigital.cl\/sites\/vc\/wp-content\/uploads\/2022\/06\/Producciones-Ex-Ce\u0301ntricas-4-scaled.jpg\",\"width\":2560,\"height\":1709},{\"@type\":\"BreadcrumbList\",\"@id\":\"https:\/\/dev.antudigital.cl\/sites\/vc\/producciones-ex-centricas-la-exposicion-de-arte-que-visibiliza-la-realidad-de-los-chilenos-no-santiaguinos\/#breadcrumb\",\"itemListElement\":[{\"@type\":\"ListItem\",\"position\":1,\"name\":\"Home\",\"item\":\"https:\/\/dev.antudigital.cl\/sites\/vc\/\"},{\"@type\":\"ListItem\",\"position\":2,\"name\":\"Producciones Ex \u2013 C\u00e9ntricas: La exposici\u00f3n de arte que visibiliza la realidad de los \u201cchilenos no santiaguinos\u201d\"}]},{\"@type\":\"WebSite\",\"@id\":\"https:\/\/dev.antudigital.cl\/sites\/vc\/#website\",\"url\":\"https:\/\/dev.antudigital.cl\/sites\/vc\/\",\"name\":\"Valpara\u00ed\u00adso Creativo\",\"description\":\"\",\"potentialAction\":[{\"@type\":\"SearchAction\",\"target\":{\"@type\":\"EntryPoint\",\"urlTemplate\":\"https:\/\/dev.antudigital.cl\/sites\/vc\/?s={search_term_string}\"},\"query-input\":{\"@type\":\"PropertyValueSpecification\",\"valueRequired\":true,\"valueName\":\"search_term_string\"}}],\"inLanguage\":\"es\"},{\"@type\":\"Person\",\"@id\":\"https:\/\/dev.antudigital.cl\/sites\/vc\/#\/schema\/person\/c2b9da8dd545e27166fc5ab232837318\",\"name\":\"Valpara\u00edso Creativo\",\"description\":\"Periodista de cultura en la Regi\u00f3n de Valpara\u00edso.\",\"url\":\"https:\/\/dev.antudigital.cl\/sites\/vc\/author\/valpoadmin\/\"}]}<\/script>\n<!-- \/ Yoast SEO plugin. -->","yoast_head_json":{"title":"Producciones Ex \u2013 C\u00e9ntricas: La exposici\u00f3n de arte que visibiliza la realidad de los \u201cchilenos no santiaguinos\u201d - Valpara\u00ed\u00adso Creativo","robots":{"index":"index","follow":"follow","max-snippet":"max-snippet:-1","max-image-preview":"max-image-preview:large","max-video-preview":"max-video-preview:-1"},"canonical":"https:\/\/dev.antudigital.cl\/sites\/vc\/producciones-ex-centricas-la-exposicion-de-arte-que-visibiliza-la-realidad-de-los-chilenos-no-santiaguinos\/","og_locale":"es_ES","og_type":"article","og_title":"Producciones Ex \u2013 C\u00e9ntricas: La exposici\u00f3n de arte que visibiliza la realidad de los \u201cchilenos no santiaguinos\u201d - Valpara\u00ed\u00adso Creativo","og_description":"La muestra de la colectiva Interprovincial de Artistas I.De.A se inaugur\u00f3 el pasado viernes 10 de junio en la Galer\u00eda Municipal de Arte de Valpara\u00edso. El montaje es un recorrido a trav\u00e9s de distintas disciplinas art\u00edsticas que dejan de manifiesto problem\u00e1ticas que afectan a la provincia como la contaminaci\u00f3n, sequ\u00eda, el urbanismo descontrolado y la [&hellip;]","og_url":"https:\/\/dev.antudigital.cl\/sites\/vc\/producciones-ex-centricas-la-exposicion-de-arte-que-visibiliza-la-realidad-de-los-chilenos-no-santiaguinos\/","og_site_name":"Valpara\u00ed\u00adso Creativo","article_published_time":"2022-06-20T15:48:59+00:00","article_modified_time":"2022-06-20T15:49:43+00:00","og_image":[{"width":2560,"height":1709,"url":"https:\/\/dev.antudigital.cl\/sites\/vc\/wp-content\/uploads\/2022\/06\/Producciones-Ex-Ce\u0301ntricas-4-scaled.jpg","type":"image\/jpeg"}],"author":"Valpara\u00edso Creativo","twitter_card":"summary_large_image","twitter_misc":{"Escrito por":"Valpara\u00edso Creativo","Tiempo de lectura":"3 minutos"},"schema":{"@context":"https:\/\/schema.org","@graph":[{"@type":"Article","@id":"https:\/\/dev.antudigital.cl\/sites\/vc\/producciones-ex-centricas-la-exposicion-de-arte-que-visibiliza-la-realidad-de-los-chilenos-no-santiaguinos\/#article","isPartOf":{"@id":"https:\/\/dev.antudigital.cl\/sites\/vc\/producciones-ex-centricas-la-exposicion-de-arte-que-visibiliza-la-realidad-de-los-chilenos-no-santiaguinos\/"},"author":{"name":"Valpara\u00edso Creativo","@id":"https:\/\/dev.antudigital.cl\/sites\/vc\/#\/schema\/person\/c2b9da8dd545e27166fc5ab232837318"},"headline":"Producciones Ex \u2013 C\u00e9ntricas: La exposici\u00f3n de arte que visibiliza la realidad de los \u201cchilenos no santiaguinos\u201d","datePublished":"2022-06-20T15:48:59+00:00","dateModified":"2022-06-20T15:49:43+00:00","mainEntityOfPage":{"@id":"https:\/\/dev.antudigital.cl\/sites\/vc\/producciones-ex-centricas-la-exposicion-de-arte-que-visibiliza-la-realidad-de-los-chilenos-no-santiaguinos\/"},"wordCount":549,"commentCount":0,"image":{"@id":"https:\/\/dev.antudigital.cl\/sites\/vc\/producciones-ex-centricas-la-exposicion-de-arte-que-visibiliza-la-realidad-de-los-chilenos-no-santiaguinos\/#primaryimage"},"thumbnailUrl":"https:\/\/dev.antudigital.cl\/sites\/vc\/wp-content\/uploads\/2022\/06\/Producciones-Ex-Ce\u0301ntricas-4-scaled.jpg","keywords":["Artes Visuales","valpara\u00edso"],"articleSection":["Noticia"],"inLanguage":"es","potentialAction":[{"@type":"CommentAction","name":"Comment","target":["https:\/\/dev.antudigital.cl\/sites\/vc\/producciones-ex-centricas-la-exposicion-de-arte-que-visibiliza-la-realidad-de-los-chilenos-no-santiaguinos\/#respond"]}]},{"@type":"WebPage","@id":"https:\/\/dev.antudigital.cl\/sites\/vc\/producciones-ex-centricas-la-exposicion-de-arte-que-visibiliza-la-realidad-de-los-chilenos-no-santiaguinos\/","url":"https:\/\/dev.antudigital.cl\/sites\/vc\/producciones-ex-centricas-la-exposicion-de-arte-que-visibiliza-la-realidad-de-los-chilenos-no-santiaguinos\/","name":"Producciones Ex \u2013 C\u00e9ntricas: La exposici\u00f3n de arte que visibiliza la realidad de los \u201cchilenos no santiaguinos\u201d - Valpara\u00ed\u00adso Creativo","isPartOf":{"@id":"https:\/\/dev.antudigital.cl\/sites\/vc\/#website"},"primaryImageOfPage":{"@id":"https:\/\/dev.antudigital.cl\/sites\/vc\/producciones-ex-centricas-la-exposicion-de-arte-que-visibiliza-la-realidad-de-los-chilenos-no-santiaguinos\/#primaryimage"},"image":{"@id":"https:\/\/dev.antudigital.cl\/sites\/vc\/producciones-ex-centricas-la-exposicion-de-arte-que-visibiliza-la-realidad-de-los-chilenos-no-santiaguinos\/#primaryimage"},"thumbnailUrl":"https:\/\/dev.antudigital.cl\/sites\/vc\/wp-content\/uploads\/2022\/06\/Producciones-Ex-Ce\u0301ntricas-4-scaled.jpg","datePublished":"2022-06-20T15:48:59+00:00","dateModified":"2022-06-20T15:49:43+00:00","author":{"@id":"https:\/\/dev.antudigital.cl\/sites\/vc\/#\/schema\/person\/c2b9da8dd545e27166fc5ab232837318"},"breadcrumb":{"@id":"https:\/\/dev.antudigital.cl\/sites\/vc\/producciones-ex-centricas-la-exposicion-de-arte-que-visibiliza-la-realidad-de-los-chilenos-no-santiaguinos\/#breadcrumb"},"inLanguage":"es","potentialAction":[{"@type":"ReadAction","target":["https:\/\/dev.antudigital.cl\/sites\/vc\/producciones-ex-centricas-la-exposicion-de-arte-que-visibiliza-la-realidad-de-los-chilenos-no-santiaguinos\/"]}]},{"@type":"ImageObject","inLanguage":"es","@id":"https:\/\/dev.antudigital.cl\/sites\/vc\/producciones-ex-centricas-la-exposicion-de-arte-que-visibiliza-la-realidad-de-los-chilenos-no-santiaguinos\/#primaryimage","url":"https:\/\/dev.antudigital.cl\/sites\/vc\/wp-content\/uploads\/2022\/06\/Producciones-Ex-Ce\u0301ntricas-4-scaled.jpg","contentUrl":"https:\/\/dev.antudigital.cl\/sites\/vc\/wp-content\/uploads\/2022\/06\/Producciones-Ex-Ce\u0301ntricas-4-scaled.jpg","width":2560,"height":1709},{"@type":"BreadcrumbList","@id":"https:\/\/dev.antudigital.cl\/sites\/vc\/producciones-ex-centricas-la-exposicion-de-arte-que-visibiliza-la-realidad-de-los-chilenos-no-santiaguinos\/#breadcrumb","itemListElement":[{"@type":"ListItem","position":1,"name":"Home","item":"https:\/\/dev.antudigital.cl\/sites\/vc\/"},{"@type":"ListItem","position":2,"name":"Producciones Ex \u2013 C\u00e9ntricas: La exposici\u00f3n de arte que visibiliza la realidad de los \u201cchilenos no santiaguinos\u201d"}]},{"@type":"WebSite","@id":"https:\/\/dev.antudigital.cl\/sites\/vc\/#website","url":"https:\/\/dev.antudigital.cl\/sites\/vc\/","name":"Valpara\u00ed\u00adso Creativo","description":"","potentialAction":[{"@type":"SearchAction","target":{"@type":"EntryPoint","urlTemplate":"https:\/\/dev.antudigital.cl\/sites\/vc\/?s={search_term_string}"},"query-input":{"@type":"PropertyValueSpecification","valueRequired":true,"valueName":"search_term_string"}}],"inLanguage":"es"},{"@type":"Person","@id":"https:\/\/dev.antudigital.cl\/sites\/vc\/#\/schema\/person\/c2b9da8dd545e27166fc5ab232837318","name":"Valpara\u00edso Creativo","description":"Periodista de cultura en la Regi\u00f3n de Valpara\u00edso.","url":"https:\/\/dev.antudigital.cl\/sites\/vc\/author\/valpoadmin\/"}]}},"_links":{"self":[{"href":"https:\/\/dev.antudigital.cl\/sites\/vc\/wp-json\/wp\/v2\/posts\/11153","targetHints":{"allow":["GET"]}}],"collection":[{"href":"https:\/\/dev.antudigital.cl\/sites\/vc\/wp-json\/wp\/v2\/posts"}],"about":[{"href":"https:\/\/dev.antudigital.cl\/sites\/vc\/wp-json\/wp\/v2\/types\/post"}],"author":[{"embeddable":true,"href":"https:\/\/dev.antudigital.cl\/sites\/vc\/wp-json\/wp\/v2\/users\/1"}],"replies":[{"embeddable":true,"href":"https:\/\/dev.antudigital.cl\/sites\/vc\/wp-json\/wp\/v2\/comments?post=11153"}],"version-history":[{"count":2,"href":"https:\/\/dev.antudigital.cl\/sites\/vc\/wp-json\/wp\/v2\/posts\/11153\/revisions"}],"predecessor-version":[{"id":11158,"href":"https:\/\/dev.antudigital.cl\/sites\/vc\/wp-json\/wp\/v2\/posts\/11153\/revisions\/11158"}],"wp:featuredmedia":[{"embeddable":true,"href":"https:\/\/dev.antudigital.cl\/sites\/vc\/wp-json\/wp\/v2\/media\/11157"}],"wp:attachment":[{"href":"https:\/\/dev.antudigital.cl\/sites\/vc\/wp-json\/wp\/v2\/media?parent=11153"}],"wp:term":[{"taxonomy":"category","embeddable":true,"href":"https:\/\/dev.antudigital.cl\/sites\/vc\/wp-json\/wp\/v2\/categories?post=11153"},{"taxonomy":"post_tag","embeddable":true,"href":"https:\/\/dev.antudigital.cl\/sites\/vc\/wp-json\/wp\/v2\/tags?post=11153"}],"curies":[{"name":"wp","href":"https:\/\/api.w.org\/{rel}","templated":true}]}}