{"id":11205,"date":"2022-07-04T17:40:36","date_gmt":"2022-07-04T17:40:36","guid":{"rendered":"https:\/\/www.valparaisocreativo.cl\/?p=11205"},"modified":"2022-07-04T17:40:44","modified_gmt":"2022-07-04T17:40:44","slug":"baj-valparaiso-abre-convocatoria-para-el-%ef%bf%bcviii-laboratorio-de-produccion-musical","status":"publish","type":"post","link":"https:\/\/dev.antudigital.cl\/sites\/vc\/baj-valparaiso-abre-convocatoria-para-el-%ef%bf%bcviii-laboratorio-de-produccion-musical\/","title":{"rendered":"BAJ Valpara\u00edso abre convocatoria para el \ufffcVIII Laboratorio de Producci\u00f3n Musical"},"content":{"rendered":"\n<p>En su octava versi\u00f3n, el LPM de <a href=\"https:\/\/www.instagram.com\/bajvalpo\/\">Balmaceda Arte Joven Valpo<\/a> retoma su presencialidad despu\u00e9s de haber realizado su \u00faltimo laboratorio de manera virtual. Esta plataforma est\u00e1 dirigida a j\u00f3venes emergentes solistas, agrupaciones musicales y futuros productores musicales de la regi\u00f3n de Valpara\u00edso que busquen aproximarse a la profesionalizaci\u00f3n a trav\u00e9s de herramientas t\u00e9cnico \u2013 pr\u00e1cticas que potencien la gesti\u00f3n, creaci\u00f3n, composici\u00f3n, difusi\u00f3n e identidad de sus proyectos musicales.<\/p>\n\n\n\n<p>Su objetivo apunta a potenciar las distintas aristas del proceso de producci\u00f3n de m\u00fasica popular, integrando g\u00e9neros y estilos que var\u00edan desde el rock, el folk y lo urbano, entre otros. En est\u00e1 oportunidad, el \u00e9nfasis estar\u00e1 puesto en el proceso creativo, las t\u00e9cnicas de producci\u00f3n, el trabajo en equipo y la captaci\u00f3n de p\u00fablico optimizando los recursos para llegar a \u00e9l. Esto, adem\u00e1s de generar un intercambio entre sus participantes y destacados productores y artistas de la escena musical nacional.&nbsp;<\/p>\n\n\n\n<p>Este laboratorio ser\u00e1 coordinado por el productor musical y fundador del sello discogr\u00e1fico Mescalina, Mat\u00edas Sald\u00edas, y contar\u00e1 con clases te\u00f3ricas, sesiones pr\u00e1cticas y clases magistrales con invitadxs del rubro musical. Una vez finalizado, lxs solistas grabar\u00e1n un tema de su autor\u00eda, junto a su productor\/a asociadx, para un disco compilatorio del LPM 2022 que ser\u00e1 masterizado de manera profesional y distribuidos por plataformas de streaming y RRSS.<\/p>\n\n\n\n<p>El programa completo contempla 17 sesiones presenciales, a realizarse los lunes y mi\u00e9rcoles de 15.30 a 17.30 horas, desde el 1 de agosto de 2022, en la sede de BAJ Valpara\u00edso (Santa Isabel 739, Cerro Alegre, Valpara\u00edso). <strong>Postulaciones abiertas hasta el 10 de julio.<\/strong><\/p>\n\n\n\n<p><strong>Para postular debes ingresar a <\/strong><a href=\"http:\/\/www.baj.cl\"><strong>www.baj.cl<\/strong><\/a> y los requisitos fundamentales son: tener entre 18 a 29 a\u00f1os, residir en cualquier comuna de la regi\u00f3n de Valpara\u00edso, desarrollar un proyecto musical solista de m\u00fasica popular (con canciones propias), tener disponibilidad completa los d\u00edas lunes y mi\u00e9rcoles de 15.30 a 17.30 horas, entre los meses de agosto y noviembre de 2022; y contar con pase de movilidad vigente.<\/p>\n\n\n\n<p>Para m\u00e1s info, sigue a<a href=\"https:\/\/www.instagram.com\/bajvalpo\/\"> BAJ Valpo en sus RRSS<\/a><\/p>\n","protected":false},"excerpt":{"rendered":"<p>En su octava versi\u00f3n, el LPM de Balmaceda Arte Joven Valpo retoma su presencialidad despu\u00e9s de haber realizado su \u00faltimo laboratorio de manera virtual. Esta plataforma est\u00e1 dirigida a j\u00f3venes emergentes solistas, agrupaciones musicales y futuros productores musicales de la regi\u00f3n de Valpara\u00edso que busquen aproximarse a la profesionalizaci\u00f3n a trav\u00e9s de herramientas t\u00e9cnico \u2013 [&hellip;]<\/p>\n","protected":false},"author":1,"featured_media":11206,"comment_status":"open","ping_status":"closed","sticky":false,"template":"","format":"standard","meta":{"_acf_changed":false,"footnotes":""},"categories":[8],"tags":[10],"class_list":["post-11205","post","type-post","status-publish","format-standard","has-post-thumbnail","hentry","category-noticia","tag-valparaiso"],"acf":[],"yoast_head":"<!-- This site is optimized with the Yoast SEO plugin v27.1.1 - https:\/\/yoast.com\/product\/yoast-seo-wordpress\/ -->\n<title>BAJ Valpara\u00edso abre convocatoria para el \ufffcVIII Laboratorio de Producci\u00f3n Musical - Valpara\u00ed\u00adso Creativo<\/title>\n<meta name=\"robots\" content=\"index, follow, max-snippet:-1, max-image-preview:large, max-video-preview:-1\" \/>\n<link rel=\"canonical\" href=\"https:\/\/dev.antudigital.cl\/sites\/vc\/baj-valparaiso-abre-convocatoria-para-el-\ufffcviii-laboratorio-de-produccion-musical\/\" \/>\n<meta property=\"og:locale\" content=\"es_ES\" \/>\n<meta property=\"og:type\" content=\"article\" \/>\n<meta property=\"og:title\" content=\"BAJ Valpara\u00edso abre convocatoria para el \ufffcVIII Laboratorio de Producci\u00f3n Musical - Valpara\u00ed\u00adso Creativo\" \/>\n<meta property=\"og:description\" content=\"En su octava versi\u00f3n, el LPM de Balmaceda Arte Joven Valpo retoma su presencialidad despu\u00e9s de haber realizado su \u00faltimo laboratorio de manera virtual. Esta plataforma est\u00e1 dirigida a j\u00f3venes emergentes solistas, agrupaciones musicales y futuros productores musicales de la regi\u00f3n de Valpara\u00edso que busquen aproximarse a la profesionalizaci\u00f3n a trav\u00e9s de herramientas t\u00e9cnico \u2013 [&hellip;]\" \/>\n<meta property=\"og:url\" content=\"https:\/\/dev.antudigital.cl\/sites\/vc\/baj-valparaiso-abre-convocatoria-para-el-\ufffcviii-laboratorio-de-produccion-musical\/\" \/>\n<meta property=\"og:site_name\" content=\"Valpara\u00ed\u00adso Creativo\" \/>\n<meta property=\"article:published_time\" content=\"2022-07-04T17:40:36+00:00\" \/>\n<meta property=\"article:modified_time\" content=\"2022-07-04T17:40:44+00:00\" \/>\n<meta property=\"og:image\" content=\"https:\/\/dev.antudigital.cl\/sites\/vc\/wp-content\/uploads\/2022\/07\/LPMII.png\" \/>\n\t<meta property=\"og:image:width\" content=\"1450\" \/>\n\t<meta property=\"og:image:height\" content=\"818\" \/>\n\t<meta property=\"og:image:type\" content=\"image\/png\" \/>\n<meta name=\"author\" content=\"Valpara\u00edso Creativo\" \/>\n<meta name=\"twitter:card\" content=\"summary_large_image\" \/>\n<meta name=\"twitter:label1\" content=\"Escrito por\" \/>\n\t<meta name=\"twitter:data1\" content=\"Valpara\u00edso Creativo\" \/>\n\t<meta name=\"twitter:label2\" content=\"Tiempo de lectura\" \/>\n\t<meta name=\"twitter:data2\" content=\"2 minutos\" \/>\n<script type=\"application\/ld+json\" class=\"yoast-schema-graph\">{\"@context\":\"https:\/\/schema.org\",\"@graph\":[{\"@type\":\"Article\",\"@id\":\"https:\/\/dev.antudigital.cl\/sites\/vc\/baj-valparaiso-abre-convocatoria-para-el-%ef%bf%bcviii-laboratorio-de-produccion-musical\/#article\",\"isPartOf\":{\"@id\":\"https:\/\/dev.antudigital.cl\/sites\/vc\/baj-valparaiso-abre-convocatoria-para-el-%ef%bf%bcviii-laboratorio-de-produccion-musical\/\"},\"author\":{\"name\":\"Valpara\u00edso Creativo\",\"@id\":\"https:\/\/dev.antudigital.cl\/sites\/vc\/#\/schema\/person\/c2b9da8dd545e27166fc5ab232837318\"},\"headline\":\"BAJ Valpara\u00edso abre convocatoria para el \ufffcVIII Laboratorio de Producci\u00f3n Musical\",\"datePublished\":\"2022-07-04T17:40:36+00:00\",\"dateModified\":\"2022-07-04T17:40:44+00:00\",\"mainEntityOfPage\":{\"@id\":\"https:\/\/dev.antudigital.cl\/sites\/vc\/baj-valparaiso-abre-convocatoria-para-el-%ef%bf%bcviii-laboratorio-de-produccion-musical\/\"},\"wordCount\":380,\"commentCount\":0,\"image\":{\"@id\":\"https:\/\/dev.antudigital.cl\/sites\/vc\/baj-valparaiso-abre-convocatoria-para-el-%ef%bf%bcviii-laboratorio-de-produccion-musical\/#primaryimage\"},\"thumbnailUrl\":\"https:\/\/dev.antudigital.cl\/sites\/vc\/wp-content\/uploads\/2022\/07\/LPMII.png\",\"keywords\":[\"valpara\u00edso\"],\"articleSection\":[\"Noticia\"],\"inLanguage\":\"es\",\"potentialAction\":[{\"@type\":\"CommentAction\",\"name\":\"Comment\",\"target\":[\"https:\/\/dev.antudigital.cl\/sites\/vc\/baj-valparaiso-abre-convocatoria-para-el-%ef%bf%bcviii-laboratorio-de-produccion-musical\/#respond\"]}]},{\"@type\":\"WebPage\",\"@id\":\"https:\/\/dev.antudigital.cl\/sites\/vc\/baj-valparaiso-abre-convocatoria-para-el-%ef%bf%bcviii-laboratorio-de-produccion-musical\/\",\"url\":\"https:\/\/dev.antudigital.cl\/sites\/vc\/baj-valparaiso-abre-convocatoria-para-el-%ef%bf%bcviii-laboratorio-de-produccion-musical\/\",\"name\":\"BAJ Valpara\u00edso abre convocatoria para el \ufffcVIII Laboratorio de Producci\u00f3n Musical - Valpara\u00ed\u00adso Creativo\",\"isPartOf\":{\"@id\":\"https:\/\/dev.antudigital.cl\/sites\/vc\/#website\"},\"primaryImageOfPage\":{\"@id\":\"https:\/\/dev.antudigital.cl\/sites\/vc\/baj-valparaiso-abre-convocatoria-para-el-%ef%bf%bcviii-laboratorio-de-produccion-musical\/#primaryimage\"},\"image\":{\"@id\":\"https:\/\/dev.antudigital.cl\/sites\/vc\/baj-valparaiso-abre-convocatoria-para-el-%ef%bf%bcviii-laboratorio-de-produccion-musical\/#primaryimage\"},\"thumbnailUrl\":\"https:\/\/dev.antudigital.cl\/sites\/vc\/wp-content\/uploads\/2022\/07\/LPMII.png\",\"datePublished\":\"2022-07-04T17:40:36+00:00\",\"dateModified\":\"2022-07-04T17:40:44+00:00\",\"author\":{\"@id\":\"https:\/\/dev.antudigital.cl\/sites\/vc\/#\/schema\/person\/c2b9da8dd545e27166fc5ab232837318\"},\"breadcrumb\":{\"@id\":\"https:\/\/dev.antudigital.cl\/sites\/vc\/baj-valparaiso-abre-convocatoria-para-el-%ef%bf%bcviii-laboratorio-de-produccion-musical\/#breadcrumb\"},\"inLanguage\":\"es\",\"potentialAction\":[{\"@type\":\"ReadAction\",\"target\":[\"https:\/\/dev.antudigital.cl\/sites\/vc\/baj-valparaiso-abre-convocatoria-para-el-%ef%bf%bcviii-laboratorio-de-produccion-musical\/\"]}]},{\"@type\":\"ImageObject\",\"inLanguage\":\"es\",\"@id\":\"https:\/\/dev.antudigital.cl\/sites\/vc\/baj-valparaiso-abre-convocatoria-para-el-%ef%bf%bcviii-laboratorio-de-produccion-musical\/#primaryimage\",\"url\":\"https:\/\/dev.antudigital.cl\/sites\/vc\/wp-content\/uploads\/2022\/07\/LPMII.png\",\"contentUrl\":\"https:\/\/dev.antudigital.cl\/sites\/vc\/wp-content\/uploads\/2022\/07\/LPMII.png\",\"width\":1450,\"height\":818},{\"@type\":\"BreadcrumbList\",\"@id\":\"https:\/\/dev.antudigital.cl\/sites\/vc\/baj-valparaiso-abre-convocatoria-para-el-%ef%bf%bcviii-laboratorio-de-produccion-musical\/#breadcrumb\",\"itemListElement\":[{\"@type\":\"ListItem\",\"position\":1,\"name\":\"Home\",\"item\":\"https:\/\/dev.antudigital.cl\/sites\/vc\/\"},{\"@type\":\"ListItem\",\"position\":2,\"name\":\"BAJ Valpara\u00edso abre convocatoria para el \ufffcVIII Laboratorio de Producci\u00f3n Musical\"}]},{\"@type\":\"WebSite\",\"@id\":\"https:\/\/dev.antudigital.cl\/sites\/vc\/#website\",\"url\":\"https:\/\/dev.antudigital.cl\/sites\/vc\/\",\"name\":\"Valpara\u00ed\u00adso Creativo\",\"description\":\"\",\"potentialAction\":[{\"@type\":\"SearchAction\",\"target\":{\"@type\":\"EntryPoint\",\"urlTemplate\":\"https:\/\/dev.antudigital.cl\/sites\/vc\/?s={search_term_string}\"},\"query-input\":{\"@type\":\"PropertyValueSpecification\",\"valueRequired\":true,\"valueName\":\"search_term_string\"}}],\"inLanguage\":\"es\"},{\"@type\":\"Person\",\"@id\":\"https:\/\/dev.antudigital.cl\/sites\/vc\/#\/schema\/person\/c2b9da8dd545e27166fc5ab232837318\",\"name\":\"Valpara\u00edso Creativo\",\"description\":\"Periodista de cultura en la Regi\u00f3n de Valpara\u00edso.\",\"url\":\"https:\/\/dev.antudigital.cl\/sites\/vc\/author\/valpoadmin\/\"}]}<\/script>\n<!-- \/ Yoast SEO plugin. -->","yoast_head_json":{"title":"BAJ Valpara\u00edso abre convocatoria para el \ufffcVIII Laboratorio de Producci\u00f3n Musical - Valpara\u00ed\u00adso Creativo","robots":{"index":"index","follow":"follow","max-snippet":"max-snippet:-1","max-image-preview":"max-image-preview:large","max-video-preview":"max-video-preview:-1"},"canonical":"https:\/\/dev.antudigital.cl\/sites\/vc\/baj-valparaiso-abre-convocatoria-para-el-\ufffcviii-laboratorio-de-produccion-musical\/","og_locale":"es_ES","og_type":"article","og_title":"BAJ Valpara\u00edso abre convocatoria para el \ufffcVIII Laboratorio de Producci\u00f3n Musical - Valpara\u00ed\u00adso Creativo","og_description":"En su octava versi\u00f3n, el LPM de Balmaceda Arte Joven Valpo retoma su presencialidad despu\u00e9s de haber realizado su \u00faltimo laboratorio de manera virtual. Esta plataforma est\u00e1 dirigida a j\u00f3venes emergentes solistas, agrupaciones musicales y futuros productores musicales de la regi\u00f3n de Valpara\u00edso que busquen aproximarse a la profesionalizaci\u00f3n a trav\u00e9s de herramientas t\u00e9cnico \u2013 [&hellip;]","og_url":"https:\/\/dev.antudigital.cl\/sites\/vc\/baj-valparaiso-abre-convocatoria-para-el-\ufffcviii-laboratorio-de-produccion-musical\/","og_site_name":"Valpara\u00ed\u00adso Creativo","article_published_time":"2022-07-04T17:40:36+00:00","article_modified_time":"2022-07-04T17:40:44+00:00","og_image":[{"width":1450,"height":818,"url":"https:\/\/dev.antudigital.cl\/sites\/vc\/wp-content\/uploads\/2022\/07\/LPMII.png","type":"image\/png"}],"author":"Valpara\u00edso Creativo","twitter_card":"summary_large_image","twitter_misc":{"Escrito por":"Valpara\u00edso Creativo","Tiempo de lectura":"2 minutos"},"schema":{"@context":"https:\/\/schema.org","@graph":[{"@type":"Article","@id":"https:\/\/dev.antudigital.cl\/sites\/vc\/baj-valparaiso-abre-convocatoria-para-el-%ef%bf%bcviii-laboratorio-de-produccion-musical\/#article","isPartOf":{"@id":"https:\/\/dev.antudigital.cl\/sites\/vc\/baj-valparaiso-abre-convocatoria-para-el-%ef%bf%bcviii-laboratorio-de-produccion-musical\/"},"author":{"name":"Valpara\u00edso Creativo","@id":"https:\/\/dev.antudigital.cl\/sites\/vc\/#\/schema\/person\/c2b9da8dd545e27166fc5ab232837318"},"headline":"BAJ Valpara\u00edso abre convocatoria para el \ufffcVIII Laboratorio de Producci\u00f3n Musical","datePublished":"2022-07-04T17:40:36+00:00","dateModified":"2022-07-04T17:40:44+00:00","mainEntityOfPage":{"@id":"https:\/\/dev.antudigital.cl\/sites\/vc\/baj-valparaiso-abre-convocatoria-para-el-%ef%bf%bcviii-laboratorio-de-produccion-musical\/"},"wordCount":380,"commentCount":0,"image":{"@id":"https:\/\/dev.antudigital.cl\/sites\/vc\/baj-valparaiso-abre-convocatoria-para-el-%ef%bf%bcviii-laboratorio-de-produccion-musical\/#primaryimage"},"thumbnailUrl":"https:\/\/dev.antudigital.cl\/sites\/vc\/wp-content\/uploads\/2022\/07\/LPMII.png","keywords":["valpara\u00edso"],"articleSection":["Noticia"],"inLanguage":"es","potentialAction":[{"@type":"CommentAction","name":"Comment","target":["https:\/\/dev.antudigital.cl\/sites\/vc\/baj-valparaiso-abre-convocatoria-para-el-%ef%bf%bcviii-laboratorio-de-produccion-musical\/#respond"]}]},{"@type":"WebPage","@id":"https:\/\/dev.antudigital.cl\/sites\/vc\/baj-valparaiso-abre-convocatoria-para-el-%ef%bf%bcviii-laboratorio-de-produccion-musical\/","url":"https:\/\/dev.antudigital.cl\/sites\/vc\/baj-valparaiso-abre-convocatoria-para-el-%ef%bf%bcviii-laboratorio-de-produccion-musical\/","name":"BAJ Valpara\u00edso abre convocatoria para el \ufffcVIII Laboratorio de Producci\u00f3n Musical - Valpara\u00ed\u00adso Creativo","isPartOf":{"@id":"https:\/\/dev.antudigital.cl\/sites\/vc\/#website"},"primaryImageOfPage":{"@id":"https:\/\/dev.antudigital.cl\/sites\/vc\/baj-valparaiso-abre-convocatoria-para-el-%ef%bf%bcviii-laboratorio-de-produccion-musical\/#primaryimage"},"image":{"@id":"https:\/\/dev.antudigital.cl\/sites\/vc\/baj-valparaiso-abre-convocatoria-para-el-%ef%bf%bcviii-laboratorio-de-produccion-musical\/#primaryimage"},"thumbnailUrl":"https:\/\/dev.antudigital.cl\/sites\/vc\/wp-content\/uploads\/2022\/07\/LPMII.png","datePublished":"2022-07-04T17:40:36+00:00","dateModified":"2022-07-04T17:40:44+00:00","author":{"@id":"https:\/\/dev.antudigital.cl\/sites\/vc\/#\/schema\/person\/c2b9da8dd545e27166fc5ab232837318"},"breadcrumb":{"@id":"https:\/\/dev.antudigital.cl\/sites\/vc\/baj-valparaiso-abre-convocatoria-para-el-%ef%bf%bcviii-laboratorio-de-produccion-musical\/#breadcrumb"},"inLanguage":"es","potentialAction":[{"@type":"ReadAction","target":["https:\/\/dev.antudigital.cl\/sites\/vc\/baj-valparaiso-abre-convocatoria-para-el-%ef%bf%bcviii-laboratorio-de-produccion-musical\/"]}]},{"@type":"ImageObject","inLanguage":"es","@id":"https:\/\/dev.antudigital.cl\/sites\/vc\/baj-valparaiso-abre-convocatoria-para-el-%ef%bf%bcviii-laboratorio-de-produccion-musical\/#primaryimage","url":"https:\/\/dev.antudigital.cl\/sites\/vc\/wp-content\/uploads\/2022\/07\/LPMII.png","contentUrl":"https:\/\/dev.antudigital.cl\/sites\/vc\/wp-content\/uploads\/2022\/07\/LPMII.png","width":1450,"height":818},{"@type":"BreadcrumbList","@id":"https:\/\/dev.antudigital.cl\/sites\/vc\/baj-valparaiso-abre-convocatoria-para-el-%ef%bf%bcviii-laboratorio-de-produccion-musical\/#breadcrumb","itemListElement":[{"@type":"ListItem","position":1,"name":"Home","item":"https:\/\/dev.antudigital.cl\/sites\/vc\/"},{"@type":"ListItem","position":2,"name":"BAJ Valpara\u00edso abre convocatoria para el \ufffcVIII Laboratorio de Producci\u00f3n Musical"}]},{"@type":"WebSite","@id":"https:\/\/dev.antudigital.cl\/sites\/vc\/#website","url":"https:\/\/dev.antudigital.cl\/sites\/vc\/","name":"Valpara\u00ed\u00adso Creativo","description":"","potentialAction":[{"@type":"SearchAction","target":{"@type":"EntryPoint","urlTemplate":"https:\/\/dev.antudigital.cl\/sites\/vc\/?s={search_term_string}"},"query-input":{"@type":"PropertyValueSpecification","valueRequired":true,"valueName":"search_term_string"}}],"inLanguage":"es"},{"@type":"Person","@id":"https:\/\/dev.antudigital.cl\/sites\/vc\/#\/schema\/person\/c2b9da8dd545e27166fc5ab232837318","name":"Valpara\u00edso Creativo","description":"Periodista de cultura en la Regi\u00f3n de Valpara\u00edso.","url":"https:\/\/dev.antudigital.cl\/sites\/vc\/author\/valpoadmin\/"}]}},"_links":{"self":[{"href":"https:\/\/dev.antudigital.cl\/sites\/vc\/wp-json\/wp\/v2\/posts\/11205","targetHints":{"allow":["GET"]}}],"collection":[{"href":"https:\/\/dev.antudigital.cl\/sites\/vc\/wp-json\/wp\/v2\/posts"}],"about":[{"href":"https:\/\/dev.antudigital.cl\/sites\/vc\/wp-json\/wp\/v2\/types\/post"}],"author":[{"embeddable":true,"href":"https:\/\/dev.antudigital.cl\/sites\/vc\/wp-json\/wp\/v2\/users\/1"}],"replies":[{"embeddable":true,"href":"https:\/\/dev.antudigital.cl\/sites\/vc\/wp-json\/wp\/v2\/comments?post=11205"}],"version-history":[{"count":1,"href":"https:\/\/dev.antudigital.cl\/sites\/vc\/wp-json\/wp\/v2\/posts\/11205\/revisions"}],"predecessor-version":[{"id":11207,"href":"https:\/\/dev.antudigital.cl\/sites\/vc\/wp-json\/wp\/v2\/posts\/11205\/revisions\/11207"}],"wp:featuredmedia":[{"embeddable":true,"href":"https:\/\/dev.antudigital.cl\/sites\/vc\/wp-json\/wp\/v2\/media\/11206"}],"wp:attachment":[{"href":"https:\/\/dev.antudigital.cl\/sites\/vc\/wp-json\/wp\/v2\/media?parent=11205"}],"wp:term":[{"taxonomy":"category","embeddable":true,"href":"https:\/\/dev.antudigital.cl\/sites\/vc\/wp-json\/wp\/v2\/categories?post=11205"},{"taxonomy":"post_tag","embeddable":true,"href":"https:\/\/dev.antudigital.cl\/sites\/vc\/wp-json\/wp\/v2\/tags?post=11205"}],"curies":[{"name":"wp","href":"https:\/\/api.w.org\/{rel}","templated":true}]}}