{"id":11212,"date":"2022-07-04T21:44:19","date_gmt":"2022-07-04T21:44:19","guid":{"rendered":"https:\/\/www.valparaisocreativo.cl\/?p=11212"},"modified":"2022-07-04T21:44:28","modified_gmt":"2022-07-04T21:44:28","slug":"lanzamiento-libro-cambiar-el-verbo-de-sofia-calvo","status":"publish","type":"post","link":"https:\/\/dev.antudigital.cl\/sites\/vc\/lanzamiento-libro-cambiar-el-verbo-de-sofia-calvo\/","title":{"rendered":"Lanzamiento libro: \u00abCambiar el verbo\u00bb de Sof\u00eda Calvo"},"content":{"rendered":"\n<p>La industria de la moda es una de las m\u00e1s contaminantes, ya que es responsable del 4% de las emisiones de gases de efecto invernadero que han provocado la emergencia clim\u00e1tica, que tiene en jacque a la humanidad.<\/p>\n\n\n\n<p>Nuevos fen\u00f3menos como el ultra fast fashion (moda ultra r\u00e1pida) viene a complejizar a\u00fan m\u00e1s este panorama y plantean una encruzijada para quienes buscan moda a buen precio, pero sin hipotecar el presente y futuro del planeta. En este contexto, en el 4\u00ba libro de la periodista <a href=\"https:\/\/www.instagram.com\/sofcalvo\/\">Sof\u00eda Calvo<\/a>, <strong>\u201cCambiar el verbo. Un viaje por el lado oculto de nuestra ropa\u201d,<\/strong> se exploran estas contradicciones, pero tambi\u00e9n se propone una v\u00eda gratis y sencilla de cambiar nuestra relaci\u00f3n con el vestir.<\/p>\n\n\n\n<p>\u201cNos han convencido que para ser ciudadanxs-consumidorxs conscientes y responsables tenemos que comprar diferente. Sin embargo, en mi texto propongo que ese verbo sea el \u00faltimo que utilicemos y partamos por otros m\u00e1s simples y que no requieren gastar dinero como \u2018usar lo que ya se tiene\u2019, reparar, personalizar, reutilizar, etc.\u201d, afirma la autora.<\/p>\n\n\n\n<p>Es as\u00ed como en \u201cCambiar el verbo\u201d a trav\u00e9s de un lenguaje cercano y f\u00e1cil, adem\u00e1s del uso de diversos recursos did\u00e1cticos, anima a convertir el acto de vestirse en un reencuentro con nuestra identidad, historia y recuerdos que parte en la \u201cNarnia\u201d inexplorada que se ha convertido nuestro cl\u00f3set.<\/p>\n\n\n\n<p><strong>Sobre Sof\u00eda Calvo<\/strong><\/p>\n\n\n\n<p>Sof\u00eda Calvo es periodista, MBA en Direcci\u00f3n de Empresas de la PUCV y creadora del sitio especializado en moda de autor latinoamericana, QT &#8211; Quinta Trends (2007). Dentro de sus actividades en el mundo del dise\u00f1o se cuentan la publicaci\u00f3n de los libros Relatos de Moda (2013 autoedici\u00f3n), El Nuevo Vestir (2016 &#8211; RIL Editores),&nbsp; La revoluci\u00f3n de los cuerpos (2019 &#8211; RIL Editores) y ahora Cambiar el verbo (2022 &#8211; RIL Editores). Adem\u00e1s de la webserie y podcast El Nuevo Vestir y el podcast Lecturas Violetas. Asimismo, ha asesorado a instituciones y marcas de la escena de autor chilena y latinoamericana y ha producido actividades de moda y dise\u00f1o. Es socia fundadora de la consultora Matriz Moda, y ha realizado clases de pregrado y post\u00edtulo sobre marketing, periodismo digital y sostenibilidad. Tambi\u00e9n se desempe\u00f1a como jefa del Programa Asia Pac\u00edfico de la Biblioteca del Congreso.<\/p>\n\n\n\n<p><strong>\u00bfD\u00f3nde comprar Cambiar el verbo? <\/strong>La <a href=\"https:\/\/rileditores.com\/tienda\/cambiar-el-verbo-un-viaje-por-el-lado-oscuro-de-nuestra-ropa\/\">tienda online de RIL Editores<\/a><\/p>\n","protected":false},"excerpt":{"rendered":"<p>La industria de la moda es una de las m\u00e1s contaminantes, ya que es responsable del 4% de las emisiones de gases de efecto invernadero que han provocado la emergencia clim\u00e1tica, que tiene en jacque a la humanidad. Nuevos fen\u00f3menos como el ultra fast fashion (moda ultra r\u00e1pida) viene a complejizar a\u00fan m\u00e1s este panorama [&hellip;]<\/p>\n","protected":false},"author":1,"featured_media":11213,"comment_status":"open","ping_status":"closed","sticky":false,"template":"","format":"standard","meta":{"_acf_changed":false,"footnotes":""},"categories":[8],"tags":[10],"class_list":["post-11212","post","type-post","status-publish","format-standard","has-post-thumbnail","hentry","category-noticia","tag-valparaiso"],"acf":[],"yoast_head":"<!-- This site is optimized with the Yoast SEO plugin v27.1.1 - https:\/\/yoast.com\/product\/yoast-seo-wordpress\/ -->\n<title>Lanzamiento libro: &quot;Cambiar el verbo&quot; de Sof\u00eda Calvo - Valpara\u00ed\u00adso Creativo<\/title>\n<meta name=\"robots\" content=\"index, follow, max-snippet:-1, max-image-preview:large, max-video-preview:-1\" \/>\n<link rel=\"canonical\" href=\"https:\/\/dev.antudigital.cl\/sites\/vc\/lanzamiento-libro-cambiar-el-verbo-de-sofia-calvo\/\" \/>\n<meta property=\"og:locale\" content=\"es_ES\" \/>\n<meta property=\"og:type\" content=\"article\" \/>\n<meta property=\"og:title\" content=\"Lanzamiento libro: &quot;Cambiar el verbo&quot; de Sof\u00eda Calvo - Valpara\u00ed\u00adso Creativo\" \/>\n<meta property=\"og:description\" content=\"La industria de la moda es una de las m\u00e1s contaminantes, ya que es responsable del 4% de las emisiones de gases de efecto invernadero que han provocado la emergencia clim\u00e1tica, que tiene en jacque a la humanidad. Nuevos fen\u00f3menos como el ultra fast fashion (moda ultra r\u00e1pida) viene a complejizar a\u00fan m\u00e1s este panorama [&hellip;]\" \/>\n<meta property=\"og:url\" content=\"https:\/\/dev.antudigital.cl\/sites\/vc\/lanzamiento-libro-cambiar-el-verbo-de-sofia-calvo\/\" \/>\n<meta property=\"og:site_name\" content=\"Valpara\u00ed\u00adso Creativo\" \/>\n<meta property=\"article:published_time\" content=\"2022-07-04T21:44:19+00:00\" \/>\n<meta property=\"article:modified_time\" content=\"2022-07-04T21:44:28+00:00\" \/>\n<meta property=\"og:image\" content=\"https:\/\/dev.antudigital.cl\/sites\/vc\/wp-content\/uploads\/2022\/07\/Captura-de-Pantalla-2022-07-04-a-las-17.41.39.png\" \/>\n\t<meta property=\"og:image:width\" content=\"1110\" \/>\n\t<meta property=\"og:image:height\" content=\"570\" \/>\n\t<meta property=\"og:image:type\" content=\"image\/png\" \/>\n<meta name=\"author\" content=\"Valpara\u00edso Creativo\" \/>\n<meta name=\"twitter:card\" content=\"summary_large_image\" \/>\n<meta name=\"twitter:label1\" content=\"Escrito por\" \/>\n\t<meta name=\"twitter:data1\" content=\"Valpara\u00edso Creativo\" \/>\n\t<meta name=\"twitter:label2\" content=\"Tiempo de lectura\" \/>\n\t<meta name=\"twitter:data2\" content=\"2 minutos\" \/>\n<script type=\"application\/ld+json\" class=\"yoast-schema-graph\">{\"@context\":\"https:\/\/schema.org\",\"@graph\":[{\"@type\":\"Article\",\"@id\":\"https:\/\/dev.antudigital.cl\/sites\/vc\/lanzamiento-libro-cambiar-el-verbo-de-sofia-calvo\/#article\",\"isPartOf\":{\"@id\":\"https:\/\/dev.antudigital.cl\/sites\/vc\/lanzamiento-libro-cambiar-el-verbo-de-sofia-calvo\/\"},\"author\":{\"name\":\"Valpara\u00edso Creativo\",\"@id\":\"https:\/\/dev.antudigital.cl\/sites\/vc\/#\/schema\/person\/c2b9da8dd545e27166fc5ab232837318\"},\"headline\":\"Lanzamiento libro: \u00abCambiar el verbo\u00bb de Sof\u00eda Calvo\",\"datePublished\":\"2022-07-04T21:44:19+00:00\",\"dateModified\":\"2022-07-04T21:44:28+00:00\",\"mainEntityOfPage\":{\"@id\":\"https:\/\/dev.antudigital.cl\/sites\/vc\/lanzamiento-libro-cambiar-el-verbo-de-sofia-calvo\/\"},\"wordCount\":416,\"commentCount\":0,\"image\":{\"@id\":\"https:\/\/dev.antudigital.cl\/sites\/vc\/lanzamiento-libro-cambiar-el-verbo-de-sofia-calvo\/#primaryimage\"},\"thumbnailUrl\":\"https:\/\/dev.antudigital.cl\/sites\/vc\/wp-content\/uploads\/2022\/07\/Captura-de-Pantalla-2022-07-04-a-las-17.41.39.png\",\"keywords\":[\"valpara\u00edso\"],\"articleSection\":[\"Noticia\"],\"inLanguage\":\"es\",\"potentialAction\":[{\"@type\":\"CommentAction\",\"name\":\"Comment\",\"target\":[\"https:\/\/dev.antudigital.cl\/sites\/vc\/lanzamiento-libro-cambiar-el-verbo-de-sofia-calvo\/#respond\"]}]},{\"@type\":\"WebPage\",\"@id\":\"https:\/\/dev.antudigital.cl\/sites\/vc\/lanzamiento-libro-cambiar-el-verbo-de-sofia-calvo\/\",\"url\":\"https:\/\/dev.antudigital.cl\/sites\/vc\/lanzamiento-libro-cambiar-el-verbo-de-sofia-calvo\/\",\"name\":\"Lanzamiento libro: \\\"Cambiar el verbo\\\" de Sof\u00eda Calvo - Valpara\u00ed\u00adso Creativo\",\"isPartOf\":{\"@id\":\"https:\/\/dev.antudigital.cl\/sites\/vc\/#website\"},\"primaryImageOfPage\":{\"@id\":\"https:\/\/dev.antudigital.cl\/sites\/vc\/lanzamiento-libro-cambiar-el-verbo-de-sofia-calvo\/#primaryimage\"},\"image\":{\"@id\":\"https:\/\/dev.antudigital.cl\/sites\/vc\/lanzamiento-libro-cambiar-el-verbo-de-sofia-calvo\/#primaryimage\"},\"thumbnailUrl\":\"https:\/\/dev.antudigital.cl\/sites\/vc\/wp-content\/uploads\/2022\/07\/Captura-de-Pantalla-2022-07-04-a-las-17.41.39.png\",\"datePublished\":\"2022-07-04T21:44:19+00:00\",\"dateModified\":\"2022-07-04T21:44:28+00:00\",\"author\":{\"@id\":\"https:\/\/dev.antudigital.cl\/sites\/vc\/#\/schema\/person\/c2b9da8dd545e27166fc5ab232837318\"},\"breadcrumb\":{\"@id\":\"https:\/\/dev.antudigital.cl\/sites\/vc\/lanzamiento-libro-cambiar-el-verbo-de-sofia-calvo\/#breadcrumb\"},\"inLanguage\":\"es\",\"potentialAction\":[{\"@type\":\"ReadAction\",\"target\":[\"https:\/\/dev.antudigital.cl\/sites\/vc\/lanzamiento-libro-cambiar-el-verbo-de-sofia-calvo\/\"]}]},{\"@type\":\"ImageObject\",\"inLanguage\":\"es\",\"@id\":\"https:\/\/dev.antudigital.cl\/sites\/vc\/lanzamiento-libro-cambiar-el-verbo-de-sofia-calvo\/#primaryimage\",\"url\":\"https:\/\/dev.antudigital.cl\/sites\/vc\/wp-content\/uploads\/2022\/07\/Captura-de-Pantalla-2022-07-04-a-las-17.41.39.png\",\"contentUrl\":\"https:\/\/dev.antudigital.cl\/sites\/vc\/wp-content\/uploads\/2022\/07\/Captura-de-Pantalla-2022-07-04-a-las-17.41.39.png\",\"width\":1110,\"height\":570},{\"@type\":\"BreadcrumbList\",\"@id\":\"https:\/\/dev.antudigital.cl\/sites\/vc\/lanzamiento-libro-cambiar-el-verbo-de-sofia-calvo\/#breadcrumb\",\"itemListElement\":[{\"@type\":\"ListItem\",\"position\":1,\"name\":\"Home\",\"item\":\"https:\/\/dev.antudigital.cl\/sites\/vc\/\"},{\"@type\":\"ListItem\",\"position\":2,\"name\":\"Lanzamiento libro: \u00abCambiar el verbo\u00bb de Sof\u00eda Calvo\"}]},{\"@type\":\"WebSite\",\"@id\":\"https:\/\/dev.antudigital.cl\/sites\/vc\/#website\",\"url\":\"https:\/\/dev.antudigital.cl\/sites\/vc\/\",\"name\":\"Valpara\u00ed\u00adso Creativo\",\"description\":\"\",\"potentialAction\":[{\"@type\":\"SearchAction\",\"target\":{\"@type\":\"EntryPoint\",\"urlTemplate\":\"https:\/\/dev.antudigital.cl\/sites\/vc\/?s={search_term_string}\"},\"query-input\":{\"@type\":\"PropertyValueSpecification\",\"valueRequired\":true,\"valueName\":\"search_term_string\"}}],\"inLanguage\":\"es\"},{\"@type\":\"Person\",\"@id\":\"https:\/\/dev.antudigital.cl\/sites\/vc\/#\/schema\/person\/c2b9da8dd545e27166fc5ab232837318\",\"name\":\"Valpara\u00edso Creativo\",\"description\":\"Periodista de cultura en la Regi\u00f3n de Valpara\u00edso.\",\"url\":\"https:\/\/dev.antudigital.cl\/sites\/vc\/author\/valpoadmin\/\"}]}<\/script>\n<!-- \/ Yoast SEO plugin. -->","yoast_head_json":{"title":"Lanzamiento libro: \"Cambiar el verbo\" de Sof\u00eda Calvo - Valpara\u00ed\u00adso Creativo","robots":{"index":"index","follow":"follow","max-snippet":"max-snippet:-1","max-image-preview":"max-image-preview:large","max-video-preview":"max-video-preview:-1"},"canonical":"https:\/\/dev.antudigital.cl\/sites\/vc\/lanzamiento-libro-cambiar-el-verbo-de-sofia-calvo\/","og_locale":"es_ES","og_type":"article","og_title":"Lanzamiento libro: \"Cambiar el verbo\" de Sof\u00eda Calvo - Valpara\u00ed\u00adso Creativo","og_description":"La industria de la moda es una de las m\u00e1s contaminantes, ya que es responsable del 4% de las emisiones de gases de efecto invernadero que han provocado la emergencia clim\u00e1tica, que tiene en jacque a la humanidad. Nuevos fen\u00f3menos como el ultra fast fashion (moda ultra r\u00e1pida) viene a complejizar a\u00fan m\u00e1s este panorama [&hellip;]","og_url":"https:\/\/dev.antudigital.cl\/sites\/vc\/lanzamiento-libro-cambiar-el-verbo-de-sofia-calvo\/","og_site_name":"Valpara\u00ed\u00adso Creativo","article_published_time":"2022-07-04T21:44:19+00:00","article_modified_time":"2022-07-04T21:44:28+00:00","og_image":[{"width":1110,"height":570,"url":"https:\/\/dev.antudigital.cl\/sites\/vc\/wp-content\/uploads\/2022\/07\/Captura-de-Pantalla-2022-07-04-a-las-17.41.39.png","type":"image\/png"}],"author":"Valpara\u00edso Creativo","twitter_card":"summary_large_image","twitter_misc":{"Escrito por":"Valpara\u00edso Creativo","Tiempo de lectura":"2 minutos"},"schema":{"@context":"https:\/\/schema.org","@graph":[{"@type":"Article","@id":"https:\/\/dev.antudigital.cl\/sites\/vc\/lanzamiento-libro-cambiar-el-verbo-de-sofia-calvo\/#article","isPartOf":{"@id":"https:\/\/dev.antudigital.cl\/sites\/vc\/lanzamiento-libro-cambiar-el-verbo-de-sofia-calvo\/"},"author":{"name":"Valpara\u00edso Creativo","@id":"https:\/\/dev.antudigital.cl\/sites\/vc\/#\/schema\/person\/c2b9da8dd545e27166fc5ab232837318"},"headline":"Lanzamiento libro: \u00abCambiar el verbo\u00bb de Sof\u00eda Calvo","datePublished":"2022-07-04T21:44:19+00:00","dateModified":"2022-07-04T21:44:28+00:00","mainEntityOfPage":{"@id":"https:\/\/dev.antudigital.cl\/sites\/vc\/lanzamiento-libro-cambiar-el-verbo-de-sofia-calvo\/"},"wordCount":416,"commentCount":0,"image":{"@id":"https:\/\/dev.antudigital.cl\/sites\/vc\/lanzamiento-libro-cambiar-el-verbo-de-sofia-calvo\/#primaryimage"},"thumbnailUrl":"https:\/\/dev.antudigital.cl\/sites\/vc\/wp-content\/uploads\/2022\/07\/Captura-de-Pantalla-2022-07-04-a-las-17.41.39.png","keywords":["valpara\u00edso"],"articleSection":["Noticia"],"inLanguage":"es","potentialAction":[{"@type":"CommentAction","name":"Comment","target":["https:\/\/dev.antudigital.cl\/sites\/vc\/lanzamiento-libro-cambiar-el-verbo-de-sofia-calvo\/#respond"]}]},{"@type":"WebPage","@id":"https:\/\/dev.antudigital.cl\/sites\/vc\/lanzamiento-libro-cambiar-el-verbo-de-sofia-calvo\/","url":"https:\/\/dev.antudigital.cl\/sites\/vc\/lanzamiento-libro-cambiar-el-verbo-de-sofia-calvo\/","name":"Lanzamiento libro: \"Cambiar el verbo\" de Sof\u00eda Calvo - Valpara\u00ed\u00adso Creativo","isPartOf":{"@id":"https:\/\/dev.antudigital.cl\/sites\/vc\/#website"},"primaryImageOfPage":{"@id":"https:\/\/dev.antudigital.cl\/sites\/vc\/lanzamiento-libro-cambiar-el-verbo-de-sofia-calvo\/#primaryimage"},"image":{"@id":"https:\/\/dev.antudigital.cl\/sites\/vc\/lanzamiento-libro-cambiar-el-verbo-de-sofia-calvo\/#primaryimage"},"thumbnailUrl":"https:\/\/dev.antudigital.cl\/sites\/vc\/wp-content\/uploads\/2022\/07\/Captura-de-Pantalla-2022-07-04-a-las-17.41.39.png","datePublished":"2022-07-04T21:44:19+00:00","dateModified":"2022-07-04T21:44:28+00:00","author":{"@id":"https:\/\/dev.antudigital.cl\/sites\/vc\/#\/schema\/person\/c2b9da8dd545e27166fc5ab232837318"},"breadcrumb":{"@id":"https:\/\/dev.antudigital.cl\/sites\/vc\/lanzamiento-libro-cambiar-el-verbo-de-sofia-calvo\/#breadcrumb"},"inLanguage":"es","potentialAction":[{"@type":"ReadAction","target":["https:\/\/dev.antudigital.cl\/sites\/vc\/lanzamiento-libro-cambiar-el-verbo-de-sofia-calvo\/"]}]},{"@type":"ImageObject","inLanguage":"es","@id":"https:\/\/dev.antudigital.cl\/sites\/vc\/lanzamiento-libro-cambiar-el-verbo-de-sofia-calvo\/#primaryimage","url":"https:\/\/dev.antudigital.cl\/sites\/vc\/wp-content\/uploads\/2022\/07\/Captura-de-Pantalla-2022-07-04-a-las-17.41.39.png","contentUrl":"https:\/\/dev.antudigital.cl\/sites\/vc\/wp-content\/uploads\/2022\/07\/Captura-de-Pantalla-2022-07-04-a-las-17.41.39.png","width":1110,"height":570},{"@type":"BreadcrumbList","@id":"https:\/\/dev.antudigital.cl\/sites\/vc\/lanzamiento-libro-cambiar-el-verbo-de-sofia-calvo\/#breadcrumb","itemListElement":[{"@type":"ListItem","position":1,"name":"Home","item":"https:\/\/dev.antudigital.cl\/sites\/vc\/"},{"@type":"ListItem","position":2,"name":"Lanzamiento libro: \u00abCambiar el verbo\u00bb de Sof\u00eda Calvo"}]},{"@type":"WebSite","@id":"https:\/\/dev.antudigital.cl\/sites\/vc\/#website","url":"https:\/\/dev.antudigital.cl\/sites\/vc\/","name":"Valpara\u00ed\u00adso Creativo","description":"","potentialAction":[{"@type":"SearchAction","target":{"@type":"EntryPoint","urlTemplate":"https:\/\/dev.antudigital.cl\/sites\/vc\/?s={search_term_string}"},"query-input":{"@type":"PropertyValueSpecification","valueRequired":true,"valueName":"search_term_string"}}],"inLanguage":"es"},{"@type":"Person","@id":"https:\/\/dev.antudigital.cl\/sites\/vc\/#\/schema\/person\/c2b9da8dd545e27166fc5ab232837318","name":"Valpara\u00edso Creativo","description":"Periodista de cultura en la Regi\u00f3n de Valpara\u00edso.","url":"https:\/\/dev.antudigital.cl\/sites\/vc\/author\/valpoadmin\/"}]}},"_links":{"self":[{"href":"https:\/\/dev.antudigital.cl\/sites\/vc\/wp-json\/wp\/v2\/posts\/11212","targetHints":{"allow":["GET"]}}],"collection":[{"href":"https:\/\/dev.antudigital.cl\/sites\/vc\/wp-json\/wp\/v2\/posts"}],"about":[{"href":"https:\/\/dev.antudigital.cl\/sites\/vc\/wp-json\/wp\/v2\/types\/post"}],"author":[{"embeddable":true,"href":"https:\/\/dev.antudigital.cl\/sites\/vc\/wp-json\/wp\/v2\/users\/1"}],"replies":[{"embeddable":true,"href":"https:\/\/dev.antudigital.cl\/sites\/vc\/wp-json\/wp\/v2\/comments?post=11212"}],"version-history":[{"count":1,"href":"https:\/\/dev.antudigital.cl\/sites\/vc\/wp-json\/wp\/v2\/posts\/11212\/revisions"}],"predecessor-version":[{"id":11214,"href":"https:\/\/dev.antudigital.cl\/sites\/vc\/wp-json\/wp\/v2\/posts\/11212\/revisions\/11214"}],"wp:featuredmedia":[{"embeddable":true,"href":"https:\/\/dev.antudigital.cl\/sites\/vc\/wp-json\/wp\/v2\/media\/11213"}],"wp:attachment":[{"href":"https:\/\/dev.antudigital.cl\/sites\/vc\/wp-json\/wp\/v2\/media?parent=11212"}],"wp:term":[{"taxonomy":"category","embeddable":true,"href":"https:\/\/dev.antudigital.cl\/sites\/vc\/wp-json\/wp\/v2\/categories?post=11212"},{"taxonomy":"post_tag","embeddable":true,"href":"https:\/\/dev.antudigital.cl\/sites\/vc\/wp-json\/wp\/v2\/tags?post=11212"}],"curies":[{"name":"wp","href":"https:\/\/api.w.org\/{rel}","templated":true}]}}