{"id":11282,"date":"2022-07-18T16:59:32","date_gmt":"2022-07-18T16:59:32","guid":{"rendered":"https:\/\/www.valparaisocreativo.cl\/?p=11282"},"modified":"2022-07-18T16:59:43","modified_gmt":"2022-07-18T16:59:43","slug":"ya-esta-abierta-la-convocatoria-par-chile-apoya-turismo-de-corfo","status":"publish","type":"post","link":"https:\/\/dev.antudigital.cl\/sites\/vc\/ya-esta-abierta-la-convocatoria-par-chile-apoya-turismo-de-corfo\/","title":{"rendered":"Ya est\u00e1 abierta la convocatoria PAR Chile Apoya Turismo de Corfo"},"content":{"rendered":"\n<p><a href=\"https:\/\/www.corfo.cl\">Corfo<\/a> sigue impulsando a las Mipymes del sector tur\u00edstico para que puedan entregar m\u00e1s experiencias inolvidables a los visitantes de nuestro territorio. El PAR <a href=\"https:\/\/www.instagram.com\/explore\/tags\/chileapoya\/\">#ChileApoya<\/a> Turismo busca entregar herramientas a micro, peque\u00f1as y medianas empresas del sector tur\u00edstico. Esto para la recuperaci\u00f3n de su potencial productivo y de gesti\u00f3n, mediante el financiamiento de proyectos individuales que contemplen capacitaci\u00f3n, planes de negocio, consultor\u00edas, asistencia t\u00e9cnica, capital de trabajo y\/o proyectos de inversi\u00f3n.<\/p>\n\n\n\n<p>Encuentra las bases y m\u00e1s detalles en el <strong><a href=\"https:\/\/www.corfo.cl\/sites\/cpp\/inf\/movil\/parturismo\">siguiente sitio web.<\/a><\/strong><\/p>\n","protected":false},"excerpt":{"rendered":"<p>Corfo sigue impulsando a las Mipymes del sector tur\u00edstico para que puedan entregar m\u00e1s experiencias inolvidables a los visitantes de nuestro territorio. El PAR #ChileApoya Turismo busca entregar herramientas a micro, peque\u00f1as y medianas empresas del sector tur\u00edstico. Esto para la recuperaci\u00f3n de su potencial productivo y de gesti\u00f3n, mediante el financiamiento de proyectos individuales [&hellip;]<\/p>\n","protected":false},"author":1,"featured_media":11283,"comment_status":"open","ping_status":"closed","sticky":false,"template":"","format":"standard","meta":{"_acf_changed":false,"footnotes":""},"categories":[8],"tags":[],"class_list":["post-11282","post","type-post","status-publish","format-standard","has-post-thumbnail","hentry","category-noticia"],"acf":[],"yoast_head":"<!-- This site is optimized with the Yoast SEO plugin v27.1.1 - https:\/\/yoast.com\/product\/yoast-seo-wordpress\/ -->\n<title>Ya est\u00e1 abierta la convocatoria PAR Chile Apoya Turismo de Corfo - Valpara\u00ed\u00adso Creativo<\/title>\n<meta name=\"robots\" content=\"index, follow, max-snippet:-1, max-image-preview:large, max-video-preview:-1\" \/>\n<link rel=\"canonical\" href=\"https:\/\/dev.antudigital.cl\/sites\/vc\/ya-esta-abierta-la-convocatoria-par-chile-apoya-turismo-de-corfo\/\" \/>\n<meta property=\"og:locale\" content=\"es_ES\" \/>\n<meta property=\"og:type\" content=\"article\" \/>\n<meta property=\"og:title\" content=\"Ya est\u00e1 abierta la convocatoria PAR Chile Apoya Turismo de Corfo - Valpara\u00ed\u00adso Creativo\" \/>\n<meta property=\"og:description\" content=\"Corfo sigue impulsando a las Mipymes del sector tur\u00edstico para que puedan entregar m\u00e1s experiencias inolvidables a los visitantes de nuestro territorio. El PAR #ChileApoya Turismo busca entregar herramientas a micro, peque\u00f1as y medianas empresas del sector tur\u00edstico. Esto para la recuperaci\u00f3n de su potencial productivo y de gesti\u00f3n, mediante el financiamiento de proyectos individuales [&hellip;]\" \/>\n<meta property=\"og:url\" content=\"https:\/\/dev.antudigital.cl\/sites\/vc\/ya-esta-abierta-la-convocatoria-par-chile-apoya-turismo-de-corfo\/\" \/>\n<meta property=\"og:site_name\" content=\"Valpara\u00ed\u00adso Creativo\" \/>\n<meta property=\"article:published_time\" content=\"2022-07-18T16:59:32+00:00\" \/>\n<meta property=\"article:modified_time\" content=\"2022-07-18T16:59:43+00:00\" \/>\n<meta property=\"og:image\" content=\"https:\/\/dev.antudigital.cl\/sites\/vc\/wp-content\/uploads\/2022\/07\/Captura-de-Pantalla-2022-07-18-a-las-12.48.13.png\" \/>\n\t<meta property=\"og:image:width\" content=\"577\" \/>\n\t<meta property=\"og:image:height\" content=\"580\" \/>\n\t<meta property=\"og:image:type\" content=\"image\/png\" \/>\n<meta name=\"author\" content=\"Valpara\u00edso Creativo\" \/>\n<meta name=\"twitter:card\" content=\"summary_large_image\" \/>\n<meta name=\"twitter:label1\" content=\"Escrito por\" \/>\n\t<meta name=\"twitter:data1\" content=\"Valpara\u00edso Creativo\" \/>\n\t<meta name=\"twitter:label2\" content=\"Tiempo de lectura\" \/>\n\t<meta name=\"twitter:data2\" content=\"1 minuto\" \/>\n<script type=\"application\/ld+json\" class=\"yoast-schema-graph\">{\"@context\":\"https:\/\/schema.org\",\"@graph\":[{\"@type\":\"Article\",\"@id\":\"https:\/\/dev.antudigital.cl\/sites\/vc\/ya-esta-abierta-la-convocatoria-par-chile-apoya-turismo-de-corfo\/#article\",\"isPartOf\":{\"@id\":\"https:\/\/dev.antudigital.cl\/sites\/vc\/ya-esta-abierta-la-convocatoria-par-chile-apoya-turismo-de-corfo\/\"},\"author\":{\"name\":\"Valpara\u00edso Creativo\",\"@id\":\"https:\/\/dev.antudigital.cl\/sites\/vc\/#\/schema\/person\/c2b9da8dd545e27166fc5ab232837318\"},\"headline\":\"Ya est\u00e1 abierta la convocatoria PAR Chile Apoya Turismo de Corfo\",\"datePublished\":\"2022-07-18T16:59:32+00:00\",\"dateModified\":\"2022-07-18T16:59:43+00:00\",\"mainEntityOfPage\":{\"@id\":\"https:\/\/dev.antudigital.cl\/sites\/vc\/ya-esta-abierta-la-convocatoria-par-chile-apoya-turismo-de-corfo\/\"},\"wordCount\":105,\"commentCount\":0,\"image\":{\"@id\":\"https:\/\/dev.antudigital.cl\/sites\/vc\/ya-esta-abierta-la-convocatoria-par-chile-apoya-turismo-de-corfo\/#primaryimage\"},\"thumbnailUrl\":\"https:\/\/dev.antudigital.cl\/sites\/vc\/wp-content\/uploads\/2022\/07\/Captura-de-Pantalla-2022-07-18-a-las-12.48.13.png\",\"articleSection\":[\"Noticia\"],\"inLanguage\":\"es\",\"potentialAction\":[{\"@type\":\"CommentAction\",\"name\":\"Comment\",\"target\":[\"https:\/\/dev.antudigital.cl\/sites\/vc\/ya-esta-abierta-la-convocatoria-par-chile-apoya-turismo-de-corfo\/#respond\"]}]},{\"@type\":\"WebPage\",\"@id\":\"https:\/\/dev.antudigital.cl\/sites\/vc\/ya-esta-abierta-la-convocatoria-par-chile-apoya-turismo-de-corfo\/\",\"url\":\"https:\/\/dev.antudigital.cl\/sites\/vc\/ya-esta-abierta-la-convocatoria-par-chile-apoya-turismo-de-corfo\/\",\"name\":\"Ya est\u00e1 abierta la convocatoria PAR Chile Apoya Turismo de Corfo - Valpara\u00ed\u00adso Creativo\",\"isPartOf\":{\"@id\":\"https:\/\/dev.antudigital.cl\/sites\/vc\/#website\"},\"primaryImageOfPage\":{\"@id\":\"https:\/\/dev.antudigital.cl\/sites\/vc\/ya-esta-abierta-la-convocatoria-par-chile-apoya-turismo-de-corfo\/#primaryimage\"},\"image\":{\"@id\":\"https:\/\/dev.antudigital.cl\/sites\/vc\/ya-esta-abierta-la-convocatoria-par-chile-apoya-turismo-de-corfo\/#primaryimage\"},\"thumbnailUrl\":\"https:\/\/dev.antudigital.cl\/sites\/vc\/wp-content\/uploads\/2022\/07\/Captura-de-Pantalla-2022-07-18-a-las-12.48.13.png\",\"datePublished\":\"2022-07-18T16:59:32+00:00\",\"dateModified\":\"2022-07-18T16:59:43+00:00\",\"author\":{\"@id\":\"https:\/\/dev.antudigital.cl\/sites\/vc\/#\/schema\/person\/c2b9da8dd545e27166fc5ab232837318\"},\"breadcrumb\":{\"@id\":\"https:\/\/dev.antudigital.cl\/sites\/vc\/ya-esta-abierta-la-convocatoria-par-chile-apoya-turismo-de-corfo\/#breadcrumb\"},\"inLanguage\":\"es\",\"potentialAction\":[{\"@type\":\"ReadAction\",\"target\":[\"https:\/\/dev.antudigital.cl\/sites\/vc\/ya-esta-abierta-la-convocatoria-par-chile-apoya-turismo-de-corfo\/\"]}]},{\"@type\":\"ImageObject\",\"inLanguage\":\"es\",\"@id\":\"https:\/\/dev.antudigital.cl\/sites\/vc\/ya-esta-abierta-la-convocatoria-par-chile-apoya-turismo-de-corfo\/#primaryimage\",\"url\":\"https:\/\/dev.antudigital.cl\/sites\/vc\/wp-content\/uploads\/2022\/07\/Captura-de-Pantalla-2022-07-18-a-las-12.48.13.png\",\"contentUrl\":\"https:\/\/dev.antudigital.cl\/sites\/vc\/wp-content\/uploads\/2022\/07\/Captura-de-Pantalla-2022-07-18-a-las-12.48.13.png\",\"width\":577,\"height\":580},{\"@type\":\"BreadcrumbList\",\"@id\":\"https:\/\/dev.antudigital.cl\/sites\/vc\/ya-esta-abierta-la-convocatoria-par-chile-apoya-turismo-de-corfo\/#breadcrumb\",\"itemListElement\":[{\"@type\":\"ListItem\",\"position\":1,\"name\":\"Home\",\"item\":\"https:\/\/dev.antudigital.cl\/sites\/vc\/\"},{\"@type\":\"ListItem\",\"position\":2,\"name\":\"Ya est\u00e1 abierta la convocatoria PAR Chile Apoya Turismo de Corfo\"}]},{\"@type\":\"WebSite\",\"@id\":\"https:\/\/dev.antudigital.cl\/sites\/vc\/#website\",\"url\":\"https:\/\/dev.antudigital.cl\/sites\/vc\/\",\"name\":\"Valpara\u00ed\u00adso Creativo\",\"description\":\"\",\"potentialAction\":[{\"@type\":\"SearchAction\",\"target\":{\"@type\":\"EntryPoint\",\"urlTemplate\":\"https:\/\/dev.antudigital.cl\/sites\/vc\/?s={search_term_string}\"},\"query-input\":{\"@type\":\"PropertyValueSpecification\",\"valueRequired\":true,\"valueName\":\"search_term_string\"}}],\"inLanguage\":\"es\"},{\"@type\":\"Person\",\"@id\":\"https:\/\/dev.antudigital.cl\/sites\/vc\/#\/schema\/person\/c2b9da8dd545e27166fc5ab232837318\",\"name\":\"Valpara\u00edso Creativo\",\"description\":\"Periodista de cultura en la Regi\u00f3n de Valpara\u00edso.\",\"url\":\"https:\/\/dev.antudigital.cl\/sites\/vc\/author\/valpoadmin\/\"}]}<\/script>\n<!-- \/ Yoast SEO plugin. -->","yoast_head_json":{"title":"Ya est\u00e1 abierta la convocatoria PAR Chile Apoya Turismo de Corfo - Valpara\u00ed\u00adso Creativo","robots":{"index":"index","follow":"follow","max-snippet":"max-snippet:-1","max-image-preview":"max-image-preview:large","max-video-preview":"max-video-preview:-1"},"canonical":"https:\/\/dev.antudigital.cl\/sites\/vc\/ya-esta-abierta-la-convocatoria-par-chile-apoya-turismo-de-corfo\/","og_locale":"es_ES","og_type":"article","og_title":"Ya est\u00e1 abierta la convocatoria PAR Chile Apoya Turismo de Corfo - Valpara\u00ed\u00adso Creativo","og_description":"Corfo sigue impulsando a las Mipymes del sector tur\u00edstico para que puedan entregar m\u00e1s experiencias inolvidables a los visitantes de nuestro territorio. El PAR #ChileApoya Turismo busca entregar herramientas a micro, peque\u00f1as y medianas empresas del sector tur\u00edstico. Esto para la recuperaci\u00f3n de su potencial productivo y de gesti\u00f3n, mediante el financiamiento de proyectos individuales [&hellip;]","og_url":"https:\/\/dev.antudigital.cl\/sites\/vc\/ya-esta-abierta-la-convocatoria-par-chile-apoya-turismo-de-corfo\/","og_site_name":"Valpara\u00ed\u00adso Creativo","article_published_time":"2022-07-18T16:59:32+00:00","article_modified_time":"2022-07-18T16:59:43+00:00","og_image":[{"width":577,"height":580,"url":"https:\/\/dev.antudigital.cl\/sites\/vc\/wp-content\/uploads\/2022\/07\/Captura-de-Pantalla-2022-07-18-a-las-12.48.13.png","type":"image\/png"}],"author":"Valpara\u00edso Creativo","twitter_card":"summary_large_image","twitter_misc":{"Escrito por":"Valpara\u00edso Creativo","Tiempo de lectura":"1 minuto"},"schema":{"@context":"https:\/\/schema.org","@graph":[{"@type":"Article","@id":"https:\/\/dev.antudigital.cl\/sites\/vc\/ya-esta-abierta-la-convocatoria-par-chile-apoya-turismo-de-corfo\/#article","isPartOf":{"@id":"https:\/\/dev.antudigital.cl\/sites\/vc\/ya-esta-abierta-la-convocatoria-par-chile-apoya-turismo-de-corfo\/"},"author":{"name":"Valpara\u00edso Creativo","@id":"https:\/\/dev.antudigital.cl\/sites\/vc\/#\/schema\/person\/c2b9da8dd545e27166fc5ab232837318"},"headline":"Ya est\u00e1 abierta la convocatoria PAR Chile Apoya Turismo de Corfo","datePublished":"2022-07-18T16:59:32+00:00","dateModified":"2022-07-18T16:59:43+00:00","mainEntityOfPage":{"@id":"https:\/\/dev.antudigital.cl\/sites\/vc\/ya-esta-abierta-la-convocatoria-par-chile-apoya-turismo-de-corfo\/"},"wordCount":105,"commentCount":0,"image":{"@id":"https:\/\/dev.antudigital.cl\/sites\/vc\/ya-esta-abierta-la-convocatoria-par-chile-apoya-turismo-de-corfo\/#primaryimage"},"thumbnailUrl":"https:\/\/dev.antudigital.cl\/sites\/vc\/wp-content\/uploads\/2022\/07\/Captura-de-Pantalla-2022-07-18-a-las-12.48.13.png","articleSection":["Noticia"],"inLanguage":"es","potentialAction":[{"@type":"CommentAction","name":"Comment","target":["https:\/\/dev.antudigital.cl\/sites\/vc\/ya-esta-abierta-la-convocatoria-par-chile-apoya-turismo-de-corfo\/#respond"]}]},{"@type":"WebPage","@id":"https:\/\/dev.antudigital.cl\/sites\/vc\/ya-esta-abierta-la-convocatoria-par-chile-apoya-turismo-de-corfo\/","url":"https:\/\/dev.antudigital.cl\/sites\/vc\/ya-esta-abierta-la-convocatoria-par-chile-apoya-turismo-de-corfo\/","name":"Ya est\u00e1 abierta la convocatoria PAR Chile Apoya Turismo de Corfo - Valpara\u00ed\u00adso Creativo","isPartOf":{"@id":"https:\/\/dev.antudigital.cl\/sites\/vc\/#website"},"primaryImageOfPage":{"@id":"https:\/\/dev.antudigital.cl\/sites\/vc\/ya-esta-abierta-la-convocatoria-par-chile-apoya-turismo-de-corfo\/#primaryimage"},"image":{"@id":"https:\/\/dev.antudigital.cl\/sites\/vc\/ya-esta-abierta-la-convocatoria-par-chile-apoya-turismo-de-corfo\/#primaryimage"},"thumbnailUrl":"https:\/\/dev.antudigital.cl\/sites\/vc\/wp-content\/uploads\/2022\/07\/Captura-de-Pantalla-2022-07-18-a-las-12.48.13.png","datePublished":"2022-07-18T16:59:32+00:00","dateModified":"2022-07-18T16:59:43+00:00","author":{"@id":"https:\/\/dev.antudigital.cl\/sites\/vc\/#\/schema\/person\/c2b9da8dd545e27166fc5ab232837318"},"breadcrumb":{"@id":"https:\/\/dev.antudigital.cl\/sites\/vc\/ya-esta-abierta-la-convocatoria-par-chile-apoya-turismo-de-corfo\/#breadcrumb"},"inLanguage":"es","potentialAction":[{"@type":"ReadAction","target":["https:\/\/dev.antudigital.cl\/sites\/vc\/ya-esta-abierta-la-convocatoria-par-chile-apoya-turismo-de-corfo\/"]}]},{"@type":"ImageObject","inLanguage":"es","@id":"https:\/\/dev.antudigital.cl\/sites\/vc\/ya-esta-abierta-la-convocatoria-par-chile-apoya-turismo-de-corfo\/#primaryimage","url":"https:\/\/dev.antudigital.cl\/sites\/vc\/wp-content\/uploads\/2022\/07\/Captura-de-Pantalla-2022-07-18-a-las-12.48.13.png","contentUrl":"https:\/\/dev.antudigital.cl\/sites\/vc\/wp-content\/uploads\/2022\/07\/Captura-de-Pantalla-2022-07-18-a-las-12.48.13.png","width":577,"height":580},{"@type":"BreadcrumbList","@id":"https:\/\/dev.antudigital.cl\/sites\/vc\/ya-esta-abierta-la-convocatoria-par-chile-apoya-turismo-de-corfo\/#breadcrumb","itemListElement":[{"@type":"ListItem","position":1,"name":"Home","item":"https:\/\/dev.antudigital.cl\/sites\/vc\/"},{"@type":"ListItem","position":2,"name":"Ya est\u00e1 abierta la convocatoria PAR Chile Apoya Turismo de Corfo"}]},{"@type":"WebSite","@id":"https:\/\/dev.antudigital.cl\/sites\/vc\/#website","url":"https:\/\/dev.antudigital.cl\/sites\/vc\/","name":"Valpara\u00ed\u00adso Creativo","description":"","potentialAction":[{"@type":"SearchAction","target":{"@type":"EntryPoint","urlTemplate":"https:\/\/dev.antudigital.cl\/sites\/vc\/?s={search_term_string}"},"query-input":{"@type":"PropertyValueSpecification","valueRequired":true,"valueName":"search_term_string"}}],"inLanguage":"es"},{"@type":"Person","@id":"https:\/\/dev.antudigital.cl\/sites\/vc\/#\/schema\/person\/c2b9da8dd545e27166fc5ab232837318","name":"Valpara\u00edso Creativo","description":"Periodista de cultura en la Regi\u00f3n de Valpara\u00edso.","url":"https:\/\/dev.antudigital.cl\/sites\/vc\/author\/valpoadmin\/"}]}},"_links":{"self":[{"href":"https:\/\/dev.antudigital.cl\/sites\/vc\/wp-json\/wp\/v2\/posts\/11282","targetHints":{"allow":["GET"]}}],"collection":[{"href":"https:\/\/dev.antudigital.cl\/sites\/vc\/wp-json\/wp\/v2\/posts"}],"about":[{"href":"https:\/\/dev.antudigital.cl\/sites\/vc\/wp-json\/wp\/v2\/types\/post"}],"author":[{"embeddable":true,"href":"https:\/\/dev.antudigital.cl\/sites\/vc\/wp-json\/wp\/v2\/users\/1"}],"replies":[{"embeddable":true,"href":"https:\/\/dev.antudigital.cl\/sites\/vc\/wp-json\/wp\/v2\/comments?post=11282"}],"version-history":[{"count":1,"href":"https:\/\/dev.antudigital.cl\/sites\/vc\/wp-json\/wp\/v2\/posts\/11282\/revisions"}],"predecessor-version":[{"id":11284,"href":"https:\/\/dev.antudigital.cl\/sites\/vc\/wp-json\/wp\/v2\/posts\/11282\/revisions\/11284"}],"wp:featuredmedia":[{"embeddable":true,"href":"https:\/\/dev.antudigital.cl\/sites\/vc\/wp-json\/wp\/v2\/media\/11283"}],"wp:attachment":[{"href":"https:\/\/dev.antudigital.cl\/sites\/vc\/wp-json\/wp\/v2\/media?parent=11282"}],"wp:term":[{"taxonomy":"category","embeddable":true,"href":"https:\/\/dev.antudigital.cl\/sites\/vc\/wp-json\/wp\/v2\/categories?post=11282"},{"taxonomy":"post_tag","embeddable":true,"href":"https:\/\/dev.antudigital.cl\/sites\/vc\/wp-json\/wp\/v2\/tags?post=11282"}],"curies":[{"name":"wp","href":"https:\/\/api.w.org\/{rel}","templated":true}]}}