{"id":11285,"date":"2022-07-18T17:04:46","date_gmt":"2022-07-18T17:04:46","guid":{"rendered":"https:\/\/www.valparaisocreativo.cl\/?p=11285"},"modified":"2022-07-18T17:05:00","modified_gmt":"2022-07-18T17:05:00","slug":"sercotec-abre-recupera-tu-barrio","status":"publish","type":"post","link":"https:\/\/dev.antudigital.cl\/sites\/vc\/sercotec-abre-recupera-tu-barrio\/","title":{"rendered":"Sercotec abre \u00abRecupera tu Barrio\u00bb"},"content":{"rendered":"\n<p>Con <a href=\"https:\/\/www.instagram.com\/explore\/tags\/recuperatubarrio%F0%9F%8F%98\/\">#RecuperatuBarrio<\/a> podr\u00e1s llevar a cabo un plan de actividades ajustado a las necesidades de tu barrio, si fue afectado por acciones derivadas del estallido social. A trav\u00e9s de esta convocatoria, Sercotec busca apoyar a m\u00e1s de 40 barrios comerciales a lo largo de Chile, que representan a unos 1.100 negocios.<br><br>\u00a1Reactivemos juntos la econom\u00eda ! Conoce m\u00e1s sobre este programa en <a href=\"http:\/\/www.sercotec.cl\">www.sercotec.cl<\/a><br><br>Ases\u00f3rate con el <a href=\"https:\/\/www.instagram.com\/explore\/tags\/puntomipe\/\">#PuntoMipe<\/a> antes de postular. La convocatoria estar\u00e1 disponible hasta el 19 de julio.<br><br>&#x260e; Encuentra sus datos de contacto en www.sercotec.cl\/mapa-de-oficinas\/ o en la pesta\u00f1a \u201cNosotros\u201d > \u201cMapa de Oficinas\u201d.<\/p>\n\n\n\n<p>Tambi\u00e9n puedes seguir a <a href=\"https:\/\/www.instagram.com\/sercotec_cl\/\">Sercotec en redes sociales.<\/a><\/p>\n\n\n\n<figure class=\"wp-block-image size-full\"><img fetchpriority=\"high\" decoding=\"async\" width=\"574\" height=\"574\" src=\"https:\/\/www.valparaisocreativo.cl\/wp-content\/uploads\/2022\/07\/Captura-de-Pantalla-2022-07-18-a-las-13.02.39.png\" alt=\"\" class=\"wp-image-11289\" srcset=\"https:\/\/dev.antudigital.cl\/sites\/vc\/wp-content\/uploads\/2022\/07\/Captura-de-Pantalla-2022-07-18-a-las-13.02.39.png 574w, https:\/\/dev.antudigital.cl\/sites\/vc\/wp-content\/uploads\/2022\/07\/Captura-de-Pantalla-2022-07-18-a-las-13.02.39-300x300.png 300w, https:\/\/dev.antudigital.cl\/sites\/vc\/wp-content\/uploads\/2022\/07\/Captura-de-Pantalla-2022-07-18-a-las-13.02.39-150x150.png 150w, https:\/\/dev.antudigital.cl\/sites\/vc\/wp-content\/uploads\/2022\/07\/Captura-de-Pantalla-2022-07-18-a-las-13.02.39-480x480.png 480w\" sizes=\"(max-width: 574px) 100vw, 574px\" \/><\/figure>\n","protected":false},"excerpt":{"rendered":"<p>Con #RecuperatuBarrio podr\u00e1s llevar a cabo un plan de actividades ajustado a las necesidades de tu barrio, si fue afectado por acciones derivadas del estallido social. A trav\u00e9s de esta convocatoria, Sercotec busca apoyar a m\u00e1s de 40 barrios comerciales a lo largo de Chile, que representan a unos 1.100 negocios. \u00a1Reactivemos juntos la econom\u00eda [&hellip;]<\/p>\n","protected":false},"author":1,"featured_media":11288,"comment_status":"open","ping_status":"closed","sticky":false,"template":"","format":"standard","meta":{"_acf_changed":false,"footnotes":""},"categories":[8],"tags":[],"class_list":["post-11285","post","type-post","status-publish","format-standard","has-post-thumbnail","hentry","category-noticia"],"acf":[],"yoast_head":"<!-- This site is optimized with the Yoast SEO plugin v27.1.1 - https:\/\/yoast.com\/product\/yoast-seo-wordpress\/ -->\n<title>Sercotec abre &quot;Recupera tu Barrio&quot; - Valpara\u00ed\u00adso Creativo<\/title>\n<meta name=\"robots\" content=\"index, follow, max-snippet:-1, max-image-preview:large, max-video-preview:-1\" \/>\n<link rel=\"canonical\" href=\"https:\/\/dev.antudigital.cl\/sites\/vc\/sercotec-abre-recupera-tu-barrio\/\" \/>\n<meta property=\"og:locale\" content=\"es_ES\" \/>\n<meta property=\"og:type\" content=\"article\" \/>\n<meta property=\"og:title\" content=\"Sercotec abre &quot;Recupera tu Barrio&quot; - Valpara\u00ed\u00adso Creativo\" \/>\n<meta property=\"og:description\" content=\"Con #RecuperatuBarrio podr\u00e1s llevar a cabo un plan de actividades ajustado a las necesidades de tu barrio, si fue afectado por acciones derivadas del estallido social. A trav\u00e9s de esta convocatoria, Sercotec busca apoyar a m\u00e1s de 40 barrios comerciales a lo largo de Chile, que representan a unos 1.100 negocios. \u00a1Reactivemos juntos la econom\u00eda [&hellip;]\" \/>\n<meta property=\"og:url\" content=\"https:\/\/dev.antudigital.cl\/sites\/vc\/sercotec-abre-recupera-tu-barrio\/\" \/>\n<meta property=\"og:site_name\" content=\"Valpara\u00ed\u00adso Creativo\" \/>\n<meta property=\"article:published_time\" content=\"2022-07-18T17:04:46+00:00\" \/>\n<meta property=\"article:modified_time\" content=\"2022-07-18T17:05:00+00:00\" \/>\n<meta property=\"og:image\" content=\"https:\/\/dev.antudigital.cl\/sites\/vc\/wp-content\/uploads\/2022\/07\/Captura-de-Pantalla-2022-07-18-a-las-13.02.44.png\" \/>\n\t<meta property=\"og:image:width\" content=\"573\" \/>\n\t<meta property=\"og:image:height\" content=\"311\" \/>\n\t<meta property=\"og:image:type\" content=\"image\/png\" \/>\n<meta name=\"author\" content=\"Valpara\u00edso Creativo\" \/>\n<meta name=\"twitter:card\" content=\"summary_large_image\" \/>\n<meta name=\"twitter:label1\" content=\"Escrito por\" \/>\n\t<meta name=\"twitter:data1\" content=\"Valpara\u00edso Creativo\" \/>\n\t<meta name=\"twitter:label2\" content=\"Tiempo de lectura\" \/>\n\t<meta name=\"twitter:data2\" content=\"1 minuto\" \/>\n<script type=\"application\/ld+json\" class=\"yoast-schema-graph\">{\"@context\":\"https:\/\/schema.org\",\"@graph\":[{\"@type\":\"Article\",\"@id\":\"https:\/\/dev.antudigital.cl\/sites\/vc\/sercotec-abre-recupera-tu-barrio\/#article\",\"isPartOf\":{\"@id\":\"https:\/\/dev.antudigital.cl\/sites\/vc\/sercotec-abre-recupera-tu-barrio\/\"},\"author\":{\"name\":\"Valpara\u00edso Creativo\",\"@id\":\"https:\/\/dev.antudigital.cl\/sites\/vc\/#\/schema\/person\/c2b9da8dd545e27166fc5ab232837318\"},\"headline\":\"Sercotec abre \u00abRecupera tu Barrio\u00bb\",\"datePublished\":\"2022-07-18T17:04:46+00:00\",\"dateModified\":\"2022-07-18T17:05:00+00:00\",\"mainEntityOfPage\":{\"@id\":\"https:\/\/dev.antudigital.cl\/sites\/vc\/sercotec-abre-recupera-tu-barrio\/\"},\"wordCount\":118,\"commentCount\":0,\"image\":{\"@id\":\"https:\/\/dev.antudigital.cl\/sites\/vc\/sercotec-abre-recupera-tu-barrio\/#primaryimage\"},\"thumbnailUrl\":\"https:\/\/dev.antudigital.cl\/sites\/vc\/wp-content\/uploads\/2022\/07\/Captura-de-Pantalla-2022-07-18-a-las-13.02.44.png\",\"articleSection\":[\"Noticia\"],\"inLanguage\":\"es\",\"potentialAction\":[{\"@type\":\"CommentAction\",\"name\":\"Comment\",\"target\":[\"https:\/\/dev.antudigital.cl\/sites\/vc\/sercotec-abre-recupera-tu-barrio\/#respond\"]}]},{\"@type\":\"WebPage\",\"@id\":\"https:\/\/dev.antudigital.cl\/sites\/vc\/sercotec-abre-recupera-tu-barrio\/\",\"url\":\"https:\/\/dev.antudigital.cl\/sites\/vc\/sercotec-abre-recupera-tu-barrio\/\",\"name\":\"Sercotec abre \\\"Recupera tu Barrio\\\" - Valpara\u00ed\u00adso Creativo\",\"isPartOf\":{\"@id\":\"https:\/\/dev.antudigital.cl\/sites\/vc\/#website\"},\"primaryImageOfPage\":{\"@id\":\"https:\/\/dev.antudigital.cl\/sites\/vc\/sercotec-abre-recupera-tu-barrio\/#primaryimage\"},\"image\":{\"@id\":\"https:\/\/dev.antudigital.cl\/sites\/vc\/sercotec-abre-recupera-tu-barrio\/#primaryimage\"},\"thumbnailUrl\":\"https:\/\/dev.antudigital.cl\/sites\/vc\/wp-content\/uploads\/2022\/07\/Captura-de-Pantalla-2022-07-18-a-las-13.02.44.png\",\"datePublished\":\"2022-07-18T17:04:46+00:00\",\"dateModified\":\"2022-07-18T17:05:00+00:00\",\"author\":{\"@id\":\"https:\/\/dev.antudigital.cl\/sites\/vc\/#\/schema\/person\/c2b9da8dd545e27166fc5ab232837318\"},\"breadcrumb\":{\"@id\":\"https:\/\/dev.antudigital.cl\/sites\/vc\/sercotec-abre-recupera-tu-barrio\/#breadcrumb\"},\"inLanguage\":\"es\",\"potentialAction\":[{\"@type\":\"ReadAction\",\"target\":[\"https:\/\/dev.antudigital.cl\/sites\/vc\/sercotec-abre-recupera-tu-barrio\/\"]}]},{\"@type\":\"ImageObject\",\"inLanguage\":\"es\",\"@id\":\"https:\/\/dev.antudigital.cl\/sites\/vc\/sercotec-abre-recupera-tu-barrio\/#primaryimage\",\"url\":\"https:\/\/dev.antudigital.cl\/sites\/vc\/wp-content\/uploads\/2022\/07\/Captura-de-Pantalla-2022-07-18-a-las-13.02.44.png\",\"contentUrl\":\"https:\/\/dev.antudigital.cl\/sites\/vc\/wp-content\/uploads\/2022\/07\/Captura-de-Pantalla-2022-07-18-a-las-13.02.44.png\",\"width\":573,\"height\":311},{\"@type\":\"BreadcrumbList\",\"@id\":\"https:\/\/dev.antudigital.cl\/sites\/vc\/sercotec-abre-recupera-tu-barrio\/#breadcrumb\",\"itemListElement\":[{\"@type\":\"ListItem\",\"position\":1,\"name\":\"Home\",\"item\":\"https:\/\/dev.antudigital.cl\/sites\/vc\/\"},{\"@type\":\"ListItem\",\"position\":2,\"name\":\"Sercotec abre \u00abRecupera tu Barrio\u00bb\"}]},{\"@type\":\"WebSite\",\"@id\":\"https:\/\/dev.antudigital.cl\/sites\/vc\/#website\",\"url\":\"https:\/\/dev.antudigital.cl\/sites\/vc\/\",\"name\":\"Valpara\u00ed\u00adso Creativo\",\"description\":\"\",\"potentialAction\":[{\"@type\":\"SearchAction\",\"target\":{\"@type\":\"EntryPoint\",\"urlTemplate\":\"https:\/\/dev.antudigital.cl\/sites\/vc\/?s={search_term_string}\"},\"query-input\":{\"@type\":\"PropertyValueSpecification\",\"valueRequired\":true,\"valueName\":\"search_term_string\"}}],\"inLanguage\":\"es\"},{\"@type\":\"Person\",\"@id\":\"https:\/\/dev.antudigital.cl\/sites\/vc\/#\/schema\/person\/c2b9da8dd545e27166fc5ab232837318\",\"name\":\"Valpara\u00edso Creativo\",\"description\":\"Periodista de cultura en la Regi\u00f3n de Valpara\u00edso.\",\"url\":\"https:\/\/dev.antudigital.cl\/sites\/vc\/author\/valpoadmin\/\"}]}<\/script>\n<!-- \/ Yoast SEO plugin. -->","yoast_head_json":{"title":"Sercotec abre \"Recupera tu Barrio\" - Valpara\u00ed\u00adso Creativo","robots":{"index":"index","follow":"follow","max-snippet":"max-snippet:-1","max-image-preview":"max-image-preview:large","max-video-preview":"max-video-preview:-1"},"canonical":"https:\/\/dev.antudigital.cl\/sites\/vc\/sercotec-abre-recupera-tu-barrio\/","og_locale":"es_ES","og_type":"article","og_title":"Sercotec abre \"Recupera tu Barrio\" - Valpara\u00ed\u00adso Creativo","og_description":"Con #RecuperatuBarrio podr\u00e1s llevar a cabo un plan de actividades ajustado a las necesidades de tu barrio, si fue afectado por acciones derivadas del estallido social. A trav\u00e9s de esta convocatoria, Sercotec busca apoyar a m\u00e1s de 40 barrios comerciales a lo largo de Chile, que representan a unos 1.100 negocios. \u00a1Reactivemos juntos la econom\u00eda [&hellip;]","og_url":"https:\/\/dev.antudigital.cl\/sites\/vc\/sercotec-abre-recupera-tu-barrio\/","og_site_name":"Valpara\u00ed\u00adso Creativo","article_published_time":"2022-07-18T17:04:46+00:00","article_modified_time":"2022-07-18T17:05:00+00:00","og_image":[{"width":573,"height":311,"url":"https:\/\/dev.antudigital.cl\/sites\/vc\/wp-content\/uploads\/2022\/07\/Captura-de-Pantalla-2022-07-18-a-las-13.02.44.png","type":"image\/png"}],"author":"Valpara\u00edso Creativo","twitter_card":"summary_large_image","twitter_misc":{"Escrito por":"Valpara\u00edso Creativo","Tiempo de lectura":"1 minuto"},"schema":{"@context":"https:\/\/schema.org","@graph":[{"@type":"Article","@id":"https:\/\/dev.antudigital.cl\/sites\/vc\/sercotec-abre-recupera-tu-barrio\/#article","isPartOf":{"@id":"https:\/\/dev.antudigital.cl\/sites\/vc\/sercotec-abre-recupera-tu-barrio\/"},"author":{"name":"Valpara\u00edso Creativo","@id":"https:\/\/dev.antudigital.cl\/sites\/vc\/#\/schema\/person\/c2b9da8dd545e27166fc5ab232837318"},"headline":"Sercotec abre \u00abRecupera tu Barrio\u00bb","datePublished":"2022-07-18T17:04:46+00:00","dateModified":"2022-07-18T17:05:00+00:00","mainEntityOfPage":{"@id":"https:\/\/dev.antudigital.cl\/sites\/vc\/sercotec-abre-recupera-tu-barrio\/"},"wordCount":118,"commentCount":0,"image":{"@id":"https:\/\/dev.antudigital.cl\/sites\/vc\/sercotec-abre-recupera-tu-barrio\/#primaryimage"},"thumbnailUrl":"https:\/\/dev.antudigital.cl\/sites\/vc\/wp-content\/uploads\/2022\/07\/Captura-de-Pantalla-2022-07-18-a-las-13.02.44.png","articleSection":["Noticia"],"inLanguage":"es","potentialAction":[{"@type":"CommentAction","name":"Comment","target":["https:\/\/dev.antudigital.cl\/sites\/vc\/sercotec-abre-recupera-tu-barrio\/#respond"]}]},{"@type":"WebPage","@id":"https:\/\/dev.antudigital.cl\/sites\/vc\/sercotec-abre-recupera-tu-barrio\/","url":"https:\/\/dev.antudigital.cl\/sites\/vc\/sercotec-abre-recupera-tu-barrio\/","name":"Sercotec abre \"Recupera tu Barrio\" - Valpara\u00ed\u00adso Creativo","isPartOf":{"@id":"https:\/\/dev.antudigital.cl\/sites\/vc\/#website"},"primaryImageOfPage":{"@id":"https:\/\/dev.antudigital.cl\/sites\/vc\/sercotec-abre-recupera-tu-barrio\/#primaryimage"},"image":{"@id":"https:\/\/dev.antudigital.cl\/sites\/vc\/sercotec-abre-recupera-tu-barrio\/#primaryimage"},"thumbnailUrl":"https:\/\/dev.antudigital.cl\/sites\/vc\/wp-content\/uploads\/2022\/07\/Captura-de-Pantalla-2022-07-18-a-las-13.02.44.png","datePublished":"2022-07-18T17:04:46+00:00","dateModified":"2022-07-18T17:05:00+00:00","author":{"@id":"https:\/\/dev.antudigital.cl\/sites\/vc\/#\/schema\/person\/c2b9da8dd545e27166fc5ab232837318"},"breadcrumb":{"@id":"https:\/\/dev.antudigital.cl\/sites\/vc\/sercotec-abre-recupera-tu-barrio\/#breadcrumb"},"inLanguage":"es","potentialAction":[{"@type":"ReadAction","target":["https:\/\/dev.antudigital.cl\/sites\/vc\/sercotec-abre-recupera-tu-barrio\/"]}]},{"@type":"ImageObject","inLanguage":"es","@id":"https:\/\/dev.antudigital.cl\/sites\/vc\/sercotec-abre-recupera-tu-barrio\/#primaryimage","url":"https:\/\/dev.antudigital.cl\/sites\/vc\/wp-content\/uploads\/2022\/07\/Captura-de-Pantalla-2022-07-18-a-las-13.02.44.png","contentUrl":"https:\/\/dev.antudigital.cl\/sites\/vc\/wp-content\/uploads\/2022\/07\/Captura-de-Pantalla-2022-07-18-a-las-13.02.44.png","width":573,"height":311},{"@type":"BreadcrumbList","@id":"https:\/\/dev.antudigital.cl\/sites\/vc\/sercotec-abre-recupera-tu-barrio\/#breadcrumb","itemListElement":[{"@type":"ListItem","position":1,"name":"Home","item":"https:\/\/dev.antudigital.cl\/sites\/vc\/"},{"@type":"ListItem","position":2,"name":"Sercotec abre \u00abRecupera tu Barrio\u00bb"}]},{"@type":"WebSite","@id":"https:\/\/dev.antudigital.cl\/sites\/vc\/#website","url":"https:\/\/dev.antudigital.cl\/sites\/vc\/","name":"Valpara\u00ed\u00adso Creativo","description":"","potentialAction":[{"@type":"SearchAction","target":{"@type":"EntryPoint","urlTemplate":"https:\/\/dev.antudigital.cl\/sites\/vc\/?s={search_term_string}"},"query-input":{"@type":"PropertyValueSpecification","valueRequired":true,"valueName":"search_term_string"}}],"inLanguage":"es"},{"@type":"Person","@id":"https:\/\/dev.antudigital.cl\/sites\/vc\/#\/schema\/person\/c2b9da8dd545e27166fc5ab232837318","name":"Valpara\u00edso Creativo","description":"Periodista de cultura en la Regi\u00f3n de Valpara\u00edso.","url":"https:\/\/dev.antudigital.cl\/sites\/vc\/author\/valpoadmin\/"}]}},"_links":{"self":[{"href":"https:\/\/dev.antudigital.cl\/sites\/vc\/wp-json\/wp\/v2\/posts\/11285","targetHints":{"allow":["GET"]}}],"collection":[{"href":"https:\/\/dev.antudigital.cl\/sites\/vc\/wp-json\/wp\/v2\/posts"}],"about":[{"href":"https:\/\/dev.antudigital.cl\/sites\/vc\/wp-json\/wp\/v2\/types\/post"}],"author":[{"embeddable":true,"href":"https:\/\/dev.antudigital.cl\/sites\/vc\/wp-json\/wp\/v2\/users\/1"}],"replies":[{"embeddable":true,"href":"https:\/\/dev.antudigital.cl\/sites\/vc\/wp-json\/wp\/v2\/comments?post=11285"}],"version-history":[{"count":1,"href":"https:\/\/dev.antudigital.cl\/sites\/vc\/wp-json\/wp\/v2\/posts\/11285\/revisions"}],"predecessor-version":[{"id":11290,"href":"https:\/\/dev.antudigital.cl\/sites\/vc\/wp-json\/wp\/v2\/posts\/11285\/revisions\/11290"}],"wp:featuredmedia":[{"embeddable":true,"href":"https:\/\/dev.antudigital.cl\/sites\/vc\/wp-json\/wp\/v2\/media\/11288"}],"wp:attachment":[{"href":"https:\/\/dev.antudigital.cl\/sites\/vc\/wp-json\/wp\/v2\/media?parent=11285"}],"wp:term":[{"taxonomy":"category","embeddable":true,"href":"https:\/\/dev.antudigital.cl\/sites\/vc\/wp-json\/wp\/v2\/categories?post=11285"},{"taxonomy":"post_tag","embeddable":true,"href":"https:\/\/dev.antudigital.cl\/sites\/vc\/wp-json\/wp\/v2\/tags?post=11285"}],"curies":[{"name":"wp","href":"https:\/\/api.w.org\/{rel}","templated":true}]}}