{"id":11296,"date":"2022-07-18T21:07:27","date_gmt":"2022-07-18T21:07:27","guid":{"rendered":"https:\/\/www.valparaisocreativo.cl\/?p=11296"},"modified":"2022-07-18T21:07:35","modified_gmt":"2022-07-18T21:07:35","slug":"mincap-abre-convocatoria-para-representantes-de-la-narracion-oral-al-consejo-nacional-de-las-artes-escenicas","status":"publish","type":"post","link":"https:\/\/dev.antudigital.cl\/sites\/vc\/mincap-abre-convocatoria-para-representantes-de-la-narracion-oral-al-consejo-nacional-de-las-artes-escenicas\/","title":{"rendered":"MINCAP abre convocatoria para representantes de la narraci\u00f3n oral al Consejo Nacional de las Artes Esc\u00e9nicas"},"content":{"rendered":"\n<p><strong>Hasta el 9 de agosto <\/strong>estar\u00e1 abierta la convocatoria especial para que representantes de la disciplina de la narraci\u00f3n oral puedan postular al primer Consejo Nacional de Artes Esc\u00e9nicas, \u00f3rgano encargado de asesorar y proponer medidas, programas y acciones que contribuyan al desarrollo del sector en todo el territorio nacional.<\/p>\n\n\n\n<p>Un aspecto importante de este llamado es que, de acuerdo con el reglamento vigente, y con el objetivo de resguardar la paridad, la persona nominada como representante de esta disciplina en el Consejo Nacional de Artes Esc\u00e9nicas, deber\u00e1 ser una mujer.<\/p>\n\n\n\n<p>Adem\u00e1s, se espera que las candidaturas presentadas cuenten con una trayectoria profesional sobresaliente, haber realizado una contribuci\u00f3n al sector y tener conocimientos creativos, t\u00e9cnicos y\/o te\u00f3ricos de la disciplina. Cabe se\u00f1alar que s\u00f3lo podr\u00e1n enviar sus antecedentes personas naturales y organizaciones representativas de la disciplina de la narraci\u00f3n oral.<\/p>\n\n\n\n<p>Entre las atribuciones de las y los consejeros est\u00e1n las de realizar propuestas y asesorar a la Subsecretaria de las Culturas y las Artes en la formulaci\u00f3n y elaboraci\u00f3n de la Pol\u00edtica Nacional para el sector, entre otras labores<\/p>\n\n\n\n<p>Revisa todos los detalles de la <a href=\"https:\/\/www.cultura.gob.cl\/convocatorias\/ministerio-de-las-culturas-abre-convocatoria-para-representantes-de-la-disciplina-de-la-narracion-oral-al-consejo-nacional-de-las-artes-escenicas\/\"><strong>convocatoria en el siguiente link<\/strong><\/a><\/p>\n\n\n\n<p>Los antecedentes se pueden enviar hasta el 9 de agosto de 2022 a las 17:00 horas al correo electr\u00f3nico consejoescenicas@cultura.gob.cl<\/p>\n\n\n\n<figure class=\"wp-block-image size-full\"><img fetchpriority=\"high\" decoding=\"async\" width=\"526\" height=\"526\" src=\"https:\/\/www.valparaisocreativo.cl\/wp-content\/uploads\/2022\/07\/nanan.jpg\" alt=\"\" class=\"wp-image-11297\" srcset=\"https:\/\/dev.antudigital.cl\/sites\/vc\/wp-content\/uploads\/2022\/07\/nanan.jpg 526w, https:\/\/dev.antudigital.cl\/sites\/vc\/wp-content\/uploads\/2022\/07\/nanan-300x300.jpg 300w, https:\/\/dev.antudigital.cl\/sites\/vc\/wp-content\/uploads\/2022\/07\/nanan-150x150.jpg 150w, https:\/\/dev.antudigital.cl\/sites\/vc\/wp-content\/uploads\/2022\/07\/nanan-480x480.jpg 480w\" sizes=\"(max-width: 526px) 100vw, 526px\" \/><\/figure>\n","protected":false},"excerpt":{"rendered":"<p>Hasta el 9 de agosto estar\u00e1 abierta la convocatoria especial para que representantes de la disciplina de la narraci\u00f3n oral puedan postular al primer Consejo Nacional de Artes Esc\u00e9nicas, \u00f3rgano encargado de asesorar y proponer medidas, programas y acciones que contribuyan al desarrollo del sector en todo el territorio nacional. Un aspecto importante de este [&hellip;]<\/p>\n","protected":false},"author":1,"featured_media":11292,"comment_status":"open","ping_status":"closed","sticky":false,"template":"","format":"standard","meta":{"_acf_changed":false,"footnotes":""},"categories":[8],"tags":[],"class_list":["post-11296","post","type-post","status-publish","format-standard","has-post-thumbnail","hentry","category-noticia"],"acf":[],"yoast_head":"<!-- This site is optimized with the Yoast SEO plugin v27.1.1 - https:\/\/yoast.com\/product\/yoast-seo-wordpress\/ -->\n<title>MINCAP abre convocatoria para representantes de la narraci\u00f3n oral al Consejo Nacional de las Artes Esc\u00e9nicas - Valpara\u00ed\u00adso Creativo<\/title>\n<meta name=\"robots\" content=\"index, follow, max-snippet:-1, max-image-preview:large, max-video-preview:-1\" \/>\n<link rel=\"canonical\" href=\"https:\/\/dev.antudigital.cl\/sites\/vc\/mincap-abre-convocatoria-para-representantes-de-la-narracion-oral-al-consejo-nacional-de-las-artes-escenicas\/\" \/>\n<meta property=\"og:locale\" content=\"es_ES\" \/>\n<meta property=\"og:type\" content=\"article\" \/>\n<meta property=\"og:title\" content=\"MINCAP abre convocatoria para representantes de la narraci\u00f3n oral al Consejo Nacional de las Artes Esc\u00e9nicas - Valpara\u00ed\u00adso Creativo\" \/>\n<meta property=\"og:description\" content=\"Hasta el 9 de agosto estar\u00e1 abierta la convocatoria especial para que representantes de la disciplina de la narraci\u00f3n oral puedan postular al primer Consejo Nacional de Artes Esc\u00e9nicas, \u00f3rgano encargado de asesorar y proponer medidas, programas y acciones que contribuyan al desarrollo del sector en todo el territorio nacional. Un aspecto importante de este [&hellip;]\" \/>\n<meta property=\"og:url\" content=\"https:\/\/dev.antudigital.cl\/sites\/vc\/mincap-abre-convocatoria-para-representantes-de-la-narracion-oral-al-consejo-nacional-de-las-artes-escenicas\/\" \/>\n<meta property=\"og:site_name\" content=\"Valpara\u00ed\u00adso Creativo\" \/>\n<meta property=\"article:published_time\" content=\"2022-07-18T21:07:27+00:00\" \/>\n<meta property=\"article:modified_time\" content=\"2022-07-18T21:07:35+00:00\" \/>\n<meta property=\"og:image\" content=\"https:\/\/dev.antudigital.cl\/sites\/vc\/wp-content\/uploads\/2022\/07\/mincap.png\" \/>\n\t<meta property=\"og:image:width\" content=\"1773\" \/>\n\t<meta property=\"og:image:height\" content=\"657\" \/>\n\t<meta property=\"og:image:type\" content=\"image\/png\" \/>\n<meta name=\"author\" content=\"Valpara\u00edso Creativo\" \/>\n<meta name=\"twitter:card\" content=\"summary_large_image\" \/>\n<meta name=\"twitter:label1\" content=\"Escrito por\" \/>\n\t<meta name=\"twitter:data1\" content=\"Valpara\u00edso Creativo\" \/>\n\t<meta name=\"twitter:label2\" content=\"Tiempo de lectura\" \/>\n\t<meta name=\"twitter:data2\" content=\"2 minutos\" \/>\n<script type=\"application\/ld+json\" class=\"yoast-schema-graph\">{\"@context\":\"https:\/\/schema.org\",\"@graph\":[{\"@type\":\"Article\",\"@id\":\"https:\/\/dev.antudigital.cl\/sites\/vc\/mincap-abre-convocatoria-para-representantes-de-la-narracion-oral-al-consejo-nacional-de-las-artes-escenicas\/#article\",\"isPartOf\":{\"@id\":\"https:\/\/dev.antudigital.cl\/sites\/vc\/mincap-abre-convocatoria-para-representantes-de-la-narracion-oral-al-consejo-nacional-de-las-artes-escenicas\/\"},\"author\":{\"name\":\"Valpara\u00edso Creativo\",\"@id\":\"https:\/\/dev.antudigital.cl\/sites\/vc\/#\/schema\/person\/c2b9da8dd545e27166fc5ab232837318\"},\"headline\":\"MINCAP abre convocatoria para representantes de la narraci\u00f3n oral al Consejo Nacional de las Artes Esc\u00e9nicas\",\"datePublished\":\"2022-07-18T21:07:27+00:00\",\"dateModified\":\"2022-07-18T21:07:35+00:00\",\"mainEntityOfPage\":{\"@id\":\"https:\/\/dev.antudigital.cl\/sites\/vc\/mincap-abre-convocatoria-para-representantes-de-la-narracion-oral-al-consejo-nacional-de-las-artes-escenicas\/\"},\"wordCount\":244,\"commentCount\":0,\"image\":{\"@id\":\"https:\/\/dev.antudigital.cl\/sites\/vc\/mincap-abre-convocatoria-para-representantes-de-la-narracion-oral-al-consejo-nacional-de-las-artes-escenicas\/#primaryimage\"},\"thumbnailUrl\":\"https:\/\/dev.antudigital.cl\/sites\/vc\/wp-content\/uploads\/2022\/07\/mincap.png\",\"articleSection\":[\"Noticia\"],\"inLanguage\":\"es\",\"potentialAction\":[{\"@type\":\"CommentAction\",\"name\":\"Comment\",\"target\":[\"https:\/\/dev.antudigital.cl\/sites\/vc\/mincap-abre-convocatoria-para-representantes-de-la-narracion-oral-al-consejo-nacional-de-las-artes-escenicas\/#respond\"]}]},{\"@type\":\"WebPage\",\"@id\":\"https:\/\/dev.antudigital.cl\/sites\/vc\/mincap-abre-convocatoria-para-representantes-de-la-narracion-oral-al-consejo-nacional-de-las-artes-escenicas\/\",\"url\":\"https:\/\/dev.antudigital.cl\/sites\/vc\/mincap-abre-convocatoria-para-representantes-de-la-narracion-oral-al-consejo-nacional-de-las-artes-escenicas\/\",\"name\":\"MINCAP abre convocatoria para representantes de la narraci\u00f3n oral al Consejo Nacional de las Artes Esc\u00e9nicas - Valpara\u00ed\u00adso Creativo\",\"isPartOf\":{\"@id\":\"https:\/\/dev.antudigital.cl\/sites\/vc\/#website\"},\"primaryImageOfPage\":{\"@id\":\"https:\/\/dev.antudigital.cl\/sites\/vc\/mincap-abre-convocatoria-para-representantes-de-la-narracion-oral-al-consejo-nacional-de-las-artes-escenicas\/#primaryimage\"},\"image\":{\"@id\":\"https:\/\/dev.antudigital.cl\/sites\/vc\/mincap-abre-convocatoria-para-representantes-de-la-narracion-oral-al-consejo-nacional-de-las-artes-escenicas\/#primaryimage\"},\"thumbnailUrl\":\"https:\/\/dev.antudigital.cl\/sites\/vc\/wp-content\/uploads\/2022\/07\/mincap.png\",\"datePublished\":\"2022-07-18T21:07:27+00:00\",\"dateModified\":\"2022-07-18T21:07:35+00:00\",\"author\":{\"@id\":\"https:\/\/dev.antudigital.cl\/sites\/vc\/#\/schema\/person\/c2b9da8dd545e27166fc5ab232837318\"},\"breadcrumb\":{\"@id\":\"https:\/\/dev.antudigital.cl\/sites\/vc\/mincap-abre-convocatoria-para-representantes-de-la-narracion-oral-al-consejo-nacional-de-las-artes-escenicas\/#breadcrumb\"},\"inLanguage\":\"es\",\"potentialAction\":[{\"@type\":\"ReadAction\",\"target\":[\"https:\/\/dev.antudigital.cl\/sites\/vc\/mincap-abre-convocatoria-para-representantes-de-la-narracion-oral-al-consejo-nacional-de-las-artes-escenicas\/\"]}]},{\"@type\":\"ImageObject\",\"inLanguage\":\"es\",\"@id\":\"https:\/\/dev.antudigital.cl\/sites\/vc\/mincap-abre-convocatoria-para-representantes-de-la-narracion-oral-al-consejo-nacional-de-las-artes-escenicas\/#primaryimage\",\"url\":\"https:\/\/dev.antudigital.cl\/sites\/vc\/wp-content\/uploads\/2022\/07\/mincap.png\",\"contentUrl\":\"https:\/\/dev.antudigital.cl\/sites\/vc\/wp-content\/uploads\/2022\/07\/mincap.png\",\"width\":1773,\"height\":657},{\"@type\":\"BreadcrumbList\",\"@id\":\"https:\/\/dev.antudigital.cl\/sites\/vc\/mincap-abre-convocatoria-para-representantes-de-la-narracion-oral-al-consejo-nacional-de-las-artes-escenicas\/#breadcrumb\",\"itemListElement\":[{\"@type\":\"ListItem\",\"position\":1,\"name\":\"Home\",\"item\":\"https:\/\/dev.antudigital.cl\/sites\/vc\/\"},{\"@type\":\"ListItem\",\"position\":2,\"name\":\"MINCAP abre convocatoria para representantes de la narraci\u00f3n oral al Consejo Nacional de las Artes Esc\u00e9nicas\"}]},{\"@type\":\"WebSite\",\"@id\":\"https:\/\/dev.antudigital.cl\/sites\/vc\/#website\",\"url\":\"https:\/\/dev.antudigital.cl\/sites\/vc\/\",\"name\":\"Valpara\u00ed\u00adso Creativo\",\"description\":\"\",\"potentialAction\":[{\"@type\":\"SearchAction\",\"target\":{\"@type\":\"EntryPoint\",\"urlTemplate\":\"https:\/\/dev.antudigital.cl\/sites\/vc\/?s={search_term_string}\"},\"query-input\":{\"@type\":\"PropertyValueSpecification\",\"valueRequired\":true,\"valueName\":\"search_term_string\"}}],\"inLanguage\":\"es\"},{\"@type\":\"Person\",\"@id\":\"https:\/\/dev.antudigital.cl\/sites\/vc\/#\/schema\/person\/c2b9da8dd545e27166fc5ab232837318\",\"name\":\"Valpara\u00edso Creativo\",\"description\":\"Periodista de cultura en la Regi\u00f3n de Valpara\u00edso.\",\"url\":\"https:\/\/dev.antudigital.cl\/sites\/vc\/author\/valpoadmin\/\"}]}<\/script>\n<!-- \/ Yoast SEO plugin. -->","yoast_head_json":{"title":"MINCAP abre convocatoria para representantes de la narraci\u00f3n oral al Consejo Nacional de las Artes Esc\u00e9nicas - Valpara\u00ed\u00adso Creativo","robots":{"index":"index","follow":"follow","max-snippet":"max-snippet:-1","max-image-preview":"max-image-preview:large","max-video-preview":"max-video-preview:-1"},"canonical":"https:\/\/dev.antudigital.cl\/sites\/vc\/mincap-abre-convocatoria-para-representantes-de-la-narracion-oral-al-consejo-nacional-de-las-artes-escenicas\/","og_locale":"es_ES","og_type":"article","og_title":"MINCAP abre convocatoria para representantes de la narraci\u00f3n oral al Consejo Nacional de las Artes Esc\u00e9nicas - Valpara\u00ed\u00adso Creativo","og_description":"Hasta el 9 de agosto estar\u00e1 abierta la convocatoria especial para que representantes de la disciplina de la narraci\u00f3n oral puedan postular al primer Consejo Nacional de Artes Esc\u00e9nicas, \u00f3rgano encargado de asesorar y proponer medidas, programas y acciones que contribuyan al desarrollo del sector en todo el territorio nacional. Un aspecto importante de este [&hellip;]","og_url":"https:\/\/dev.antudigital.cl\/sites\/vc\/mincap-abre-convocatoria-para-representantes-de-la-narracion-oral-al-consejo-nacional-de-las-artes-escenicas\/","og_site_name":"Valpara\u00ed\u00adso Creativo","article_published_time":"2022-07-18T21:07:27+00:00","article_modified_time":"2022-07-18T21:07:35+00:00","og_image":[{"width":1773,"height":657,"url":"https:\/\/dev.antudigital.cl\/sites\/vc\/wp-content\/uploads\/2022\/07\/mincap.png","type":"image\/png"}],"author":"Valpara\u00edso Creativo","twitter_card":"summary_large_image","twitter_misc":{"Escrito por":"Valpara\u00edso Creativo","Tiempo de lectura":"2 minutos"},"schema":{"@context":"https:\/\/schema.org","@graph":[{"@type":"Article","@id":"https:\/\/dev.antudigital.cl\/sites\/vc\/mincap-abre-convocatoria-para-representantes-de-la-narracion-oral-al-consejo-nacional-de-las-artes-escenicas\/#article","isPartOf":{"@id":"https:\/\/dev.antudigital.cl\/sites\/vc\/mincap-abre-convocatoria-para-representantes-de-la-narracion-oral-al-consejo-nacional-de-las-artes-escenicas\/"},"author":{"name":"Valpara\u00edso Creativo","@id":"https:\/\/dev.antudigital.cl\/sites\/vc\/#\/schema\/person\/c2b9da8dd545e27166fc5ab232837318"},"headline":"MINCAP abre convocatoria para representantes de la narraci\u00f3n oral al Consejo Nacional de las Artes Esc\u00e9nicas","datePublished":"2022-07-18T21:07:27+00:00","dateModified":"2022-07-18T21:07:35+00:00","mainEntityOfPage":{"@id":"https:\/\/dev.antudigital.cl\/sites\/vc\/mincap-abre-convocatoria-para-representantes-de-la-narracion-oral-al-consejo-nacional-de-las-artes-escenicas\/"},"wordCount":244,"commentCount":0,"image":{"@id":"https:\/\/dev.antudigital.cl\/sites\/vc\/mincap-abre-convocatoria-para-representantes-de-la-narracion-oral-al-consejo-nacional-de-las-artes-escenicas\/#primaryimage"},"thumbnailUrl":"https:\/\/dev.antudigital.cl\/sites\/vc\/wp-content\/uploads\/2022\/07\/mincap.png","articleSection":["Noticia"],"inLanguage":"es","potentialAction":[{"@type":"CommentAction","name":"Comment","target":["https:\/\/dev.antudigital.cl\/sites\/vc\/mincap-abre-convocatoria-para-representantes-de-la-narracion-oral-al-consejo-nacional-de-las-artes-escenicas\/#respond"]}]},{"@type":"WebPage","@id":"https:\/\/dev.antudigital.cl\/sites\/vc\/mincap-abre-convocatoria-para-representantes-de-la-narracion-oral-al-consejo-nacional-de-las-artes-escenicas\/","url":"https:\/\/dev.antudigital.cl\/sites\/vc\/mincap-abre-convocatoria-para-representantes-de-la-narracion-oral-al-consejo-nacional-de-las-artes-escenicas\/","name":"MINCAP abre convocatoria para representantes de la narraci\u00f3n oral al Consejo Nacional de las Artes Esc\u00e9nicas - Valpara\u00ed\u00adso Creativo","isPartOf":{"@id":"https:\/\/dev.antudigital.cl\/sites\/vc\/#website"},"primaryImageOfPage":{"@id":"https:\/\/dev.antudigital.cl\/sites\/vc\/mincap-abre-convocatoria-para-representantes-de-la-narracion-oral-al-consejo-nacional-de-las-artes-escenicas\/#primaryimage"},"image":{"@id":"https:\/\/dev.antudigital.cl\/sites\/vc\/mincap-abre-convocatoria-para-representantes-de-la-narracion-oral-al-consejo-nacional-de-las-artes-escenicas\/#primaryimage"},"thumbnailUrl":"https:\/\/dev.antudigital.cl\/sites\/vc\/wp-content\/uploads\/2022\/07\/mincap.png","datePublished":"2022-07-18T21:07:27+00:00","dateModified":"2022-07-18T21:07:35+00:00","author":{"@id":"https:\/\/dev.antudigital.cl\/sites\/vc\/#\/schema\/person\/c2b9da8dd545e27166fc5ab232837318"},"breadcrumb":{"@id":"https:\/\/dev.antudigital.cl\/sites\/vc\/mincap-abre-convocatoria-para-representantes-de-la-narracion-oral-al-consejo-nacional-de-las-artes-escenicas\/#breadcrumb"},"inLanguage":"es","potentialAction":[{"@type":"ReadAction","target":["https:\/\/dev.antudigital.cl\/sites\/vc\/mincap-abre-convocatoria-para-representantes-de-la-narracion-oral-al-consejo-nacional-de-las-artes-escenicas\/"]}]},{"@type":"ImageObject","inLanguage":"es","@id":"https:\/\/dev.antudigital.cl\/sites\/vc\/mincap-abre-convocatoria-para-representantes-de-la-narracion-oral-al-consejo-nacional-de-las-artes-escenicas\/#primaryimage","url":"https:\/\/dev.antudigital.cl\/sites\/vc\/wp-content\/uploads\/2022\/07\/mincap.png","contentUrl":"https:\/\/dev.antudigital.cl\/sites\/vc\/wp-content\/uploads\/2022\/07\/mincap.png","width":1773,"height":657},{"@type":"BreadcrumbList","@id":"https:\/\/dev.antudigital.cl\/sites\/vc\/mincap-abre-convocatoria-para-representantes-de-la-narracion-oral-al-consejo-nacional-de-las-artes-escenicas\/#breadcrumb","itemListElement":[{"@type":"ListItem","position":1,"name":"Home","item":"https:\/\/dev.antudigital.cl\/sites\/vc\/"},{"@type":"ListItem","position":2,"name":"MINCAP abre convocatoria para representantes de la narraci\u00f3n oral al Consejo Nacional de las Artes Esc\u00e9nicas"}]},{"@type":"WebSite","@id":"https:\/\/dev.antudigital.cl\/sites\/vc\/#website","url":"https:\/\/dev.antudigital.cl\/sites\/vc\/","name":"Valpara\u00ed\u00adso Creativo","description":"","potentialAction":[{"@type":"SearchAction","target":{"@type":"EntryPoint","urlTemplate":"https:\/\/dev.antudigital.cl\/sites\/vc\/?s={search_term_string}"},"query-input":{"@type":"PropertyValueSpecification","valueRequired":true,"valueName":"search_term_string"}}],"inLanguage":"es"},{"@type":"Person","@id":"https:\/\/dev.antudigital.cl\/sites\/vc\/#\/schema\/person\/c2b9da8dd545e27166fc5ab232837318","name":"Valpara\u00edso Creativo","description":"Periodista de cultura en la Regi\u00f3n de Valpara\u00edso.","url":"https:\/\/dev.antudigital.cl\/sites\/vc\/author\/valpoadmin\/"}]}},"_links":{"self":[{"href":"https:\/\/dev.antudigital.cl\/sites\/vc\/wp-json\/wp\/v2\/posts\/11296","targetHints":{"allow":["GET"]}}],"collection":[{"href":"https:\/\/dev.antudigital.cl\/sites\/vc\/wp-json\/wp\/v2\/posts"}],"about":[{"href":"https:\/\/dev.antudigital.cl\/sites\/vc\/wp-json\/wp\/v2\/types\/post"}],"author":[{"embeddable":true,"href":"https:\/\/dev.antudigital.cl\/sites\/vc\/wp-json\/wp\/v2\/users\/1"}],"replies":[{"embeddable":true,"href":"https:\/\/dev.antudigital.cl\/sites\/vc\/wp-json\/wp\/v2\/comments?post=11296"}],"version-history":[{"count":1,"href":"https:\/\/dev.antudigital.cl\/sites\/vc\/wp-json\/wp\/v2\/posts\/11296\/revisions"}],"predecessor-version":[{"id":11298,"href":"https:\/\/dev.antudigital.cl\/sites\/vc\/wp-json\/wp\/v2\/posts\/11296\/revisions\/11298"}],"wp:featuredmedia":[{"embeddable":true,"href":"https:\/\/dev.antudigital.cl\/sites\/vc\/wp-json\/wp\/v2\/media\/11292"}],"wp:attachment":[{"href":"https:\/\/dev.antudigital.cl\/sites\/vc\/wp-json\/wp\/v2\/media?parent=11296"}],"wp:term":[{"taxonomy":"category","embeddable":true,"href":"https:\/\/dev.antudigital.cl\/sites\/vc\/wp-json\/wp\/v2\/categories?post=11296"},{"taxonomy":"post_tag","embeddable":true,"href":"https:\/\/dev.antudigital.cl\/sites\/vc\/wp-json\/wp\/v2\/tags?post=11296"}],"curies":[{"name":"wp","href":"https:\/\/api.w.org\/{rel}","templated":true}]}}