{"id":11299,"date":"2022-07-18T21:13:06","date_gmt":"2022-07-18T21:13:06","guid":{"rendered":"https:\/\/www.valparaisocreativo.cl\/?p=11299"},"modified":"2022-07-18T21:13:12","modified_gmt":"2022-07-18T21:13:12","slug":"teatro-virgen-vuelve-y-presenta-obra-arraigo","status":"publish","type":"post","link":"https:\/\/dev.antudigital.cl\/sites\/vc\/teatro-virgen-vuelve-y-presenta-obra-arraigo\/","title":{"rendered":"Teatro Virgen vuelve y presenta obra \u00abArraigo\u00bb"},"content":{"rendered":"\n<p><a href=\"https:\/\/www.instagram.com\/teatrovirgen\/\">Teatro Virgen<\/a> vuelve a los escenarios con <strong>ARRAIGO (y futuro)<\/strong> una Pr\u00e1ctica Esc\u00e9nica de Fernando Mena, nuevo trabajo a estrenarse el 4 de Agosto en la <a href=\"https:\/\/www.instagram.com\/salaupla\/\">Sala Upla<\/a><br>Cuenta con la interpretaci\u00f3n de <a href=\"https:\/\/www.instagram.com\/ceciliamunozr\/\">@ceciliamunozr<\/a> y <a href=\"https:\/\/www.instagram.com\/danielbenitezp\/\">@danielbenitezp<\/a> , tambi\u00e9n con la participaci\u00f3n especial de <a href=\"https:\/\/www.instagram.com\/eliana.murgia\/\">@eliana.murgia<\/a> y <a href=\"https:\/\/www.instagram.com\/vasquezamanda\/\">@vasquezamanda<\/a><br>La asistencia de direcci\u00f3n y la producci\u00f3n esta a cargo de <a href=\"https:\/\/www.instagram.com\/cristian_gon_dm\/\">@cristian_gon_dm<\/a><br><\/p>\n\n\n\n<p>Registro audiovisual por <a href=\"https:\/\/www.instagram.com\/felizdiagalaxia\/\">@felizdiagalaxia<\/a> y registro fotogr\u00e1fico por <a href=\"https:\/\/www.instagram.com\/philipmundyfotografia\/\">@philipmundyfotografia<\/a><br><br>Rese\u00f1a:<br>\u201cArraigo (y futuro) es un conjunto de pr\u00e1cticas dramat\u00fargicas que abarcan el teatro, el cine, la m\u00fasica y la literatura. Un cruce de diferentes formatos, pero con un mismo principio, aproximarse a experiencias de exilio, desarraigo e inmigraci\u00f3n.\u201c<\/p>\n\n\n\n<p>Conoce m\u00e1s sobre las entradas y funciones en sus <a href=\"https:\/\/www.instagram.com\/teatrovirgen\/\"><strong>redes sociales<\/strong><\/a><\/p>\n\n\n\n<figure class=\"wp-block-image size-full\"><img fetchpriority=\"high\" decoding=\"async\" width=\"512\" height=\"582\" src=\"https:\/\/www.valparaisocreativo.cl\/wp-content\/uploads\/2022\/07\/Captura-de-Pantalla-2022-07-18-a-las-17.09.41.png\" alt=\"\" class=\"wp-image-11301\" srcset=\"https:\/\/dev.antudigital.cl\/sites\/vc\/wp-content\/uploads\/2022\/07\/Captura-de-Pantalla-2022-07-18-a-las-17.09.41.png 512w, https:\/\/dev.antudigital.cl\/sites\/vc\/wp-content\/uploads\/2022\/07\/Captura-de-Pantalla-2022-07-18-a-las-17.09.41-264x300.png 264w, https:\/\/dev.antudigital.cl\/sites\/vc\/wp-content\/uploads\/2022\/07\/Captura-de-Pantalla-2022-07-18-a-las-17.09.41-480x546.png 480w\" sizes=\"(max-width: 512px) 100vw, 512px\" \/><\/figure>\n","protected":false},"excerpt":{"rendered":"<p>Teatro Virgen vuelve a los escenarios con ARRAIGO (y futuro) una Pr\u00e1ctica Esc\u00e9nica de Fernando Mena, nuevo trabajo a estrenarse el 4 de Agosto en la Sala UplaCuenta con la interpretaci\u00f3n de @ceciliamunozr y @danielbenitezp , tambi\u00e9n con la participaci\u00f3n especial de @eliana.murgia y @vasquezamandaLa asistencia de direcci\u00f3n y la producci\u00f3n esta a cargo de [&hellip;]<\/p>\n","protected":false},"author":1,"featured_media":11300,"comment_status":"open","ping_status":"closed","sticky":false,"template":"","format":"standard","meta":{"_acf_changed":false,"footnotes":""},"categories":[8],"tags":[],"class_list":["post-11299","post","type-post","status-publish","format-standard","has-post-thumbnail","hentry","category-noticia"],"acf":[],"yoast_head":"<!-- This site is optimized with the Yoast SEO plugin v27.1.1 - https:\/\/yoast.com\/product\/yoast-seo-wordpress\/ -->\n<title>Teatro Virgen vuelve y presenta obra &quot;Arraigo&quot; - Valpara\u00ed\u00adso Creativo<\/title>\n<meta name=\"robots\" content=\"index, follow, max-snippet:-1, max-image-preview:large, max-video-preview:-1\" \/>\n<link rel=\"canonical\" href=\"https:\/\/dev.antudigital.cl\/sites\/vc\/teatro-virgen-vuelve-y-presenta-obra-arraigo\/\" \/>\n<meta property=\"og:locale\" content=\"es_ES\" \/>\n<meta property=\"og:type\" content=\"article\" \/>\n<meta property=\"og:title\" content=\"Teatro Virgen vuelve y presenta obra &quot;Arraigo&quot; - Valpara\u00ed\u00adso Creativo\" \/>\n<meta property=\"og:description\" content=\"Teatro Virgen vuelve a los escenarios con ARRAIGO (y futuro) una Pr\u00e1ctica Esc\u00e9nica de Fernando Mena, nuevo trabajo a estrenarse el 4 de Agosto en la Sala UplaCuenta con la interpretaci\u00f3n de @ceciliamunozr y @danielbenitezp , tambi\u00e9n con la participaci\u00f3n especial de @eliana.murgia y @vasquezamandaLa asistencia de direcci\u00f3n y la producci\u00f3n esta a cargo de [&hellip;]\" \/>\n<meta property=\"og:url\" content=\"https:\/\/dev.antudigital.cl\/sites\/vc\/teatro-virgen-vuelve-y-presenta-obra-arraigo\/\" \/>\n<meta property=\"og:site_name\" content=\"Valpara\u00ed\u00adso Creativo\" \/>\n<meta property=\"article:published_time\" content=\"2022-07-18T21:13:06+00:00\" \/>\n<meta property=\"article:modified_time\" content=\"2022-07-18T21:13:12+00:00\" \/>\n<meta property=\"og:image\" content=\"https:\/\/dev.antudigital.cl\/sites\/vc\/wp-content\/uploads\/2022\/07\/Captura-de-Pantalla-2022-07-18-a-las-17.10.54.png\" \/>\n\t<meta property=\"og:image:width\" content=\"624\" \/>\n\t<meta property=\"og:image:height\" content=\"358\" \/>\n\t<meta property=\"og:image:type\" content=\"image\/png\" \/>\n<meta name=\"author\" content=\"Valpara\u00edso Creativo\" \/>\n<meta name=\"twitter:card\" content=\"summary_large_image\" \/>\n<meta name=\"twitter:label1\" content=\"Escrito por\" \/>\n\t<meta name=\"twitter:data1\" content=\"Valpara\u00edso Creativo\" \/>\n\t<meta name=\"twitter:label2\" content=\"Tiempo de lectura\" \/>\n\t<meta name=\"twitter:data2\" content=\"1 minuto\" \/>\n<script type=\"application\/ld+json\" class=\"yoast-schema-graph\">{\"@context\":\"https:\/\/schema.org\",\"@graph\":[{\"@type\":\"Article\",\"@id\":\"https:\/\/dev.antudigital.cl\/sites\/vc\/teatro-virgen-vuelve-y-presenta-obra-arraigo\/#article\",\"isPartOf\":{\"@id\":\"https:\/\/dev.antudigital.cl\/sites\/vc\/teatro-virgen-vuelve-y-presenta-obra-arraigo\/\"},\"author\":{\"name\":\"Valpara\u00edso Creativo\",\"@id\":\"https:\/\/dev.antudigital.cl\/sites\/vc\/#\/schema\/person\/c2b9da8dd545e27166fc5ab232837318\"},\"headline\":\"Teatro Virgen vuelve y presenta obra \u00abArraigo\u00bb\",\"datePublished\":\"2022-07-18T21:13:06+00:00\",\"dateModified\":\"2022-07-18T21:13:12+00:00\",\"mainEntityOfPage\":{\"@id\":\"https:\/\/dev.antudigital.cl\/sites\/vc\/teatro-virgen-vuelve-y-presenta-obra-arraigo\/\"},\"wordCount\":139,\"commentCount\":0,\"image\":{\"@id\":\"https:\/\/dev.antudigital.cl\/sites\/vc\/teatro-virgen-vuelve-y-presenta-obra-arraigo\/#primaryimage\"},\"thumbnailUrl\":\"https:\/\/dev.antudigital.cl\/sites\/vc\/wp-content\/uploads\/2022\/07\/Captura-de-Pantalla-2022-07-18-a-las-17.10.54.png\",\"articleSection\":[\"Noticia\"],\"inLanguage\":\"es\",\"potentialAction\":[{\"@type\":\"CommentAction\",\"name\":\"Comment\",\"target\":[\"https:\/\/dev.antudigital.cl\/sites\/vc\/teatro-virgen-vuelve-y-presenta-obra-arraigo\/#respond\"]}]},{\"@type\":\"WebPage\",\"@id\":\"https:\/\/dev.antudigital.cl\/sites\/vc\/teatro-virgen-vuelve-y-presenta-obra-arraigo\/\",\"url\":\"https:\/\/dev.antudigital.cl\/sites\/vc\/teatro-virgen-vuelve-y-presenta-obra-arraigo\/\",\"name\":\"Teatro Virgen vuelve y presenta obra \\\"Arraigo\\\" - Valpara\u00ed\u00adso Creativo\",\"isPartOf\":{\"@id\":\"https:\/\/dev.antudigital.cl\/sites\/vc\/#website\"},\"primaryImageOfPage\":{\"@id\":\"https:\/\/dev.antudigital.cl\/sites\/vc\/teatro-virgen-vuelve-y-presenta-obra-arraigo\/#primaryimage\"},\"image\":{\"@id\":\"https:\/\/dev.antudigital.cl\/sites\/vc\/teatro-virgen-vuelve-y-presenta-obra-arraigo\/#primaryimage\"},\"thumbnailUrl\":\"https:\/\/dev.antudigital.cl\/sites\/vc\/wp-content\/uploads\/2022\/07\/Captura-de-Pantalla-2022-07-18-a-las-17.10.54.png\",\"datePublished\":\"2022-07-18T21:13:06+00:00\",\"dateModified\":\"2022-07-18T21:13:12+00:00\",\"author\":{\"@id\":\"https:\/\/dev.antudigital.cl\/sites\/vc\/#\/schema\/person\/c2b9da8dd545e27166fc5ab232837318\"},\"breadcrumb\":{\"@id\":\"https:\/\/dev.antudigital.cl\/sites\/vc\/teatro-virgen-vuelve-y-presenta-obra-arraigo\/#breadcrumb\"},\"inLanguage\":\"es\",\"potentialAction\":[{\"@type\":\"ReadAction\",\"target\":[\"https:\/\/dev.antudigital.cl\/sites\/vc\/teatro-virgen-vuelve-y-presenta-obra-arraigo\/\"]}]},{\"@type\":\"ImageObject\",\"inLanguage\":\"es\",\"@id\":\"https:\/\/dev.antudigital.cl\/sites\/vc\/teatro-virgen-vuelve-y-presenta-obra-arraigo\/#primaryimage\",\"url\":\"https:\/\/dev.antudigital.cl\/sites\/vc\/wp-content\/uploads\/2022\/07\/Captura-de-Pantalla-2022-07-18-a-las-17.10.54.png\",\"contentUrl\":\"https:\/\/dev.antudigital.cl\/sites\/vc\/wp-content\/uploads\/2022\/07\/Captura-de-Pantalla-2022-07-18-a-las-17.10.54.png\",\"width\":624,\"height\":358},{\"@type\":\"BreadcrumbList\",\"@id\":\"https:\/\/dev.antudigital.cl\/sites\/vc\/teatro-virgen-vuelve-y-presenta-obra-arraigo\/#breadcrumb\",\"itemListElement\":[{\"@type\":\"ListItem\",\"position\":1,\"name\":\"Home\",\"item\":\"https:\/\/dev.antudigital.cl\/sites\/vc\/\"},{\"@type\":\"ListItem\",\"position\":2,\"name\":\"Teatro Virgen vuelve y presenta obra \u00abArraigo\u00bb\"}]},{\"@type\":\"WebSite\",\"@id\":\"https:\/\/dev.antudigital.cl\/sites\/vc\/#website\",\"url\":\"https:\/\/dev.antudigital.cl\/sites\/vc\/\",\"name\":\"Valpara\u00ed\u00adso Creativo\",\"description\":\"\",\"potentialAction\":[{\"@type\":\"SearchAction\",\"target\":{\"@type\":\"EntryPoint\",\"urlTemplate\":\"https:\/\/dev.antudigital.cl\/sites\/vc\/?s={search_term_string}\"},\"query-input\":{\"@type\":\"PropertyValueSpecification\",\"valueRequired\":true,\"valueName\":\"search_term_string\"}}],\"inLanguage\":\"es\"},{\"@type\":\"Person\",\"@id\":\"https:\/\/dev.antudigital.cl\/sites\/vc\/#\/schema\/person\/c2b9da8dd545e27166fc5ab232837318\",\"name\":\"Valpara\u00edso Creativo\",\"description\":\"Periodista de cultura en la Regi\u00f3n de Valpara\u00edso.\",\"url\":\"https:\/\/dev.antudigital.cl\/sites\/vc\/author\/valpoadmin\/\"}]}<\/script>\n<!-- \/ Yoast SEO plugin. -->","yoast_head_json":{"title":"Teatro Virgen vuelve y presenta obra \"Arraigo\" - Valpara\u00ed\u00adso Creativo","robots":{"index":"index","follow":"follow","max-snippet":"max-snippet:-1","max-image-preview":"max-image-preview:large","max-video-preview":"max-video-preview:-1"},"canonical":"https:\/\/dev.antudigital.cl\/sites\/vc\/teatro-virgen-vuelve-y-presenta-obra-arraigo\/","og_locale":"es_ES","og_type":"article","og_title":"Teatro Virgen vuelve y presenta obra \"Arraigo\" - Valpara\u00ed\u00adso Creativo","og_description":"Teatro Virgen vuelve a los escenarios con ARRAIGO (y futuro) una Pr\u00e1ctica Esc\u00e9nica de Fernando Mena, nuevo trabajo a estrenarse el 4 de Agosto en la Sala UplaCuenta con la interpretaci\u00f3n de @ceciliamunozr y @danielbenitezp , tambi\u00e9n con la participaci\u00f3n especial de @eliana.murgia y @vasquezamandaLa asistencia de direcci\u00f3n y la producci\u00f3n esta a cargo de [&hellip;]","og_url":"https:\/\/dev.antudigital.cl\/sites\/vc\/teatro-virgen-vuelve-y-presenta-obra-arraigo\/","og_site_name":"Valpara\u00ed\u00adso Creativo","article_published_time":"2022-07-18T21:13:06+00:00","article_modified_time":"2022-07-18T21:13:12+00:00","og_image":[{"width":624,"height":358,"url":"https:\/\/dev.antudigital.cl\/sites\/vc\/wp-content\/uploads\/2022\/07\/Captura-de-Pantalla-2022-07-18-a-las-17.10.54.png","type":"image\/png"}],"author":"Valpara\u00edso Creativo","twitter_card":"summary_large_image","twitter_misc":{"Escrito por":"Valpara\u00edso Creativo","Tiempo de lectura":"1 minuto"},"schema":{"@context":"https:\/\/schema.org","@graph":[{"@type":"Article","@id":"https:\/\/dev.antudigital.cl\/sites\/vc\/teatro-virgen-vuelve-y-presenta-obra-arraigo\/#article","isPartOf":{"@id":"https:\/\/dev.antudigital.cl\/sites\/vc\/teatro-virgen-vuelve-y-presenta-obra-arraigo\/"},"author":{"name":"Valpara\u00edso Creativo","@id":"https:\/\/dev.antudigital.cl\/sites\/vc\/#\/schema\/person\/c2b9da8dd545e27166fc5ab232837318"},"headline":"Teatro Virgen vuelve y presenta obra \u00abArraigo\u00bb","datePublished":"2022-07-18T21:13:06+00:00","dateModified":"2022-07-18T21:13:12+00:00","mainEntityOfPage":{"@id":"https:\/\/dev.antudigital.cl\/sites\/vc\/teatro-virgen-vuelve-y-presenta-obra-arraigo\/"},"wordCount":139,"commentCount":0,"image":{"@id":"https:\/\/dev.antudigital.cl\/sites\/vc\/teatro-virgen-vuelve-y-presenta-obra-arraigo\/#primaryimage"},"thumbnailUrl":"https:\/\/dev.antudigital.cl\/sites\/vc\/wp-content\/uploads\/2022\/07\/Captura-de-Pantalla-2022-07-18-a-las-17.10.54.png","articleSection":["Noticia"],"inLanguage":"es","potentialAction":[{"@type":"CommentAction","name":"Comment","target":["https:\/\/dev.antudigital.cl\/sites\/vc\/teatro-virgen-vuelve-y-presenta-obra-arraigo\/#respond"]}]},{"@type":"WebPage","@id":"https:\/\/dev.antudigital.cl\/sites\/vc\/teatro-virgen-vuelve-y-presenta-obra-arraigo\/","url":"https:\/\/dev.antudigital.cl\/sites\/vc\/teatro-virgen-vuelve-y-presenta-obra-arraigo\/","name":"Teatro Virgen vuelve y presenta obra \"Arraigo\" - Valpara\u00ed\u00adso Creativo","isPartOf":{"@id":"https:\/\/dev.antudigital.cl\/sites\/vc\/#website"},"primaryImageOfPage":{"@id":"https:\/\/dev.antudigital.cl\/sites\/vc\/teatro-virgen-vuelve-y-presenta-obra-arraigo\/#primaryimage"},"image":{"@id":"https:\/\/dev.antudigital.cl\/sites\/vc\/teatro-virgen-vuelve-y-presenta-obra-arraigo\/#primaryimage"},"thumbnailUrl":"https:\/\/dev.antudigital.cl\/sites\/vc\/wp-content\/uploads\/2022\/07\/Captura-de-Pantalla-2022-07-18-a-las-17.10.54.png","datePublished":"2022-07-18T21:13:06+00:00","dateModified":"2022-07-18T21:13:12+00:00","author":{"@id":"https:\/\/dev.antudigital.cl\/sites\/vc\/#\/schema\/person\/c2b9da8dd545e27166fc5ab232837318"},"breadcrumb":{"@id":"https:\/\/dev.antudigital.cl\/sites\/vc\/teatro-virgen-vuelve-y-presenta-obra-arraigo\/#breadcrumb"},"inLanguage":"es","potentialAction":[{"@type":"ReadAction","target":["https:\/\/dev.antudigital.cl\/sites\/vc\/teatro-virgen-vuelve-y-presenta-obra-arraigo\/"]}]},{"@type":"ImageObject","inLanguage":"es","@id":"https:\/\/dev.antudigital.cl\/sites\/vc\/teatro-virgen-vuelve-y-presenta-obra-arraigo\/#primaryimage","url":"https:\/\/dev.antudigital.cl\/sites\/vc\/wp-content\/uploads\/2022\/07\/Captura-de-Pantalla-2022-07-18-a-las-17.10.54.png","contentUrl":"https:\/\/dev.antudigital.cl\/sites\/vc\/wp-content\/uploads\/2022\/07\/Captura-de-Pantalla-2022-07-18-a-las-17.10.54.png","width":624,"height":358},{"@type":"BreadcrumbList","@id":"https:\/\/dev.antudigital.cl\/sites\/vc\/teatro-virgen-vuelve-y-presenta-obra-arraigo\/#breadcrumb","itemListElement":[{"@type":"ListItem","position":1,"name":"Home","item":"https:\/\/dev.antudigital.cl\/sites\/vc\/"},{"@type":"ListItem","position":2,"name":"Teatro Virgen vuelve y presenta obra \u00abArraigo\u00bb"}]},{"@type":"WebSite","@id":"https:\/\/dev.antudigital.cl\/sites\/vc\/#website","url":"https:\/\/dev.antudigital.cl\/sites\/vc\/","name":"Valpara\u00ed\u00adso Creativo","description":"","potentialAction":[{"@type":"SearchAction","target":{"@type":"EntryPoint","urlTemplate":"https:\/\/dev.antudigital.cl\/sites\/vc\/?s={search_term_string}"},"query-input":{"@type":"PropertyValueSpecification","valueRequired":true,"valueName":"search_term_string"}}],"inLanguage":"es"},{"@type":"Person","@id":"https:\/\/dev.antudigital.cl\/sites\/vc\/#\/schema\/person\/c2b9da8dd545e27166fc5ab232837318","name":"Valpara\u00edso Creativo","description":"Periodista de cultura en la Regi\u00f3n de Valpara\u00edso.","url":"https:\/\/dev.antudigital.cl\/sites\/vc\/author\/valpoadmin\/"}]}},"_links":{"self":[{"href":"https:\/\/dev.antudigital.cl\/sites\/vc\/wp-json\/wp\/v2\/posts\/11299","targetHints":{"allow":["GET"]}}],"collection":[{"href":"https:\/\/dev.antudigital.cl\/sites\/vc\/wp-json\/wp\/v2\/posts"}],"about":[{"href":"https:\/\/dev.antudigital.cl\/sites\/vc\/wp-json\/wp\/v2\/types\/post"}],"author":[{"embeddable":true,"href":"https:\/\/dev.antudigital.cl\/sites\/vc\/wp-json\/wp\/v2\/users\/1"}],"replies":[{"embeddable":true,"href":"https:\/\/dev.antudigital.cl\/sites\/vc\/wp-json\/wp\/v2\/comments?post=11299"}],"version-history":[{"count":1,"href":"https:\/\/dev.antudigital.cl\/sites\/vc\/wp-json\/wp\/v2\/posts\/11299\/revisions"}],"predecessor-version":[{"id":11302,"href":"https:\/\/dev.antudigital.cl\/sites\/vc\/wp-json\/wp\/v2\/posts\/11299\/revisions\/11302"}],"wp:featuredmedia":[{"embeddable":true,"href":"https:\/\/dev.antudigital.cl\/sites\/vc\/wp-json\/wp\/v2\/media\/11300"}],"wp:attachment":[{"href":"https:\/\/dev.antudigital.cl\/sites\/vc\/wp-json\/wp\/v2\/media?parent=11299"}],"wp:term":[{"taxonomy":"category","embeddable":true,"href":"https:\/\/dev.antudigital.cl\/sites\/vc\/wp-json\/wp\/v2\/categories?post=11299"},{"taxonomy":"post_tag","embeddable":true,"href":"https:\/\/dev.antudigital.cl\/sites\/vc\/wp-json\/wp\/v2\/tags?post=11299"}],"curies":[{"name":"wp","href":"https:\/\/api.w.org\/{rel}","templated":true}]}}