{"id":11307,"date":"2022-07-18T21:21:46","date_gmt":"2022-07-18T21:21:46","guid":{"rendered":"https:\/\/www.valparaisocreativo.cl\/?p=11307"},"modified":"2022-07-18T21:21:54","modified_gmt":"2022-07-18T21:21:54","slug":"ciclo-de-cine-foro-en-la-finca","status":"publish","type":"post","link":"https:\/\/dev.antudigital.cl\/sites\/vc\/ciclo-de-cine-foro-en-la-finca\/","title":{"rendered":"Ciclo de Cine foro en La Finca"},"content":{"rendered":"\n<p>El espacio <a href=\"https:\/\/www.instagram.com\/lafinca_\/\">La Finca<\/a> (Israel 56, Valpara\u00edso) invita a ser parte de este ciclo de cine + foro, curado por <a href=\"https:\/\/www.instagram.com\/catalin.ruz\/\">@catalin.ruz<\/a> y y N.Neut en el marco del primer m\u00f3dulo del seminario de investigaci\u00f3n C\u00f3digo Cuerpo C<a href=\"https:\/\/www.instagram.com\/codigo.cuerpo.caracter\/\">aracter<\/a>. La primera cita ser\u00e1 este s\u00e1bado a las 19.00 hrs  y luego se ir\u00e1 viendo si el espacio se mantiene o va rotando.<br><br>Ser\u00e1 una oportunidad para desbordar las tem\u00e1ticas de mujer loca, normopat\u00eda* e imaginarios de estigmatizaci\u00f3n en sus cruces con maternidad, clase, amor, cuerpx, v\u00ednculo social etc<br><br><a href=\"https:\/\/www.instagram.com\/lafinca_\/\">Confirma tu asistencia en sus redes sociales<\/a><br><br>*Normopat\u00eda designa la tendencia a conformarse excesivamente a las normas sociales del\u00a0comportamiento<\/p>\n\n\n\n<figure class=\"wp-block-image size-full\"><img fetchpriority=\"high\" decoding=\"async\" width=\"459\" height=\"582\" src=\"https:\/\/www.valparaisocreativo.cl\/wp-content\/uploads\/2022\/07\/Captura-de-Pantalla-2022-07-18-a-las-17.18.16.png\" alt=\"\" class=\"wp-image-11309\" srcset=\"https:\/\/dev.antudigital.cl\/sites\/vc\/wp-content\/uploads\/2022\/07\/Captura-de-Pantalla-2022-07-18-a-las-17.18.16.png 459w, https:\/\/dev.antudigital.cl\/sites\/vc\/wp-content\/uploads\/2022\/07\/Captura-de-Pantalla-2022-07-18-a-las-17.18.16-237x300.png 237w\" sizes=\"(max-width: 459px) 100vw, 459px\" \/><\/figure>\n","protected":false},"excerpt":{"rendered":"<p>El espacio La Finca (Israel 56, Valpara\u00edso) invita a ser parte de este ciclo de cine + foro, curado por @catalin.ruz y y N.Neut en el marco del primer m\u00f3dulo del seminario de investigaci\u00f3n C\u00f3digo Cuerpo Caracter. La primera cita ser\u00e1 este s\u00e1bado a las 19.00 hrs y luego se ir\u00e1 viendo si el espacio [&hellip;]<\/p>\n","protected":false},"author":1,"featured_media":11308,"comment_status":"open","ping_status":"closed","sticky":false,"template":"","format":"standard","meta":{"_acf_changed":false,"footnotes":""},"categories":[8],"tags":[],"class_list":["post-11307","post","type-post","status-publish","format-standard","has-post-thumbnail","hentry","category-noticia"],"acf":[],"yoast_head":"<!-- This site is optimized with the Yoast SEO plugin v27.1.1 - https:\/\/yoast.com\/product\/yoast-seo-wordpress\/ -->\n<title>Ciclo de Cine foro en La Finca - Valpara\u00ed\u00adso Creativo<\/title>\n<meta name=\"robots\" content=\"index, follow, max-snippet:-1, max-image-preview:large, max-video-preview:-1\" \/>\n<link rel=\"canonical\" href=\"https:\/\/dev.antudigital.cl\/sites\/vc\/ciclo-de-cine-foro-en-la-finca\/\" \/>\n<meta property=\"og:locale\" content=\"es_ES\" \/>\n<meta property=\"og:type\" content=\"article\" \/>\n<meta property=\"og:title\" content=\"Ciclo de Cine foro en La Finca - Valpara\u00ed\u00adso Creativo\" \/>\n<meta property=\"og:description\" content=\"El espacio La Finca (Israel 56, Valpara\u00edso) invita a ser parte de este ciclo de cine + foro, curado por @catalin.ruz y y N.Neut en el marco del primer m\u00f3dulo del seminario de investigaci\u00f3n C\u00f3digo Cuerpo Caracter. La primera cita ser\u00e1 este s\u00e1bado a las 19.00 hrs y luego se ir\u00e1 viendo si el espacio [&hellip;]\" \/>\n<meta property=\"og:url\" content=\"https:\/\/dev.antudigital.cl\/sites\/vc\/ciclo-de-cine-foro-en-la-finca\/\" \/>\n<meta property=\"og:site_name\" content=\"Valpara\u00ed\u00adso Creativo\" \/>\n<meta property=\"article:published_time\" content=\"2022-07-18T21:21:46+00:00\" \/>\n<meta property=\"article:modified_time\" content=\"2022-07-18T21:21:54+00:00\" \/>\n<meta property=\"og:image\" content=\"https:\/\/dev.antudigital.cl\/sites\/vc\/wp-content\/uploads\/2022\/07\/Captura-de-Pantalla-2022-07-18-a-las-17.18.08.png\" \/>\n\t<meta property=\"og:image:width\" content=\"458\" \/>\n\t<meta property=\"og:image:height\" content=\"242\" \/>\n\t<meta property=\"og:image:type\" content=\"image\/png\" \/>\n<meta name=\"author\" content=\"Valpara\u00edso Creativo\" \/>\n<meta name=\"twitter:card\" content=\"summary_large_image\" \/>\n<meta name=\"twitter:label1\" content=\"Escrito por\" \/>\n\t<meta name=\"twitter:data1\" content=\"Valpara\u00edso Creativo\" \/>\n\t<meta name=\"twitter:label2\" content=\"Tiempo de lectura\" \/>\n\t<meta name=\"twitter:data2\" content=\"1 minuto\" \/>\n<script type=\"application\/ld+json\" class=\"yoast-schema-graph\">{\"@context\":\"https:\/\/schema.org\",\"@graph\":[{\"@type\":\"Article\",\"@id\":\"https:\/\/dev.antudigital.cl\/sites\/vc\/ciclo-de-cine-foro-en-la-finca\/#article\",\"isPartOf\":{\"@id\":\"https:\/\/dev.antudigital.cl\/sites\/vc\/ciclo-de-cine-foro-en-la-finca\/\"},\"author\":{\"name\":\"Valpara\u00edso Creativo\",\"@id\":\"https:\/\/dev.antudigital.cl\/sites\/vc\/#\/schema\/person\/c2b9da8dd545e27166fc5ab232837318\"},\"headline\":\"Ciclo de Cine foro en La Finca\",\"datePublished\":\"2022-07-18T21:21:46+00:00\",\"dateModified\":\"2022-07-18T21:21:54+00:00\",\"mainEntityOfPage\":{\"@id\":\"https:\/\/dev.antudigital.cl\/sites\/vc\/ciclo-de-cine-foro-en-la-finca\/\"},\"wordCount\":122,\"commentCount\":0,\"image\":{\"@id\":\"https:\/\/dev.antudigital.cl\/sites\/vc\/ciclo-de-cine-foro-en-la-finca\/#primaryimage\"},\"thumbnailUrl\":\"https:\/\/dev.antudigital.cl\/sites\/vc\/wp-content\/uploads\/2022\/07\/Captura-de-Pantalla-2022-07-18-a-las-17.18.08.png\",\"articleSection\":[\"Noticia\"],\"inLanguage\":\"es\",\"potentialAction\":[{\"@type\":\"CommentAction\",\"name\":\"Comment\",\"target\":[\"https:\/\/dev.antudigital.cl\/sites\/vc\/ciclo-de-cine-foro-en-la-finca\/#respond\"]}]},{\"@type\":\"WebPage\",\"@id\":\"https:\/\/dev.antudigital.cl\/sites\/vc\/ciclo-de-cine-foro-en-la-finca\/\",\"url\":\"https:\/\/dev.antudigital.cl\/sites\/vc\/ciclo-de-cine-foro-en-la-finca\/\",\"name\":\"Ciclo de Cine foro en La Finca - Valpara\u00ed\u00adso Creativo\",\"isPartOf\":{\"@id\":\"https:\/\/dev.antudigital.cl\/sites\/vc\/#website\"},\"primaryImageOfPage\":{\"@id\":\"https:\/\/dev.antudigital.cl\/sites\/vc\/ciclo-de-cine-foro-en-la-finca\/#primaryimage\"},\"image\":{\"@id\":\"https:\/\/dev.antudigital.cl\/sites\/vc\/ciclo-de-cine-foro-en-la-finca\/#primaryimage\"},\"thumbnailUrl\":\"https:\/\/dev.antudigital.cl\/sites\/vc\/wp-content\/uploads\/2022\/07\/Captura-de-Pantalla-2022-07-18-a-las-17.18.08.png\",\"datePublished\":\"2022-07-18T21:21:46+00:00\",\"dateModified\":\"2022-07-18T21:21:54+00:00\",\"author\":{\"@id\":\"https:\/\/dev.antudigital.cl\/sites\/vc\/#\/schema\/person\/c2b9da8dd545e27166fc5ab232837318\"},\"breadcrumb\":{\"@id\":\"https:\/\/dev.antudigital.cl\/sites\/vc\/ciclo-de-cine-foro-en-la-finca\/#breadcrumb\"},\"inLanguage\":\"es\",\"potentialAction\":[{\"@type\":\"ReadAction\",\"target\":[\"https:\/\/dev.antudigital.cl\/sites\/vc\/ciclo-de-cine-foro-en-la-finca\/\"]}]},{\"@type\":\"ImageObject\",\"inLanguage\":\"es\",\"@id\":\"https:\/\/dev.antudigital.cl\/sites\/vc\/ciclo-de-cine-foro-en-la-finca\/#primaryimage\",\"url\":\"https:\/\/dev.antudigital.cl\/sites\/vc\/wp-content\/uploads\/2022\/07\/Captura-de-Pantalla-2022-07-18-a-las-17.18.08.png\",\"contentUrl\":\"https:\/\/dev.antudigital.cl\/sites\/vc\/wp-content\/uploads\/2022\/07\/Captura-de-Pantalla-2022-07-18-a-las-17.18.08.png\",\"width\":458,\"height\":242},{\"@type\":\"BreadcrumbList\",\"@id\":\"https:\/\/dev.antudigital.cl\/sites\/vc\/ciclo-de-cine-foro-en-la-finca\/#breadcrumb\",\"itemListElement\":[{\"@type\":\"ListItem\",\"position\":1,\"name\":\"Home\",\"item\":\"https:\/\/dev.antudigital.cl\/sites\/vc\/\"},{\"@type\":\"ListItem\",\"position\":2,\"name\":\"Ciclo de Cine foro en La Finca\"}]},{\"@type\":\"WebSite\",\"@id\":\"https:\/\/dev.antudigital.cl\/sites\/vc\/#website\",\"url\":\"https:\/\/dev.antudigital.cl\/sites\/vc\/\",\"name\":\"Valpara\u00ed\u00adso Creativo\",\"description\":\"\",\"potentialAction\":[{\"@type\":\"SearchAction\",\"target\":{\"@type\":\"EntryPoint\",\"urlTemplate\":\"https:\/\/dev.antudigital.cl\/sites\/vc\/?s={search_term_string}\"},\"query-input\":{\"@type\":\"PropertyValueSpecification\",\"valueRequired\":true,\"valueName\":\"search_term_string\"}}],\"inLanguage\":\"es\"},{\"@type\":\"Person\",\"@id\":\"https:\/\/dev.antudigital.cl\/sites\/vc\/#\/schema\/person\/c2b9da8dd545e27166fc5ab232837318\",\"name\":\"Valpara\u00edso Creativo\",\"description\":\"Periodista de cultura en la Regi\u00f3n de Valpara\u00edso.\",\"url\":\"https:\/\/dev.antudigital.cl\/sites\/vc\/author\/valpoadmin\/\"}]}<\/script>\n<!-- \/ Yoast SEO plugin. -->","yoast_head_json":{"title":"Ciclo de Cine foro en La Finca - Valpara\u00ed\u00adso Creativo","robots":{"index":"index","follow":"follow","max-snippet":"max-snippet:-1","max-image-preview":"max-image-preview:large","max-video-preview":"max-video-preview:-1"},"canonical":"https:\/\/dev.antudigital.cl\/sites\/vc\/ciclo-de-cine-foro-en-la-finca\/","og_locale":"es_ES","og_type":"article","og_title":"Ciclo de Cine foro en La Finca - Valpara\u00ed\u00adso Creativo","og_description":"El espacio La Finca (Israel 56, Valpara\u00edso) invita a ser parte de este ciclo de cine + foro, curado por @catalin.ruz y y N.Neut en el marco del primer m\u00f3dulo del seminario de investigaci\u00f3n C\u00f3digo Cuerpo Caracter. La primera cita ser\u00e1 este s\u00e1bado a las 19.00 hrs y luego se ir\u00e1 viendo si el espacio [&hellip;]","og_url":"https:\/\/dev.antudigital.cl\/sites\/vc\/ciclo-de-cine-foro-en-la-finca\/","og_site_name":"Valpara\u00ed\u00adso Creativo","article_published_time":"2022-07-18T21:21:46+00:00","article_modified_time":"2022-07-18T21:21:54+00:00","og_image":[{"width":458,"height":242,"url":"https:\/\/dev.antudigital.cl\/sites\/vc\/wp-content\/uploads\/2022\/07\/Captura-de-Pantalla-2022-07-18-a-las-17.18.08.png","type":"image\/png"}],"author":"Valpara\u00edso Creativo","twitter_card":"summary_large_image","twitter_misc":{"Escrito por":"Valpara\u00edso Creativo","Tiempo de lectura":"1 minuto"},"schema":{"@context":"https:\/\/schema.org","@graph":[{"@type":"Article","@id":"https:\/\/dev.antudigital.cl\/sites\/vc\/ciclo-de-cine-foro-en-la-finca\/#article","isPartOf":{"@id":"https:\/\/dev.antudigital.cl\/sites\/vc\/ciclo-de-cine-foro-en-la-finca\/"},"author":{"name":"Valpara\u00edso Creativo","@id":"https:\/\/dev.antudigital.cl\/sites\/vc\/#\/schema\/person\/c2b9da8dd545e27166fc5ab232837318"},"headline":"Ciclo de Cine foro en La Finca","datePublished":"2022-07-18T21:21:46+00:00","dateModified":"2022-07-18T21:21:54+00:00","mainEntityOfPage":{"@id":"https:\/\/dev.antudigital.cl\/sites\/vc\/ciclo-de-cine-foro-en-la-finca\/"},"wordCount":122,"commentCount":0,"image":{"@id":"https:\/\/dev.antudigital.cl\/sites\/vc\/ciclo-de-cine-foro-en-la-finca\/#primaryimage"},"thumbnailUrl":"https:\/\/dev.antudigital.cl\/sites\/vc\/wp-content\/uploads\/2022\/07\/Captura-de-Pantalla-2022-07-18-a-las-17.18.08.png","articleSection":["Noticia"],"inLanguage":"es","potentialAction":[{"@type":"CommentAction","name":"Comment","target":["https:\/\/dev.antudigital.cl\/sites\/vc\/ciclo-de-cine-foro-en-la-finca\/#respond"]}]},{"@type":"WebPage","@id":"https:\/\/dev.antudigital.cl\/sites\/vc\/ciclo-de-cine-foro-en-la-finca\/","url":"https:\/\/dev.antudigital.cl\/sites\/vc\/ciclo-de-cine-foro-en-la-finca\/","name":"Ciclo de Cine foro en La Finca - Valpara\u00ed\u00adso Creativo","isPartOf":{"@id":"https:\/\/dev.antudigital.cl\/sites\/vc\/#website"},"primaryImageOfPage":{"@id":"https:\/\/dev.antudigital.cl\/sites\/vc\/ciclo-de-cine-foro-en-la-finca\/#primaryimage"},"image":{"@id":"https:\/\/dev.antudigital.cl\/sites\/vc\/ciclo-de-cine-foro-en-la-finca\/#primaryimage"},"thumbnailUrl":"https:\/\/dev.antudigital.cl\/sites\/vc\/wp-content\/uploads\/2022\/07\/Captura-de-Pantalla-2022-07-18-a-las-17.18.08.png","datePublished":"2022-07-18T21:21:46+00:00","dateModified":"2022-07-18T21:21:54+00:00","author":{"@id":"https:\/\/dev.antudigital.cl\/sites\/vc\/#\/schema\/person\/c2b9da8dd545e27166fc5ab232837318"},"breadcrumb":{"@id":"https:\/\/dev.antudigital.cl\/sites\/vc\/ciclo-de-cine-foro-en-la-finca\/#breadcrumb"},"inLanguage":"es","potentialAction":[{"@type":"ReadAction","target":["https:\/\/dev.antudigital.cl\/sites\/vc\/ciclo-de-cine-foro-en-la-finca\/"]}]},{"@type":"ImageObject","inLanguage":"es","@id":"https:\/\/dev.antudigital.cl\/sites\/vc\/ciclo-de-cine-foro-en-la-finca\/#primaryimage","url":"https:\/\/dev.antudigital.cl\/sites\/vc\/wp-content\/uploads\/2022\/07\/Captura-de-Pantalla-2022-07-18-a-las-17.18.08.png","contentUrl":"https:\/\/dev.antudigital.cl\/sites\/vc\/wp-content\/uploads\/2022\/07\/Captura-de-Pantalla-2022-07-18-a-las-17.18.08.png","width":458,"height":242},{"@type":"BreadcrumbList","@id":"https:\/\/dev.antudigital.cl\/sites\/vc\/ciclo-de-cine-foro-en-la-finca\/#breadcrumb","itemListElement":[{"@type":"ListItem","position":1,"name":"Home","item":"https:\/\/dev.antudigital.cl\/sites\/vc\/"},{"@type":"ListItem","position":2,"name":"Ciclo de Cine foro en La Finca"}]},{"@type":"WebSite","@id":"https:\/\/dev.antudigital.cl\/sites\/vc\/#website","url":"https:\/\/dev.antudigital.cl\/sites\/vc\/","name":"Valpara\u00ed\u00adso Creativo","description":"","potentialAction":[{"@type":"SearchAction","target":{"@type":"EntryPoint","urlTemplate":"https:\/\/dev.antudigital.cl\/sites\/vc\/?s={search_term_string}"},"query-input":{"@type":"PropertyValueSpecification","valueRequired":true,"valueName":"search_term_string"}}],"inLanguage":"es"},{"@type":"Person","@id":"https:\/\/dev.antudigital.cl\/sites\/vc\/#\/schema\/person\/c2b9da8dd545e27166fc5ab232837318","name":"Valpara\u00edso Creativo","description":"Periodista de cultura en la Regi\u00f3n de Valpara\u00edso.","url":"https:\/\/dev.antudigital.cl\/sites\/vc\/author\/valpoadmin\/"}]}},"_links":{"self":[{"href":"https:\/\/dev.antudigital.cl\/sites\/vc\/wp-json\/wp\/v2\/posts\/11307","targetHints":{"allow":["GET"]}}],"collection":[{"href":"https:\/\/dev.antudigital.cl\/sites\/vc\/wp-json\/wp\/v2\/posts"}],"about":[{"href":"https:\/\/dev.antudigital.cl\/sites\/vc\/wp-json\/wp\/v2\/types\/post"}],"author":[{"embeddable":true,"href":"https:\/\/dev.antudigital.cl\/sites\/vc\/wp-json\/wp\/v2\/users\/1"}],"replies":[{"embeddable":true,"href":"https:\/\/dev.antudigital.cl\/sites\/vc\/wp-json\/wp\/v2\/comments?post=11307"}],"version-history":[{"count":1,"href":"https:\/\/dev.antudigital.cl\/sites\/vc\/wp-json\/wp\/v2\/posts\/11307\/revisions"}],"predecessor-version":[{"id":11310,"href":"https:\/\/dev.antudigital.cl\/sites\/vc\/wp-json\/wp\/v2\/posts\/11307\/revisions\/11310"}],"wp:featuredmedia":[{"embeddable":true,"href":"https:\/\/dev.antudigital.cl\/sites\/vc\/wp-json\/wp\/v2\/media\/11308"}],"wp:attachment":[{"href":"https:\/\/dev.antudigital.cl\/sites\/vc\/wp-json\/wp\/v2\/media?parent=11307"}],"wp:term":[{"taxonomy":"category","embeddable":true,"href":"https:\/\/dev.antudigital.cl\/sites\/vc\/wp-json\/wp\/v2\/categories?post=11307"},{"taxonomy":"post_tag","embeddable":true,"href":"https:\/\/dev.antudigital.cl\/sites\/vc\/wp-json\/wp\/v2\/tags?post=11307"}],"curies":[{"name":"wp","href":"https:\/\/api.w.org\/{rel}","templated":true}]}}